{"id":346,"date":"2021-04-21T20:20:29","date_gmt":"2021-04-21T18:20:29","guid":{"rendered":"https:\/\/hierostrasbourg.com\/index.php\/2021\/04\/21\/remise-du-rapport-de-la-mission-gauron-sur-les-suites-de-lannee-blanche-en-faveur-des-intermittents-du-spectacle-et-de-laudiovisuel\/"},"modified":"2021-04-21T20:20:29","modified_gmt":"2021-04-21T18:20:29","slug":"remise-du-rapport-de-la-mission-gauron-sur-les-suites-de-lannee-blanche-en-faveur-des-intermittents-du-spectacle-et-de-laudiovisuel","status":"publish","type":"post","link":"https:\/\/hierostrasbourg.com\/index.php\/2021\/04\/21\/remise-du-rapport-de-la-mission-gauron-sur-les-suites-de-lannee-blanche-en-faveur-des-intermittents-du-spectacle-et-de-laudiovisuel\/","title":{"rendered":"Remise du rapport de la mission Gauron sur les suites de l\u2019ann\u00e9e blanche en faveur des intermittents du spectacle et de l\u2019audiovisuel"},"content":{"rendered":"<p class=\"Titrededocumentgauche\"><a href=\"https:\/\/www.culture.gouv.fr\/Presse\/Communiques-de-presse\/Remise-du-rapport-de-la-mission-Gauron-sur-les-suites-de-l-annee-blanche-en-faveur-des-intermittents-du-spectacle-et-de-l-audiovisuel?fbclid=IwAR39rDMN8IlvgSdie5uY4lO3RzXLS5ek-zDPnUOezLX6lfmr7UUFqHmm6Rk\"><span>communiqu\u00e9<\/span><\/a><\/p>\n<p class=\"Titrededocumentgauche\"><em>Le dispositif de l\u2019ann\u00e9e blanche en faveur des intermittents du spectacle a \u00e9t\u00e9 annonc\u00e9 par le Pr\u00e9sident de la R\u00e9publique le 6 mai 2020, d\u00e8s le d\u00e9but de la crise sanitaire.<\/em><\/p>\n<p class=\"Titrededocumentgauche\"><em>Essentielle en termes de protection sociale et de pr\u00e9servation des capacit\u00e9s artistiques et techniques du spectacle vivant et de l\u2019audiovisuel, cette mesure permet depuis le 1er mars 2020 et jusqu\u2019au 31 ao\u00fbt 2021, de garantir une indemnisation aux 120\u00a0000\u00a0intermittents b\u00e9n\u00e9ficiaires de l\u2019assurance ch\u00f4mage au titre des annexes 8 et 10.<\/em><\/p>\n<p class=\"Titrededocumentgauche\"><em>La crise sanitaire perdurant, la ministre du Travail, de l\u2019Emploi et de l\u2019Insertion, Elisabeth BORNE et la ministre de la Culture, Roselyne BACHELOT-NARQUIN ont confi\u00e9 le 1er f\u00e9vrier dernier \u00e0 Monsieur Andr\u00e9 GAURON, Conseiller ma\u00eetre honoraire \u00e0 la Cour des comptes, une mission de diagnostic sur la situation des intermittents apr\u00e8s le 31 ao\u00fbt 2021, date de fin du dispositif de l\u2019ann\u00e9e blanche.<\/em><\/p>\n<p><em>Pour mener \u00e0 bien cette mission, Monsieur Andr\u00e9 GAURON s\u2019est appuy\u00e9 sur une \u00e9quipe de deux inspectrices, Madame Charlotte Carsin et Madame Claire Lamboley, d\u00e9sign\u00e9es respectivement par l\u2019Inspection g\u00e9n\u00e9rale des affaires sociales (IGAS) et l\u2019Inspection g\u00e9n\u00e9rale des affaires culturelles (IGAC). Les travaux de la mission ont \u00e9t\u00e9 men\u00e9s en collaboration avec P\u00f4le emploi, la d\u00e9l\u00e9gation g\u00e9n\u00e9rale \u00e0 l\u2019emploi et \u00e0 la formation professionnelle (DGEFP), la direction de l\u2019animation de la recherche, des \u00e9tudes et statistiques (DARES) et la direction g\u00e9n\u00e9rale de la cr\u00e9ation artistique (DGCA).<\/em><\/p>\n<p><em>Le rapport de la mission a \u00e9t\u00e9 remis aux deux ministres aujourd\u2019hui.<\/em><\/p>\n<p><em>Ce rapport pr\u00e9sente l\u2019impact de la crise sanitaire sur l\u2019emploi des intermittents, \u00e9value leur situation apr\u00e8s le 31\u00a0ao\u00fbt 2021 et propose des pistes pour ajuster, en fonction de cette analyse, le dispositif actuel.<\/em><\/p>\n<p><em>Apr\u00e8s la remise du rapport aux ministres, la mission Gauron pr\u00e9sentera, de fa\u00e7on ind\u00e9pendante, ses travaux aux partenaires sociaux repr\u00e9sentatifs du spectacle vivant et de l\u2019audiovisuel.<\/em><\/p>\n<p><em>Une concertation va s\u2019engager d\u2019ici la fin du mois d\u2019avril avec les partenaires sociaux sur les suites envisageables pour accompagner au mieux la r\u00e9ouverture des lieux culturels.<\/em><\/p>\n<div class=\"ead-preview\">\n<div class=\"ead-document\">\n<div class=\"ead-iframe-wrapper\"><\/div>\n<div class=\"ead-document-loading\">\n<div class=\"ead-loading-wrap\">\n<div class=\"ead-loading-main\">\n<div class=\"ead-loading\">\n\t\t\t\t\t\t\t<img decoding=\"async\" src=\"https:\/\/popburo.fr\/wp-content\/plugins\/embed-any-document\/images\/loading.svg\" width=\"55\" height=\"55\" alt=\"Chargeur\"><span>En cours de chargement\u2026<\/span>\n\t\t\t\t\t\t<\/div>\n<\/p><\/div>\n<div class=\"ead-loading-foot\">\n<div class=\"ead-loading-foot-title\">\n\t\t\t\t\t\t\t<img decoding=\"async\" src=\"https:\/\/popburo.fr\/wp-content\/plugins\/embed-any-document\/images\/EAD-logo.svg\" alt=\"Logo EAD\" width=\"36\" height=\"23\"><span>Cela prend trop de temps\u00a0?<\/span>\n\t\t\t\t\t\t<\/div>\n<\/p>\n<div class=\"ead-document-btn ead-reload-btn\" role=\"button\">\n\t\t\t\t\t\t\t\t<img decoding=\"async\" src=\"https:\/\/popburo.fr\/wp-content\/plugins\/embed-any-document\/images\/reload.svg\" alt=\"Recharger\" width=\"12\" height=\"12\"> Recharger le document\t\t\t\t\t\t\t<\/div>\n<p>\t\t\t\t\t\t\t<span>|<\/span><br \/>\n\t\t\t\t\t\t\t<a href=\"https:\/\/lamultinationaledelunderground.com\/musiquesactuelles\/wp-content\/uploads\/2021\/04\/Rapport-Gauron.pdf\" class=\"ead-document-btn\" target=\"_blank\" rel=\"noopener\"><br \/>\n\t\t\t\t\t\t\t\t<img decoding=\"async\" src=\"https:\/\/popburo.fr\/wp-content\/plugins\/embed-any-document\/images\/open.svg\" alt=\"Ouvert\" width=\"12\" height=\"12\"> Ouvrir dans un nouvel onglet\t\t\t\t\t\t\t<\/a>\n\t\t\t\t\t<\/div>\n<\/p><\/div>\n<\/p><\/div>\n<\/p><\/div>\n<p class=\"embed_download\"><a href=\"https:\/\/lamultinationaledelunderground.com\/musiquesactuelles\/wp-content\/uploads\/2021\/04\/Rapport-Gauron.pdf\" download>\ufeffT\u00e9l\u00e9charger [1.95 MB] <\/a><\/p>\n<\/div>\n<p>L\u2019article <a rel=\"nofollow\" href=\"https:\/\/popburo.fr\/remise-du-rapport-de-la-mission-gauron-sur-les-suites-de-lannee-blanche-en-faveur-des-intermittents-du-spectacle-et-de-laudiovisuel\/\">Remise du rapport de la mission Gauron sur les suites de l\u2019ann\u00e9e blanche en faveur des intermittents du spectacle et de l\u2019audiovisuel<\/a> est apparu en premier sur <a rel=\"nofollow\" href=\"https:\/\/popburo.fr\/\">POP B\u00dcRO<\/a>.<\/p>\n","protected":false},"excerpt":{"rendered":"<p>communiqu\u00e9 Le dispositif de l\u2019ann\u00e9e blanche en faveur des intermittents du spectacle a \u00e9t\u00e9 annonc\u00e9 par le Pr\u00e9sident de la R\u00e9publique le 6 mai 2020, d\u00e8s le d\u00e9but de la crise sanitaire. Essentielle en termes de protection sociale et de pr\u00e9servation des capacit\u00e9s artistiques et techniques du spectacle vivant et de l\u2019audiovisuel, cette mesure permet depuis le 1er mars 2020 et jusqu\u2019au 31 ao\u00fbt 2021, de garantir une indemnisation aux 120\u00a0000\u00a0intermittents b\u00e9n\u00e9ficiaires de l\u2019assurance ch\u00f4mage au titre des annexes 8 [&hellip;]<\/p>\n","protected":false},"author":0,"featured_media":0,"comment_status":"closed","ping_status":"open","sticky":false,"template":"","format":"standard","meta":{"footnotes":""},"categories":[1],"tags":[],"class_list":["post-346","post","type-post","status-publish","format-standard","hentry","category-non-classe"],"yoast_head":"<!-- This site is optimized with the Yoast SEO plugin v27.5 - https:\/\/yoast.com\/product\/yoast-seo-wordpress\/ -->\n<title>Remise du rapport de la mission Gauron sur les suites de l\u2019ann\u00e9e blanche en faveur des intermittents du spectacle et de l\u2019audiovisuel - HIERO STRASBOURG<\/title>\n<meta name=\"robots\" content=\"index, follow, max-snippet:-1, max-image-preview:large, max-video-preview:-1\" \/>\n<link rel=\"canonical\" href=\"https:\/\/hierostrasbourg.com\/index.php\/2021\/04\/21\/remise-du-rapport-de-la-mission-gauron-sur-les-suites-de-lannee-blanche-en-faveur-des-intermittents-du-spectacle-et-de-laudiovisuel\/\" \/>\n<meta property=\"og:locale\" content=\"fr_FR\" \/>\n<meta property=\"og:type\" content=\"article\" \/>\n<meta property=\"og:title\" content=\"Remise du rapport de la mission Gauron sur les suites de l\u2019ann\u00e9e blanche en faveur des intermittents du spectacle et de l\u2019audiovisuel - HIERO STRASBOURG\" \/>\n<meta property=\"og:description\" content=\"communiqu\u00e9 Le dispositif de l\u2019ann\u00e9e blanche en faveur des intermittents du spectacle a \u00e9t\u00e9 annonc\u00e9 par le Pr\u00e9sident de la R\u00e9publique le 6 mai 2020, d\u00e8s le d\u00e9but de la crise sanitaire. Essentielle en termes de protection sociale et de pr\u00e9servation des capacit\u00e9s artistiques et techniques du spectacle vivant et de l\u2019audiovisuel, cette mesure permet depuis le 1er mars 2020 et jusqu\u2019au 31 ao\u00fbt 2021, de garantir une indemnisation aux 120\u00a0000\u00a0intermittents b\u00e9n\u00e9ficiaires de l\u2019assurance ch\u00f4mage au titre des annexes 8 [&hellip;]\" \/>\n<meta property=\"og:url\" content=\"https:\/\/hierostrasbourg.com\/index.php\/2021\/04\/21\/remise-du-rapport-de-la-mission-gauron-sur-les-suites-de-lannee-blanche-en-faveur-des-intermittents-du-spectacle-et-de-laudiovisuel\/\" \/>\n<meta property=\"og:site_name\" content=\"HIERO STRASBOURG\" \/>\n<meta property=\"article:publisher\" content=\"https:\/\/www.facebook.com\/fedehierostrasbourg\" \/>\n<meta property=\"article:published_time\" content=\"2021-04-21T18:20:29+00:00\" \/>\n<meta property=\"og:image\" content=\"https:\/\/popburo.fr\/wp-content\/plugins\/embed-any-document\/images\/loading.svg\" \/>\n<meta name=\"twitter:card\" content=\"summary_large_image\" \/>\n<meta name=\"twitter:creator\" content=\"@hierostrasbourg\" \/>\n<meta name=\"twitter:site\" content=\"@hierostrasbourg\" \/>\n<meta name=\"twitter:label1\" content=\"Dur\u00e9e de lecture estim\u00e9e\" \/>\n\t<meta name=\"twitter:data1\" content=\"2 minutes\" \/>\n<script type=\"application\/ld+json\" class=\"yoast-schema-graph\">{\"@context\":\"https:\\\/\\\/schema.org\",\"@graph\":[{\"@type\":\"Article\",\"@id\":\"https:\\\/\\\/hierostrasbourg.com\\\/index.php\\\/2021\\\/04\\\/21\\\/remise-du-rapport-de-la-mission-gauron-sur-les-suites-de-lannee-blanche-en-faveur-des-intermittents-du-spectacle-et-de-laudiovisuel\\\/#article\",\"isPartOf\":{\"@id\":\"https:\\\/\\\/hierostrasbourg.com\\\/index.php\\\/2021\\\/04\\\/21\\\/remise-du-rapport-de-la-mission-gauron-sur-les-suites-de-lannee-blanche-en-faveur-des-intermittents-du-spectacle-et-de-laudiovisuel\\\/\"},\"author\":{\"name\":\"\",\"@id\":\"\"},\"headline\":\"Remise du rapport de la mission Gauron sur les suites de l\u2019ann\u00e9e blanche en faveur des intermittents du spectacle et de l\u2019audiovisuel\",\"datePublished\":\"2021-04-21T18:20:29+00:00\",\"mainEntityOfPage\":{\"@id\":\"https:\\\/\\\/hierostrasbourg.com\\\/index.php\\\/2021\\\/04\\\/21\\\/remise-du-rapport-de-la-mission-gauron-sur-les-suites-de-lannee-blanche-en-faveur-des-intermittents-du-spectacle-et-de-laudiovisuel\\\/\"},\"wordCount\":453,\"publisher\":{\"@id\":\"https:\\\/\\\/hierostrasbourg.com\\\/#organization\"},\"image\":{\"@id\":\"https:\\\/\\\/hierostrasbourg.com\\\/index.php\\\/2021\\\/04\\\/21\\\/remise-du-rapport-de-la-mission-gauron-sur-les-suites-de-lannee-blanche-en-faveur-des-intermittents-du-spectacle-et-de-laudiovisuel\\\/#primaryimage\"},\"thumbnailUrl\":\"https:\\\/\\\/popburo.fr\\\/wp-content\\\/plugins\\\/embed-any-document\\\/images\\\/loading.svg\",\"inLanguage\":\"fr-FR\"},{\"@type\":\"WebPage\",\"@id\":\"https:\\\/\\\/hierostrasbourg.com\\\/index.php\\\/2021\\\/04\\\/21\\\/remise-du-rapport-de-la-mission-gauron-sur-les-suites-de-lannee-blanche-en-faveur-des-intermittents-du-spectacle-et-de-laudiovisuel\\\/\",\"url\":\"https:\\\/\\\/hierostrasbourg.com\\\/index.php\\\/2021\\\/04\\\/21\\\/remise-du-rapport-de-la-mission-gauron-sur-les-suites-de-lannee-blanche-en-faveur-des-intermittents-du-spectacle-et-de-laudiovisuel\\\/\",\"name\":\"Remise du rapport de la mission Gauron sur les suites de l\u2019ann\u00e9e blanche en faveur des intermittents du spectacle et de l\u2019audiovisuel - HIERO STRASBOURG\",\"isPartOf\":{\"@id\":\"https:\\\/\\\/hierostrasbourg.com\\\/#website\"},\"primaryImageOfPage\":{\"@id\":\"https:\\\/\\\/hierostrasbourg.com\\\/index.php\\\/2021\\\/04\\\/21\\\/remise-du-rapport-de-la-mission-gauron-sur-les-suites-de-lannee-blanche-en-faveur-des-intermittents-du-spectacle-et-de-laudiovisuel\\\/#primaryimage\"},\"image\":{\"@id\":\"https:\\\/\\\/hierostrasbourg.com\\\/index.php\\\/2021\\\/04\\\/21\\\/remise-du-rapport-de-la-mission-gauron-sur-les-suites-de-lannee-blanche-en-faveur-des-intermittents-du-spectacle-et-de-laudiovisuel\\\/#primaryimage\"},\"thumbnailUrl\":\"https:\\\/\\\/popburo.fr\\\/wp-content\\\/plugins\\\/embed-any-document\\\/images\\\/loading.svg\",\"datePublished\":\"2021-04-21T18:20:29+00:00\",\"breadcrumb\":{\"@id\":\"https:\\\/\\\/hierostrasbourg.com\\\/index.php\\\/2021\\\/04\\\/21\\\/remise-du-rapport-de-la-mission-gauron-sur-les-suites-de-lannee-blanche-en-faveur-des-intermittents-du-spectacle-et-de-laudiovisuel\\\/#breadcrumb\"},\"inLanguage\":\"fr-FR\",\"potentialAction\":[{\"@type\":\"ReadAction\",\"target\":[\"https:\\\/\\\/hierostrasbourg.com\\\/index.php\\\/2021\\\/04\\\/21\\\/remise-du-rapport-de-la-mission-gauron-sur-les-suites-de-lannee-blanche-en-faveur-des-intermittents-du-spectacle-et-de-laudiovisuel\\\/\"]}]},{\"@type\":\"ImageObject\",\"inLanguage\":\"fr-FR\",\"@id\":\"https:\\\/\\\/hierostrasbourg.com\\\/index.php\\\/2021\\\/04\\\/21\\\/remise-du-rapport-de-la-mission-gauron-sur-les-suites-de-lannee-blanche-en-faveur-des-intermittents-du-spectacle-et-de-laudiovisuel\\\/#primaryimage\",\"url\":\"https:\\\/\\\/popburo.fr\\\/wp-content\\\/plugins\\\/embed-any-document\\\/images\\\/loading.svg\",\"contentUrl\":\"https:\\\/\\\/popburo.fr\\\/wp-content\\\/plugins\\\/embed-any-document\\\/images\\\/loading.svg\"},{\"@type\":\"BreadcrumbList\",\"@id\":\"https:\\\/\\\/hierostrasbourg.com\\\/index.php\\\/2021\\\/04\\\/21\\\/remise-du-rapport-de-la-mission-gauron-sur-les-suites-de-lannee-blanche-en-faveur-des-intermittents-du-spectacle-et-de-laudiovisuel\\\/#breadcrumb\",\"itemListElement\":[{\"@type\":\"ListItem\",\"position\":1,\"name\":\"Accueil\",\"item\":\"https:\\\/\\\/hierostrasbourg.com\\\/\"},{\"@type\":\"ListItem\",\"position\":2,\"name\":\"Remise du rapport de la mission Gauron sur les suites de l\u2019ann\u00e9e blanche en faveur des intermittents du spectacle et de l\u2019audiovisuel\"}]},{\"@type\":\"WebSite\",\"@id\":\"https:\\\/\\\/hierostrasbourg.com\\\/#website\",\"url\":\"https:\\\/\\\/hierostrasbourg.com\\\/\",\"name\":\"HIERO STRASBOURG\",\"description\":\"Centre de Ressources Musiques Actuelles\",\"publisher\":{\"@id\":\"https:\\\/\\\/hierostrasbourg.com\\\/#organization\"},\"potentialAction\":[{\"@type\":\"SearchAction\",\"target\":{\"@type\":\"EntryPoint\",\"urlTemplate\":\"https:\\\/\\\/hierostrasbourg.com\\\/?s={search_term_string}\"},\"query-input\":{\"@type\":\"PropertyValueSpecification\",\"valueRequired\":true,\"valueName\":\"search_term_string\"}}],\"inLanguage\":\"fr-FR\"},{\"@type\":\"Organization\",\"@id\":\"https:\\\/\\\/hierostrasbourg.com\\\/#organization\",\"name\":\"F\u00e9d\u00e9ration Hi\u00e9ro Strasbourg\",\"url\":\"https:\\\/\\\/hierostrasbourg.com\\\/\",\"logo\":{\"@type\":\"ImageObject\",\"inLanguage\":\"fr-FR\",\"@id\":\"https:\\\/\\\/hierostrasbourg.com\\\/#\\\/schema\\\/logo\\\/image\\\/\",\"url\":\"https:\\\/\\\/hierostrasbourg.com\\\/wp-content\\\/uploads\\\/2026\\\/04\\\/logo-hiero-strasbourg.jpg\",\"contentUrl\":\"https:\\\/\\\/hierostrasbourg.com\\\/wp-content\\\/uploads\\\/2026\\\/04\\\/logo-hiero-strasbourg.jpg\",\"width\":204,\"height\":192,\"caption\":\"F\u00e9d\u00e9ration Hi\u00e9ro Strasbourg\"},\"image\":{\"@id\":\"https:\\\/\\\/hierostrasbourg.com\\\/#\\\/schema\\\/logo\\\/image\\\/\"},\"sameAs\":[\"https:\\\/\\\/www.facebook.com\\\/fedehierostrasbourg\",\"https:\\\/\\\/x.com\\\/hierostrasbourg\"]}]}<\/script>\n<!-- \/ Yoast SEO plugin. -->","yoast_head_json":{"title":"Remise du rapport de la mission Gauron sur les suites de l\u2019ann\u00e9e blanche en faveur des intermittents du spectacle et de l\u2019audiovisuel - HIERO STRASBOURG","robots":{"index":"index","follow":"follow","max-snippet":"max-snippet:-1","max-image-preview":"max-image-preview:large","max-video-preview":"max-video-preview:-1"},"canonical":"https:\/\/hierostrasbourg.com\/index.php\/2021\/04\/21\/remise-du-rapport-de-la-mission-gauron-sur-les-suites-de-lannee-blanche-en-faveur-des-intermittents-du-spectacle-et-de-laudiovisuel\/","og_locale":"fr_FR","og_type":"article","og_title":"Remise du rapport de la mission Gauron sur les suites de l\u2019ann\u00e9e blanche en faveur des intermittents du spectacle et de l\u2019audiovisuel - HIERO STRASBOURG","og_description":"communiqu\u00e9 Le dispositif de l\u2019ann\u00e9e blanche en faveur des intermittents du spectacle a \u00e9t\u00e9 annonc\u00e9 par le Pr\u00e9sident de la R\u00e9publique le 6 mai 2020, d\u00e8s le d\u00e9but de la crise sanitaire. Essentielle en termes de protection sociale et de pr\u00e9servation des capacit\u00e9s artistiques et techniques du spectacle vivant et de l\u2019audiovisuel, cette mesure permet depuis le 1er mars 2020 et jusqu\u2019au 31 ao\u00fbt 2021, de garantir une indemnisation aux 120\u00a0000\u00a0intermittents b\u00e9n\u00e9ficiaires de l\u2019assurance ch\u00f4mage au titre des annexes 8 [&hellip;]","og_url":"https:\/\/hierostrasbourg.com\/index.php\/2021\/04\/21\/remise-du-rapport-de-la-mission-gauron-sur-les-suites-de-lannee-blanche-en-faveur-des-intermittents-du-spectacle-et-de-laudiovisuel\/","og_site_name":"HIERO STRASBOURG","article_publisher":"https:\/\/www.facebook.com\/fedehierostrasbourg","article_published_time":"2021-04-21T18:20:29+00:00","og_image":[{"url":"https:\/\/popburo.fr\/wp-content\/plugins\/embed-any-document\/images\/loading.svg","type":"","width":"","height":""}],"twitter_card":"summary_large_image","twitter_creator":"@hierostrasbourg","twitter_site":"@hierostrasbourg","twitter_misc":{"Dur\u00e9e de lecture estim\u00e9e":"2 minutes"},"schema":{"@context":"https:\/\/schema.org","@graph":[{"@type":"Article","@id":"https:\/\/hierostrasbourg.com\/index.php\/2021\/04\/21\/remise-du-rapport-de-la-mission-gauron-sur-les-suites-de-lannee-blanche-en-faveur-des-intermittents-du-spectacle-et-de-laudiovisuel\/#article","isPartOf":{"@id":"https:\/\/hierostrasbourg.com\/index.php\/2021\/04\/21\/remise-du-rapport-de-la-mission-gauron-sur-les-suites-de-lannee-blanche-en-faveur-des-intermittents-du-spectacle-et-de-laudiovisuel\/"},"author":{"name":"","@id":""},"headline":"Remise du rapport de la mission Gauron sur les suites de l\u2019ann\u00e9e blanche en faveur des intermittents du spectacle et de l\u2019audiovisuel","datePublished":"2021-04-21T18:20:29+00:00","mainEntityOfPage":{"@id":"https:\/\/hierostrasbourg.com\/index.php\/2021\/04\/21\/remise-du-rapport-de-la-mission-gauron-sur-les-suites-de-lannee-blanche-en-faveur-des-intermittents-du-spectacle-et-de-laudiovisuel\/"},"wordCount":453,"publisher":{"@id":"https:\/\/hierostrasbourg.com\/#organization"},"image":{"@id":"https:\/\/hierostrasbourg.com\/index.php\/2021\/04\/21\/remise-du-rapport-de-la-mission-gauron-sur-les-suites-de-lannee-blanche-en-faveur-des-intermittents-du-spectacle-et-de-laudiovisuel\/#primaryimage"},"thumbnailUrl":"https:\/\/popburo.fr\/wp-content\/plugins\/embed-any-document\/images\/loading.svg","inLanguage":"fr-FR"},{"@type":"WebPage","@id":"https:\/\/hierostrasbourg.com\/index.php\/2021\/04\/21\/remise-du-rapport-de-la-mission-gauron-sur-les-suites-de-lannee-blanche-en-faveur-des-intermittents-du-spectacle-et-de-laudiovisuel\/","url":"https:\/\/hierostrasbourg.com\/index.php\/2021\/04\/21\/remise-du-rapport-de-la-mission-gauron-sur-les-suites-de-lannee-blanche-en-faveur-des-intermittents-du-spectacle-et-de-laudiovisuel\/","name":"Remise du rapport de la mission Gauron sur les suites de l\u2019ann\u00e9e blanche en faveur des intermittents du spectacle et de l\u2019audiovisuel - HIERO STRASBOURG","isPartOf":{"@id":"https:\/\/hierostrasbourg.com\/#website"},"primaryImageOfPage":{"@id":"https:\/\/hierostrasbourg.com\/index.php\/2021\/04\/21\/remise-du-rapport-de-la-mission-gauron-sur-les-suites-de-lannee-blanche-en-faveur-des-intermittents-du-spectacle-et-de-laudiovisuel\/#primaryimage"},"image":{"@id":"https:\/\/hierostrasbourg.com\/index.php\/2021\/04\/21\/remise-du-rapport-de-la-mission-gauron-sur-les-suites-de-lannee-blanche-en-faveur-des-intermittents-du-spectacle-et-de-laudiovisuel\/#primaryimage"},"thumbnailUrl":"https:\/\/popburo.fr\/wp-content\/plugins\/embed-any-document\/images\/loading.svg","datePublished":"2021-04-21T18:20:29+00:00","breadcrumb":{"@id":"https:\/\/hierostrasbourg.com\/index.php\/2021\/04\/21\/remise-du-rapport-de-la-mission-gauron-sur-les-suites-de-lannee-blanche-en-faveur-des-intermittents-du-spectacle-et-de-laudiovisuel\/#breadcrumb"},"inLanguage":"fr-FR","potentialAction":[{"@type":"ReadAction","target":["https:\/\/hierostrasbourg.com\/index.php\/2021\/04\/21\/remise-du-rapport-de-la-mission-gauron-sur-les-suites-de-lannee-blanche-en-faveur-des-intermittents-du-spectacle-et-de-laudiovisuel\/"]}]},{"@type":"ImageObject","inLanguage":"fr-FR","@id":"https:\/\/hierostrasbourg.com\/index.php\/2021\/04\/21\/remise-du-rapport-de-la-mission-gauron-sur-les-suites-de-lannee-blanche-en-faveur-des-intermittents-du-spectacle-et-de-laudiovisuel\/#primaryimage","url":"https:\/\/popburo.fr\/wp-content\/plugins\/embed-any-document\/images\/loading.svg","contentUrl":"https:\/\/popburo.fr\/wp-content\/plugins\/embed-any-document\/images\/loading.svg"},{"@type":"BreadcrumbList","@id":"https:\/\/hierostrasbourg.com\/index.php\/2021\/04\/21\/remise-du-rapport-de-la-mission-gauron-sur-les-suites-de-lannee-blanche-en-faveur-des-intermittents-du-spectacle-et-de-laudiovisuel\/#breadcrumb","itemListElement":[{"@type":"ListItem","position":1,"name":"Accueil","item":"https:\/\/hierostrasbourg.com\/"},{"@type":"ListItem","position":2,"name":"Remise du rapport de la mission Gauron sur les suites de l\u2019ann\u00e9e blanche en faveur des intermittents du spectacle et de l\u2019audiovisuel"}]},{"@type":"WebSite","@id":"https:\/\/hierostrasbourg.com\/#website","url":"https:\/\/hierostrasbourg.com\/","name":"HIERO STRASBOURG","description":"Centre de Ressources Musiques Actuelles","publisher":{"@id":"https:\/\/hierostrasbourg.com\/#organization"},"potentialAction":[{"@type":"SearchAction","target":{"@type":"EntryPoint","urlTemplate":"https:\/\/hierostrasbourg.com\/?s={search_term_string}"},"query-input":{"@type":"PropertyValueSpecification","valueRequired":true,"valueName":"search_term_string"}}],"inLanguage":"fr-FR"},{"@type":"Organization","@id":"https:\/\/hierostrasbourg.com\/#organization","name":"F\u00e9d\u00e9ration Hi\u00e9ro Strasbourg","url":"https:\/\/hierostrasbourg.com\/","logo":{"@type":"ImageObject","inLanguage":"fr-FR","@id":"https:\/\/hierostrasbourg.com\/#\/schema\/logo\/image\/","url":"https:\/\/hierostrasbourg.com\/wp-content\/uploads\/2026\/04\/logo-hiero-strasbourg.jpg","contentUrl":"https:\/\/hierostrasbourg.com\/wp-content\/uploads\/2026\/04\/logo-hiero-strasbourg.jpg","width":204,"height":192,"caption":"F\u00e9d\u00e9ration Hi\u00e9ro Strasbourg"},"image":{"@id":"https:\/\/hierostrasbourg.com\/#\/schema\/logo\/image\/"},"sameAs":["https:\/\/www.facebook.com\/fedehierostrasbourg","https:\/\/x.com\/hierostrasbourg"]}]}},"_links":{"self":[{"href":"https:\/\/hierostrasbourg.com\/index.php\/wp-json\/wp\/v2\/posts\/346","targetHints":{"allow":["GET"]}}],"collection":[{"href":"https:\/\/hierostrasbourg.com\/index.php\/wp-json\/wp\/v2\/posts"}],"about":[{"href":"https:\/\/hierostrasbourg.com\/index.php\/wp-json\/wp\/v2\/types\/post"}],"replies":[{"embeddable":true,"href":"https:\/\/hierostrasbourg.com\/index.php\/wp-json\/wp\/v2\/comments?post=346"}],"version-history":[{"count":0,"href":"https:\/\/hierostrasbourg.com\/index.php\/wp-json\/wp\/v2\/posts\/346\/revisions"}],"wp:attachment":[{"href":"https:\/\/hierostrasbourg.com\/index.php\/wp-json\/wp\/v2\/media?parent=346"}],"wp:term":[{"taxonomy":"category","embeddable":true,"href":"https:\/\/hierostrasbourg.com\/index.php\/wp-json\/wp\/v2\/categories?post=346"},{"taxonomy":"post_tag","embeddable":true,"href":"https:\/\/hierostrasbourg.com\/index.php\/wp-json\/wp\/v2\/tags?post=346"}],"curies":[{"name":"wp","href":"https:\/\/api.w.org\/{rel}","templated":true}]}}