{"id":3458,"date":"2022-08-26T21:33:10","date_gmt":"2022-08-26T19:33:10","guid":{"rendered":"https:\/\/hierostrasbourg.com\/index.php\/2022\/08\/26\/formation-baisse-des-demandes-de-formation-a-lafdas-2\/"},"modified":"2022-08-26T21:33:10","modified_gmt":"2022-08-26T19:33:10","slug":"formation-baisse-des-demandes-de-formation-a-lafdas-2","status":"publish","type":"post","link":"https:\/\/hierostrasbourg.com\/index.php\/2022\/08\/26\/formation-baisse-des-demandes-de-formation-a-lafdas-2\/","title":{"rendered":"Formation : baisse des demandes de formation \u00e0 l\u2019Afdas"},"content":{"rendered":"<p><em>D\u00e9sertion d\u2019une partie des intermittents, demandes de formation en berne : l\u2019Afdas, op\u00e9rateur de comp\u00e9tences des m\u00e9tiers de la culture, est aux avant-postes des ressources humaines du secteur. Thierry Teboul, directeur g\u00e9n\u00e9ral, d\u00e9crit une reprise toute en contrastes, bient\u00f4t deux ans apr\u00e8s que l\u2019organisme ait d\u00fb cesser temporairement son accompagnement, en pleine crise.<\/em><\/p>\n<p>Source \/ Lire la suite : <a href=\"https:\/\/www.culturematin.com\/juridique-rh\/rh-formation-intermittence\/formation-baisse-des-demandes-de-formations-a-l-afdas.html\" target=\"_blank\" rel=\"noopener\">Formation : baisse des demandes de formation \u00e0 l\u2019Afdas<\/a><\/p>\n<p>L\u2019article <a href=\"https:\/\/popburo.fr\/formation-baisse-des-demandes-de-formation-a-lafdas\/\">Formation : baisse des demandes de formation \u00e0 l\u2019Afdas<\/a> est apparu en premier sur <a href=\"https:\/\/popburo.fr\/\">POP B\u00dcRO<\/a>.<\/p>\n","protected":false},"excerpt":{"rendered":"<p>D\u00e9sertion d\u2019une partie des intermittents, demandes de formation en berne : l\u2019Afdas, op\u00e9rateur de comp\u00e9tences des m\u00e9tiers de la culture, est aux avant-postes des ressources humaines du secteur. Thierry Teboul, directeur g\u00e9n\u00e9ral, d\u00e9crit une reprise toute en contrastes, bient\u00f4t deux ans apr\u00e8s que l\u2019organisme ait d\u00fb cesser temporairement son accompagnement, en pleine crise. Source \/ Lire la suite : Formation : baisse des demandes de formation \u00e0 l\u2019Afdas L\u2019article Formation : baisse des demandes de formation \u00e0 l\u2019Afdas est apparu [&hellip;]<\/p>\n","protected":false},"author":0,"featured_media":0,"comment_status":"closed","ping_status":"open","sticky":false,"template":"","format":"standard","meta":{"footnotes":""},"categories":[1],"tags":[],"class_list":["post-3458","post","type-post","status-publish","format-standard","hentry","category-non-classe"],"yoast_head":"<!-- This site is optimized with the Yoast SEO plugin v27.5 - https:\/\/yoast.com\/product\/yoast-seo-wordpress\/ -->\n<title>Formation : baisse des demandes de formation \u00e0 l\u2019Afdas - HIERO STRASBOURG<\/title>\n<meta name=\"robots\" content=\"index, follow, max-snippet:-1, max-image-preview:large, max-video-preview:-1\" \/>\n<link rel=\"canonical\" href=\"https:\/\/hierostrasbourg.com\/index.php\/2022\/08\/26\/formation-baisse-des-demandes-de-formation-a-lafdas-2\/\" \/>\n<meta property=\"og:locale\" content=\"fr_FR\" \/>\n<meta property=\"og:type\" content=\"article\" \/>\n<meta property=\"og:title\" content=\"Formation : baisse des demandes de formation \u00e0 l\u2019Afdas - HIERO STRASBOURG\" \/>\n<meta property=\"og:description\" content=\"D\u00e9sertion d\u2019une partie des intermittents, demandes de formation en berne : l\u2019Afdas, op\u00e9rateur de comp\u00e9tences des m\u00e9tiers de la culture, est aux avant-postes des ressources humaines du secteur. Thierry Teboul, directeur g\u00e9n\u00e9ral, d\u00e9crit une reprise toute en contrastes, bient\u00f4t deux ans apr\u00e8s que l\u2019organisme ait d\u00fb cesser temporairement son accompagnement, en pleine crise. Source \/ Lire la suite : Formation : baisse des demandes de formation \u00e0 l\u2019Afdas L\u2019article Formation : baisse des demandes de formation \u00e0 l\u2019Afdas est apparu [&hellip;]\" \/>\n<meta property=\"og:url\" content=\"https:\/\/hierostrasbourg.com\/index.php\/2022\/08\/26\/formation-baisse-des-demandes-de-formation-a-lafdas-2\/\" \/>\n<meta property=\"og:site_name\" content=\"HIERO STRASBOURG\" \/>\n<meta property=\"article:publisher\" content=\"https:\/\/www.facebook.com\/fedehierostrasbourg\" \/>\n<meta property=\"article:published_time\" content=\"2022-08-26T19:33:10+00:00\" \/>\n<meta name=\"twitter:card\" content=\"summary_large_image\" \/>\n<meta name=\"twitter:creator\" content=\"@hierostrasbourg\" \/>\n<meta name=\"twitter:site\" content=\"@hierostrasbourg\" \/>\n<script type=\"application\/ld+json\" class=\"yoast-schema-graph\">{\"@context\":\"https:\\\/\\\/schema.org\",\"@graph\":[{\"@type\":\"Article\",\"@id\":\"https:\\\/\\\/hierostrasbourg.com\\\/index.php\\\/2022\\\/08\\\/26\\\/formation-baisse-des-demandes-de-formation-a-lafdas-2\\\/#article\",\"isPartOf\":{\"@id\":\"https:\\\/\\\/hierostrasbourg.com\\\/index.php\\\/2022\\\/08\\\/26\\\/formation-baisse-des-demandes-de-formation-a-lafdas-2\\\/\"},\"author\":{\"name\":\"\",\"@id\":\"\"},\"headline\":\"Formation : baisse des demandes de formation \u00e0 l\u2019Afdas\",\"datePublished\":\"2022-08-26T19:33:10+00:00\",\"mainEntityOfPage\":{\"@id\":\"https:\\\/\\\/hierostrasbourg.com\\\/index.php\\\/2022\\\/08\\\/26\\\/formation-baisse-des-demandes-de-formation-a-lafdas-2\\\/\"},\"wordCount\":102,\"publisher\":{\"@id\":\"https:\\\/\\\/hierostrasbourg.com\\\/#organization\"},\"inLanguage\":\"fr-FR\"},{\"@type\":\"WebPage\",\"@id\":\"https:\\\/\\\/hierostrasbourg.com\\\/index.php\\\/2022\\\/08\\\/26\\\/formation-baisse-des-demandes-de-formation-a-lafdas-2\\\/\",\"url\":\"https:\\\/\\\/hierostrasbourg.com\\\/index.php\\\/2022\\\/08\\\/26\\\/formation-baisse-des-demandes-de-formation-a-lafdas-2\\\/\",\"name\":\"Formation : baisse des demandes de formation \u00e0 l\u2019Afdas - HIERO STRASBOURG\",\"isPartOf\":{\"@id\":\"https:\\\/\\\/hierostrasbourg.com\\\/#website\"},\"datePublished\":\"2022-08-26T19:33:10+00:00\",\"breadcrumb\":{\"@id\":\"https:\\\/\\\/hierostrasbourg.com\\\/index.php\\\/2022\\\/08\\\/26\\\/formation-baisse-des-demandes-de-formation-a-lafdas-2\\\/#breadcrumb\"},\"inLanguage\":\"fr-FR\",\"potentialAction\":[{\"@type\":\"ReadAction\",\"target\":[\"https:\\\/\\\/hierostrasbourg.com\\\/index.php\\\/2022\\\/08\\\/26\\\/formation-baisse-des-demandes-de-formation-a-lafdas-2\\\/\"]}]},{\"@type\":\"BreadcrumbList\",\"@id\":\"https:\\\/\\\/hierostrasbourg.com\\\/index.php\\\/2022\\\/08\\\/26\\\/formation-baisse-des-demandes-de-formation-a-lafdas-2\\\/#breadcrumb\",\"itemListElement\":[{\"@type\":\"ListItem\",\"position\":1,\"name\":\"Accueil\",\"item\":\"https:\\\/\\\/hierostrasbourg.com\\\/\"},{\"@type\":\"ListItem\",\"position\":2,\"name\":\"Formation : baisse des demandes de formation \u00e0 l\u2019Afdas\"}]},{\"@type\":\"WebSite\",\"@id\":\"https:\\\/\\\/hierostrasbourg.com\\\/#website\",\"url\":\"https:\\\/\\\/hierostrasbourg.com\\\/\",\"name\":\"HIERO STRASBOURG\",\"description\":\"Centre de Ressources Musiques Actuelles\",\"publisher\":{\"@id\":\"https:\\\/\\\/hierostrasbourg.com\\\/#organization\"},\"potentialAction\":[{\"@type\":\"SearchAction\",\"target\":{\"@type\":\"EntryPoint\",\"urlTemplate\":\"https:\\\/\\\/hierostrasbourg.com\\\/?s={search_term_string}\"},\"query-input\":{\"@type\":\"PropertyValueSpecification\",\"valueRequired\":true,\"valueName\":\"search_term_string\"}}],\"inLanguage\":\"fr-FR\"},{\"@type\":\"Organization\",\"@id\":\"https:\\\/\\\/hierostrasbourg.com\\\/#organization\",\"name\":\"F\u00e9d\u00e9ration Hi\u00e9ro Strasbourg\",\"url\":\"https:\\\/\\\/hierostrasbourg.com\\\/\",\"logo\":{\"@type\":\"ImageObject\",\"inLanguage\":\"fr-FR\",\"@id\":\"https:\\\/\\\/hierostrasbourg.com\\\/#\\\/schema\\\/logo\\\/image\\\/\",\"url\":\"https:\\\/\\\/hierostrasbourg.com\\\/wp-content\\\/uploads\\\/2026\\\/04\\\/logo-hiero-strasbourg.jpg\",\"contentUrl\":\"https:\\\/\\\/hierostrasbourg.com\\\/wp-content\\\/uploads\\\/2026\\\/04\\\/logo-hiero-strasbourg.jpg\",\"width\":204,\"height\":192,\"caption\":\"F\u00e9d\u00e9ration Hi\u00e9ro Strasbourg\"},\"image\":{\"@id\":\"https:\\\/\\\/hierostrasbourg.com\\\/#\\\/schema\\\/logo\\\/image\\\/\"},\"sameAs\":[\"https:\\\/\\\/www.facebook.com\\\/fedehierostrasbourg\",\"https:\\\/\\\/x.com\\\/hierostrasbourg\"]}]}<\/script>\n<!-- \/ Yoast SEO plugin. -->","yoast_head_json":{"title":"Formation : baisse des demandes de formation \u00e0 l\u2019Afdas - HIERO STRASBOURG","robots":{"index":"index","follow":"follow","max-snippet":"max-snippet:-1","max-image-preview":"max-image-preview:large","max-video-preview":"max-video-preview:-1"},"canonical":"https:\/\/hierostrasbourg.com\/index.php\/2022\/08\/26\/formation-baisse-des-demandes-de-formation-a-lafdas-2\/","og_locale":"fr_FR","og_type":"article","og_title":"Formation : baisse des demandes de formation \u00e0 l\u2019Afdas - HIERO STRASBOURG","og_description":"D\u00e9sertion d\u2019une partie des intermittents, demandes de formation en berne : l\u2019Afdas, op\u00e9rateur de comp\u00e9tences des m\u00e9tiers de la culture, est aux avant-postes des ressources humaines du secteur. Thierry Teboul, directeur g\u00e9n\u00e9ral, d\u00e9crit une reprise toute en contrastes, bient\u00f4t deux ans apr\u00e8s que l\u2019organisme ait d\u00fb cesser temporairement son accompagnement, en pleine crise. Source \/ Lire la suite : Formation : baisse des demandes de formation \u00e0 l\u2019Afdas L\u2019article Formation : baisse des demandes de formation \u00e0 l\u2019Afdas est apparu [&hellip;]","og_url":"https:\/\/hierostrasbourg.com\/index.php\/2022\/08\/26\/formation-baisse-des-demandes-de-formation-a-lafdas-2\/","og_site_name":"HIERO STRASBOURG","article_publisher":"https:\/\/www.facebook.com\/fedehierostrasbourg","article_published_time":"2022-08-26T19:33:10+00:00","twitter_card":"summary_large_image","twitter_creator":"@hierostrasbourg","twitter_site":"@hierostrasbourg","schema":{"@context":"https:\/\/schema.org","@graph":[{"@type":"Article","@id":"https:\/\/hierostrasbourg.com\/index.php\/2022\/08\/26\/formation-baisse-des-demandes-de-formation-a-lafdas-2\/#article","isPartOf":{"@id":"https:\/\/hierostrasbourg.com\/index.php\/2022\/08\/26\/formation-baisse-des-demandes-de-formation-a-lafdas-2\/"},"author":{"name":"","@id":""},"headline":"Formation : baisse des demandes de formation \u00e0 l\u2019Afdas","datePublished":"2022-08-26T19:33:10+00:00","mainEntityOfPage":{"@id":"https:\/\/hierostrasbourg.com\/index.php\/2022\/08\/26\/formation-baisse-des-demandes-de-formation-a-lafdas-2\/"},"wordCount":102,"publisher":{"@id":"https:\/\/hierostrasbourg.com\/#organization"},"inLanguage":"fr-FR"},{"@type":"WebPage","@id":"https:\/\/hierostrasbourg.com\/index.php\/2022\/08\/26\/formation-baisse-des-demandes-de-formation-a-lafdas-2\/","url":"https:\/\/hierostrasbourg.com\/index.php\/2022\/08\/26\/formation-baisse-des-demandes-de-formation-a-lafdas-2\/","name":"Formation : baisse des demandes de formation \u00e0 l\u2019Afdas - HIERO STRASBOURG","isPartOf":{"@id":"https:\/\/hierostrasbourg.com\/#website"},"datePublished":"2022-08-26T19:33:10+00:00","breadcrumb":{"@id":"https:\/\/hierostrasbourg.com\/index.php\/2022\/08\/26\/formation-baisse-des-demandes-de-formation-a-lafdas-2\/#breadcrumb"},"inLanguage":"fr-FR","potentialAction":[{"@type":"ReadAction","target":["https:\/\/hierostrasbourg.com\/index.php\/2022\/08\/26\/formation-baisse-des-demandes-de-formation-a-lafdas-2\/"]}]},{"@type":"BreadcrumbList","@id":"https:\/\/hierostrasbourg.com\/index.php\/2022\/08\/26\/formation-baisse-des-demandes-de-formation-a-lafdas-2\/#breadcrumb","itemListElement":[{"@type":"ListItem","position":1,"name":"Accueil","item":"https:\/\/hierostrasbourg.com\/"},{"@type":"ListItem","position":2,"name":"Formation : baisse des demandes de formation \u00e0 l\u2019Afdas"}]},{"@type":"WebSite","@id":"https:\/\/hierostrasbourg.com\/#website","url":"https:\/\/hierostrasbourg.com\/","name":"HIERO STRASBOURG","description":"Centre de Ressources Musiques Actuelles","publisher":{"@id":"https:\/\/hierostrasbourg.com\/#organization"},"potentialAction":[{"@type":"SearchAction","target":{"@type":"EntryPoint","urlTemplate":"https:\/\/hierostrasbourg.com\/?s={search_term_string}"},"query-input":{"@type":"PropertyValueSpecification","valueRequired":true,"valueName":"search_term_string"}}],"inLanguage":"fr-FR"},{"@type":"Organization","@id":"https:\/\/hierostrasbourg.com\/#organization","name":"F\u00e9d\u00e9ration Hi\u00e9ro Strasbourg","url":"https:\/\/hierostrasbourg.com\/","logo":{"@type":"ImageObject","inLanguage":"fr-FR","@id":"https:\/\/hierostrasbourg.com\/#\/schema\/logo\/image\/","url":"https:\/\/hierostrasbourg.com\/wp-content\/uploads\/2026\/04\/logo-hiero-strasbourg.jpg","contentUrl":"https:\/\/hierostrasbourg.com\/wp-content\/uploads\/2026\/04\/logo-hiero-strasbourg.jpg","width":204,"height":192,"caption":"F\u00e9d\u00e9ration Hi\u00e9ro Strasbourg"},"image":{"@id":"https:\/\/hierostrasbourg.com\/#\/schema\/logo\/image\/"},"sameAs":["https:\/\/www.facebook.com\/fedehierostrasbourg","https:\/\/x.com\/hierostrasbourg"]}]}},"_links":{"self":[{"href":"https:\/\/hierostrasbourg.com\/index.php\/wp-json\/wp\/v2\/posts\/3458","targetHints":{"allow":["GET"]}}],"collection":[{"href":"https:\/\/hierostrasbourg.com\/index.php\/wp-json\/wp\/v2\/posts"}],"about":[{"href":"https:\/\/hierostrasbourg.com\/index.php\/wp-json\/wp\/v2\/types\/post"}],"replies":[{"embeddable":true,"href":"https:\/\/hierostrasbourg.com\/index.php\/wp-json\/wp\/v2\/comments?post=3458"}],"version-history":[{"count":0,"href":"https:\/\/hierostrasbourg.com\/index.php\/wp-json\/wp\/v2\/posts\/3458\/revisions"}],"wp:attachment":[{"href":"https:\/\/hierostrasbourg.com\/index.php\/wp-json\/wp\/v2\/media?parent=3458"}],"wp:term":[{"taxonomy":"category","embeddable":true,"href":"https:\/\/hierostrasbourg.com\/index.php\/wp-json\/wp\/v2\/categories?post=3458"},{"taxonomy":"post_tag","embeddable":true,"href":"https:\/\/hierostrasbourg.com\/index.php\/wp-json\/wp\/v2\/tags?post=3458"}],"curies":[{"name":"wp","href":"https:\/\/api.w.org\/{rel}","templated":true}]}}