{"id":3446,"date":"2022-08-26T09:31:53","date_gmt":"2022-08-26T07:31:53","guid":{"rendered":"https:\/\/hierostrasbourg.com\/index.php\/2022\/08\/26\/les-eurockeennes-de-belfort-a-linitiative-dune-reflexion-sur-la-mutualisation-entre-festivals-2\/"},"modified":"2022-08-26T09:31:53","modified_gmt":"2022-08-26T07:31:53","slug":"les-eurockeennes-de-belfort-a-linitiative-dune-reflexion-sur-la-mutualisation-entre-festivals-2","status":"publish","type":"post","link":"https:\/\/hierostrasbourg.com\/index.php\/2022\/08\/26\/les-eurockeennes-de-belfort-a-linitiative-dune-reflexion-sur-la-mutualisation-entre-festivals-2\/","title":{"rendered":"Les Eurock\u00e9ennes de Belfort \u00e0 l\u2019initiative d\u2019une r\u00e9flexion sur la mutualisation entre festivals"},"content":{"rendered":"<p><a href=\"https:\/\/musiquesactuelles.alsace\/les-eurockeennes-de-belfort-a-linitiative-dune-reflexion-sur-la-mutualisation-entre-festivals\/\" title=\"Les Eurock\u00e9ennes de Belfort \u00e0 l\u2019initiative d\u2019une r\u00e9flexion sur la mutualisation entre festivals\"><\/a><\/p>\n<p>Alors que le bilan des festivals musicaux de cet \u00e9t\u00e9 est tr\u00e8s mitig\u00e9, et que plusieurs festivals ont subi des d\u00e9convenues notamment du fait de la m\u00e9t\u00e9o, les Eurock\u00e9ennes veulent engager une r\u00e9flexion pour imaginer de nouvelles formules pour ces \u00e9v\u00e8nements. Source \/ Lire la suite : Les Eurock\u00e9ennes de Belfort \u00e0 l\u2019initiative d\u2019une r\u00e9flexion sur la mutualisation entre festivals<\/p>\n<p>L\u2019article <a href=\"https:\/\/musiquesactuelles.alsace\/les-eurockeennes-de-belfort-a-linitiative-dune-reflexion-sur-la-mutualisation-entre-festivals\/\">Les Eurock\u00e9ennes de Belfort \u00e0 l\u2019initiative d\u2019une r\u00e9flexion sur la mutualisation entre festivals<\/a> est apparu en premier sur <a href=\"https:\/\/musiquesactuelles.alsace\/\">Musiques Actuelles en Alsace<\/a>.<\/p>\n<p>L\u2019article <a href=\"https:\/\/popburo.fr\/les-eurockeennes-de-belfort-a-linitiative-dune-reflexion-sur-la-mutualisation-entre-festivals-2\/\">Les Eurock\u00e9ennes de Belfort \u00e0 l\u2019initiative d\u2019une r\u00e9flexion sur la mutualisation entre festivals<\/a> est apparu en premier sur <a href=\"https:\/\/popburo.fr\/\">POP B\u00dcRO<\/a>.<\/p>\n","protected":false},"excerpt":{"rendered":"<p>Alors que le bilan des festivals musicaux de cet \u00e9t\u00e9 est tr\u00e8s mitig\u00e9, et que plusieurs festivals ont subi des d\u00e9convenues notamment du fait de la m\u00e9t\u00e9o, les Eurock\u00e9ennes veulent engager une r\u00e9flexion pour imaginer de nouvelles formules pour ces \u00e9v\u00e8nements. Source \/ Lire la suite : Les Eurock\u00e9ennes de Belfort \u00e0 l\u2019initiative d\u2019une r\u00e9flexion sur la mutualisation entre festivals L\u2019article Les Eurock\u00e9ennes de Belfort \u00e0 l\u2019initiative d\u2019une r\u00e9flexion sur la mutualisation entre festivals est apparu en premier sur Musiques [&hellip;]<\/p>\n","protected":false},"author":0,"featured_media":0,"comment_status":"closed","ping_status":"open","sticky":false,"template":"","format":"standard","meta":{"footnotes":""},"categories":[1],"tags":[],"class_list":["post-3446","post","type-post","status-publish","format-standard","hentry","category-non-classe"],"yoast_head":"<!-- This site is optimized with the Yoast SEO plugin v27.5 - https:\/\/yoast.com\/product\/yoast-seo-wordpress\/ -->\n<title>Les Eurock\u00e9ennes de Belfort \u00e0 l\u2019initiative d\u2019une r\u00e9flexion sur la mutualisation entre festivals - HIERO STRASBOURG<\/title>\n<meta name=\"robots\" content=\"index, follow, max-snippet:-1, max-image-preview:large, max-video-preview:-1\" \/>\n<link rel=\"canonical\" href=\"https:\/\/hierostrasbourg.com\/index.php\/2022\/08\/26\/les-eurockeennes-de-belfort-a-linitiative-dune-reflexion-sur-la-mutualisation-entre-festivals-2\/\" \/>\n<meta property=\"og:locale\" content=\"fr_FR\" \/>\n<meta property=\"og:type\" content=\"article\" \/>\n<meta property=\"og:title\" content=\"Les Eurock\u00e9ennes de Belfort \u00e0 l\u2019initiative d\u2019une r\u00e9flexion sur la mutualisation entre festivals - HIERO STRASBOURG\" \/>\n<meta property=\"og:description\" content=\"Alors que le bilan des festivals musicaux de cet \u00e9t\u00e9 est tr\u00e8s mitig\u00e9, et que plusieurs festivals ont subi des d\u00e9convenues notamment du fait de la m\u00e9t\u00e9o, les Eurock\u00e9ennes veulent engager une r\u00e9flexion pour imaginer de nouvelles formules pour ces \u00e9v\u00e8nements. Source \/ Lire la suite : Les Eurock\u00e9ennes de Belfort \u00e0 l\u2019initiative d\u2019une r\u00e9flexion sur la mutualisation entre festivals L\u2019article Les Eurock\u00e9ennes de Belfort \u00e0 l\u2019initiative d\u2019une r\u00e9flexion sur la mutualisation entre festivals est apparu en premier sur Musiques [&hellip;]\" \/>\n<meta property=\"og:url\" content=\"https:\/\/hierostrasbourg.com\/index.php\/2022\/08\/26\/les-eurockeennes-de-belfort-a-linitiative-dune-reflexion-sur-la-mutualisation-entre-festivals-2\/\" \/>\n<meta property=\"og:site_name\" content=\"HIERO STRASBOURG\" \/>\n<meta property=\"article:publisher\" content=\"https:\/\/www.facebook.com\/fedehierostrasbourg\" \/>\n<meta property=\"article:published_time\" content=\"2022-08-26T07:31:53+00:00\" \/>\n<meta name=\"twitter:card\" content=\"summary_large_image\" \/>\n<meta name=\"twitter:creator\" content=\"@hierostrasbourg\" \/>\n<meta name=\"twitter:site\" content=\"@hierostrasbourg\" \/>\n<meta name=\"twitter:label1\" content=\"Dur\u00e9e de lecture estim\u00e9e\" \/>\n\t<meta name=\"twitter:data1\" content=\"1 minute\" \/>\n<script type=\"application\/ld+json\" class=\"yoast-schema-graph\">{\"@context\":\"https:\\\/\\\/schema.org\",\"@graph\":[{\"@type\":\"Article\",\"@id\":\"https:\\\/\\\/hierostrasbourg.com\\\/index.php\\\/2022\\\/08\\\/26\\\/les-eurockeennes-de-belfort-a-linitiative-dune-reflexion-sur-la-mutualisation-entre-festivals-2\\\/#article\",\"isPartOf\":{\"@id\":\"https:\\\/\\\/hierostrasbourg.com\\\/index.php\\\/2022\\\/08\\\/26\\\/les-eurockeennes-de-belfort-a-linitiative-dune-reflexion-sur-la-mutualisation-entre-festivals-2\\\/\"},\"author\":{\"name\":\"\",\"@id\":\"\"},\"headline\":\"Les Eurock\u00e9ennes de Belfort \u00e0 l\u2019initiative d\u2019une r\u00e9flexion sur la mutualisation entre festivals\",\"datePublished\":\"2022-08-26T07:31:53+00:00\",\"mainEntityOfPage\":{\"@id\":\"https:\\\/\\\/hierostrasbourg.com\\\/index.php\\\/2022\\\/08\\\/26\\\/les-eurockeennes-de-belfort-a-linitiative-dune-reflexion-sur-la-mutualisation-entre-festivals-2\\\/\"},\"wordCount\":137,\"publisher\":{\"@id\":\"https:\\\/\\\/hierostrasbourg.com\\\/#organization\"},\"inLanguage\":\"fr-FR\"},{\"@type\":\"WebPage\",\"@id\":\"https:\\\/\\\/hierostrasbourg.com\\\/index.php\\\/2022\\\/08\\\/26\\\/les-eurockeennes-de-belfort-a-linitiative-dune-reflexion-sur-la-mutualisation-entre-festivals-2\\\/\",\"url\":\"https:\\\/\\\/hierostrasbourg.com\\\/index.php\\\/2022\\\/08\\\/26\\\/les-eurockeennes-de-belfort-a-linitiative-dune-reflexion-sur-la-mutualisation-entre-festivals-2\\\/\",\"name\":\"Les Eurock\u00e9ennes de Belfort \u00e0 l\u2019initiative d\u2019une r\u00e9flexion sur la mutualisation entre festivals - HIERO STRASBOURG\",\"isPartOf\":{\"@id\":\"https:\\\/\\\/hierostrasbourg.com\\\/#website\"},\"datePublished\":\"2022-08-26T07:31:53+00:00\",\"breadcrumb\":{\"@id\":\"https:\\\/\\\/hierostrasbourg.com\\\/index.php\\\/2022\\\/08\\\/26\\\/les-eurockeennes-de-belfort-a-linitiative-dune-reflexion-sur-la-mutualisation-entre-festivals-2\\\/#breadcrumb\"},\"inLanguage\":\"fr-FR\",\"potentialAction\":[{\"@type\":\"ReadAction\",\"target\":[\"https:\\\/\\\/hierostrasbourg.com\\\/index.php\\\/2022\\\/08\\\/26\\\/les-eurockeennes-de-belfort-a-linitiative-dune-reflexion-sur-la-mutualisation-entre-festivals-2\\\/\"]}]},{\"@type\":\"BreadcrumbList\",\"@id\":\"https:\\\/\\\/hierostrasbourg.com\\\/index.php\\\/2022\\\/08\\\/26\\\/les-eurockeennes-de-belfort-a-linitiative-dune-reflexion-sur-la-mutualisation-entre-festivals-2\\\/#breadcrumb\",\"itemListElement\":[{\"@type\":\"ListItem\",\"position\":1,\"name\":\"Accueil\",\"item\":\"https:\\\/\\\/hierostrasbourg.com\\\/\"},{\"@type\":\"ListItem\",\"position\":2,\"name\":\"Les Eurock\u00e9ennes de Belfort \u00e0 l\u2019initiative d\u2019une r\u00e9flexion sur la mutualisation entre festivals\"}]},{\"@type\":\"WebSite\",\"@id\":\"https:\\\/\\\/hierostrasbourg.com\\\/#website\",\"url\":\"https:\\\/\\\/hierostrasbourg.com\\\/\",\"name\":\"HIERO STRASBOURG\",\"description\":\"Centre de Ressources Musiques Actuelles\",\"publisher\":{\"@id\":\"https:\\\/\\\/hierostrasbourg.com\\\/#organization\"},\"potentialAction\":[{\"@type\":\"SearchAction\",\"target\":{\"@type\":\"EntryPoint\",\"urlTemplate\":\"https:\\\/\\\/hierostrasbourg.com\\\/?s={search_term_string}\"},\"query-input\":{\"@type\":\"PropertyValueSpecification\",\"valueRequired\":true,\"valueName\":\"search_term_string\"}}],\"inLanguage\":\"fr-FR\"},{\"@type\":\"Organization\",\"@id\":\"https:\\\/\\\/hierostrasbourg.com\\\/#organization\",\"name\":\"F\u00e9d\u00e9ration Hi\u00e9ro Strasbourg\",\"url\":\"https:\\\/\\\/hierostrasbourg.com\\\/\",\"logo\":{\"@type\":\"ImageObject\",\"inLanguage\":\"fr-FR\",\"@id\":\"https:\\\/\\\/hierostrasbourg.com\\\/#\\\/schema\\\/logo\\\/image\\\/\",\"url\":\"https:\\\/\\\/hierostrasbourg.com\\\/wp-content\\\/uploads\\\/2026\\\/04\\\/logo-hiero-strasbourg.jpg\",\"contentUrl\":\"https:\\\/\\\/hierostrasbourg.com\\\/wp-content\\\/uploads\\\/2026\\\/04\\\/logo-hiero-strasbourg.jpg\",\"width\":204,\"height\":192,\"caption\":\"F\u00e9d\u00e9ration Hi\u00e9ro Strasbourg\"},\"image\":{\"@id\":\"https:\\\/\\\/hierostrasbourg.com\\\/#\\\/schema\\\/logo\\\/image\\\/\"},\"sameAs\":[\"https:\\\/\\\/www.facebook.com\\\/fedehierostrasbourg\",\"https:\\\/\\\/x.com\\\/hierostrasbourg\"]}]}<\/script>\n<!-- \/ Yoast SEO plugin. -->","yoast_head_json":{"title":"Les Eurock\u00e9ennes de Belfort \u00e0 l\u2019initiative d\u2019une r\u00e9flexion sur la mutualisation entre festivals - HIERO STRASBOURG","robots":{"index":"index","follow":"follow","max-snippet":"max-snippet:-1","max-image-preview":"max-image-preview:large","max-video-preview":"max-video-preview:-1"},"canonical":"https:\/\/hierostrasbourg.com\/index.php\/2022\/08\/26\/les-eurockeennes-de-belfort-a-linitiative-dune-reflexion-sur-la-mutualisation-entre-festivals-2\/","og_locale":"fr_FR","og_type":"article","og_title":"Les Eurock\u00e9ennes de Belfort \u00e0 l\u2019initiative d\u2019une r\u00e9flexion sur la mutualisation entre festivals - HIERO STRASBOURG","og_description":"Alors que le bilan des festivals musicaux de cet \u00e9t\u00e9 est tr\u00e8s mitig\u00e9, et que plusieurs festivals ont subi des d\u00e9convenues notamment du fait de la m\u00e9t\u00e9o, les Eurock\u00e9ennes veulent engager une r\u00e9flexion pour imaginer de nouvelles formules pour ces \u00e9v\u00e8nements. Source \/ Lire la suite : Les Eurock\u00e9ennes de Belfort \u00e0 l\u2019initiative d\u2019une r\u00e9flexion sur la mutualisation entre festivals L\u2019article Les Eurock\u00e9ennes de Belfort \u00e0 l\u2019initiative d\u2019une r\u00e9flexion sur la mutualisation entre festivals est apparu en premier sur Musiques [&hellip;]","og_url":"https:\/\/hierostrasbourg.com\/index.php\/2022\/08\/26\/les-eurockeennes-de-belfort-a-linitiative-dune-reflexion-sur-la-mutualisation-entre-festivals-2\/","og_site_name":"HIERO STRASBOURG","article_publisher":"https:\/\/www.facebook.com\/fedehierostrasbourg","article_published_time":"2022-08-26T07:31:53+00:00","twitter_card":"summary_large_image","twitter_creator":"@hierostrasbourg","twitter_site":"@hierostrasbourg","twitter_misc":{"Dur\u00e9e de lecture estim\u00e9e":"1 minute"},"schema":{"@context":"https:\/\/schema.org","@graph":[{"@type":"Article","@id":"https:\/\/hierostrasbourg.com\/index.php\/2022\/08\/26\/les-eurockeennes-de-belfort-a-linitiative-dune-reflexion-sur-la-mutualisation-entre-festivals-2\/#article","isPartOf":{"@id":"https:\/\/hierostrasbourg.com\/index.php\/2022\/08\/26\/les-eurockeennes-de-belfort-a-linitiative-dune-reflexion-sur-la-mutualisation-entre-festivals-2\/"},"author":{"name":"","@id":""},"headline":"Les Eurock\u00e9ennes de Belfort \u00e0 l\u2019initiative d\u2019une r\u00e9flexion sur la mutualisation entre festivals","datePublished":"2022-08-26T07:31:53+00:00","mainEntityOfPage":{"@id":"https:\/\/hierostrasbourg.com\/index.php\/2022\/08\/26\/les-eurockeennes-de-belfort-a-linitiative-dune-reflexion-sur-la-mutualisation-entre-festivals-2\/"},"wordCount":137,"publisher":{"@id":"https:\/\/hierostrasbourg.com\/#organization"},"inLanguage":"fr-FR"},{"@type":"WebPage","@id":"https:\/\/hierostrasbourg.com\/index.php\/2022\/08\/26\/les-eurockeennes-de-belfort-a-linitiative-dune-reflexion-sur-la-mutualisation-entre-festivals-2\/","url":"https:\/\/hierostrasbourg.com\/index.php\/2022\/08\/26\/les-eurockeennes-de-belfort-a-linitiative-dune-reflexion-sur-la-mutualisation-entre-festivals-2\/","name":"Les Eurock\u00e9ennes de Belfort \u00e0 l\u2019initiative d\u2019une r\u00e9flexion sur la mutualisation entre festivals - HIERO STRASBOURG","isPartOf":{"@id":"https:\/\/hierostrasbourg.com\/#website"},"datePublished":"2022-08-26T07:31:53+00:00","breadcrumb":{"@id":"https:\/\/hierostrasbourg.com\/index.php\/2022\/08\/26\/les-eurockeennes-de-belfort-a-linitiative-dune-reflexion-sur-la-mutualisation-entre-festivals-2\/#breadcrumb"},"inLanguage":"fr-FR","potentialAction":[{"@type":"ReadAction","target":["https:\/\/hierostrasbourg.com\/index.php\/2022\/08\/26\/les-eurockeennes-de-belfort-a-linitiative-dune-reflexion-sur-la-mutualisation-entre-festivals-2\/"]}]},{"@type":"BreadcrumbList","@id":"https:\/\/hierostrasbourg.com\/index.php\/2022\/08\/26\/les-eurockeennes-de-belfort-a-linitiative-dune-reflexion-sur-la-mutualisation-entre-festivals-2\/#breadcrumb","itemListElement":[{"@type":"ListItem","position":1,"name":"Accueil","item":"https:\/\/hierostrasbourg.com\/"},{"@type":"ListItem","position":2,"name":"Les Eurock\u00e9ennes de Belfort \u00e0 l\u2019initiative d\u2019une r\u00e9flexion sur la mutualisation entre festivals"}]},{"@type":"WebSite","@id":"https:\/\/hierostrasbourg.com\/#website","url":"https:\/\/hierostrasbourg.com\/","name":"HIERO STRASBOURG","description":"Centre de Ressources Musiques Actuelles","publisher":{"@id":"https:\/\/hierostrasbourg.com\/#organization"},"potentialAction":[{"@type":"SearchAction","target":{"@type":"EntryPoint","urlTemplate":"https:\/\/hierostrasbourg.com\/?s={search_term_string}"},"query-input":{"@type":"PropertyValueSpecification","valueRequired":true,"valueName":"search_term_string"}}],"inLanguage":"fr-FR"},{"@type":"Organization","@id":"https:\/\/hierostrasbourg.com\/#organization","name":"F\u00e9d\u00e9ration Hi\u00e9ro Strasbourg","url":"https:\/\/hierostrasbourg.com\/","logo":{"@type":"ImageObject","inLanguage":"fr-FR","@id":"https:\/\/hierostrasbourg.com\/#\/schema\/logo\/image\/","url":"https:\/\/hierostrasbourg.com\/wp-content\/uploads\/2026\/04\/logo-hiero-strasbourg.jpg","contentUrl":"https:\/\/hierostrasbourg.com\/wp-content\/uploads\/2026\/04\/logo-hiero-strasbourg.jpg","width":204,"height":192,"caption":"F\u00e9d\u00e9ration Hi\u00e9ro Strasbourg"},"image":{"@id":"https:\/\/hierostrasbourg.com\/#\/schema\/logo\/image\/"},"sameAs":["https:\/\/www.facebook.com\/fedehierostrasbourg","https:\/\/x.com\/hierostrasbourg"]}]}},"_links":{"self":[{"href":"https:\/\/hierostrasbourg.com\/index.php\/wp-json\/wp\/v2\/posts\/3446","targetHints":{"allow":["GET"]}}],"collection":[{"href":"https:\/\/hierostrasbourg.com\/index.php\/wp-json\/wp\/v2\/posts"}],"about":[{"href":"https:\/\/hierostrasbourg.com\/index.php\/wp-json\/wp\/v2\/types\/post"}],"replies":[{"embeddable":true,"href":"https:\/\/hierostrasbourg.com\/index.php\/wp-json\/wp\/v2\/comments?post=3446"}],"version-history":[{"count":0,"href":"https:\/\/hierostrasbourg.com\/index.php\/wp-json\/wp\/v2\/posts\/3446\/revisions"}],"wp:attachment":[{"href":"https:\/\/hierostrasbourg.com\/index.php\/wp-json\/wp\/v2\/media?parent=3446"}],"wp:term":[{"taxonomy":"category","embeddable":true,"href":"https:\/\/hierostrasbourg.com\/index.php\/wp-json\/wp\/v2\/categories?post=3446"},{"taxonomy":"post_tag","embeddable":true,"href":"https:\/\/hierostrasbourg.com\/index.php\/wp-json\/wp\/v2\/tags?post=3446"}],"curies":[{"name":"wp","href":"https:\/\/api.w.org\/{rel}","templated":true}]}}