{"id":3418,"date":"2022-08-22T12:31:43","date_gmt":"2022-08-22T10:31:43","guid":{"rendered":"https:\/\/hierostrasbourg.com\/index.php\/2022\/08\/22\/bilan-de-la-drac-grand-est-2021-2\/"},"modified":"2022-08-22T12:31:43","modified_gmt":"2022-08-22T10:31:43","slug":"bilan-de-la-drac-grand-est-2021-2","status":"publish","type":"post","link":"https:\/\/hierostrasbourg.com\/index.php\/2022\/08\/22\/bilan-de-la-drac-grand-est-2021-2\/","title":{"rendered":"Bilan de la DRAC Grand Est 2021"},"content":{"rendered":"<p><span>communiqu\u00e9<\/span><\/p>\n<p><em>Le bilan d\u2019activit\u00e9 de la DRAC Grand Est pour l\u2019ann\u00e9e 2021 est paru. Ce document synth\u00e9tique et illustr\u00e9, dans une pr\u00e9sentation renouvel\u00e9e, revient sur une ann\u00e9e marqu\u00e9e \u00e0 nouveau par un contexte sanitaire difficile et le soutien d\u00e9cisif de l\u2019\u00c9tat \/ minist\u00e8re de la Culture pour maintenir la vie culturelle et l\u2019activit\u00e9 des artistes dans la r\u00e9gion Grand Est.<\/em><\/p>\n<p><em>Dans cette \u00e9dition 2021 du bilan d\u2019activit\u00e9 de la DRAC Grand Est sont successivement pr\u00e9sent\u00e9s, dans une premi\u00e8re partie : le Plan de relance engag\u00e9 en 2021, la coop\u00e9ration transfrontali\u00e8re (dont la pr\u00e9paration d\u2019\u00ab Esch-sur-Alzette 2022, Capitale europ\u00e9enne de la Culture\u00a0\u00bb), la 3e\u00a0promotion de l\u2019incubateur culturel fluxus, le 4e\u00a0Forum Entreprendre dans la culture, la 2e\u00a0\u00e9dition de l\u2019Et\u00e9 culturel, la g\u00e9n\u00e9ralisation du pass Culture et la floraison des Micro-Folies.<\/em><\/p>\n<p><em>Suivent trois grands chapitres autour des\u00a0domaines d\u2019activit\u00e9s principaux de la DRAC\u00a0:<\/em><\/p>\n<p><em>\u2013\u00a0la D\u00e9mocratisation et\u00a0les Industries culturelles ;<\/em><br \/><em>\u2013 la Cr\u00e9ation;\u00a0<\/em><br \/><em>\u2013 les Patrimoines.<\/em><\/p>\n<\/p>\n<div class=\"ead-preview\">\n<div class=\"ead-document\">\n<div class=\"ead-iframe-wrapper\"><\/div>\n<div class=\"ead-document-loading\">\n<div class=\"ead-loading-wrap\">\n<div class=\"ead-loading-main\">\n<div class=\"ead-loading\">\n\t\t\t\t\t\t\t<span>En cours de chargement\u2026<\/span>\n\t\t\t\t\t\t<\/div>\n<\/p><\/div>\n<div class=\"ead-loading-foot\">\n<div class=\"ead-loading-foot-title\">\n\t\t\t\t\t\t\t<span>Cela prend trop de temps\u00a0?<\/span>\n\t\t\t\t\t\t<\/div>\n<\/p>\n<div class=\"ead-document-btn ead-reload-btn\">\n\t\t\t\t\t\t\t\t Recharger le document\t\t\t\t\t\t\t<\/div>\n<p>\t\t\t\t\t\t\t<span>|<\/span><br \/>\n\t\t\t\t\t\t\t<a href=\"https:\/\/lamultinationaledelunderground.com\/musiquesactuelles\/wp-content\/uploads\/2022\/08\/drac_ge_bilan_2021_20220701_pour_ecran.pdf\" class=\"ead-document-btn\" target=\"_blank\" rel=\"noopener\"><br \/>\n\t\t\t\t\t\t\t\t Ouvrir dans un nouvel onglet\t\t\t\t\t\t\t<\/a>\n\t\t\t\t\t<\/div>\n<\/p><\/div>\n<\/p><\/div>\n<\/p><\/div>\n<p class=\"embed_download\"><a href=\"https:\/\/lamultinationaledelunderground.com\/musiquesactuelles\/wp-content\/uploads\/2022\/08\/drac_ge_bilan_2021_20220701_pour_ecran.pdf\">\ufeffT\u00e9l\u00e9charger [2.00 MB] <\/a><\/p>\n<\/div>\n<p>L\u2019article <a href=\"https:\/\/popburo.fr\/bilan-de-la-drac-grand-est-2021\/\">Bilan de la DRAC Grand Est 2021<\/a> est apparu en premier sur <a href=\"https:\/\/popburo.fr\/\">POP B\u00dcRO<\/a>.<\/p>\n","protected":false},"excerpt":{"rendered":"<p>communiqu\u00e9 Le bilan d\u2019activit\u00e9 de la DRAC Grand Est pour l\u2019ann\u00e9e 2021 est paru. Ce document synth\u00e9tique et illustr\u00e9, dans une pr\u00e9sentation renouvel\u00e9e, revient sur une ann\u00e9e marqu\u00e9e \u00e0 nouveau par un contexte sanitaire difficile et le soutien d\u00e9cisif de l\u2019\u00c9tat \/ minist\u00e8re de la Culture pour maintenir la vie culturelle et l\u2019activit\u00e9 des artistes dans la r\u00e9gion Grand Est. Dans cette \u00e9dition 2021 du bilan d\u2019activit\u00e9 de la DRAC Grand Est sont successivement pr\u00e9sent\u00e9s, dans une premi\u00e8re partie : [&hellip;]<\/p>\n","protected":false},"author":0,"featured_media":0,"comment_status":"closed","ping_status":"open","sticky":false,"template":"","format":"standard","meta":{"footnotes":""},"categories":[1],"tags":[],"class_list":["post-3418","post","type-post","status-publish","format-standard","hentry","category-non-classe"],"yoast_head":"<!-- This site is optimized with the Yoast SEO plugin v27.5 - https:\/\/yoast.com\/product\/yoast-seo-wordpress\/ -->\n<title>Bilan de la DRAC Grand Est 2021 - HIERO STRASBOURG<\/title>\n<meta name=\"robots\" content=\"index, follow, max-snippet:-1, max-image-preview:large, max-video-preview:-1\" \/>\n<link rel=\"canonical\" href=\"https:\/\/hierostrasbourg.com\/index.php\/2022\/08\/22\/bilan-de-la-drac-grand-est-2021-2\/\" \/>\n<meta property=\"og:locale\" content=\"fr_FR\" \/>\n<meta property=\"og:type\" content=\"article\" \/>\n<meta property=\"og:title\" content=\"Bilan de la DRAC Grand Est 2021 - HIERO STRASBOURG\" \/>\n<meta property=\"og:description\" content=\"communiqu\u00e9 Le bilan d\u2019activit\u00e9 de la DRAC Grand Est pour l\u2019ann\u00e9e 2021 est paru. Ce document synth\u00e9tique et illustr\u00e9, dans une pr\u00e9sentation renouvel\u00e9e, revient sur une ann\u00e9e marqu\u00e9e \u00e0 nouveau par un contexte sanitaire difficile et le soutien d\u00e9cisif de l\u2019\u00c9tat \/ minist\u00e8re de la Culture pour maintenir la vie culturelle et l\u2019activit\u00e9 des artistes dans la r\u00e9gion Grand Est. Dans cette \u00e9dition 2021 du bilan d\u2019activit\u00e9 de la DRAC Grand Est sont successivement pr\u00e9sent\u00e9s, dans une premi\u00e8re partie : [&hellip;]\" \/>\n<meta property=\"og:url\" content=\"https:\/\/hierostrasbourg.com\/index.php\/2022\/08\/22\/bilan-de-la-drac-grand-est-2021-2\/\" \/>\n<meta property=\"og:site_name\" content=\"HIERO STRASBOURG\" \/>\n<meta property=\"article:publisher\" content=\"https:\/\/www.facebook.com\/fedehierostrasbourg\" \/>\n<meta property=\"article:published_time\" content=\"2022-08-22T10:31:43+00:00\" \/>\n<meta name=\"twitter:card\" content=\"summary_large_image\" \/>\n<meta name=\"twitter:creator\" content=\"@hierostrasbourg\" \/>\n<meta name=\"twitter:site\" content=\"@hierostrasbourg\" \/>\n<meta name=\"twitter:label1\" content=\"Dur\u00e9e de lecture estim\u00e9e\" \/>\n\t<meta name=\"twitter:data1\" content=\"1 minute\" \/>\n<script type=\"application\/ld+json\" class=\"yoast-schema-graph\">{\"@context\":\"https:\\\/\\\/schema.org\",\"@graph\":[{\"@type\":\"Article\",\"@id\":\"https:\\\/\\\/hierostrasbourg.com\\\/index.php\\\/2022\\\/08\\\/22\\\/bilan-de-la-drac-grand-est-2021-2\\\/#article\",\"isPartOf\":{\"@id\":\"https:\\\/\\\/hierostrasbourg.com\\\/index.php\\\/2022\\\/08\\\/22\\\/bilan-de-la-drac-grand-est-2021-2\\\/\"},\"author\":{\"name\":\"\",\"@id\":\"\"},\"headline\":\"Bilan de la DRAC Grand Est 2021\",\"datePublished\":\"2022-08-22T10:31:43+00:00\",\"mainEntityOfPage\":{\"@id\":\"https:\\\/\\\/hierostrasbourg.com\\\/index.php\\\/2022\\\/08\\\/22\\\/bilan-de-la-drac-grand-est-2021-2\\\/\"},\"wordCount\":218,\"publisher\":{\"@id\":\"https:\\\/\\\/hierostrasbourg.com\\\/#organization\"},\"inLanguage\":\"fr-FR\"},{\"@type\":\"WebPage\",\"@id\":\"https:\\\/\\\/hierostrasbourg.com\\\/index.php\\\/2022\\\/08\\\/22\\\/bilan-de-la-drac-grand-est-2021-2\\\/\",\"url\":\"https:\\\/\\\/hierostrasbourg.com\\\/index.php\\\/2022\\\/08\\\/22\\\/bilan-de-la-drac-grand-est-2021-2\\\/\",\"name\":\"Bilan de la DRAC Grand Est 2021 - HIERO STRASBOURG\",\"isPartOf\":{\"@id\":\"https:\\\/\\\/hierostrasbourg.com\\\/#website\"},\"datePublished\":\"2022-08-22T10:31:43+00:00\",\"breadcrumb\":{\"@id\":\"https:\\\/\\\/hierostrasbourg.com\\\/index.php\\\/2022\\\/08\\\/22\\\/bilan-de-la-drac-grand-est-2021-2\\\/#breadcrumb\"},\"inLanguage\":\"fr-FR\",\"potentialAction\":[{\"@type\":\"ReadAction\",\"target\":[\"https:\\\/\\\/hierostrasbourg.com\\\/index.php\\\/2022\\\/08\\\/22\\\/bilan-de-la-drac-grand-est-2021-2\\\/\"]}]},{\"@type\":\"BreadcrumbList\",\"@id\":\"https:\\\/\\\/hierostrasbourg.com\\\/index.php\\\/2022\\\/08\\\/22\\\/bilan-de-la-drac-grand-est-2021-2\\\/#breadcrumb\",\"itemListElement\":[{\"@type\":\"ListItem\",\"position\":1,\"name\":\"Accueil\",\"item\":\"https:\\\/\\\/hierostrasbourg.com\\\/\"},{\"@type\":\"ListItem\",\"position\":2,\"name\":\"Bilan de la DRAC Grand Est 2021\"}]},{\"@type\":\"WebSite\",\"@id\":\"https:\\\/\\\/hierostrasbourg.com\\\/#website\",\"url\":\"https:\\\/\\\/hierostrasbourg.com\\\/\",\"name\":\"HIERO STRASBOURG\",\"description\":\"Centre de Ressources Musiques Actuelles\",\"publisher\":{\"@id\":\"https:\\\/\\\/hierostrasbourg.com\\\/#organization\"},\"potentialAction\":[{\"@type\":\"SearchAction\",\"target\":{\"@type\":\"EntryPoint\",\"urlTemplate\":\"https:\\\/\\\/hierostrasbourg.com\\\/?s={search_term_string}\"},\"query-input\":{\"@type\":\"PropertyValueSpecification\",\"valueRequired\":true,\"valueName\":\"search_term_string\"}}],\"inLanguage\":\"fr-FR\"},{\"@type\":\"Organization\",\"@id\":\"https:\\\/\\\/hierostrasbourg.com\\\/#organization\",\"name\":\"F\u00e9d\u00e9ration Hi\u00e9ro Strasbourg\",\"url\":\"https:\\\/\\\/hierostrasbourg.com\\\/\",\"logo\":{\"@type\":\"ImageObject\",\"inLanguage\":\"fr-FR\",\"@id\":\"https:\\\/\\\/hierostrasbourg.com\\\/#\\\/schema\\\/logo\\\/image\\\/\",\"url\":\"https:\\\/\\\/hierostrasbourg.com\\\/wp-content\\\/uploads\\\/2026\\\/04\\\/logo-hiero-strasbourg.jpg\",\"contentUrl\":\"https:\\\/\\\/hierostrasbourg.com\\\/wp-content\\\/uploads\\\/2026\\\/04\\\/logo-hiero-strasbourg.jpg\",\"width\":204,\"height\":192,\"caption\":\"F\u00e9d\u00e9ration Hi\u00e9ro Strasbourg\"},\"image\":{\"@id\":\"https:\\\/\\\/hierostrasbourg.com\\\/#\\\/schema\\\/logo\\\/image\\\/\"},\"sameAs\":[\"https:\\\/\\\/www.facebook.com\\\/fedehierostrasbourg\",\"https:\\\/\\\/x.com\\\/hierostrasbourg\"]}]}<\/script>\n<!-- \/ Yoast SEO plugin. -->","yoast_head_json":{"title":"Bilan de la DRAC Grand Est 2021 - HIERO STRASBOURG","robots":{"index":"index","follow":"follow","max-snippet":"max-snippet:-1","max-image-preview":"max-image-preview:large","max-video-preview":"max-video-preview:-1"},"canonical":"https:\/\/hierostrasbourg.com\/index.php\/2022\/08\/22\/bilan-de-la-drac-grand-est-2021-2\/","og_locale":"fr_FR","og_type":"article","og_title":"Bilan de la DRAC Grand Est 2021 - HIERO STRASBOURG","og_description":"communiqu\u00e9 Le bilan d\u2019activit\u00e9 de la DRAC Grand Est pour l\u2019ann\u00e9e 2021 est paru. Ce document synth\u00e9tique et illustr\u00e9, dans une pr\u00e9sentation renouvel\u00e9e, revient sur une ann\u00e9e marqu\u00e9e \u00e0 nouveau par un contexte sanitaire difficile et le soutien d\u00e9cisif de l\u2019\u00c9tat \/ minist\u00e8re de la Culture pour maintenir la vie culturelle et l\u2019activit\u00e9 des artistes dans la r\u00e9gion Grand Est. Dans cette \u00e9dition 2021 du bilan d\u2019activit\u00e9 de la DRAC Grand Est sont successivement pr\u00e9sent\u00e9s, dans une premi\u00e8re partie : [&hellip;]","og_url":"https:\/\/hierostrasbourg.com\/index.php\/2022\/08\/22\/bilan-de-la-drac-grand-est-2021-2\/","og_site_name":"HIERO STRASBOURG","article_publisher":"https:\/\/www.facebook.com\/fedehierostrasbourg","article_published_time":"2022-08-22T10:31:43+00:00","twitter_card":"summary_large_image","twitter_creator":"@hierostrasbourg","twitter_site":"@hierostrasbourg","twitter_misc":{"Dur\u00e9e de lecture estim\u00e9e":"1 minute"},"schema":{"@context":"https:\/\/schema.org","@graph":[{"@type":"Article","@id":"https:\/\/hierostrasbourg.com\/index.php\/2022\/08\/22\/bilan-de-la-drac-grand-est-2021-2\/#article","isPartOf":{"@id":"https:\/\/hierostrasbourg.com\/index.php\/2022\/08\/22\/bilan-de-la-drac-grand-est-2021-2\/"},"author":{"name":"","@id":""},"headline":"Bilan de la DRAC Grand Est 2021","datePublished":"2022-08-22T10:31:43+00:00","mainEntityOfPage":{"@id":"https:\/\/hierostrasbourg.com\/index.php\/2022\/08\/22\/bilan-de-la-drac-grand-est-2021-2\/"},"wordCount":218,"publisher":{"@id":"https:\/\/hierostrasbourg.com\/#organization"},"inLanguage":"fr-FR"},{"@type":"WebPage","@id":"https:\/\/hierostrasbourg.com\/index.php\/2022\/08\/22\/bilan-de-la-drac-grand-est-2021-2\/","url":"https:\/\/hierostrasbourg.com\/index.php\/2022\/08\/22\/bilan-de-la-drac-grand-est-2021-2\/","name":"Bilan de la DRAC Grand Est 2021 - HIERO STRASBOURG","isPartOf":{"@id":"https:\/\/hierostrasbourg.com\/#website"},"datePublished":"2022-08-22T10:31:43+00:00","breadcrumb":{"@id":"https:\/\/hierostrasbourg.com\/index.php\/2022\/08\/22\/bilan-de-la-drac-grand-est-2021-2\/#breadcrumb"},"inLanguage":"fr-FR","potentialAction":[{"@type":"ReadAction","target":["https:\/\/hierostrasbourg.com\/index.php\/2022\/08\/22\/bilan-de-la-drac-grand-est-2021-2\/"]}]},{"@type":"BreadcrumbList","@id":"https:\/\/hierostrasbourg.com\/index.php\/2022\/08\/22\/bilan-de-la-drac-grand-est-2021-2\/#breadcrumb","itemListElement":[{"@type":"ListItem","position":1,"name":"Accueil","item":"https:\/\/hierostrasbourg.com\/"},{"@type":"ListItem","position":2,"name":"Bilan de la DRAC Grand Est 2021"}]},{"@type":"WebSite","@id":"https:\/\/hierostrasbourg.com\/#website","url":"https:\/\/hierostrasbourg.com\/","name":"HIERO STRASBOURG","description":"Centre de Ressources Musiques Actuelles","publisher":{"@id":"https:\/\/hierostrasbourg.com\/#organization"},"potentialAction":[{"@type":"SearchAction","target":{"@type":"EntryPoint","urlTemplate":"https:\/\/hierostrasbourg.com\/?s={search_term_string}"},"query-input":{"@type":"PropertyValueSpecification","valueRequired":true,"valueName":"search_term_string"}}],"inLanguage":"fr-FR"},{"@type":"Organization","@id":"https:\/\/hierostrasbourg.com\/#organization","name":"F\u00e9d\u00e9ration Hi\u00e9ro Strasbourg","url":"https:\/\/hierostrasbourg.com\/","logo":{"@type":"ImageObject","inLanguage":"fr-FR","@id":"https:\/\/hierostrasbourg.com\/#\/schema\/logo\/image\/","url":"https:\/\/hierostrasbourg.com\/wp-content\/uploads\/2026\/04\/logo-hiero-strasbourg.jpg","contentUrl":"https:\/\/hierostrasbourg.com\/wp-content\/uploads\/2026\/04\/logo-hiero-strasbourg.jpg","width":204,"height":192,"caption":"F\u00e9d\u00e9ration Hi\u00e9ro Strasbourg"},"image":{"@id":"https:\/\/hierostrasbourg.com\/#\/schema\/logo\/image\/"},"sameAs":["https:\/\/www.facebook.com\/fedehierostrasbourg","https:\/\/x.com\/hierostrasbourg"]}]}},"_links":{"self":[{"href":"https:\/\/hierostrasbourg.com\/index.php\/wp-json\/wp\/v2\/posts\/3418","targetHints":{"allow":["GET"]}}],"collection":[{"href":"https:\/\/hierostrasbourg.com\/index.php\/wp-json\/wp\/v2\/posts"}],"about":[{"href":"https:\/\/hierostrasbourg.com\/index.php\/wp-json\/wp\/v2\/types\/post"}],"replies":[{"embeddable":true,"href":"https:\/\/hierostrasbourg.com\/index.php\/wp-json\/wp\/v2\/comments?post=3418"}],"version-history":[{"count":0,"href":"https:\/\/hierostrasbourg.com\/index.php\/wp-json\/wp\/v2\/posts\/3418\/revisions"}],"wp:attachment":[{"href":"https:\/\/hierostrasbourg.com\/index.php\/wp-json\/wp\/v2\/media?parent=3418"}],"wp:term":[{"taxonomy":"category","embeddable":true,"href":"https:\/\/hierostrasbourg.com\/index.php\/wp-json\/wp\/v2\/categories?post=3418"},{"taxonomy":"post_tag","embeddable":true,"href":"https:\/\/hierostrasbourg.com\/index.php\/wp-json\/wp\/v2\/tags?post=3418"}],"curies":[{"name":"wp","href":"https:\/\/api.w.org\/{rel}","templated":true}]}}