{"id":3413,"date":"2022-08-22T11:34:16","date_gmt":"2022-08-22T09:34:16","guid":{"rendered":"https:\/\/hierostrasbourg.com\/index.php\/2022\/08\/22\/lhorizon-budgetaire-de-la-culture-sobscurcit\/"},"modified":"2022-08-22T11:34:16","modified_gmt":"2022-08-22T09:34:16","slug":"lhorizon-budgetaire-de-la-culture-sobscurcit","status":"publish","type":"post","link":"https:\/\/hierostrasbourg.com\/index.php\/2022\/08\/22\/lhorizon-budgetaire-de-la-culture-sobscurcit\/","title":{"rendered":"L\u2019horizon budg\u00e9taire de la culture s\u2019obscurcit"},"content":{"rendered":"<p><em>Nul doute qu\u2019\u00e0 la rentr\u00e9e, on va beaucoup parler \u201cbudget\u201d dans les \u00e9quipements culturels et dans les structures associatives soutenues par les collectivit\u00e9s. Ces derniers mois, les facteurs d\u2019inqui\u00e9tude se sont multipli\u00e9s. Directeurs de services territoriaux et responsables associatifs commencent \u00e0 cerner les possibles d\u00e9g\u00e2ts et \u00e0 \u00e9baucher quelques pistes strat\u00e9giques.<\/em><\/p>\n<p>Source \/ Lire la suite : <a href=\"https:\/\/www.lagazettedescommunes.com\/820851\/lhorizon-budgetaire-de-la-culture-sobscurcit\/\" target=\"_blank\" rel=\"noopener\">L\u2019horizon budg\u00e9taire de la culture s\u2019obscurcit<\/a><\/p>\n<p>L\u2019article <a href=\"https:\/\/popburo.fr\/lhorizon-budgetaire-de-la-culture-sobscurcit\/\">L\u2019horizon budg\u00e9taire de la culture s\u2019obscurcit<\/a> est apparu en premier sur <a href=\"https:\/\/popburo.fr\/\">POP B\u00dcRO<\/a>.<\/p>\n","protected":false},"excerpt":{"rendered":"<p>Nul doute qu\u2019\u00e0 la rentr\u00e9e, on va beaucoup parler \u201cbudget\u201d dans les \u00e9quipements culturels et dans les structures associatives soutenues par les collectivit\u00e9s. Ces derniers mois, les facteurs d\u2019inqui\u00e9tude se sont multipli\u00e9s. Directeurs de services territoriaux et responsables associatifs commencent \u00e0 cerner les possibles d\u00e9g\u00e2ts et \u00e0 \u00e9baucher quelques pistes strat\u00e9giques. Source \/ Lire la suite : L\u2019horizon budg\u00e9taire de la culture s\u2019obscurcit L\u2019article L\u2019horizon budg\u00e9taire de la culture s\u2019obscurcit est apparu en premier sur POP B\u00dcRO.<\/p>\n","protected":false},"author":0,"featured_media":0,"comment_status":"closed","ping_status":"open","sticky":false,"template":"","format":"standard","meta":{"footnotes":""},"categories":[1],"tags":[],"class_list":["post-3413","post","type-post","status-publish","format-standard","hentry","category-non-classe"],"yoast_head":"<!-- This site is optimized with the Yoast SEO plugin v27.5 - https:\/\/yoast.com\/product\/yoast-seo-wordpress\/ -->\n<title>L\u2019horizon budg\u00e9taire de la culture s\u2019obscurcit - HIERO STRASBOURG<\/title>\n<meta name=\"robots\" content=\"index, follow, max-snippet:-1, max-image-preview:large, max-video-preview:-1\" \/>\n<link rel=\"canonical\" href=\"https:\/\/hierostrasbourg.com\/index.php\/2022\/08\/22\/lhorizon-budgetaire-de-la-culture-sobscurcit\/\" \/>\n<meta property=\"og:locale\" content=\"fr_FR\" \/>\n<meta property=\"og:type\" content=\"article\" \/>\n<meta property=\"og:title\" content=\"L\u2019horizon budg\u00e9taire de la culture s\u2019obscurcit - HIERO STRASBOURG\" \/>\n<meta property=\"og:description\" content=\"Nul doute qu\u2019\u00e0 la rentr\u00e9e, on va beaucoup parler \u201cbudget\u201d dans les \u00e9quipements culturels et dans les structures associatives soutenues par les collectivit\u00e9s. Ces derniers mois, les facteurs d\u2019inqui\u00e9tude se sont multipli\u00e9s. Directeurs de services territoriaux et responsables associatifs commencent \u00e0 cerner les possibles d\u00e9g\u00e2ts et \u00e0 \u00e9baucher quelques pistes strat\u00e9giques. Source \/ Lire la suite : L\u2019horizon budg\u00e9taire de la culture s\u2019obscurcit L\u2019article L\u2019horizon budg\u00e9taire de la culture s\u2019obscurcit est apparu en premier sur POP B\u00dcRO.\" \/>\n<meta property=\"og:url\" content=\"https:\/\/hierostrasbourg.com\/index.php\/2022\/08\/22\/lhorizon-budgetaire-de-la-culture-sobscurcit\/\" \/>\n<meta property=\"og:site_name\" content=\"HIERO STRASBOURG\" \/>\n<meta property=\"article:publisher\" content=\"https:\/\/www.facebook.com\/fedehierostrasbourg\" \/>\n<meta property=\"article:published_time\" content=\"2022-08-22T09:34:16+00:00\" \/>\n<meta name=\"twitter:card\" content=\"summary_large_image\" \/>\n<meta name=\"twitter:creator\" content=\"@hierostrasbourg\" \/>\n<meta name=\"twitter:site\" content=\"@hierostrasbourg\" \/>\n<script type=\"application\/ld+json\" class=\"yoast-schema-graph\">{\"@context\":\"https:\\\/\\\/schema.org\",\"@graph\":[{\"@type\":\"Article\",\"@id\":\"https:\\\/\\\/hierostrasbourg.com\\\/index.php\\\/2022\\\/08\\\/22\\\/lhorizon-budgetaire-de-la-culture-sobscurcit\\\/#article\",\"isPartOf\":{\"@id\":\"https:\\\/\\\/hierostrasbourg.com\\\/index.php\\\/2022\\\/08\\\/22\\\/lhorizon-budgetaire-de-la-culture-sobscurcit\\\/\"},\"author\":{\"name\":\"\",\"@id\":\"\"},\"headline\":\"L\u2019horizon budg\u00e9taire de la culture s\u2019obscurcit\",\"datePublished\":\"2022-08-22T09:34:16+00:00\",\"mainEntityOfPage\":{\"@id\":\"https:\\\/\\\/hierostrasbourg.com\\\/index.php\\\/2022\\\/08\\\/22\\\/lhorizon-budgetaire-de-la-culture-sobscurcit\\\/\"},\"wordCount\":98,\"publisher\":{\"@id\":\"https:\\\/\\\/hierostrasbourg.com\\\/#organization\"},\"inLanguage\":\"fr-FR\"},{\"@type\":\"WebPage\",\"@id\":\"https:\\\/\\\/hierostrasbourg.com\\\/index.php\\\/2022\\\/08\\\/22\\\/lhorizon-budgetaire-de-la-culture-sobscurcit\\\/\",\"url\":\"https:\\\/\\\/hierostrasbourg.com\\\/index.php\\\/2022\\\/08\\\/22\\\/lhorizon-budgetaire-de-la-culture-sobscurcit\\\/\",\"name\":\"L\u2019horizon budg\u00e9taire de la culture s\u2019obscurcit - HIERO STRASBOURG\",\"isPartOf\":{\"@id\":\"https:\\\/\\\/hierostrasbourg.com\\\/#website\"},\"datePublished\":\"2022-08-22T09:34:16+00:00\",\"breadcrumb\":{\"@id\":\"https:\\\/\\\/hierostrasbourg.com\\\/index.php\\\/2022\\\/08\\\/22\\\/lhorizon-budgetaire-de-la-culture-sobscurcit\\\/#breadcrumb\"},\"inLanguage\":\"fr-FR\",\"potentialAction\":[{\"@type\":\"ReadAction\",\"target\":[\"https:\\\/\\\/hierostrasbourg.com\\\/index.php\\\/2022\\\/08\\\/22\\\/lhorizon-budgetaire-de-la-culture-sobscurcit\\\/\"]}]},{\"@type\":\"BreadcrumbList\",\"@id\":\"https:\\\/\\\/hierostrasbourg.com\\\/index.php\\\/2022\\\/08\\\/22\\\/lhorizon-budgetaire-de-la-culture-sobscurcit\\\/#breadcrumb\",\"itemListElement\":[{\"@type\":\"ListItem\",\"position\":1,\"name\":\"Accueil\",\"item\":\"https:\\\/\\\/hierostrasbourg.com\\\/\"},{\"@type\":\"ListItem\",\"position\":2,\"name\":\"L\u2019horizon budg\u00e9taire de la culture s\u2019obscurcit\"}]},{\"@type\":\"WebSite\",\"@id\":\"https:\\\/\\\/hierostrasbourg.com\\\/#website\",\"url\":\"https:\\\/\\\/hierostrasbourg.com\\\/\",\"name\":\"HIERO STRASBOURG\",\"description\":\"Centre de Ressources Musiques Actuelles\",\"publisher\":{\"@id\":\"https:\\\/\\\/hierostrasbourg.com\\\/#organization\"},\"potentialAction\":[{\"@type\":\"SearchAction\",\"target\":{\"@type\":\"EntryPoint\",\"urlTemplate\":\"https:\\\/\\\/hierostrasbourg.com\\\/?s={search_term_string}\"},\"query-input\":{\"@type\":\"PropertyValueSpecification\",\"valueRequired\":true,\"valueName\":\"search_term_string\"}}],\"inLanguage\":\"fr-FR\"},{\"@type\":\"Organization\",\"@id\":\"https:\\\/\\\/hierostrasbourg.com\\\/#organization\",\"name\":\"F\u00e9d\u00e9ration Hi\u00e9ro Strasbourg\",\"url\":\"https:\\\/\\\/hierostrasbourg.com\\\/\",\"logo\":{\"@type\":\"ImageObject\",\"inLanguage\":\"fr-FR\",\"@id\":\"https:\\\/\\\/hierostrasbourg.com\\\/#\\\/schema\\\/logo\\\/image\\\/\",\"url\":\"https:\\\/\\\/hierostrasbourg.com\\\/wp-content\\\/uploads\\\/2026\\\/04\\\/logo-hiero-strasbourg.jpg\",\"contentUrl\":\"https:\\\/\\\/hierostrasbourg.com\\\/wp-content\\\/uploads\\\/2026\\\/04\\\/logo-hiero-strasbourg.jpg\",\"width\":204,\"height\":192,\"caption\":\"F\u00e9d\u00e9ration Hi\u00e9ro Strasbourg\"},\"image\":{\"@id\":\"https:\\\/\\\/hierostrasbourg.com\\\/#\\\/schema\\\/logo\\\/image\\\/\"},\"sameAs\":[\"https:\\\/\\\/www.facebook.com\\\/fedehierostrasbourg\",\"https:\\\/\\\/x.com\\\/hierostrasbourg\"]}]}<\/script>\n<!-- \/ Yoast SEO plugin. -->","yoast_head_json":{"title":"L\u2019horizon budg\u00e9taire de la culture s\u2019obscurcit - HIERO STRASBOURG","robots":{"index":"index","follow":"follow","max-snippet":"max-snippet:-1","max-image-preview":"max-image-preview:large","max-video-preview":"max-video-preview:-1"},"canonical":"https:\/\/hierostrasbourg.com\/index.php\/2022\/08\/22\/lhorizon-budgetaire-de-la-culture-sobscurcit\/","og_locale":"fr_FR","og_type":"article","og_title":"L\u2019horizon budg\u00e9taire de la culture s\u2019obscurcit - HIERO STRASBOURG","og_description":"Nul doute qu\u2019\u00e0 la rentr\u00e9e, on va beaucoup parler \u201cbudget\u201d dans les \u00e9quipements culturels et dans les structures associatives soutenues par les collectivit\u00e9s. Ces derniers mois, les facteurs d\u2019inqui\u00e9tude se sont multipli\u00e9s. Directeurs de services territoriaux et responsables associatifs commencent \u00e0 cerner les possibles d\u00e9g\u00e2ts et \u00e0 \u00e9baucher quelques pistes strat\u00e9giques. Source \/ Lire la suite : L\u2019horizon budg\u00e9taire de la culture s\u2019obscurcit L\u2019article L\u2019horizon budg\u00e9taire de la culture s\u2019obscurcit est apparu en premier sur POP B\u00dcRO.","og_url":"https:\/\/hierostrasbourg.com\/index.php\/2022\/08\/22\/lhorizon-budgetaire-de-la-culture-sobscurcit\/","og_site_name":"HIERO STRASBOURG","article_publisher":"https:\/\/www.facebook.com\/fedehierostrasbourg","article_published_time":"2022-08-22T09:34:16+00:00","twitter_card":"summary_large_image","twitter_creator":"@hierostrasbourg","twitter_site":"@hierostrasbourg","schema":{"@context":"https:\/\/schema.org","@graph":[{"@type":"Article","@id":"https:\/\/hierostrasbourg.com\/index.php\/2022\/08\/22\/lhorizon-budgetaire-de-la-culture-sobscurcit\/#article","isPartOf":{"@id":"https:\/\/hierostrasbourg.com\/index.php\/2022\/08\/22\/lhorizon-budgetaire-de-la-culture-sobscurcit\/"},"author":{"name":"","@id":""},"headline":"L\u2019horizon budg\u00e9taire de la culture s\u2019obscurcit","datePublished":"2022-08-22T09:34:16+00:00","mainEntityOfPage":{"@id":"https:\/\/hierostrasbourg.com\/index.php\/2022\/08\/22\/lhorizon-budgetaire-de-la-culture-sobscurcit\/"},"wordCount":98,"publisher":{"@id":"https:\/\/hierostrasbourg.com\/#organization"},"inLanguage":"fr-FR"},{"@type":"WebPage","@id":"https:\/\/hierostrasbourg.com\/index.php\/2022\/08\/22\/lhorizon-budgetaire-de-la-culture-sobscurcit\/","url":"https:\/\/hierostrasbourg.com\/index.php\/2022\/08\/22\/lhorizon-budgetaire-de-la-culture-sobscurcit\/","name":"L\u2019horizon budg\u00e9taire de la culture s\u2019obscurcit - HIERO STRASBOURG","isPartOf":{"@id":"https:\/\/hierostrasbourg.com\/#website"},"datePublished":"2022-08-22T09:34:16+00:00","breadcrumb":{"@id":"https:\/\/hierostrasbourg.com\/index.php\/2022\/08\/22\/lhorizon-budgetaire-de-la-culture-sobscurcit\/#breadcrumb"},"inLanguage":"fr-FR","potentialAction":[{"@type":"ReadAction","target":["https:\/\/hierostrasbourg.com\/index.php\/2022\/08\/22\/lhorizon-budgetaire-de-la-culture-sobscurcit\/"]}]},{"@type":"BreadcrumbList","@id":"https:\/\/hierostrasbourg.com\/index.php\/2022\/08\/22\/lhorizon-budgetaire-de-la-culture-sobscurcit\/#breadcrumb","itemListElement":[{"@type":"ListItem","position":1,"name":"Accueil","item":"https:\/\/hierostrasbourg.com\/"},{"@type":"ListItem","position":2,"name":"L\u2019horizon budg\u00e9taire de la culture s\u2019obscurcit"}]},{"@type":"WebSite","@id":"https:\/\/hierostrasbourg.com\/#website","url":"https:\/\/hierostrasbourg.com\/","name":"HIERO STRASBOURG","description":"Centre de Ressources Musiques Actuelles","publisher":{"@id":"https:\/\/hierostrasbourg.com\/#organization"},"potentialAction":[{"@type":"SearchAction","target":{"@type":"EntryPoint","urlTemplate":"https:\/\/hierostrasbourg.com\/?s={search_term_string}"},"query-input":{"@type":"PropertyValueSpecification","valueRequired":true,"valueName":"search_term_string"}}],"inLanguage":"fr-FR"},{"@type":"Organization","@id":"https:\/\/hierostrasbourg.com\/#organization","name":"F\u00e9d\u00e9ration Hi\u00e9ro Strasbourg","url":"https:\/\/hierostrasbourg.com\/","logo":{"@type":"ImageObject","inLanguage":"fr-FR","@id":"https:\/\/hierostrasbourg.com\/#\/schema\/logo\/image\/","url":"https:\/\/hierostrasbourg.com\/wp-content\/uploads\/2026\/04\/logo-hiero-strasbourg.jpg","contentUrl":"https:\/\/hierostrasbourg.com\/wp-content\/uploads\/2026\/04\/logo-hiero-strasbourg.jpg","width":204,"height":192,"caption":"F\u00e9d\u00e9ration Hi\u00e9ro Strasbourg"},"image":{"@id":"https:\/\/hierostrasbourg.com\/#\/schema\/logo\/image\/"},"sameAs":["https:\/\/www.facebook.com\/fedehierostrasbourg","https:\/\/x.com\/hierostrasbourg"]}]}},"_links":{"self":[{"href":"https:\/\/hierostrasbourg.com\/index.php\/wp-json\/wp\/v2\/posts\/3413","targetHints":{"allow":["GET"]}}],"collection":[{"href":"https:\/\/hierostrasbourg.com\/index.php\/wp-json\/wp\/v2\/posts"}],"about":[{"href":"https:\/\/hierostrasbourg.com\/index.php\/wp-json\/wp\/v2\/types\/post"}],"replies":[{"embeddable":true,"href":"https:\/\/hierostrasbourg.com\/index.php\/wp-json\/wp\/v2\/comments?post=3413"}],"version-history":[{"count":0,"href":"https:\/\/hierostrasbourg.com\/index.php\/wp-json\/wp\/v2\/posts\/3413\/revisions"}],"wp:attachment":[{"href":"https:\/\/hierostrasbourg.com\/index.php\/wp-json\/wp\/v2\/media?parent=3413"}],"wp:term":[{"taxonomy":"category","embeddable":true,"href":"https:\/\/hierostrasbourg.com\/index.php\/wp-json\/wp\/v2\/categories?post=3413"},{"taxonomy":"post_tag","embeddable":true,"href":"https:\/\/hierostrasbourg.com\/index.php\/wp-json\/wp\/v2\/tags?post=3413"}],"curies":[{"name":"wp","href":"https:\/\/api.w.org\/{rel}","templated":true}]}}