{"id":3369,"date":"2022-08-18T21:34:16","date_gmt":"2022-08-18T19:34:16","guid":{"rendered":"https:\/\/hierostrasbourg.com\/index.php\/2022\/08\/18\/vacances-et-si-la-musique-vous-aidait-a-dormir\/"},"modified":"2022-08-18T21:34:16","modified_gmt":"2022-08-18T19:34:16","slug":"vacances-et-si-la-musique-vous-aidait-a-dormir","status":"publish","type":"post","link":"https:\/\/hierostrasbourg.com\/index.php\/2022\/08\/18\/vacances-et-si-la-musique-vous-aidait-a-dormir\/","title":{"rendered":"Vacances : et si la musique vous aidait \u00e0 dormir ?"},"content":{"rendered":"<p><em>Un des objectifs des vacances est certainement de rattraper quelques heures de sommeil sacrifi\u00e9es sur l\u2019autel des heures suppl\u00e9mentaires au travail ou de la charge familiale. Et si la musique pouvait vous y aider ?<\/em><\/p>\n<p>Source \/ Lire la suite : <a href=\"https:\/\/www.radiofrance.fr\/francemusique\/vacances-et-si-la-musique-vous-aidait-a-dormir-6055788\" target=\"_blank\" rel=\"noopener\">Vacances : et si la musique vous aidait \u00e0 dormir ?<\/a><\/p>\n<p>L\u2019article <a href=\"https:\/\/popburo.fr\/vacances-et-si-la-musique-vous-aidait-a-dormir\/\">Vacances : et si la musique vous aidait \u00e0 dormir ?<\/a> est apparu en premier sur <a href=\"https:\/\/popburo.fr\/\">POP B\u00dcRO<\/a>.<\/p>\n","protected":false},"excerpt":{"rendered":"<p>Un des objectifs des vacances est certainement de rattraper quelques heures de sommeil sacrifi\u00e9es sur l\u2019autel des heures suppl\u00e9mentaires au travail ou de la charge familiale. Et si la musique pouvait vous y aider ? Source \/ Lire la suite : Vacances : et si la musique vous aidait \u00e0 dormir ? L\u2019article Vacances : et si la musique vous aidait \u00e0 dormir ? est apparu en premier sur POP B\u00dcRO.<\/p>\n","protected":false},"author":0,"featured_media":0,"comment_status":"closed","ping_status":"open","sticky":false,"template":"","format":"standard","meta":{"footnotes":""},"categories":[1],"tags":[],"class_list":["post-3369","post","type-post","status-publish","format-standard","hentry","category-non-classe"],"yoast_head":"<!-- This site is optimized with the Yoast SEO plugin v27.5 - https:\/\/yoast.com\/product\/yoast-seo-wordpress\/ -->\n<title>Vacances : et si la musique vous aidait \u00e0 dormir ? - HIERO STRASBOURG<\/title>\n<meta name=\"robots\" content=\"index, follow, max-snippet:-1, max-image-preview:large, max-video-preview:-1\" \/>\n<link rel=\"canonical\" href=\"https:\/\/hierostrasbourg.com\/index.php\/2022\/08\/18\/vacances-et-si-la-musique-vous-aidait-a-dormir\/\" \/>\n<meta property=\"og:locale\" content=\"fr_FR\" \/>\n<meta property=\"og:type\" content=\"article\" \/>\n<meta property=\"og:title\" content=\"Vacances : et si la musique vous aidait \u00e0 dormir ? - HIERO STRASBOURG\" \/>\n<meta property=\"og:description\" content=\"Un des objectifs des vacances est certainement de rattraper quelques heures de sommeil sacrifi\u00e9es sur l\u2019autel des heures suppl\u00e9mentaires au travail ou de la charge familiale. Et si la musique pouvait vous y aider ? Source \/ Lire la suite : Vacances : et si la musique vous aidait \u00e0 dormir ? L\u2019article Vacances : et si la musique vous aidait \u00e0 dormir ? est apparu en premier sur POP B\u00dcRO.\" \/>\n<meta property=\"og:url\" content=\"https:\/\/hierostrasbourg.com\/index.php\/2022\/08\/18\/vacances-et-si-la-musique-vous-aidait-a-dormir\/\" \/>\n<meta property=\"og:site_name\" content=\"HIERO STRASBOURG\" \/>\n<meta property=\"article:publisher\" content=\"https:\/\/www.facebook.com\/fedehierostrasbourg\" \/>\n<meta property=\"article:published_time\" content=\"2022-08-18T19:34:16+00:00\" \/>\n<meta name=\"twitter:card\" content=\"summary_large_image\" \/>\n<meta name=\"twitter:creator\" content=\"@hierostrasbourg\" \/>\n<meta name=\"twitter:site\" content=\"@hierostrasbourg\" \/>\n<script type=\"application\/ld+json\" class=\"yoast-schema-graph\">{\"@context\":\"https:\\\/\\\/schema.org\",\"@graph\":[{\"@type\":\"Article\",\"@id\":\"https:\\\/\\\/hierostrasbourg.com\\\/index.php\\\/2022\\\/08\\\/18\\\/vacances-et-si-la-musique-vous-aidait-a-dormir\\\/#article\",\"isPartOf\":{\"@id\":\"https:\\\/\\\/hierostrasbourg.com\\\/index.php\\\/2022\\\/08\\\/18\\\/vacances-et-si-la-musique-vous-aidait-a-dormir\\\/\"},\"author\":{\"name\":\"\",\"@id\":\"\"},\"headline\":\"Vacances : et si la musique vous aidait \u00e0 dormir ?\",\"datePublished\":\"2022-08-18T19:34:16+00:00\",\"mainEntityOfPage\":{\"@id\":\"https:\\\/\\\/hierostrasbourg.com\\\/index.php\\\/2022\\\/08\\\/18\\\/vacances-et-si-la-musique-vous-aidait-a-dormir\\\/\"},\"wordCount\":75,\"publisher\":{\"@id\":\"https:\\\/\\\/hierostrasbourg.com\\\/#organization\"},\"inLanguage\":\"fr-FR\"},{\"@type\":\"WebPage\",\"@id\":\"https:\\\/\\\/hierostrasbourg.com\\\/index.php\\\/2022\\\/08\\\/18\\\/vacances-et-si-la-musique-vous-aidait-a-dormir\\\/\",\"url\":\"https:\\\/\\\/hierostrasbourg.com\\\/index.php\\\/2022\\\/08\\\/18\\\/vacances-et-si-la-musique-vous-aidait-a-dormir\\\/\",\"name\":\"Vacances : et si la musique vous aidait \u00e0 dormir ? - HIERO STRASBOURG\",\"isPartOf\":{\"@id\":\"https:\\\/\\\/hierostrasbourg.com\\\/#website\"},\"datePublished\":\"2022-08-18T19:34:16+00:00\",\"breadcrumb\":{\"@id\":\"https:\\\/\\\/hierostrasbourg.com\\\/index.php\\\/2022\\\/08\\\/18\\\/vacances-et-si-la-musique-vous-aidait-a-dormir\\\/#breadcrumb\"},\"inLanguage\":\"fr-FR\",\"potentialAction\":[{\"@type\":\"ReadAction\",\"target\":[\"https:\\\/\\\/hierostrasbourg.com\\\/index.php\\\/2022\\\/08\\\/18\\\/vacances-et-si-la-musique-vous-aidait-a-dormir\\\/\"]}]},{\"@type\":\"BreadcrumbList\",\"@id\":\"https:\\\/\\\/hierostrasbourg.com\\\/index.php\\\/2022\\\/08\\\/18\\\/vacances-et-si-la-musique-vous-aidait-a-dormir\\\/#breadcrumb\",\"itemListElement\":[{\"@type\":\"ListItem\",\"position\":1,\"name\":\"Accueil\",\"item\":\"https:\\\/\\\/hierostrasbourg.com\\\/\"},{\"@type\":\"ListItem\",\"position\":2,\"name\":\"Vacances : et si la musique vous aidait \u00e0 dormir ?\"}]},{\"@type\":\"WebSite\",\"@id\":\"https:\\\/\\\/hierostrasbourg.com\\\/#website\",\"url\":\"https:\\\/\\\/hierostrasbourg.com\\\/\",\"name\":\"HIERO STRASBOURG\",\"description\":\"Centre de Ressources Musiques Actuelles\",\"publisher\":{\"@id\":\"https:\\\/\\\/hierostrasbourg.com\\\/#organization\"},\"potentialAction\":[{\"@type\":\"SearchAction\",\"target\":{\"@type\":\"EntryPoint\",\"urlTemplate\":\"https:\\\/\\\/hierostrasbourg.com\\\/?s={search_term_string}\"},\"query-input\":{\"@type\":\"PropertyValueSpecification\",\"valueRequired\":true,\"valueName\":\"search_term_string\"}}],\"inLanguage\":\"fr-FR\"},{\"@type\":\"Organization\",\"@id\":\"https:\\\/\\\/hierostrasbourg.com\\\/#organization\",\"name\":\"F\u00e9d\u00e9ration Hi\u00e9ro Strasbourg\",\"url\":\"https:\\\/\\\/hierostrasbourg.com\\\/\",\"logo\":{\"@type\":\"ImageObject\",\"inLanguage\":\"fr-FR\",\"@id\":\"https:\\\/\\\/hierostrasbourg.com\\\/#\\\/schema\\\/logo\\\/image\\\/\",\"url\":\"https:\\\/\\\/hierostrasbourg.com\\\/wp-content\\\/uploads\\\/2026\\\/04\\\/logo-hiero-strasbourg.jpg\",\"contentUrl\":\"https:\\\/\\\/hierostrasbourg.com\\\/wp-content\\\/uploads\\\/2026\\\/04\\\/logo-hiero-strasbourg.jpg\",\"width\":204,\"height\":192,\"caption\":\"F\u00e9d\u00e9ration Hi\u00e9ro Strasbourg\"},\"image\":{\"@id\":\"https:\\\/\\\/hierostrasbourg.com\\\/#\\\/schema\\\/logo\\\/image\\\/\"},\"sameAs\":[\"https:\\\/\\\/www.facebook.com\\\/fedehierostrasbourg\",\"https:\\\/\\\/x.com\\\/hierostrasbourg\"]}]}<\/script>\n<!-- \/ Yoast SEO plugin. -->","yoast_head_json":{"title":"Vacances : et si la musique vous aidait \u00e0 dormir ? - HIERO STRASBOURG","robots":{"index":"index","follow":"follow","max-snippet":"max-snippet:-1","max-image-preview":"max-image-preview:large","max-video-preview":"max-video-preview:-1"},"canonical":"https:\/\/hierostrasbourg.com\/index.php\/2022\/08\/18\/vacances-et-si-la-musique-vous-aidait-a-dormir\/","og_locale":"fr_FR","og_type":"article","og_title":"Vacances : et si la musique vous aidait \u00e0 dormir ? - HIERO STRASBOURG","og_description":"Un des objectifs des vacances est certainement de rattraper quelques heures de sommeil sacrifi\u00e9es sur l\u2019autel des heures suppl\u00e9mentaires au travail ou de la charge familiale. Et si la musique pouvait vous y aider ? Source \/ Lire la suite : Vacances : et si la musique vous aidait \u00e0 dormir ? L\u2019article Vacances : et si la musique vous aidait \u00e0 dormir ? est apparu en premier sur POP B\u00dcRO.","og_url":"https:\/\/hierostrasbourg.com\/index.php\/2022\/08\/18\/vacances-et-si-la-musique-vous-aidait-a-dormir\/","og_site_name":"HIERO STRASBOURG","article_publisher":"https:\/\/www.facebook.com\/fedehierostrasbourg","article_published_time":"2022-08-18T19:34:16+00:00","twitter_card":"summary_large_image","twitter_creator":"@hierostrasbourg","twitter_site":"@hierostrasbourg","schema":{"@context":"https:\/\/schema.org","@graph":[{"@type":"Article","@id":"https:\/\/hierostrasbourg.com\/index.php\/2022\/08\/18\/vacances-et-si-la-musique-vous-aidait-a-dormir\/#article","isPartOf":{"@id":"https:\/\/hierostrasbourg.com\/index.php\/2022\/08\/18\/vacances-et-si-la-musique-vous-aidait-a-dormir\/"},"author":{"name":"","@id":""},"headline":"Vacances : et si la musique vous aidait \u00e0 dormir ?","datePublished":"2022-08-18T19:34:16+00:00","mainEntityOfPage":{"@id":"https:\/\/hierostrasbourg.com\/index.php\/2022\/08\/18\/vacances-et-si-la-musique-vous-aidait-a-dormir\/"},"wordCount":75,"publisher":{"@id":"https:\/\/hierostrasbourg.com\/#organization"},"inLanguage":"fr-FR"},{"@type":"WebPage","@id":"https:\/\/hierostrasbourg.com\/index.php\/2022\/08\/18\/vacances-et-si-la-musique-vous-aidait-a-dormir\/","url":"https:\/\/hierostrasbourg.com\/index.php\/2022\/08\/18\/vacances-et-si-la-musique-vous-aidait-a-dormir\/","name":"Vacances : et si la musique vous aidait \u00e0 dormir ? - HIERO STRASBOURG","isPartOf":{"@id":"https:\/\/hierostrasbourg.com\/#website"},"datePublished":"2022-08-18T19:34:16+00:00","breadcrumb":{"@id":"https:\/\/hierostrasbourg.com\/index.php\/2022\/08\/18\/vacances-et-si-la-musique-vous-aidait-a-dormir\/#breadcrumb"},"inLanguage":"fr-FR","potentialAction":[{"@type":"ReadAction","target":["https:\/\/hierostrasbourg.com\/index.php\/2022\/08\/18\/vacances-et-si-la-musique-vous-aidait-a-dormir\/"]}]},{"@type":"BreadcrumbList","@id":"https:\/\/hierostrasbourg.com\/index.php\/2022\/08\/18\/vacances-et-si-la-musique-vous-aidait-a-dormir\/#breadcrumb","itemListElement":[{"@type":"ListItem","position":1,"name":"Accueil","item":"https:\/\/hierostrasbourg.com\/"},{"@type":"ListItem","position":2,"name":"Vacances : et si la musique vous aidait \u00e0 dormir ?"}]},{"@type":"WebSite","@id":"https:\/\/hierostrasbourg.com\/#website","url":"https:\/\/hierostrasbourg.com\/","name":"HIERO STRASBOURG","description":"Centre de Ressources Musiques Actuelles","publisher":{"@id":"https:\/\/hierostrasbourg.com\/#organization"},"potentialAction":[{"@type":"SearchAction","target":{"@type":"EntryPoint","urlTemplate":"https:\/\/hierostrasbourg.com\/?s={search_term_string}"},"query-input":{"@type":"PropertyValueSpecification","valueRequired":true,"valueName":"search_term_string"}}],"inLanguage":"fr-FR"},{"@type":"Organization","@id":"https:\/\/hierostrasbourg.com\/#organization","name":"F\u00e9d\u00e9ration Hi\u00e9ro Strasbourg","url":"https:\/\/hierostrasbourg.com\/","logo":{"@type":"ImageObject","inLanguage":"fr-FR","@id":"https:\/\/hierostrasbourg.com\/#\/schema\/logo\/image\/","url":"https:\/\/hierostrasbourg.com\/wp-content\/uploads\/2026\/04\/logo-hiero-strasbourg.jpg","contentUrl":"https:\/\/hierostrasbourg.com\/wp-content\/uploads\/2026\/04\/logo-hiero-strasbourg.jpg","width":204,"height":192,"caption":"F\u00e9d\u00e9ration Hi\u00e9ro Strasbourg"},"image":{"@id":"https:\/\/hierostrasbourg.com\/#\/schema\/logo\/image\/"},"sameAs":["https:\/\/www.facebook.com\/fedehierostrasbourg","https:\/\/x.com\/hierostrasbourg"]}]}},"_links":{"self":[{"href":"https:\/\/hierostrasbourg.com\/index.php\/wp-json\/wp\/v2\/posts\/3369","targetHints":{"allow":["GET"]}}],"collection":[{"href":"https:\/\/hierostrasbourg.com\/index.php\/wp-json\/wp\/v2\/posts"}],"about":[{"href":"https:\/\/hierostrasbourg.com\/index.php\/wp-json\/wp\/v2\/types\/post"}],"replies":[{"embeddable":true,"href":"https:\/\/hierostrasbourg.com\/index.php\/wp-json\/wp\/v2\/comments?post=3369"}],"version-history":[{"count":0,"href":"https:\/\/hierostrasbourg.com\/index.php\/wp-json\/wp\/v2\/posts\/3369\/revisions"}],"wp:attachment":[{"href":"https:\/\/hierostrasbourg.com\/index.php\/wp-json\/wp\/v2\/media?parent=3369"}],"wp:term":[{"taxonomy":"category","embeddable":true,"href":"https:\/\/hierostrasbourg.com\/index.php\/wp-json\/wp\/v2\/categories?post=3369"},{"taxonomy":"post_tag","embeddable":true,"href":"https:\/\/hierostrasbourg.com\/index.php\/wp-json\/wp\/v2\/tags?post=3369"}],"curies":[{"name":"wp","href":"https:\/\/api.w.org\/{rel}","templated":true}]}}