{"id":3367,"date":"2022-08-18T09:33:56","date_gmt":"2022-08-18T07:33:56","guid":{"rendered":"https:\/\/hierostrasbourg.com\/index.php\/2022\/08\/18\/experimentation-nationale-dobservation-des-parcours-dartistes-musiciennes-et-musiciens-2\/"},"modified":"2022-08-18T09:33:56","modified_gmt":"2022-08-18T07:33:56","slug":"experimentation-nationale-dobservation-des-parcours-dartistes-musiciennes-et-musiciens-2","status":"publish","type":"post","link":"https:\/\/hierostrasbourg.com\/index.php\/2022\/08\/18\/experimentation-nationale-dobservation-des-parcours-dartistes-musiciennes-et-musiciens-2\/","title":{"rendered":"Exp\u00e9rimentation nationale d\u2019observation des parcours d\u2019artistes musiciennes et musiciens"},"content":{"rendered":"<h2>Contexte et cadre de l\u2019observation des parcours de musiciennes et des musiciens<\/h2>\n<h3>Contexte de l\u2019observation<\/h3>\n<p>iCoop porte un projet d\u2019observation des parcours d\u2019artistes musiciennes et musiciens, toutes esth\u00e9tiques musicales confondues, sur la p\u00e9riode 2020-2022.<br \/>\nAppuy\u00e9e sur la m\u00e9thode d\u2019observation participative et partag\u00e9e (OPP), la d\u00e9marche consiste dans un premier temps \u00e0 rassembler des organisations professionnelles1 au sein d\u2019un comit\u00e9 de pilotage, int\u00e9grant par ailleurs le minist\u00e8re de la Culture (DGCA) en tant que partenaire du projet, afin de confronter les pr\u00e9suppos\u00e9s, d\u00e9battre des attendus et d\u00e9finir les objectifs.<br \/>\nIl s\u2019agit donc de g\u00e9n\u00e9rer des analyses et du sens commun sur l\u2019activit\u00e9 de musiciennes et de musiciens en am\u00e9liorant l\u2019appr\u00e9hension de leurs parcours artistiques et professionnels, par la collecte et l\u2019analyse d\u2019indicateurs sur leurs moyens d\u2019existence actuels (niveau de structuration, revenus, entourage professionnel\u2026), incluant la pluralit\u00e9 de leur activit\u00e9 (concerts, enseignement, action culturelle, interpr\u00e9tariat, enregistrements\u2026), ainsi que sur leur parcours (origines sociales, g\u00e9ographiques, genre, formations, \u00e9tapes d\u00e9cisives\u2026).<br \/>\nL\u2019enjeu consiste in fine, \u00e0 identifier les facteurs facilitants leur permettant de vivre via des activit\u00e9s li\u00e9es \u00e0 la musique, ainsi que les freins qui les poussent \u00e0 modifier leur projet de vie.<br \/>\nG\u00e9n\u00e9ralement, les \u00e9tudes men\u00e9es par des organisations professionnelles via iCoop utilisent la plateforme en ligne Gimic, qui permet de g\u00e9n\u00e9rer des questionnaires adress\u00e9s aux r\u00e9pondants et ainsi constituer une base de donn\u00e9es, en privil\u00e9giant un principe de r\u00e9currence annuelle de fa\u00e7on \u00e0 pouvoir mesurer des \u00e9volutions au cours du temps.<br \/>\nIci, afin de pr\u00e9ciser les th\u00e9matiques \u00e0 aborder et affiner notre m\u00e9thodologie (compte tenu notamment, de l\u2019investissement important demand\u00e9 aux musiciennes et musiciens), nous avons pr\u00e9f\u00e9r\u00e9 renforcer la d\u00e9marche par une s\u00e9rie d\u2019entretiens qualitatifs aupr\u00e8s d\u2019un \u00e9chantillon d\u2019artistes, gr\u00e2ce \u00e0 un partenariat nou\u00e9 avec Opale<\/p>\n<h3>Contexte de l\u2019observation<\/h3>\n<p>Une \u00e9tude des parcours de musicien\u00b7ne\u00b7s implique d\u2019articuler une double perspective :<\/p>\n<p>Une perspective collective ou comment la vie en soci\u00e9t\u00e9 ordonnance la temporalit\u00e9 des parcours de vie selon un certain nombre d\u2019\u00e9tapes et de transitions (apprentissages et formations, vie professionnelle, vie sociale et familiale, loisirs, retraite\u2026), marqu\u00e9es par des normes et des usages sociaux.<br \/>\nUne perspective individuelle ou comment les personnes, s\u2019appuyant sur leur v\u00e9cu, leurs exp\u00e9riences subjectives, les opportunit\u00e9s ou difficult\u00e9s qu\u2019elles rencontrent, composent et n\u00e9gocient avec les normes, les usages et les mod\u00e8les de d\u00e9roulement des parcours qui leur sont propos\u00e9s ou impos\u00e9s.<\/p>\n<p>En amont de la mise en ligne publique du questionnaire en ligne consacr\u00e9 aux parcours de musicien\u00b7ne\u00b7s, il a \u00e9t\u00e9 d\u00e9cid\u00e9 de proc\u00e9der \u00e0 une \u00e9tude exploratoire qualitative (sans valeur statistique) aupr\u00e8s d\u2019un \u00e9chantillon d\u2019artistes d\u2019horizons divers, afin de :<\/p>\n<p>Valider ou invalider les hypoth\u00e8ses formul\u00e9es en comit\u00e9 de pilotage<br \/>\nAffiner les indicateurs de suivi pluriannuels des musicien\u00b7ne\u00b7s qui pourront \u00eatre int\u00e9gr\u00e9s au questionnaire mis en ligne<br \/>\nTester le questionnaire, qui a \u00e9t\u00e9 envoy\u00e9 aux personnes interrog\u00e9es \u00e0 l\u2019issue des entretiens<br \/>\nD\u00e9finir des th\u00e9matiques ou des sujets \u00e0 approfondir afin de mieux saisir les parcours des musiciennes et des musiciens<\/p>\n<div class=\"ead-preview\">\n<div class=\"ead-document\">\n<div class=\"ead-iframe-wrapper\"><\/div>\n<div class=\"ead-document-loading\">\n<div class=\"ead-loading-wrap\">\n<div class=\"ead-loading-main\">\n<div class=\"ead-loading\">\n\t\t\t\t\t\t\t<span>En cours de chargement\u2026<\/span>\n\t\t\t\t\t\t<\/div>\n<\/p><\/div>\n<div class=\"ead-loading-foot\">\n<div class=\"ead-loading-foot-title\">\n\t\t\t\t\t\t\t<span>Cela prend trop de temps\u00a0?<\/span>\n\t\t\t\t\t\t<\/div>\n<\/p>\n<div class=\"ead-document-btn ead-reload-btn\">\n\t\t\t\t\t\t\t\t Recharger le document\t\t\t\t\t\t\t<\/div>\n<p>\t\t\t\t\t\t\t<span>|<\/span><br \/>\n\t\t\t\t\t\t\t<a href=\"https:\/\/www.opale.asso.fr\/IMG\/pdf\/2021_icoop_synthe_se_phase_exploratoire_opp_parcours_musicien.ne.s_juillet22.pdf\" class=\"ead-document-btn\" target=\"_blank\" rel=\"noopener\"><br \/>\n\t\t\t\t\t\t\t\t Ouvrir dans un nouvel onglet\t\t\t\t\t\t\t<\/a>\n\t\t\t\t\t<\/div>\n<\/p><\/div>\n<\/p><\/div>\n<\/p><\/div>\n<p class=\"embed_download\"><a href=\"https:\/\/www.opale.asso.fr\/IMG\/pdf\/2021_icoop_synthe_se_phase_exploratoire_opp_parcours_musicien.ne.s_juillet22.pdf\">\ufeffT\u00e9l\u00e9charger [340.85 KB] <\/a><\/p>\n<\/div>\n<p>L\u2019article <a href=\"https:\/\/popburo.fr\/experimentation-nationale-dobservation-des-parcours-dartistes-musiciennes-et-musiciens\/\">Exp\u00e9rimentation nationale d\u2019observation des parcours d\u2019artistes musiciennes et musiciens<\/a> est apparu en premier sur <a href=\"https:\/\/popburo.fr\/\">POP B\u00dcRO<\/a>.<\/p>\n","protected":false},"excerpt":{"rendered":"<p>Contexte et cadre de l\u2019observation des parcours de musiciennes et des musiciens Contexte de l\u2019observation iCoop porte un projet d\u2019observation des parcours d\u2019artistes musiciennes et musiciens, toutes esth\u00e9tiques musicales confondues, sur la p\u00e9riode 2020-2022. Appuy\u00e9e sur la m\u00e9thode d\u2019observation participative et partag\u00e9e (OPP), la d\u00e9marche consiste dans un premier temps \u00e0 rassembler des organisations professionnelles1 au sein d\u2019un comit\u00e9 de pilotage, int\u00e9grant par ailleurs le minist\u00e8re de la Culture (DGCA) en tant que partenaire du projet, afin de confronter les [&hellip;]<\/p>\n","protected":false},"author":0,"featured_media":0,"comment_status":"closed","ping_status":"open","sticky":false,"template":"","format":"standard","meta":{"footnotes":""},"categories":[1],"tags":[],"class_list":["post-3367","post","type-post","status-publish","format-standard","hentry","category-non-classe"],"yoast_head":"<!-- This site is optimized with the Yoast SEO plugin v27.5 - https:\/\/yoast.com\/product\/yoast-seo-wordpress\/ -->\n<title>Exp\u00e9rimentation nationale d\u2019observation des parcours d\u2019artistes musiciennes et musiciens - HIERO STRASBOURG<\/title>\n<meta name=\"robots\" content=\"index, follow, max-snippet:-1, max-image-preview:large, max-video-preview:-1\" \/>\n<link rel=\"canonical\" href=\"https:\/\/hierostrasbourg.com\/index.php\/2022\/08\/18\/experimentation-nationale-dobservation-des-parcours-dartistes-musiciennes-et-musiciens-2\/\" \/>\n<meta property=\"og:locale\" content=\"fr_FR\" \/>\n<meta property=\"og:type\" content=\"article\" \/>\n<meta property=\"og:title\" content=\"Exp\u00e9rimentation nationale d\u2019observation des parcours d\u2019artistes musiciennes et musiciens - HIERO STRASBOURG\" \/>\n<meta property=\"og:description\" content=\"Contexte et cadre de l\u2019observation des parcours de musiciennes et des musiciens Contexte de l\u2019observation iCoop porte un projet d\u2019observation des parcours d\u2019artistes musiciennes et musiciens, toutes esth\u00e9tiques musicales confondues, sur la p\u00e9riode 2020-2022. Appuy\u00e9e sur la m\u00e9thode d\u2019observation participative et partag\u00e9e (OPP), la d\u00e9marche consiste dans un premier temps \u00e0 rassembler des organisations professionnelles1 au sein d\u2019un comit\u00e9 de pilotage, int\u00e9grant par ailleurs le minist\u00e8re de la Culture (DGCA) en tant que partenaire du projet, afin de confronter les [&hellip;]\" \/>\n<meta property=\"og:url\" content=\"https:\/\/hierostrasbourg.com\/index.php\/2022\/08\/18\/experimentation-nationale-dobservation-des-parcours-dartistes-musiciennes-et-musiciens-2\/\" \/>\n<meta property=\"og:site_name\" content=\"HIERO STRASBOURG\" \/>\n<meta property=\"article:publisher\" content=\"https:\/\/www.facebook.com\/fedehierostrasbourg\" \/>\n<meta property=\"article:published_time\" content=\"2022-08-18T07:33:56+00:00\" \/>\n<meta name=\"twitter:card\" content=\"summary_large_image\" \/>\n<meta name=\"twitter:creator\" content=\"@hierostrasbourg\" \/>\n<meta name=\"twitter:site\" content=\"@hierostrasbourg\" \/>\n<meta name=\"twitter:label1\" content=\"Dur\u00e9e de lecture estim\u00e9e\" \/>\n\t<meta name=\"twitter:data1\" content=\"3 minutes\" \/>\n<script type=\"application\/ld+json\" class=\"yoast-schema-graph\">{\"@context\":\"https:\\\/\\\/schema.org\",\"@graph\":[{\"@type\":\"Article\",\"@id\":\"https:\\\/\\\/hierostrasbourg.com\\\/index.php\\\/2022\\\/08\\\/18\\\/experimentation-nationale-dobservation-des-parcours-dartistes-musiciennes-et-musiciens-2\\\/#article\",\"isPartOf\":{\"@id\":\"https:\\\/\\\/hierostrasbourg.com\\\/index.php\\\/2022\\\/08\\\/18\\\/experimentation-nationale-dobservation-des-parcours-dartistes-musiciennes-et-musiciens-2\\\/\"},\"author\":{\"name\":\"\",\"@id\":\"\"},\"headline\":\"Exp\u00e9rimentation nationale d\u2019observation des parcours d\u2019artistes musiciennes et musiciens\",\"datePublished\":\"2022-08-18T07:33:56+00:00\",\"mainEntityOfPage\":{\"@id\":\"https:\\\/\\\/hierostrasbourg.com\\\/index.php\\\/2022\\\/08\\\/18\\\/experimentation-nationale-dobservation-des-parcours-dartistes-musiciennes-et-musiciens-2\\\/\"},\"wordCount\":620,\"publisher\":{\"@id\":\"https:\\\/\\\/hierostrasbourg.com\\\/#organization\"},\"inLanguage\":\"fr-FR\"},{\"@type\":\"WebPage\",\"@id\":\"https:\\\/\\\/hierostrasbourg.com\\\/index.php\\\/2022\\\/08\\\/18\\\/experimentation-nationale-dobservation-des-parcours-dartistes-musiciennes-et-musiciens-2\\\/\",\"url\":\"https:\\\/\\\/hierostrasbourg.com\\\/index.php\\\/2022\\\/08\\\/18\\\/experimentation-nationale-dobservation-des-parcours-dartistes-musiciennes-et-musiciens-2\\\/\",\"name\":\"Exp\u00e9rimentation nationale d\u2019observation des parcours d\u2019artistes musiciennes et musiciens - HIERO STRASBOURG\",\"isPartOf\":{\"@id\":\"https:\\\/\\\/hierostrasbourg.com\\\/#website\"},\"datePublished\":\"2022-08-18T07:33:56+00:00\",\"breadcrumb\":{\"@id\":\"https:\\\/\\\/hierostrasbourg.com\\\/index.php\\\/2022\\\/08\\\/18\\\/experimentation-nationale-dobservation-des-parcours-dartistes-musiciennes-et-musiciens-2\\\/#breadcrumb\"},\"inLanguage\":\"fr-FR\",\"potentialAction\":[{\"@type\":\"ReadAction\",\"target\":[\"https:\\\/\\\/hierostrasbourg.com\\\/index.php\\\/2022\\\/08\\\/18\\\/experimentation-nationale-dobservation-des-parcours-dartistes-musiciennes-et-musiciens-2\\\/\"]}]},{\"@type\":\"BreadcrumbList\",\"@id\":\"https:\\\/\\\/hierostrasbourg.com\\\/index.php\\\/2022\\\/08\\\/18\\\/experimentation-nationale-dobservation-des-parcours-dartistes-musiciennes-et-musiciens-2\\\/#breadcrumb\",\"itemListElement\":[{\"@type\":\"ListItem\",\"position\":1,\"name\":\"Accueil\",\"item\":\"https:\\\/\\\/hierostrasbourg.com\\\/\"},{\"@type\":\"ListItem\",\"position\":2,\"name\":\"Exp\u00e9rimentation nationale d\u2019observation des parcours d\u2019artistes musiciennes et musiciens\"}]},{\"@type\":\"WebSite\",\"@id\":\"https:\\\/\\\/hierostrasbourg.com\\\/#website\",\"url\":\"https:\\\/\\\/hierostrasbourg.com\\\/\",\"name\":\"HIERO STRASBOURG\",\"description\":\"Centre de Ressources Musiques Actuelles\",\"publisher\":{\"@id\":\"https:\\\/\\\/hierostrasbourg.com\\\/#organization\"},\"potentialAction\":[{\"@type\":\"SearchAction\",\"target\":{\"@type\":\"EntryPoint\",\"urlTemplate\":\"https:\\\/\\\/hierostrasbourg.com\\\/?s={search_term_string}\"},\"query-input\":{\"@type\":\"PropertyValueSpecification\",\"valueRequired\":true,\"valueName\":\"search_term_string\"}}],\"inLanguage\":\"fr-FR\"},{\"@type\":\"Organization\",\"@id\":\"https:\\\/\\\/hierostrasbourg.com\\\/#organization\",\"name\":\"F\u00e9d\u00e9ration Hi\u00e9ro Strasbourg\",\"url\":\"https:\\\/\\\/hierostrasbourg.com\\\/\",\"logo\":{\"@type\":\"ImageObject\",\"inLanguage\":\"fr-FR\",\"@id\":\"https:\\\/\\\/hierostrasbourg.com\\\/#\\\/schema\\\/logo\\\/image\\\/\",\"url\":\"https:\\\/\\\/hierostrasbourg.com\\\/wp-content\\\/uploads\\\/2026\\\/04\\\/logo-hiero-strasbourg.jpg\",\"contentUrl\":\"https:\\\/\\\/hierostrasbourg.com\\\/wp-content\\\/uploads\\\/2026\\\/04\\\/logo-hiero-strasbourg.jpg\",\"width\":204,\"height\":192,\"caption\":\"F\u00e9d\u00e9ration Hi\u00e9ro Strasbourg\"},\"image\":{\"@id\":\"https:\\\/\\\/hierostrasbourg.com\\\/#\\\/schema\\\/logo\\\/image\\\/\"},\"sameAs\":[\"https:\\\/\\\/www.facebook.com\\\/fedehierostrasbourg\",\"https:\\\/\\\/x.com\\\/hierostrasbourg\"]}]}<\/script>\n<!-- \/ Yoast SEO plugin. -->","yoast_head_json":{"title":"Exp\u00e9rimentation nationale d\u2019observation des parcours d\u2019artistes musiciennes et musiciens - HIERO STRASBOURG","robots":{"index":"index","follow":"follow","max-snippet":"max-snippet:-1","max-image-preview":"max-image-preview:large","max-video-preview":"max-video-preview:-1"},"canonical":"https:\/\/hierostrasbourg.com\/index.php\/2022\/08\/18\/experimentation-nationale-dobservation-des-parcours-dartistes-musiciennes-et-musiciens-2\/","og_locale":"fr_FR","og_type":"article","og_title":"Exp\u00e9rimentation nationale d\u2019observation des parcours d\u2019artistes musiciennes et musiciens - HIERO STRASBOURG","og_description":"Contexte et cadre de l\u2019observation des parcours de musiciennes et des musiciens Contexte de l\u2019observation iCoop porte un projet d\u2019observation des parcours d\u2019artistes musiciennes et musiciens, toutes esth\u00e9tiques musicales confondues, sur la p\u00e9riode 2020-2022. Appuy\u00e9e sur la m\u00e9thode d\u2019observation participative et partag\u00e9e (OPP), la d\u00e9marche consiste dans un premier temps \u00e0 rassembler des organisations professionnelles1 au sein d\u2019un comit\u00e9 de pilotage, int\u00e9grant par ailleurs le minist\u00e8re de la Culture (DGCA) en tant que partenaire du projet, afin de confronter les [&hellip;]","og_url":"https:\/\/hierostrasbourg.com\/index.php\/2022\/08\/18\/experimentation-nationale-dobservation-des-parcours-dartistes-musiciennes-et-musiciens-2\/","og_site_name":"HIERO STRASBOURG","article_publisher":"https:\/\/www.facebook.com\/fedehierostrasbourg","article_published_time":"2022-08-18T07:33:56+00:00","twitter_card":"summary_large_image","twitter_creator":"@hierostrasbourg","twitter_site":"@hierostrasbourg","twitter_misc":{"Dur\u00e9e de lecture estim\u00e9e":"3 minutes"},"schema":{"@context":"https:\/\/schema.org","@graph":[{"@type":"Article","@id":"https:\/\/hierostrasbourg.com\/index.php\/2022\/08\/18\/experimentation-nationale-dobservation-des-parcours-dartistes-musiciennes-et-musiciens-2\/#article","isPartOf":{"@id":"https:\/\/hierostrasbourg.com\/index.php\/2022\/08\/18\/experimentation-nationale-dobservation-des-parcours-dartistes-musiciennes-et-musiciens-2\/"},"author":{"name":"","@id":""},"headline":"Exp\u00e9rimentation nationale d\u2019observation des parcours d\u2019artistes musiciennes et musiciens","datePublished":"2022-08-18T07:33:56+00:00","mainEntityOfPage":{"@id":"https:\/\/hierostrasbourg.com\/index.php\/2022\/08\/18\/experimentation-nationale-dobservation-des-parcours-dartistes-musiciennes-et-musiciens-2\/"},"wordCount":620,"publisher":{"@id":"https:\/\/hierostrasbourg.com\/#organization"},"inLanguage":"fr-FR"},{"@type":"WebPage","@id":"https:\/\/hierostrasbourg.com\/index.php\/2022\/08\/18\/experimentation-nationale-dobservation-des-parcours-dartistes-musiciennes-et-musiciens-2\/","url":"https:\/\/hierostrasbourg.com\/index.php\/2022\/08\/18\/experimentation-nationale-dobservation-des-parcours-dartistes-musiciennes-et-musiciens-2\/","name":"Exp\u00e9rimentation nationale d\u2019observation des parcours d\u2019artistes musiciennes et musiciens - HIERO STRASBOURG","isPartOf":{"@id":"https:\/\/hierostrasbourg.com\/#website"},"datePublished":"2022-08-18T07:33:56+00:00","breadcrumb":{"@id":"https:\/\/hierostrasbourg.com\/index.php\/2022\/08\/18\/experimentation-nationale-dobservation-des-parcours-dartistes-musiciennes-et-musiciens-2\/#breadcrumb"},"inLanguage":"fr-FR","potentialAction":[{"@type":"ReadAction","target":["https:\/\/hierostrasbourg.com\/index.php\/2022\/08\/18\/experimentation-nationale-dobservation-des-parcours-dartistes-musiciennes-et-musiciens-2\/"]}]},{"@type":"BreadcrumbList","@id":"https:\/\/hierostrasbourg.com\/index.php\/2022\/08\/18\/experimentation-nationale-dobservation-des-parcours-dartistes-musiciennes-et-musiciens-2\/#breadcrumb","itemListElement":[{"@type":"ListItem","position":1,"name":"Accueil","item":"https:\/\/hierostrasbourg.com\/"},{"@type":"ListItem","position":2,"name":"Exp\u00e9rimentation nationale d\u2019observation des parcours d\u2019artistes musiciennes et musiciens"}]},{"@type":"WebSite","@id":"https:\/\/hierostrasbourg.com\/#website","url":"https:\/\/hierostrasbourg.com\/","name":"HIERO STRASBOURG","description":"Centre de Ressources Musiques Actuelles","publisher":{"@id":"https:\/\/hierostrasbourg.com\/#organization"},"potentialAction":[{"@type":"SearchAction","target":{"@type":"EntryPoint","urlTemplate":"https:\/\/hierostrasbourg.com\/?s={search_term_string}"},"query-input":{"@type":"PropertyValueSpecification","valueRequired":true,"valueName":"search_term_string"}}],"inLanguage":"fr-FR"},{"@type":"Organization","@id":"https:\/\/hierostrasbourg.com\/#organization","name":"F\u00e9d\u00e9ration Hi\u00e9ro Strasbourg","url":"https:\/\/hierostrasbourg.com\/","logo":{"@type":"ImageObject","inLanguage":"fr-FR","@id":"https:\/\/hierostrasbourg.com\/#\/schema\/logo\/image\/","url":"https:\/\/hierostrasbourg.com\/wp-content\/uploads\/2026\/04\/logo-hiero-strasbourg.jpg","contentUrl":"https:\/\/hierostrasbourg.com\/wp-content\/uploads\/2026\/04\/logo-hiero-strasbourg.jpg","width":204,"height":192,"caption":"F\u00e9d\u00e9ration Hi\u00e9ro Strasbourg"},"image":{"@id":"https:\/\/hierostrasbourg.com\/#\/schema\/logo\/image\/"},"sameAs":["https:\/\/www.facebook.com\/fedehierostrasbourg","https:\/\/x.com\/hierostrasbourg"]}]}},"_links":{"self":[{"href":"https:\/\/hierostrasbourg.com\/index.php\/wp-json\/wp\/v2\/posts\/3367","targetHints":{"allow":["GET"]}}],"collection":[{"href":"https:\/\/hierostrasbourg.com\/index.php\/wp-json\/wp\/v2\/posts"}],"about":[{"href":"https:\/\/hierostrasbourg.com\/index.php\/wp-json\/wp\/v2\/types\/post"}],"replies":[{"embeddable":true,"href":"https:\/\/hierostrasbourg.com\/index.php\/wp-json\/wp\/v2\/comments?post=3367"}],"version-history":[{"count":0,"href":"https:\/\/hierostrasbourg.com\/index.php\/wp-json\/wp\/v2\/posts\/3367\/revisions"}],"wp:attachment":[{"href":"https:\/\/hierostrasbourg.com\/index.php\/wp-json\/wp\/v2\/media?parent=3367"}],"wp:term":[{"taxonomy":"category","embeddable":true,"href":"https:\/\/hierostrasbourg.com\/index.php\/wp-json\/wp\/v2\/categories?post=3367"},{"taxonomy":"post_tag","embeddable":true,"href":"https:\/\/hierostrasbourg.com\/index.php\/wp-json\/wp\/v2\/tags?post=3367"}],"curies":[{"name":"wp","href":"https:\/\/api.w.org\/{rel}","templated":true}]}}