{"id":3364,"date":"2022-08-18T09:33:56","date_gmt":"2022-08-18T07:33:56","guid":{"rendered":"https:\/\/hierostrasbourg.com\/index.php\/2022\/08\/18\/experimentation-nationale-dobservation-des-parcours-dartistes-musiciennes-et-musiciens\/"},"modified":"2022-08-18T09:33:56","modified_gmt":"2022-08-18T07:33:56","slug":"experimentation-nationale-dobservation-des-parcours-dartistes-musiciennes-et-musiciens","status":"publish","type":"post","link":"https:\/\/hierostrasbourg.com\/index.php\/2022\/08\/18\/experimentation-nationale-dobservation-des-parcours-dartistes-musiciennes-et-musiciens\/","title":{"rendered":"Exp\u00e9rimentation nationale d\u2019observation des parcours d\u2019artistes musiciennes et musiciens"},"content":{"rendered":"<p><a href=\"https:\/\/musiquesactuelles.alsace\/experimentation-nationale-dobservation-des-parcours-dartistes-musiciennes-et-musiciens\/\" title=\"Exp\u00e9rimentation nationale d\u2019observation des parcours d\u2019artistes musiciennes et musiciens\"><\/a><\/p>\n<p>Contexte et cadre de l\u2019observation des parcours de musiciennes et des musiciens Contexte de l\u2019observation iCoop porte un projet d\u2019observation des parcours d\u2019artistes musiciennes et musiciens, toutes esth\u00e9tiques musicales confondues, sur la p\u00e9riode 2020-2022. Appuy\u00e9e sur la m\u00e9thode d\u2019observation participative et partag\u00e9e (OPP), la d\u00e9marche consiste dans un premier temps \u00e0 rassembler des organisations professionnelles1 au sein d\u2019un comit\u00e9 de pilotage, int\u00e9grant par ailleurs le minist\u00e8re de la Culture (DGCA) en tant que partenaire du projet, afin de confronter les [\u2026]<\/p>\n<p>L\u2019article <a href=\"https:\/\/musiquesactuelles.alsace\/experimentation-nationale-dobservation-des-parcours-dartistes-musiciennes-et-musiciens\/\">Exp\u00e9rimentation nationale d\u2019observation des parcours d\u2019artistes musiciennes et musiciens<\/a> est apparu en premier sur <a href=\"https:\/\/musiquesactuelles.alsace\/\">Musiques Actuelles en Alsace<\/a>.<\/p>\n<p>L\u2019article <a href=\"https:\/\/popburo.fr\/experimentation-nationale-dobservation-des-parcours-dartistes-musiciennes-et-musiciens-2\/\">Exp\u00e9rimentation nationale d\u2019observation des parcours d\u2019artistes musiciennes et musiciens<\/a> est apparu en premier sur <a href=\"https:\/\/popburo.fr\/\">POP B\u00dcRO<\/a>.<\/p>\n","protected":false},"excerpt":{"rendered":"<p>Contexte et cadre de l\u2019observation des parcours de musiciennes et des musiciens Contexte de l\u2019observation iCoop porte un projet d\u2019observation des parcours d\u2019artistes musiciennes et musiciens, toutes esth\u00e9tiques musicales confondues, sur la p\u00e9riode 2020-2022. Appuy\u00e9e sur la m\u00e9thode d\u2019observation participative et partag\u00e9e (OPP), la d\u00e9marche consiste dans un premier temps \u00e0 rassembler des organisations professionnelles1 au sein d\u2019un comit\u00e9 de pilotage, int\u00e9grant par ailleurs le minist\u00e8re de la Culture (DGCA) en tant que partenaire du projet, afin de confronter les [&hellip;]<\/p>\n","protected":false},"author":0,"featured_media":0,"comment_status":"closed","ping_status":"open","sticky":false,"template":"","format":"standard","meta":{"footnotes":""},"categories":[1],"tags":[],"class_list":["post-3364","post","type-post","status-publish","format-standard","hentry","category-non-classe"],"yoast_head":"<!-- This site is optimized with the Yoast SEO plugin v27.5 - https:\/\/yoast.com\/product\/yoast-seo-wordpress\/ -->\n<title>Exp\u00e9rimentation nationale d\u2019observation des parcours d\u2019artistes musiciennes et musiciens - HIERO STRASBOURG<\/title>\n<meta name=\"robots\" content=\"index, follow, max-snippet:-1, max-image-preview:large, max-video-preview:-1\" \/>\n<link rel=\"canonical\" href=\"https:\/\/hierostrasbourg.com\/index.php\/2022\/08\/18\/experimentation-nationale-dobservation-des-parcours-dartistes-musiciennes-et-musiciens\/\" \/>\n<meta property=\"og:locale\" content=\"fr_FR\" \/>\n<meta property=\"og:type\" content=\"article\" \/>\n<meta property=\"og:title\" content=\"Exp\u00e9rimentation nationale d\u2019observation des parcours d\u2019artistes musiciennes et musiciens - HIERO STRASBOURG\" \/>\n<meta property=\"og:description\" content=\"Contexte et cadre de l\u2019observation des parcours de musiciennes et des musiciens Contexte de l\u2019observation iCoop porte un projet d\u2019observation des parcours d\u2019artistes musiciennes et musiciens, toutes esth\u00e9tiques musicales confondues, sur la p\u00e9riode 2020-2022. Appuy\u00e9e sur la m\u00e9thode d\u2019observation participative et partag\u00e9e (OPP), la d\u00e9marche consiste dans un premier temps \u00e0 rassembler des organisations professionnelles1 au sein d\u2019un comit\u00e9 de pilotage, int\u00e9grant par ailleurs le minist\u00e8re de la Culture (DGCA) en tant que partenaire du projet, afin de confronter les [&hellip;]\" \/>\n<meta property=\"og:url\" content=\"https:\/\/hierostrasbourg.com\/index.php\/2022\/08\/18\/experimentation-nationale-dobservation-des-parcours-dartistes-musiciennes-et-musiciens\/\" \/>\n<meta property=\"og:site_name\" content=\"HIERO STRASBOURG\" \/>\n<meta property=\"article:publisher\" content=\"https:\/\/www.facebook.com\/fedehierostrasbourg\" \/>\n<meta property=\"article:published_time\" content=\"2022-08-18T07:33:56+00:00\" \/>\n<meta name=\"twitter:card\" content=\"summary_large_image\" \/>\n<meta name=\"twitter:creator\" content=\"@hierostrasbourg\" \/>\n<meta name=\"twitter:site\" content=\"@hierostrasbourg\" \/>\n<meta name=\"twitter:label1\" content=\"Dur\u00e9e de lecture estim\u00e9e\" \/>\n\t<meta name=\"twitter:data1\" content=\"1 minute\" \/>\n<script type=\"application\/ld+json\" class=\"yoast-schema-graph\">{\"@context\":\"https:\\\/\\\/schema.org\",\"@graph\":[{\"@type\":\"Article\",\"@id\":\"https:\\\/\\\/hierostrasbourg.com\\\/index.php\\\/2022\\\/08\\\/18\\\/experimentation-nationale-dobservation-des-parcours-dartistes-musiciennes-et-musiciens\\\/#article\",\"isPartOf\":{\"@id\":\"https:\\\/\\\/hierostrasbourg.com\\\/index.php\\\/2022\\\/08\\\/18\\\/experimentation-nationale-dobservation-des-parcours-dartistes-musiciennes-et-musiciens\\\/\"},\"author\":{\"name\":\"\",\"@id\":\"\"},\"headline\":\"Exp\u00e9rimentation nationale d\u2019observation des parcours d\u2019artistes musiciennes et musiciens\",\"datePublished\":\"2022-08-18T07:33:56+00:00\",\"mainEntityOfPage\":{\"@id\":\"https:\\\/\\\/hierostrasbourg.com\\\/index.php\\\/2022\\\/08\\\/18\\\/experimentation-nationale-dobservation-des-parcours-dartistes-musiciennes-et-musiciens\\\/\"},\"wordCount\":150,\"publisher\":{\"@id\":\"https:\\\/\\\/hierostrasbourg.com\\\/#organization\"},\"inLanguage\":\"fr-FR\"},{\"@type\":\"WebPage\",\"@id\":\"https:\\\/\\\/hierostrasbourg.com\\\/index.php\\\/2022\\\/08\\\/18\\\/experimentation-nationale-dobservation-des-parcours-dartistes-musiciennes-et-musiciens\\\/\",\"url\":\"https:\\\/\\\/hierostrasbourg.com\\\/index.php\\\/2022\\\/08\\\/18\\\/experimentation-nationale-dobservation-des-parcours-dartistes-musiciennes-et-musiciens\\\/\",\"name\":\"Exp\u00e9rimentation nationale d\u2019observation des parcours d\u2019artistes musiciennes et musiciens - HIERO STRASBOURG\",\"isPartOf\":{\"@id\":\"https:\\\/\\\/hierostrasbourg.com\\\/#website\"},\"datePublished\":\"2022-08-18T07:33:56+00:00\",\"breadcrumb\":{\"@id\":\"https:\\\/\\\/hierostrasbourg.com\\\/index.php\\\/2022\\\/08\\\/18\\\/experimentation-nationale-dobservation-des-parcours-dartistes-musiciennes-et-musiciens\\\/#breadcrumb\"},\"inLanguage\":\"fr-FR\",\"potentialAction\":[{\"@type\":\"ReadAction\",\"target\":[\"https:\\\/\\\/hierostrasbourg.com\\\/index.php\\\/2022\\\/08\\\/18\\\/experimentation-nationale-dobservation-des-parcours-dartistes-musiciennes-et-musiciens\\\/\"]}]},{\"@type\":\"BreadcrumbList\",\"@id\":\"https:\\\/\\\/hierostrasbourg.com\\\/index.php\\\/2022\\\/08\\\/18\\\/experimentation-nationale-dobservation-des-parcours-dartistes-musiciennes-et-musiciens\\\/#breadcrumb\",\"itemListElement\":[{\"@type\":\"ListItem\",\"position\":1,\"name\":\"Accueil\",\"item\":\"https:\\\/\\\/hierostrasbourg.com\\\/\"},{\"@type\":\"ListItem\",\"position\":2,\"name\":\"Exp\u00e9rimentation nationale d\u2019observation des parcours d\u2019artistes musiciennes et musiciens\"}]},{\"@type\":\"WebSite\",\"@id\":\"https:\\\/\\\/hierostrasbourg.com\\\/#website\",\"url\":\"https:\\\/\\\/hierostrasbourg.com\\\/\",\"name\":\"HIERO STRASBOURG\",\"description\":\"Centre de Ressources Musiques Actuelles\",\"publisher\":{\"@id\":\"https:\\\/\\\/hierostrasbourg.com\\\/#organization\"},\"potentialAction\":[{\"@type\":\"SearchAction\",\"target\":{\"@type\":\"EntryPoint\",\"urlTemplate\":\"https:\\\/\\\/hierostrasbourg.com\\\/?s={search_term_string}\"},\"query-input\":{\"@type\":\"PropertyValueSpecification\",\"valueRequired\":true,\"valueName\":\"search_term_string\"}}],\"inLanguage\":\"fr-FR\"},{\"@type\":\"Organization\",\"@id\":\"https:\\\/\\\/hierostrasbourg.com\\\/#organization\",\"name\":\"F\u00e9d\u00e9ration Hi\u00e9ro Strasbourg\",\"url\":\"https:\\\/\\\/hierostrasbourg.com\\\/\",\"logo\":{\"@type\":\"ImageObject\",\"inLanguage\":\"fr-FR\",\"@id\":\"https:\\\/\\\/hierostrasbourg.com\\\/#\\\/schema\\\/logo\\\/image\\\/\",\"url\":\"https:\\\/\\\/hierostrasbourg.com\\\/wp-content\\\/uploads\\\/2026\\\/04\\\/logo-hiero-strasbourg.jpg\",\"contentUrl\":\"https:\\\/\\\/hierostrasbourg.com\\\/wp-content\\\/uploads\\\/2026\\\/04\\\/logo-hiero-strasbourg.jpg\",\"width\":204,\"height\":192,\"caption\":\"F\u00e9d\u00e9ration Hi\u00e9ro Strasbourg\"},\"image\":{\"@id\":\"https:\\\/\\\/hierostrasbourg.com\\\/#\\\/schema\\\/logo\\\/image\\\/\"},\"sameAs\":[\"https:\\\/\\\/www.facebook.com\\\/fedehierostrasbourg\",\"https:\\\/\\\/x.com\\\/hierostrasbourg\"]}]}<\/script>\n<!-- \/ Yoast SEO plugin. -->","yoast_head_json":{"title":"Exp\u00e9rimentation nationale d\u2019observation des parcours d\u2019artistes musiciennes et musiciens - HIERO STRASBOURG","robots":{"index":"index","follow":"follow","max-snippet":"max-snippet:-1","max-image-preview":"max-image-preview:large","max-video-preview":"max-video-preview:-1"},"canonical":"https:\/\/hierostrasbourg.com\/index.php\/2022\/08\/18\/experimentation-nationale-dobservation-des-parcours-dartistes-musiciennes-et-musiciens\/","og_locale":"fr_FR","og_type":"article","og_title":"Exp\u00e9rimentation nationale d\u2019observation des parcours d\u2019artistes musiciennes et musiciens - HIERO STRASBOURG","og_description":"Contexte et cadre de l\u2019observation des parcours de musiciennes et des musiciens Contexte de l\u2019observation iCoop porte un projet d\u2019observation des parcours d\u2019artistes musiciennes et musiciens, toutes esth\u00e9tiques musicales confondues, sur la p\u00e9riode 2020-2022. Appuy\u00e9e sur la m\u00e9thode d\u2019observation participative et partag\u00e9e (OPP), la d\u00e9marche consiste dans un premier temps \u00e0 rassembler des organisations professionnelles1 au sein d\u2019un comit\u00e9 de pilotage, int\u00e9grant par ailleurs le minist\u00e8re de la Culture (DGCA) en tant que partenaire du projet, afin de confronter les [&hellip;]","og_url":"https:\/\/hierostrasbourg.com\/index.php\/2022\/08\/18\/experimentation-nationale-dobservation-des-parcours-dartistes-musiciennes-et-musiciens\/","og_site_name":"HIERO STRASBOURG","article_publisher":"https:\/\/www.facebook.com\/fedehierostrasbourg","article_published_time":"2022-08-18T07:33:56+00:00","twitter_card":"summary_large_image","twitter_creator":"@hierostrasbourg","twitter_site":"@hierostrasbourg","twitter_misc":{"Dur\u00e9e de lecture estim\u00e9e":"1 minute"},"schema":{"@context":"https:\/\/schema.org","@graph":[{"@type":"Article","@id":"https:\/\/hierostrasbourg.com\/index.php\/2022\/08\/18\/experimentation-nationale-dobservation-des-parcours-dartistes-musiciennes-et-musiciens\/#article","isPartOf":{"@id":"https:\/\/hierostrasbourg.com\/index.php\/2022\/08\/18\/experimentation-nationale-dobservation-des-parcours-dartistes-musiciennes-et-musiciens\/"},"author":{"name":"","@id":""},"headline":"Exp\u00e9rimentation nationale d\u2019observation des parcours d\u2019artistes musiciennes et musiciens","datePublished":"2022-08-18T07:33:56+00:00","mainEntityOfPage":{"@id":"https:\/\/hierostrasbourg.com\/index.php\/2022\/08\/18\/experimentation-nationale-dobservation-des-parcours-dartistes-musiciennes-et-musiciens\/"},"wordCount":150,"publisher":{"@id":"https:\/\/hierostrasbourg.com\/#organization"},"inLanguage":"fr-FR"},{"@type":"WebPage","@id":"https:\/\/hierostrasbourg.com\/index.php\/2022\/08\/18\/experimentation-nationale-dobservation-des-parcours-dartistes-musiciennes-et-musiciens\/","url":"https:\/\/hierostrasbourg.com\/index.php\/2022\/08\/18\/experimentation-nationale-dobservation-des-parcours-dartistes-musiciennes-et-musiciens\/","name":"Exp\u00e9rimentation nationale d\u2019observation des parcours d\u2019artistes musiciennes et musiciens - HIERO STRASBOURG","isPartOf":{"@id":"https:\/\/hierostrasbourg.com\/#website"},"datePublished":"2022-08-18T07:33:56+00:00","breadcrumb":{"@id":"https:\/\/hierostrasbourg.com\/index.php\/2022\/08\/18\/experimentation-nationale-dobservation-des-parcours-dartistes-musiciennes-et-musiciens\/#breadcrumb"},"inLanguage":"fr-FR","potentialAction":[{"@type":"ReadAction","target":["https:\/\/hierostrasbourg.com\/index.php\/2022\/08\/18\/experimentation-nationale-dobservation-des-parcours-dartistes-musiciennes-et-musiciens\/"]}]},{"@type":"BreadcrumbList","@id":"https:\/\/hierostrasbourg.com\/index.php\/2022\/08\/18\/experimentation-nationale-dobservation-des-parcours-dartistes-musiciennes-et-musiciens\/#breadcrumb","itemListElement":[{"@type":"ListItem","position":1,"name":"Accueil","item":"https:\/\/hierostrasbourg.com\/"},{"@type":"ListItem","position":2,"name":"Exp\u00e9rimentation nationale d\u2019observation des parcours d\u2019artistes musiciennes et musiciens"}]},{"@type":"WebSite","@id":"https:\/\/hierostrasbourg.com\/#website","url":"https:\/\/hierostrasbourg.com\/","name":"HIERO STRASBOURG","description":"Centre de Ressources Musiques Actuelles","publisher":{"@id":"https:\/\/hierostrasbourg.com\/#organization"},"potentialAction":[{"@type":"SearchAction","target":{"@type":"EntryPoint","urlTemplate":"https:\/\/hierostrasbourg.com\/?s={search_term_string}"},"query-input":{"@type":"PropertyValueSpecification","valueRequired":true,"valueName":"search_term_string"}}],"inLanguage":"fr-FR"},{"@type":"Organization","@id":"https:\/\/hierostrasbourg.com\/#organization","name":"F\u00e9d\u00e9ration Hi\u00e9ro Strasbourg","url":"https:\/\/hierostrasbourg.com\/","logo":{"@type":"ImageObject","inLanguage":"fr-FR","@id":"https:\/\/hierostrasbourg.com\/#\/schema\/logo\/image\/","url":"https:\/\/hierostrasbourg.com\/wp-content\/uploads\/2026\/04\/logo-hiero-strasbourg.jpg","contentUrl":"https:\/\/hierostrasbourg.com\/wp-content\/uploads\/2026\/04\/logo-hiero-strasbourg.jpg","width":204,"height":192,"caption":"F\u00e9d\u00e9ration Hi\u00e9ro Strasbourg"},"image":{"@id":"https:\/\/hierostrasbourg.com\/#\/schema\/logo\/image\/"},"sameAs":["https:\/\/www.facebook.com\/fedehierostrasbourg","https:\/\/x.com\/hierostrasbourg"]}]}},"_links":{"self":[{"href":"https:\/\/hierostrasbourg.com\/index.php\/wp-json\/wp\/v2\/posts\/3364","targetHints":{"allow":["GET"]}}],"collection":[{"href":"https:\/\/hierostrasbourg.com\/index.php\/wp-json\/wp\/v2\/posts"}],"about":[{"href":"https:\/\/hierostrasbourg.com\/index.php\/wp-json\/wp\/v2\/types\/post"}],"replies":[{"embeddable":true,"href":"https:\/\/hierostrasbourg.com\/index.php\/wp-json\/wp\/v2\/comments?post=3364"}],"version-history":[{"count":0,"href":"https:\/\/hierostrasbourg.com\/index.php\/wp-json\/wp\/v2\/posts\/3364\/revisions"}],"wp:attachment":[{"href":"https:\/\/hierostrasbourg.com\/index.php\/wp-json\/wp\/v2\/media?parent=3364"}],"wp:term":[{"taxonomy":"category","embeddable":true,"href":"https:\/\/hierostrasbourg.com\/index.php\/wp-json\/wp\/v2\/categories?post=3364"},{"taxonomy":"post_tag","embeddable":true,"href":"https:\/\/hierostrasbourg.com\/index.php\/wp-json\/wp\/v2\/tags?post=3364"}],"curies":[{"name":"wp","href":"https:\/\/api.w.org\/{rel}","templated":true}]}}