{"id":3356,"date":"2022-08-17T21:34:03","date_gmt":"2022-08-17T19:34:03","guid":{"rendered":"https:\/\/hierostrasbourg.com\/index.php\/2022\/08\/17\/quarante-ans-apres-sa-naissance-le-cd-refait-timidement-surface\/"},"modified":"2022-08-17T21:34:03","modified_gmt":"2022-08-17T19:34:03","slug":"quarante-ans-apres-sa-naissance-le-cd-refait-timidement-surface","status":"publish","type":"post","link":"https:\/\/hierostrasbourg.com\/index.php\/2022\/08\/17\/quarante-ans-apres-sa-naissance-le-cd-refait-timidement-surface\/","title":{"rendered":"Quarante ans apr\u00e8s sa naissance, le CD refait timidement surface"},"content":{"rendered":"<p><em>Le CD a 40 ans ! Le 17 ao\u00fbt 1982, Philips et Sony mettent en vente le Compact Disc, enterrant le vinyle\u2026 Jusqu\u2019\u00e0 l\u2019arriv\u00e9e du MP3, puis des plateformes de streaming musical. Longtemps moribond, le march\u00e9 du disque semble pourtant faire son retour, quatre d\u00e9cennies apr\u00e8s son apparition.<\/em><\/p>\n<p>Source \/ Lire la suite : <a href=\"https:\/\/www.radiofrance.fr\/franceculture\/quarante-ans-apres-sa-naissance-le-cd-refait-timidement-surface-5674700\">Quarante ans apr\u00e8s sa naissance, le CD refait timidement surface<\/a><\/p>\n<p>L\u2019article <a href=\"https:\/\/popburo.fr\/quarante-ans-apres-sa-naissance-le-cd-refait-timidement-surface\/\">Quarante ans apr\u00e8s sa naissance, le CD refait timidement surface<\/a> est apparu en premier sur <a href=\"https:\/\/popburo.fr\/\">POP B\u00dcRO<\/a>.<\/p>\n","protected":false},"excerpt":{"rendered":"<p>Le CD a 40 ans ! Le 17 ao\u00fbt 1982, Philips et Sony mettent en vente le Compact Disc, enterrant le vinyle\u2026 Jusqu\u2019\u00e0 l\u2019arriv\u00e9e du MP3, puis des plateformes de streaming musical. Longtemps moribond, le march\u00e9 du disque semble pourtant faire son retour, quatre d\u00e9cennies apr\u00e8s son apparition. Source \/ Lire la suite : Quarante ans apr\u00e8s sa naissance, le CD refait timidement surface L\u2019article Quarante ans apr\u00e8s sa naissance, le CD refait timidement surface est apparu en premier sur [&hellip;]<\/p>\n","protected":false},"author":0,"featured_media":0,"comment_status":"closed","ping_status":"open","sticky":false,"template":"","format":"standard","meta":{"footnotes":""},"categories":[1],"tags":[],"class_list":["post-3356","post","type-post","status-publish","format-standard","hentry","category-non-classe"],"yoast_head":"<!-- This site is optimized with the Yoast SEO plugin v27.5 - https:\/\/yoast.com\/product\/yoast-seo-wordpress\/ -->\n<title>Quarante ans apr\u00e8s sa naissance, le CD refait timidement surface - HIERO STRASBOURG<\/title>\n<meta name=\"robots\" content=\"index, follow, max-snippet:-1, max-image-preview:large, max-video-preview:-1\" \/>\n<link rel=\"canonical\" href=\"https:\/\/hierostrasbourg.com\/index.php\/2022\/08\/17\/quarante-ans-apres-sa-naissance-le-cd-refait-timidement-surface\/\" \/>\n<meta property=\"og:locale\" content=\"fr_FR\" \/>\n<meta property=\"og:type\" content=\"article\" \/>\n<meta property=\"og:title\" content=\"Quarante ans apr\u00e8s sa naissance, le CD refait timidement surface - HIERO STRASBOURG\" \/>\n<meta property=\"og:description\" content=\"Le CD a 40 ans ! Le 17 ao\u00fbt 1982, Philips et Sony mettent en vente le Compact Disc, enterrant le vinyle\u2026 Jusqu\u2019\u00e0 l\u2019arriv\u00e9e du MP3, puis des plateformes de streaming musical. Longtemps moribond, le march\u00e9 du disque semble pourtant faire son retour, quatre d\u00e9cennies apr\u00e8s son apparition. Source \/ Lire la suite : Quarante ans apr\u00e8s sa naissance, le CD refait timidement surface L\u2019article Quarante ans apr\u00e8s sa naissance, le CD refait timidement surface est apparu en premier sur [&hellip;]\" \/>\n<meta property=\"og:url\" content=\"https:\/\/hierostrasbourg.com\/index.php\/2022\/08\/17\/quarante-ans-apres-sa-naissance-le-cd-refait-timidement-surface\/\" \/>\n<meta property=\"og:site_name\" content=\"HIERO STRASBOURG\" \/>\n<meta property=\"article:publisher\" content=\"https:\/\/www.facebook.com\/fedehierostrasbourg\" \/>\n<meta property=\"article:published_time\" content=\"2022-08-17T19:34:03+00:00\" \/>\n<meta name=\"twitter:card\" content=\"summary_large_image\" \/>\n<meta name=\"twitter:creator\" content=\"@hierostrasbourg\" \/>\n<meta name=\"twitter:site\" content=\"@hierostrasbourg\" \/>\n<script type=\"application\/ld+json\" class=\"yoast-schema-graph\">{\"@context\":\"https:\\\/\\\/schema.org\",\"@graph\":[{\"@type\":\"Article\",\"@id\":\"https:\\\/\\\/hierostrasbourg.com\\\/index.php\\\/2022\\\/08\\\/17\\\/quarante-ans-apres-sa-naissance-le-cd-refait-timidement-surface\\\/#article\",\"isPartOf\":{\"@id\":\"https:\\\/\\\/hierostrasbourg.com\\\/index.php\\\/2022\\\/08\\\/17\\\/quarante-ans-apres-sa-naissance-le-cd-refait-timidement-surface\\\/\"},\"author\":{\"name\":\"\",\"@id\":\"\"},\"headline\":\"Quarante ans apr\u00e8s sa naissance, le CD refait timidement surface\",\"datePublished\":\"2022-08-17T19:34:03+00:00\",\"mainEntityOfPage\":{\"@id\":\"https:\\\/\\\/hierostrasbourg.com\\\/index.php\\\/2022\\\/08\\\/17\\\/quarante-ans-apres-sa-naissance-le-cd-refait-timidement-surface\\\/\"},\"wordCount\":96,\"publisher\":{\"@id\":\"https:\\\/\\\/hierostrasbourg.com\\\/#organization\"},\"inLanguage\":\"fr-FR\"},{\"@type\":\"WebPage\",\"@id\":\"https:\\\/\\\/hierostrasbourg.com\\\/index.php\\\/2022\\\/08\\\/17\\\/quarante-ans-apres-sa-naissance-le-cd-refait-timidement-surface\\\/\",\"url\":\"https:\\\/\\\/hierostrasbourg.com\\\/index.php\\\/2022\\\/08\\\/17\\\/quarante-ans-apres-sa-naissance-le-cd-refait-timidement-surface\\\/\",\"name\":\"Quarante ans apr\u00e8s sa naissance, le CD refait timidement surface - HIERO STRASBOURG\",\"isPartOf\":{\"@id\":\"https:\\\/\\\/hierostrasbourg.com\\\/#website\"},\"datePublished\":\"2022-08-17T19:34:03+00:00\",\"breadcrumb\":{\"@id\":\"https:\\\/\\\/hierostrasbourg.com\\\/index.php\\\/2022\\\/08\\\/17\\\/quarante-ans-apres-sa-naissance-le-cd-refait-timidement-surface\\\/#breadcrumb\"},\"inLanguage\":\"fr-FR\",\"potentialAction\":[{\"@type\":\"ReadAction\",\"target\":[\"https:\\\/\\\/hierostrasbourg.com\\\/index.php\\\/2022\\\/08\\\/17\\\/quarante-ans-apres-sa-naissance-le-cd-refait-timidement-surface\\\/\"]}]},{\"@type\":\"BreadcrumbList\",\"@id\":\"https:\\\/\\\/hierostrasbourg.com\\\/index.php\\\/2022\\\/08\\\/17\\\/quarante-ans-apres-sa-naissance-le-cd-refait-timidement-surface\\\/#breadcrumb\",\"itemListElement\":[{\"@type\":\"ListItem\",\"position\":1,\"name\":\"Accueil\",\"item\":\"https:\\\/\\\/hierostrasbourg.com\\\/\"},{\"@type\":\"ListItem\",\"position\":2,\"name\":\"Quarante ans apr\u00e8s sa naissance, le CD refait timidement surface\"}]},{\"@type\":\"WebSite\",\"@id\":\"https:\\\/\\\/hierostrasbourg.com\\\/#website\",\"url\":\"https:\\\/\\\/hierostrasbourg.com\\\/\",\"name\":\"HIERO STRASBOURG\",\"description\":\"Centre de Ressources Musiques Actuelles\",\"publisher\":{\"@id\":\"https:\\\/\\\/hierostrasbourg.com\\\/#organization\"},\"potentialAction\":[{\"@type\":\"SearchAction\",\"target\":{\"@type\":\"EntryPoint\",\"urlTemplate\":\"https:\\\/\\\/hierostrasbourg.com\\\/?s={search_term_string}\"},\"query-input\":{\"@type\":\"PropertyValueSpecification\",\"valueRequired\":true,\"valueName\":\"search_term_string\"}}],\"inLanguage\":\"fr-FR\"},{\"@type\":\"Organization\",\"@id\":\"https:\\\/\\\/hierostrasbourg.com\\\/#organization\",\"name\":\"F\u00e9d\u00e9ration Hi\u00e9ro Strasbourg\",\"url\":\"https:\\\/\\\/hierostrasbourg.com\\\/\",\"logo\":{\"@type\":\"ImageObject\",\"inLanguage\":\"fr-FR\",\"@id\":\"https:\\\/\\\/hierostrasbourg.com\\\/#\\\/schema\\\/logo\\\/image\\\/\",\"url\":\"https:\\\/\\\/hierostrasbourg.com\\\/wp-content\\\/uploads\\\/2026\\\/04\\\/logo-hiero-strasbourg.jpg\",\"contentUrl\":\"https:\\\/\\\/hierostrasbourg.com\\\/wp-content\\\/uploads\\\/2026\\\/04\\\/logo-hiero-strasbourg.jpg\",\"width\":204,\"height\":192,\"caption\":\"F\u00e9d\u00e9ration Hi\u00e9ro Strasbourg\"},\"image\":{\"@id\":\"https:\\\/\\\/hierostrasbourg.com\\\/#\\\/schema\\\/logo\\\/image\\\/\"},\"sameAs\":[\"https:\\\/\\\/www.facebook.com\\\/fedehierostrasbourg\",\"https:\\\/\\\/x.com\\\/hierostrasbourg\"]}]}<\/script>\n<!-- \/ Yoast SEO plugin. -->","yoast_head_json":{"title":"Quarante ans apr\u00e8s sa naissance, le CD refait timidement surface - HIERO STRASBOURG","robots":{"index":"index","follow":"follow","max-snippet":"max-snippet:-1","max-image-preview":"max-image-preview:large","max-video-preview":"max-video-preview:-1"},"canonical":"https:\/\/hierostrasbourg.com\/index.php\/2022\/08\/17\/quarante-ans-apres-sa-naissance-le-cd-refait-timidement-surface\/","og_locale":"fr_FR","og_type":"article","og_title":"Quarante ans apr\u00e8s sa naissance, le CD refait timidement surface - HIERO STRASBOURG","og_description":"Le CD a 40 ans ! Le 17 ao\u00fbt 1982, Philips et Sony mettent en vente le Compact Disc, enterrant le vinyle\u2026 Jusqu\u2019\u00e0 l\u2019arriv\u00e9e du MP3, puis des plateformes de streaming musical. Longtemps moribond, le march\u00e9 du disque semble pourtant faire son retour, quatre d\u00e9cennies apr\u00e8s son apparition. Source \/ Lire la suite : Quarante ans apr\u00e8s sa naissance, le CD refait timidement surface L\u2019article Quarante ans apr\u00e8s sa naissance, le CD refait timidement surface est apparu en premier sur [&hellip;]","og_url":"https:\/\/hierostrasbourg.com\/index.php\/2022\/08\/17\/quarante-ans-apres-sa-naissance-le-cd-refait-timidement-surface\/","og_site_name":"HIERO STRASBOURG","article_publisher":"https:\/\/www.facebook.com\/fedehierostrasbourg","article_published_time":"2022-08-17T19:34:03+00:00","twitter_card":"summary_large_image","twitter_creator":"@hierostrasbourg","twitter_site":"@hierostrasbourg","schema":{"@context":"https:\/\/schema.org","@graph":[{"@type":"Article","@id":"https:\/\/hierostrasbourg.com\/index.php\/2022\/08\/17\/quarante-ans-apres-sa-naissance-le-cd-refait-timidement-surface\/#article","isPartOf":{"@id":"https:\/\/hierostrasbourg.com\/index.php\/2022\/08\/17\/quarante-ans-apres-sa-naissance-le-cd-refait-timidement-surface\/"},"author":{"name":"","@id":""},"headline":"Quarante ans apr\u00e8s sa naissance, le CD refait timidement surface","datePublished":"2022-08-17T19:34:03+00:00","mainEntityOfPage":{"@id":"https:\/\/hierostrasbourg.com\/index.php\/2022\/08\/17\/quarante-ans-apres-sa-naissance-le-cd-refait-timidement-surface\/"},"wordCount":96,"publisher":{"@id":"https:\/\/hierostrasbourg.com\/#organization"},"inLanguage":"fr-FR"},{"@type":"WebPage","@id":"https:\/\/hierostrasbourg.com\/index.php\/2022\/08\/17\/quarante-ans-apres-sa-naissance-le-cd-refait-timidement-surface\/","url":"https:\/\/hierostrasbourg.com\/index.php\/2022\/08\/17\/quarante-ans-apres-sa-naissance-le-cd-refait-timidement-surface\/","name":"Quarante ans apr\u00e8s sa naissance, le CD refait timidement surface - HIERO STRASBOURG","isPartOf":{"@id":"https:\/\/hierostrasbourg.com\/#website"},"datePublished":"2022-08-17T19:34:03+00:00","breadcrumb":{"@id":"https:\/\/hierostrasbourg.com\/index.php\/2022\/08\/17\/quarante-ans-apres-sa-naissance-le-cd-refait-timidement-surface\/#breadcrumb"},"inLanguage":"fr-FR","potentialAction":[{"@type":"ReadAction","target":["https:\/\/hierostrasbourg.com\/index.php\/2022\/08\/17\/quarante-ans-apres-sa-naissance-le-cd-refait-timidement-surface\/"]}]},{"@type":"BreadcrumbList","@id":"https:\/\/hierostrasbourg.com\/index.php\/2022\/08\/17\/quarante-ans-apres-sa-naissance-le-cd-refait-timidement-surface\/#breadcrumb","itemListElement":[{"@type":"ListItem","position":1,"name":"Accueil","item":"https:\/\/hierostrasbourg.com\/"},{"@type":"ListItem","position":2,"name":"Quarante ans apr\u00e8s sa naissance, le CD refait timidement surface"}]},{"@type":"WebSite","@id":"https:\/\/hierostrasbourg.com\/#website","url":"https:\/\/hierostrasbourg.com\/","name":"HIERO STRASBOURG","description":"Centre de Ressources Musiques Actuelles","publisher":{"@id":"https:\/\/hierostrasbourg.com\/#organization"},"potentialAction":[{"@type":"SearchAction","target":{"@type":"EntryPoint","urlTemplate":"https:\/\/hierostrasbourg.com\/?s={search_term_string}"},"query-input":{"@type":"PropertyValueSpecification","valueRequired":true,"valueName":"search_term_string"}}],"inLanguage":"fr-FR"},{"@type":"Organization","@id":"https:\/\/hierostrasbourg.com\/#organization","name":"F\u00e9d\u00e9ration Hi\u00e9ro Strasbourg","url":"https:\/\/hierostrasbourg.com\/","logo":{"@type":"ImageObject","inLanguage":"fr-FR","@id":"https:\/\/hierostrasbourg.com\/#\/schema\/logo\/image\/","url":"https:\/\/hierostrasbourg.com\/wp-content\/uploads\/2026\/04\/logo-hiero-strasbourg.jpg","contentUrl":"https:\/\/hierostrasbourg.com\/wp-content\/uploads\/2026\/04\/logo-hiero-strasbourg.jpg","width":204,"height":192,"caption":"F\u00e9d\u00e9ration Hi\u00e9ro Strasbourg"},"image":{"@id":"https:\/\/hierostrasbourg.com\/#\/schema\/logo\/image\/"},"sameAs":["https:\/\/www.facebook.com\/fedehierostrasbourg","https:\/\/x.com\/hierostrasbourg"]}]}},"_links":{"self":[{"href":"https:\/\/hierostrasbourg.com\/index.php\/wp-json\/wp\/v2\/posts\/3356","targetHints":{"allow":["GET"]}}],"collection":[{"href":"https:\/\/hierostrasbourg.com\/index.php\/wp-json\/wp\/v2\/posts"}],"about":[{"href":"https:\/\/hierostrasbourg.com\/index.php\/wp-json\/wp\/v2\/types\/post"}],"replies":[{"embeddable":true,"href":"https:\/\/hierostrasbourg.com\/index.php\/wp-json\/wp\/v2\/comments?post=3356"}],"version-history":[{"count":0,"href":"https:\/\/hierostrasbourg.com\/index.php\/wp-json\/wp\/v2\/posts\/3356\/revisions"}],"wp:attachment":[{"href":"https:\/\/hierostrasbourg.com\/index.php\/wp-json\/wp\/v2\/media?parent=3356"}],"wp:term":[{"taxonomy":"category","embeddable":true,"href":"https:\/\/hierostrasbourg.com\/index.php\/wp-json\/wp\/v2\/categories?post=3356"},{"taxonomy":"post_tag","embeddable":true,"href":"https:\/\/hierostrasbourg.com\/index.php\/wp-json\/wp\/v2\/tags?post=3356"}],"curies":[{"name":"wp","href":"https:\/\/api.w.org\/{rel}","templated":true}]}}