{"id":3348,"date":"2022-07-29T23:33:13","date_gmt":"2022-07-29T21:33:13","guid":{"rendered":"https:\/\/hierostrasbourg.com\/index.php\/2022\/07\/29\/lespace-110-illzach-recrute-un-attache-daccueil-f-h\/"},"modified":"2022-07-29T23:33:13","modified_gmt":"2022-07-29T21:33:13","slug":"lespace-110-illzach-recrute-un-attache-daccueil-f-h","status":"publish","type":"post","link":"https:\/\/hierostrasbourg.com\/index.php\/2022\/07\/29\/lespace-110-illzach-recrute-un-attache-daccueil-f-h\/","title":{"rendered":"l\u2019ESPACE 110 [Illzach] recrute un attach\u00e9 d\u2019accueil [F\/H]"},"content":{"rendered":"<p>Lieu de culture atypique et incontournable de l\u2019agglom\u00e9ration mulhousienne et de la r\u00e9gion Grand Est, l\u2019ESPACE 110 \u2013 Centre Culturel d\u2019Illzach fait preuve d\u2019une belle diversit\u00e9 en proposant :<\/p>\n<p>une saison culturelle pluridisciplinaire, des r\u00e9sidences d\u2019artistes, un espace d\u2019exposition ;<br \/>\n130 activit\u00e9s de loisirs (sportives, d\u2019expression sc\u00e9nique, artistiques et manuelles, de langues et<br \/>\nlitt\u00e9rature, aquatiques, culinaires, musicales et de bien-\u00eatre) pour enfants, adolescents et adultes,<br \/>\ndes accueils de loisirs, une \u00e9cole de musique ;<br \/>\nun festival international de la bande dessin\u00e9e \u00ab B\u00e9d\u00e9cin\u00e9 \u00bb, accueillant chaque ann\u00e9e en novembre<br \/>\nplus d\u2019une centaine d\u2019auteurs, des expositions, des ateliers autour du dessin, des contes et des<br \/>\nspectacles ;<br \/>\nune biblioth\u00e8que disposant de plus de 15 000 r\u00e9f\u00e9rences.<\/p>\n<p>Lieu de vie, de convivialit\u00e9 et de cr\u00e9ation artistique, l\u2019ESPACE 110 s\u2019est donn\u00e9 pour mission de rendre la culture et les loisirs accessibles \u00e0 tous et d\u2019accompagner les artistes, notamment les compagnies du Grand Est.<\/p>\n<h2>Missions<\/h2>\n<p>Rattach\u00e9\u00b7e \u00e0 la responsable administration \u2013 gestion, l\u2019attach\u00e9\u00b7e d\u2019accueil assiste la charg\u00e9e d\u2019accueil et d\u2019administration dans les t\u00e2ches administratives et de gestion courante. Plus largement, il ou elle anime l\u2019accueil physique et t\u00e9l\u00e9phonique de la structure et effectue des op\u00e9rations de billetterie.<\/p>\n<h4>Accueil des publics<\/h4>\n<p>Animer l\u2019accueil physique et t\u00e9l\u00e9phonique<br \/>\nDiffuser des documents de communication en interne et en externe<br \/>\nParticiper \u00e0 la promotion des diff\u00e9rentes activit\u00e9s et \u00e9v\u00e9nements de la structure<br \/>\nAccueillir les animateurs<br \/>\nVeiller \u00e0 la qualit\u00e9 d\u2019accueil et \u00e0 la relation avec les adh\u00e9rents<\/p>\n<h4>Gestion administrative et secr\u00e9tariat<\/h4>\n<p>Saisir, traiter et suivre les inscriptions aux activit\u00e9s-loisirs et aux A.L.S.H.<br \/>\nR\u00e9diger des courriers et des documents administratifs<\/p>\n<h4>Aide aux relations avec les publics et la billetterie<\/h4>\n<p>Participer au d\u00e9veloppement des publics, aider \u00e0 l\u2019accueil des groupes<br \/>\nEffectuer des op\u00e9rations de billetterie, suivre les paiements et r\u00e9aliser les d\u00e9clarations diverses<\/p>\n<p>Contrat \u00e0 dur\u00e9e d\u00e9termin\u00e9e \u00e0 temps complet (possible \u00e9volution en CDI).<\/p>\n<h2>Profil recherch\u00e9<\/h2>\n<p>Dynamisme, enthousiasme, curiosit\u00e9 et diplomatie<br \/>\nAdaptabilit\u00e9, autonomie et efficacit\u00e9<br \/>\nDiscr\u00e9tion, confidentialit\u00e9 et neutralit\u00e9<br \/>\nBonne connaissance du monde culturel et du monde associatif<br \/>\nTechniques de secr\u00e9tariat et d\u2019organisation<br \/>\nCapacit\u00e9 \u00e0 mener de front plusieurs actions, grande polyvalence<br \/>\nAisance dans le travail en \u00e9quipe<br \/>\nTravail en \u00e9quipe \/ travail week-ends et soir\u00e9es<br \/>\nMa\u00eetrise des logiciels de bureautique<br \/>\nPermis B<\/p>\n<p>Date de prise de fonction : D\u00e8s que possible<br \/>\nDate limite de candidature : 19 ao\u00fbt 2022<br \/>\nR\u00e9mun\u00e9ration : Coefficient 280 \/ Groupe C \/ Statut non cadre selon la grille de la convention collective nationale \u00ab\u00c9clat\u00bb.<\/p>\n<p>ESPACE 110 \u2013 Centre Culturel d\u2019Illzach<br \/>\n1 avenue des rives de l\u2019Ill<br \/>\n68110 ILLZACH<\/p>\n<p><a href=\"\/\/www.espace110.org\">www.espace110.org<\/a><\/p>\n<p>L\u2019article <a href=\"https:\/\/popburo.fr\/lespace-110-illzach-recrute-un-attache-daccueil-f-h\/\">l\u2019ESPACE 110 [Illzach] recrute un attach\u00e9 d\u2019accueil [F\/H]<\/a> est apparu en premier sur <a href=\"https:\/\/popburo.fr\/\">POP B\u00dcRO<\/a>.<\/p>\n","protected":false},"excerpt":{"rendered":"<p>Lieu de culture atypique et incontournable de l\u2019agglom\u00e9ration mulhousienne et de la r\u00e9gion Grand Est, l\u2019ESPACE 110 \u2013 Centre Culturel d\u2019Illzach fait preuve d\u2019une belle diversit\u00e9 en proposant : une saison culturelle pluridisciplinaire, des r\u00e9sidences d\u2019artistes, un espace d\u2019exposition ; 130 activit\u00e9s de loisirs (sportives, d\u2019expression sc\u00e9nique, artistiques et manuelles, de langues et litt\u00e9rature, aquatiques, culinaires, musicales et de bien-\u00eatre) pour enfants, adolescents et adultes, des accueils de loisirs, une \u00e9cole de musique ; un festival international de la bande [&hellip;]<\/p>\n","protected":false},"author":0,"featured_media":0,"comment_status":"closed","ping_status":"open","sticky":false,"template":"","format":"standard","meta":{"footnotes":""},"categories":[1],"tags":[],"class_list":["post-3348","post","type-post","status-publish","format-standard","hentry","category-non-classe"],"yoast_head":"<!-- This site is optimized with the Yoast SEO plugin v27.5 - https:\/\/yoast.com\/product\/yoast-seo-wordpress\/ -->\n<title>l\u2019ESPACE 110 [Illzach] recrute un attach\u00e9 d\u2019accueil [F\/H] - HIERO STRASBOURG<\/title>\n<meta name=\"robots\" content=\"index, follow, max-snippet:-1, max-image-preview:large, max-video-preview:-1\" \/>\n<link rel=\"canonical\" href=\"https:\/\/hierostrasbourg.com\/index.php\/2022\/07\/29\/lespace-110-illzach-recrute-un-attache-daccueil-f-h\/\" \/>\n<meta property=\"og:locale\" content=\"fr_FR\" \/>\n<meta property=\"og:type\" content=\"article\" \/>\n<meta property=\"og:title\" content=\"l\u2019ESPACE 110 [Illzach] recrute un attach\u00e9 d\u2019accueil [F\/H] - HIERO STRASBOURG\" \/>\n<meta property=\"og:description\" content=\"Lieu de culture atypique et incontournable de l\u2019agglom\u00e9ration mulhousienne et de la r\u00e9gion Grand Est, l\u2019ESPACE 110 \u2013 Centre Culturel d\u2019Illzach fait preuve d\u2019une belle diversit\u00e9 en proposant : une saison culturelle pluridisciplinaire, des r\u00e9sidences d\u2019artistes, un espace d\u2019exposition ; 130 activit\u00e9s de loisirs (sportives, d\u2019expression sc\u00e9nique, artistiques et manuelles, de langues et litt\u00e9rature, aquatiques, culinaires, musicales et de bien-\u00eatre) pour enfants, adolescents et adultes, des accueils de loisirs, une \u00e9cole de musique ; un festival international de la bande [&hellip;]\" \/>\n<meta property=\"og:url\" content=\"https:\/\/hierostrasbourg.com\/index.php\/2022\/07\/29\/lespace-110-illzach-recrute-un-attache-daccueil-f-h\/\" \/>\n<meta property=\"og:site_name\" content=\"HIERO STRASBOURG\" \/>\n<meta property=\"article:publisher\" content=\"https:\/\/www.facebook.com\/fedehierostrasbourg\" \/>\n<meta property=\"article:published_time\" content=\"2022-07-29T21:33:13+00:00\" \/>\n<meta name=\"twitter:card\" content=\"summary_large_image\" \/>\n<meta name=\"twitter:creator\" content=\"@hierostrasbourg\" \/>\n<meta name=\"twitter:site\" content=\"@hierostrasbourg\" \/>\n<meta name=\"twitter:label1\" content=\"Dur\u00e9e de lecture estim\u00e9e\" \/>\n\t<meta name=\"twitter:data1\" content=\"2 minutes\" \/>\n<script type=\"application\/ld+json\" class=\"yoast-schema-graph\">{\"@context\":\"https:\\\/\\\/schema.org\",\"@graph\":[{\"@type\":\"Article\",\"@id\":\"https:\\\/\\\/hierostrasbourg.com\\\/index.php\\\/2022\\\/07\\\/29\\\/lespace-110-illzach-recrute-un-attache-daccueil-f-h\\\/#article\",\"isPartOf\":{\"@id\":\"https:\\\/\\\/hierostrasbourg.com\\\/index.php\\\/2022\\\/07\\\/29\\\/lespace-110-illzach-recrute-un-attache-daccueil-f-h\\\/\"},\"author\":{\"name\":\"\",\"@id\":\"\"},\"headline\":\"l\u2019ESPACE 110 [Illzach] recrute un attach\u00e9 d\u2019accueil [F\\\/H]\",\"datePublished\":\"2022-07-29T21:33:13+00:00\",\"mainEntityOfPage\":{\"@id\":\"https:\\\/\\\/hierostrasbourg.com\\\/index.php\\\/2022\\\/07\\\/29\\\/lespace-110-illzach-recrute-un-attache-daccueil-f-h\\\/\"},\"wordCount\":483,\"publisher\":{\"@id\":\"https:\\\/\\\/hierostrasbourg.com\\\/#organization\"},\"inLanguage\":\"fr-FR\"},{\"@type\":\"WebPage\",\"@id\":\"https:\\\/\\\/hierostrasbourg.com\\\/index.php\\\/2022\\\/07\\\/29\\\/lespace-110-illzach-recrute-un-attache-daccueil-f-h\\\/\",\"url\":\"https:\\\/\\\/hierostrasbourg.com\\\/index.php\\\/2022\\\/07\\\/29\\\/lespace-110-illzach-recrute-un-attache-daccueil-f-h\\\/\",\"name\":\"l\u2019ESPACE 110 [Illzach] recrute un attach\u00e9 d\u2019accueil [F\\\/H] - HIERO STRASBOURG\",\"isPartOf\":{\"@id\":\"https:\\\/\\\/hierostrasbourg.com\\\/#website\"},\"datePublished\":\"2022-07-29T21:33:13+00:00\",\"breadcrumb\":{\"@id\":\"https:\\\/\\\/hierostrasbourg.com\\\/index.php\\\/2022\\\/07\\\/29\\\/lespace-110-illzach-recrute-un-attache-daccueil-f-h\\\/#breadcrumb\"},\"inLanguage\":\"fr-FR\",\"potentialAction\":[{\"@type\":\"ReadAction\",\"target\":[\"https:\\\/\\\/hierostrasbourg.com\\\/index.php\\\/2022\\\/07\\\/29\\\/lespace-110-illzach-recrute-un-attache-daccueil-f-h\\\/\"]}]},{\"@type\":\"BreadcrumbList\",\"@id\":\"https:\\\/\\\/hierostrasbourg.com\\\/index.php\\\/2022\\\/07\\\/29\\\/lespace-110-illzach-recrute-un-attache-daccueil-f-h\\\/#breadcrumb\",\"itemListElement\":[{\"@type\":\"ListItem\",\"position\":1,\"name\":\"Accueil\",\"item\":\"https:\\\/\\\/hierostrasbourg.com\\\/\"},{\"@type\":\"ListItem\",\"position\":2,\"name\":\"l\u2019ESPACE 110 [Illzach] recrute un attach\u00e9 d\u2019accueil [F\\\/H]\"}]},{\"@type\":\"WebSite\",\"@id\":\"https:\\\/\\\/hierostrasbourg.com\\\/#website\",\"url\":\"https:\\\/\\\/hierostrasbourg.com\\\/\",\"name\":\"HIERO STRASBOURG\",\"description\":\"Centre de Ressources Musiques Actuelles\",\"publisher\":{\"@id\":\"https:\\\/\\\/hierostrasbourg.com\\\/#organization\"},\"potentialAction\":[{\"@type\":\"SearchAction\",\"target\":{\"@type\":\"EntryPoint\",\"urlTemplate\":\"https:\\\/\\\/hierostrasbourg.com\\\/?s={search_term_string}\"},\"query-input\":{\"@type\":\"PropertyValueSpecification\",\"valueRequired\":true,\"valueName\":\"search_term_string\"}}],\"inLanguage\":\"fr-FR\"},{\"@type\":\"Organization\",\"@id\":\"https:\\\/\\\/hierostrasbourg.com\\\/#organization\",\"name\":\"F\u00e9d\u00e9ration Hi\u00e9ro Strasbourg\",\"url\":\"https:\\\/\\\/hierostrasbourg.com\\\/\",\"logo\":{\"@type\":\"ImageObject\",\"inLanguage\":\"fr-FR\",\"@id\":\"https:\\\/\\\/hierostrasbourg.com\\\/#\\\/schema\\\/logo\\\/image\\\/\",\"url\":\"https:\\\/\\\/hierostrasbourg.com\\\/wp-content\\\/uploads\\\/2026\\\/04\\\/logo-hiero-strasbourg.jpg\",\"contentUrl\":\"https:\\\/\\\/hierostrasbourg.com\\\/wp-content\\\/uploads\\\/2026\\\/04\\\/logo-hiero-strasbourg.jpg\",\"width\":204,\"height\":192,\"caption\":\"F\u00e9d\u00e9ration Hi\u00e9ro Strasbourg\"},\"image\":{\"@id\":\"https:\\\/\\\/hierostrasbourg.com\\\/#\\\/schema\\\/logo\\\/image\\\/\"},\"sameAs\":[\"https:\\\/\\\/www.facebook.com\\\/fedehierostrasbourg\",\"https:\\\/\\\/x.com\\\/hierostrasbourg\"]}]}<\/script>\n<!-- \/ Yoast SEO plugin. -->","yoast_head_json":{"title":"l\u2019ESPACE 110 [Illzach] recrute un attach\u00e9 d\u2019accueil [F\/H] - HIERO STRASBOURG","robots":{"index":"index","follow":"follow","max-snippet":"max-snippet:-1","max-image-preview":"max-image-preview:large","max-video-preview":"max-video-preview:-1"},"canonical":"https:\/\/hierostrasbourg.com\/index.php\/2022\/07\/29\/lespace-110-illzach-recrute-un-attache-daccueil-f-h\/","og_locale":"fr_FR","og_type":"article","og_title":"l\u2019ESPACE 110 [Illzach] recrute un attach\u00e9 d\u2019accueil [F\/H] - HIERO STRASBOURG","og_description":"Lieu de culture atypique et incontournable de l\u2019agglom\u00e9ration mulhousienne et de la r\u00e9gion Grand Est, l\u2019ESPACE 110 \u2013 Centre Culturel d\u2019Illzach fait preuve d\u2019une belle diversit\u00e9 en proposant : une saison culturelle pluridisciplinaire, des r\u00e9sidences d\u2019artistes, un espace d\u2019exposition ; 130 activit\u00e9s de loisirs (sportives, d\u2019expression sc\u00e9nique, artistiques et manuelles, de langues et litt\u00e9rature, aquatiques, culinaires, musicales et de bien-\u00eatre) pour enfants, adolescents et adultes, des accueils de loisirs, une \u00e9cole de musique ; un festival international de la bande [&hellip;]","og_url":"https:\/\/hierostrasbourg.com\/index.php\/2022\/07\/29\/lespace-110-illzach-recrute-un-attache-daccueil-f-h\/","og_site_name":"HIERO STRASBOURG","article_publisher":"https:\/\/www.facebook.com\/fedehierostrasbourg","article_published_time":"2022-07-29T21:33:13+00:00","twitter_card":"summary_large_image","twitter_creator":"@hierostrasbourg","twitter_site":"@hierostrasbourg","twitter_misc":{"Dur\u00e9e de lecture estim\u00e9e":"2 minutes"},"schema":{"@context":"https:\/\/schema.org","@graph":[{"@type":"Article","@id":"https:\/\/hierostrasbourg.com\/index.php\/2022\/07\/29\/lespace-110-illzach-recrute-un-attache-daccueil-f-h\/#article","isPartOf":{"@id":"https:\/\/hierostrasbourg.com\/index.php\/2022\/07\/29\/lespace-110-illzach-recrute-un-attache-daccueil-f-h\/"},"author":{"name":"","@id":""},"headline":"l\u2019ESPACE 110 [Illzach] recrute un attach\u00e9 d\u2019accueil [F\/H]","datePublished":"2022-07-29T21:33:13+00:00","mainEntityOfPage":{"@id":"https:\/\/hierostrasbourg.com\/index.php\/2022\/07\/29\/lespace-110-illzach-recrute-un-attache-daccueil-f-h\/"},"wordCount":483,"publisher":{"@id":"https:\/\/hierostrasbourg.com\/#organization"},"inLanguage":"fr-FR"},{"@type":"WebPage","@id":"https:\/\/hierostrasbourg.com\/index.php\/2022\/07\/29\/lespace-110-illzach-recrute-un-attache-daccueil-f-h\/","url":"https:\/\/hierostrasbourg.com\/index.php\/2022\/07\/29\/lespace-110-illzach-recrute-un-attache-daccueil-f-h\/","name":"l\u2019ESPACE 110 [Illzach] recrute un attach\u00e9 d\u2019accueil [F\/H] - HIERO STRASBOURG","isPartOf":{"@id":"https:\/\/hierostrasbourg.com\/#website"},"datePublished":"2022-07-29T21:33:13+00:00","breadcrumb":{"@id":"https:\/\/hierostrasbourg.com\/index.php\/2022\/07\/29\/lespace-110-illzach-recrute-un-attache-daccueil-f-h\/#breadcrumb"},"inLanguage":"fr-FR","potentialAction":[{"@type":"ReadAction","target":["https:\/\/hierostrasbourg.com\/index.php\/2022\/07\/29\/lespace-110-illzach-recrute-un-attache-daccueil-f-h\/"]}]},{"@type":"BreadcrumbList","@id":"https:\/\/hierostrasbourg.com\/index.php\/2022\/07\/29\/lespace-110-illzach-recrute-un-attache-daccueil-f-h\/#breadcrumb","itemListElement":[{"@type":"ListItem","position":1,"name":"Accueil","item":"https:\/\/hierostrasbourg.com\/"},{"@type":"ListItem","position":2,"name":"l\u2019ESPACE 110 [Illzach] recrute un attach\u00e9 d\u2019accueil [F\/H]"}]},{"@type":"WebSite","@id":"https:\/\/hierostrasbourg.com\/#website","url":"https:\/\/hierostrasbourg.com\/","name":"HIERO STRASBOURG","description":"Centre de Ressources Musiques Actuelles","publisher":{"@id":"https:\/\/hierostrasbourg.com\/#organization"},"potentialAction":[{"@type":"SearchAction","target":{"@type":"EntryPoint","urlTemplate":"https:\/\/hierostrasbourg.com\/?s={search_term_string}"},"query-input":{"@type":"PropertyValueSpecification","valueRequired":true,"valueName":"search_term_string"}}],"inLanguage":"fr-FR"},{"@type":"Organization","@id":"https:\/\/hierostrasbourg.com\/#organization","name":"F\u00e9d\u00e9ration Hi\u00e9ro Strasbourg","url":"https:\/\/hierostrasbourg.com\/","logo":{"@type":"ImageObject","inLanguage":"fr-FR","@id":"https:\/\/hierostrasbourg.com\/#\/schema\/logo\/image\/","url":"https:\/\/hierostrasbourg.com\/wp-content\/uploads\/2026\/04\/logo-hiero-strasbourg.jpg","contentUrl":"https:\/\/hierostrasbourg.com\/wp-content\/uploads\/2026\/04\/logo-hiero-strasbourg.jpg","width":204,"height":192,"caption":"F\u00e9d\u00e9ration Hi\u00e9ro Strasbourg"},"image":{"@id":"https:\/\/hierostrasbourg.com\/#\/schema\/logo\/image\/"},"sameAs":["https:\/\/www.facebook.com\/fedehierostrasbourg","https:\/\/x.com\/hierostrasbourg"]}]}},"_links":{"self":[{"href":"https:\/\/hierostrasbourg.com\/index.php\/wp-json\/wp\/v2\/posts\/3348","targetHints":{"allow":["GET"]}}],"collection":[{"href":"https:\/\/hierostrasbourg.com\/index.php\/wp-json\/wp\/v2\/posts"}],"about":[{"href":"https:\/\/hierostrasbourg.com\/index.php\/wp-json\/wp\/v2\/types\/post"}],"replies":[{"embeddable":true,"href":"https:\/\/hierostrasbourg.com\/index.php\/wp-json\/wp\/v2\/comments?post=3348"}],"version-history":[{"count":0,"href":"https:\/\/hierostrasbourg.com\/index.php\/wp-json\/wp\/v2\/posts\/3348\/revisions"}],"wp:attachment":[{"href":"https:\/\/hierostrasbourg.com\/index.php\/wp-json\/wp\/v2\/media?parent=3348"}],"wp:term":[{"taxonomy":"category","embeddable":true,"href":"https:\/\/hierostrasbourg.com\/index.php\/wp-json\/wp\/v2\/categories?post=3348"},{"taxonomy":"post_tag","embeddable":true,"href":"https:\/\/hierostrasbourg.com\/index.php\/wp-json\/wp\/v2\/tags?post=3348"}],"curies":[{"name":"wp","href":"https:\/\/api.w.org\/{rel}","templated":true}]}}