{"id":3346,"date":"2022-07-27T23:32:38","date_gmt":"2022-07-27T21:32:38","guid":{"rendered":"https:\/\/hierostrasbourg.com\/index.php\/2022\/07\/27\/lensemble-accroche-note-recrute-un-charge-de-production-artistique-f-h\/"},"modified":"2022-07-27T23:32:38","modified_gmt":"2022-07-27T21:32:38","slug":"lensemble-accroche-note-recrute-un-charge-de-production-artistique-f-h","status":"publish","type":"post","link":"https:\/\/hierostrasbourg.com\/index.php\/2022\/07\/27\/lensemble-accroche-note-recrute-un-charge-de-production-artistique-f-h\/","title":{"rendered":"L\u2019ENSEMBLE ACCROCHE NOTE recrute un charg\u00e9 de production artistique [F\/H]"},"content":{"rendered":"<p>Ensemble de musique contemporaine, Accroche Note investit de mani\u00e8re multiple le r\u00e9pertoire des musiques d\u2019aujourd\u2019hui. A travers une politique de commandes, il travaille en lien avec les compositeurs et se produit r\u00e9guli\u00e8rement dans de nombreuses saisons musicales nationales et internationales.<br \/>\nAfin d\u2019assurer le suivi des projets et l\u2019administration courante de l\u2019association, Accroche Note recherche un(e) charg\u00e9(e) de production artistique. Il\/elle sera en charge, en lien avec le directeur artistique :<\/p>\n<p>Du bon d\u00e9roulement des projets de diffusion \u00e0 l\u2019international ;<br \/>\nDes relations institutionnelles (formalisation des dossiers de subvention, rendez-vous institutionnelles, participation au d\u00e9veloppement et aux choix des grandes orientations) ;<br \/>\nDes relations avec les maisons de disque pour l\u2019\u00e9dition et la production de CDs ;<br \/>\nDu suivi financier de l\u2019association (\u00e9dition et r\u00e9gularisation des factures, demandes de financements, suivi des contrats, comptabilit\u00e9 en lien avec le cabinet comptable\u2026) ;<br \/>\nDe diverses actions de communication (r\u00e9daction des newsletters, relations presse, mise \u00e0 jour du site web, alimentation des r\u00e9seaux sociaux\u2026).<\/p>\n<p>Secteur d\u2019activit\u00e9 : Spectacle vivant \/ Cr\u00e9ation, diffusion et m\u00e9diation autour de la musique contemporaine<br \/>\nTaille de l\u2019entreprise : 1 ou 2 salari\u00e9(s) permanents et musiciens \/ techniciens intermittents du spectacle<\/p>\n<h2>Profil recherch\u00e9<\/h2>\n<p>Formation sup\u00e9rieure en administration culturelle<br \/>\nInt\u00e9r\u00eat pour le secteur musical<br \/>\nRigueur dans le travail et sens du relationnel<br \/>\nMa\u00eetrise des principaux outils informatiques<br \/>\nMa\u00eetrise de langues \u00e9trang\u00e8res : Anglais, exig\u00e9 \/ Allemand, souhait\u00e9<\/p>\n<p>Date de prise de fonction \u00e0 convenir (rentr\u00e9e 2022) \/ Candidatures jusqu\u2019au jeudi 1er septembre 2022<br \/>\nLieu de travail : Strasbourg (6 rue des cordonniers) \u2013 d\u00e9placements occasionnels<br \/>\nType de contrat<br \/>\nCDD puis CDI<br \/>\nExp\u00e9rience exig\u00e9e<br \/>\nSalaire indicatif : 800 euros net mensuels<br \/>\nDur\u00e9e hebdomadaire de travail<br \/>\n17,5 heures hebdomadaires (du lundi au vendredi \u2013 9h \u00e0 12h30)<\/p>\n<h2>CONTACT et INFORMATIONS :<\/h2>\n<p>Armand Angster, directeur artistique<br \/>\n6, rue des Cordonniers \u2013 67000 Strasbourg<br \/>\npar t\u00e9l\u00e9phone : 03 88 23 18 44<br \/>\npar mail : accrochenote@gmail.com<\/p>\n<p><a href=\"https:\/\/www.accrochenote.com\/\">www.accrochenote.com<\/a><\/p>\n<p>L\u2019article <a href=\"https:\/\/popburo.fr\/lensemble-accroche-note-recrute-un-charge-de-production-artistique-f-h\/\">L\u2019ENSEMBLE ACCROCHE NOTE recrute un charg\u00e9 de production artistique [F\/H]<\/a> est apparu en premier sur <a href=\"https:\/\/popburo.fr\/\">POP B\u00dcRO<\/a>.<\/p>\n","protected":false},"excerpt":{"rendered":"<p>Ensemble de musique contemporaine, Accroche Note investit de mani\u00e8re multiple le r\u00e9pertoire des musiques d\u2019aujourd\u2019hui. A travers une politique de commandes, il travaille en lien avec les compositeurs et se produit r\u00e9guli\u00e8rement dans de nombreuses saisons musicales nationales et internationales. Afin d\u2019assurer le suivi des projets et l\u2019administration courante de l\u2019association, Accroche Note recherche un(e) charg\u00e9(e) de production artistique. Il\/elle sera en charge, en lien avec le directeur artistique : Du bon d\u00e9roulement des projets de diffusion \u00e0 l\u2019international ; [&hellip;]<\/p>\n","protected":false},"author":0,"featured_media":0,"comment_status":"closed","ping_status":"open","sticky":false,"template":"","format":"standard","meta":{"footnotes":""},"categories":[1],"tags":[],"class_list":["post-3346","post","type-post","status-publish","format-standard","hentry","category-non-classe"],"yoast_head":"<!-- This site is optimized with the Yoast SEO plugin v27.5 - https:\/\/yoast.com\/product\/yoast-seo-wordpress\/ -->\n<title>L\u2019ENSEMBLE ACCROCHE NOTE recrute un charg\u00e9 de production artistique [F\/H] - HIERO STRASBOURG<\/title>\n<meta name=\"robots\" content=\"index, follow, max-snippet:-1, max-image-preview:large, max-video-preview:-1\" \/>\n<link rel=\"canonical\" href=\"https:\/\/hierostrasbourg.com\/index.php\/2022\/07\/27\/lensemble-accroche-note-recrute-un-charge-de-production-artistique-f-h\/\" \/>\n<meta property=\"og:locale\" content=\"fr_FR\" \/>\n<meta property=\"og:type\" content=\"article\" \/>\n<meta property=\"og:title\" content=\"L\u2019ENSEMBLE ACCROCHE NOTE recrute un charg\u00e9 de production artistique [F\/H] - HIERO STRASBOURG\" \/>\n<meta property=\"og:description\" content=\"Ensemble de musique contemporaine, Accroche Note investit de mani\u00e8re multiple le r\u00e9pertoire des musiques d\u2019aujourd\u2019hui. A travers une politique de commandes, il travaille en lien avec les compositeurs et se produit r\u00e9guli\u00e8rement dans de nombreuses saisons musicales nationales et internationales. Afin d\u2019assurer le suivi des projets et l\u2019administration courante de l\u2019association, Accroche Note recherche un(e) charg\u00e9(e) de production artistique. Il\/elle sera en charge, en lien avec le directeur artistique : Du bon d\u00e9roulement des projets de diffusion \u00e0 l\u2019international ; [&hellip;]\" \/>\n<meta property=\"og:url\" content=\"https:\/\/hierostrasbourg.com\/index.php\/2022\/07\/27\/lensemble-accroche-note-recrute-un-charge-de-production-artistique-f-h\/\" \/>\n<meta property=\"og:site_name\" content=\"HIERO STRASBOURG\" \/>\n<meta property=\"article:publisher\" content=\"https:\/\/www.facebook.com\/fedehierostrasbourg\" \/>\n<meta property=\"article:published_time\" content=\"2022-07-27T21:32:38+00:00\" \/>\n<meta name=\"twitter:card\" content=\"summary_large_image\" \/>\n<meta name=\"twitter:creator\" content=\"@hierostrasbourg\" \/>\n<meta name=\"twitter:site\" content=\"@hierostrasbourg\" \/>\n<meta name=\"twitter:label1\" content=\"Dur\u00e9e de lecture estim\u00e9e\" \/>\n\t<meta name=\"twitter:data1\" content=\"2 minutes\" \/>\n<script type=\"application\/ld+json\" class=\"yoast-schema-graph\">{\"@context\":\"https:\\\/\\\/schema.org\",\"@graph\":[{\"@type\":\"Article\",\"@id\":\"https:\\\/\\\/hierostrasbourg.com\\\/index.php\\\/2022\\\/07\\\/27\\\/lensemble-accroche-note-recrute-un-charge-de-production-artistique-f-h\\\/#article\",\"isPartOf\":{\"@id\":\"https:\\\/\\\/hierostrasbourg.com\\\/index.php\\\/2022\\\/07\\\/27\\\/lensemble-accroche-note-recrute-un-charge-de-production-artistique-f-h\\\/\"},\"author\":{\"name\":\"\",\"@id\":\"\"},\"headline\":\"L\u2019ENSEMBLE ACCROCHE NOTE recrute un charg\u00e9 de production artistique [F\\\/H]\",\"datePublished\":\"2022-07-27T21:32:38+00:00\",\"mainEntityOfPage\":{\"@id\":\"https:\\\/\\\/hierostrasbourg.com\\\/index.php\\\/2022\\\/07\\\/27\\\/lensemble-accroche-note-recrute-un-charge-de-production-artistique-f-h\\\/\"},\"wordCount\":350,\"publisher\":{\"@id\":\"https:\\\/\\\/hierostrasbourg.com\\\/#organization\"},\"inLanguage\":\"fr-FR\"},{\"@type\":\"WebPage\",\"@id\":\"https:\\\/\\\/hierostrasbourg.com\\\/index.php\\\/2022\\\/07\\\/27\\\/lensemble-accroche-note-recrute-un-charge-de-production-artistique-f-h\\\/\",\"url\":\"https:\\\/\\\/hierostrasbourg.com\\\/index.php\\\/2022\\\/07\\\/27\\\/lensemble-accroche-note-recrute-un-charge-de-production-artistique-f-h\\\/\",\"name\":\"L\u2019ENSEMBLE ACCROCHE NOTE recrute un charg\u00e9 de production artistique [F\\\/H] - HIERO STRASBOURG\",\"isPartOf\":{\"@id\":\"https:\\\/\\\/hierostrasbourg.com\\\/#website\"},\"datePublished\":\"2022-07-27T21:32:38+00:00\",\"breadcrumb\":{\"@id\":\"https:\\\/\\\/hierostrasbourg.com\\\/index.php\\\/2022\\\/07\\\/27\\\/lensemble-accroche-note-recrute-un-charge-de-production-artistique-f-h\\\/#breadcrumb\"},\"inLanguage\":\"fr-FR\",\"potentialAction\":[{\"@type\":\"ReadAction\",\"target\":[\"https:\\\/\\\/hierostrasbourg.com\\\/index.php\\\/2022\\\/07\\\/27\\\/lensemble-accroche-note-recrute-un-charge-de-production-artistique-f-h\\\/\"]}]},{\"@type\":\"BreadcrumbList\",\"@id\":\"https:\\\/\\\/hierostrasbourg.com\\\/index.php\\\/2022\\\/07\\\/27\\\/lensemble-accroche-note-recrute-un-charge-de-production-artistique-f-h\\\/#breadcrumb\",\"itemListElement\":[{\"@type\":\"ListItem\",\"position\":1,\"name\":\"Accueil\",\"item\":\"https:\\\/\\\/hierostrasbourg.com\\\/\"},{\"@type\":\"ListItem\",\"position\":2,\"name\":\"L\u2019ENSEMBLE ACCROCHE NOTE recrute un charg\u00e9 de production artistique [F\\\/H]\"}]},{\"@type\":\"WebSite\",\"@id\":\"https:\\\/\\\/hierostrasbourg.com\\\/#website\",\"url\":\"https:\\\/\\\/hierostrasbourg.com\\\/\",\"name\":\"HIERO STRASBOURG\",\"description\":\"Centre de Ressources Musiques Actuelles\",\"publisher\":{\"@id\":\"https:\\\/\\\/hierostrasbourg.com\\\/#organization\"},\"potentialAction\":[{\"@type\":\"SearchAction\",\"target\":{\"@type\":\"EntryPoint\",\"urlTemplate\":\"https:\\\/\\\/hierostrasbourg.com\\\/?s={search_term_string}\"},\"query-input\":{\"@type\":\"PropertyValueSpecification\",\"valueRequired\":true,\"valueName\":\"search_term_string\"}}],\"inLanguage\":\"fr-FR\"},{\"@type\":\"Organization\",\"@id\":\"https:\\\/\\\/hierostrasbourg.com\\\/#organization\",\"name\":\"F\u00e9d\u00e9ration Hi\u00e9ro Strasbourg\",\"url\":\"https:\\\/\\\/hierostrasbourg.com\\\/\",\"logo\":{\"@type\":\"ImageObject\",\"inLanguage\":\"fr-FR\",\"@id\":\"https:\\\/\\\/hierostrasbourg.com\\\/#\\\/schema\\\/logo\\\/image\\\/\",\"url\":\"https:\\\/\\\/hierostrasbourg.com\\\/wp-content\\\/uploads\\\/2026\\\/04\\\/logo-hiero-strasbourg.jpg\",\"contentUrl\":\"https:\\\/\\\/hierostrasbourg.com\\\/wp-content\\\/uploads\\\/2026\\\/04\\\/logo-hiero-strasbourg.jpg\",\"width\":204,\"height\":192,\"caption\":\"F\u00e9d\u00e9ration Hi\u00e9ro Strasbourg\"},\"image\":{\"@id\":\"https:\\\/\\\/hierostrasbourg.com\\\/#\\\/schema\\\/logo\\\/image\\\/\"},\"sameAs\":[\"https:\\\/\\\/www.facebook.com\\\/fedehierostrasbourg\",\"https:\\\/\\\/x.com\\\/hierostrasbourg\"]}]}<\/script>\n<!-- \/ Yoast SEO plugin. -->","yoast_head_json":{"title":"L\u2019ENSEMBLE ACCROCHE NOTE recrute un charg\u00e9 de production artistique [F\/H] - HIERO STRASBOURG","robots":{"index":"index","follow":"follow","max-snippet":"max-snippet:-1","max-image-preview":"max-image-preview:large","max-video-preview":"max-video-preview:-1"},"canonical":"https:\/\/hierostrasbourg.com\/index.php\/2022\/07\/27\/lensemble-accroche-note-recrute-un-charge-de-production-artistique-f-h\/","og_locale":"fr_FR","og_type":"article","og_title":"L\u2019ENSEMBLE ACCROCHE NOTE recrute un charg\u00e9 de production artistique [F\/H] - HIERO STRASBOURG","og_description":"Ensemble de musique contemporaine, Accroche Note investit de mani\u00e8re multiple le r\u00e9pertoire des musiques d\u2019aujourd\u2019hui. A travers une politique de commandes, il travaille en lien avec les compositeurs et se produit r\u00e9guli\u00e8rement dans de nombreuses saisons musicales nationales et internationales. Afin d\u2019assurer le suivi des projets et l\u2019administration courante de l\u2019association, Accroche Note recherche un(e) charg\u00e9(e) de production artistique. Il\/elle sera en charge, en lien avec le directeur artistique : Du bon d\u00e9roulement des projets de diffusion \u00e0 l\u2019international ; [&hellip;]","og_url":"https:\/\/hierostrasbourg.com\/index.php\/2022\/07\/27\/lensemble-accroche-note-recrute-un-charge-de-production-artistique-f-h\/","og_site_name":"HIERO STRASBOURG","article_publisher":"https:\/\/www.facebook.com\/fedehierostrasbourg","article_published_time":"2022-07-27T21:32:38+00:00","twitter_card":"summary_large_image","twitter_creator":"@hierostrasbourg","twitter_site":"@hierostrasbourg","twitter_misc":{"Dur\u00e9e de lecture estim\u00e9e":"2 minutes"},"schema":{"@context":"https:\/\/schema.org","@graph":[{"@type":"Article","@id":"https:\/\/hierostrasbourg.com\/index.php\/2022\/07\/27\/lensemble-accroche-note-recrute-un-charge-de-production-artistique-f-h\/#article","isPartOf":{"@id":"https:\/\/hierostrasbourg.com\/index.php\/2022\/07\/27\/lensemble-accroche-note-recrute-un-charge-de-production-artistique-f-h\/"},"author":{"name":"","@id":""},"headline":"L\u2019ENSEMBLE ACCROCHE NOTE recrute un charg\u00e9 de production artistique [F\/H]","datePublished":"2022-07-27T21:32:38+00:00","mainEntityOfPage":{"@id":"https:\/\/hierostrasbourg.com\/index.php\/2022\/07\/27\/lensemble-accroche-note-recrute-un-charge-de-production-artistique-f-h\/"},"wordCount":350,"publisher":{"@id":"https:\/\/hierostrasbourg.com\/#organization"},"inLanguage":"fr-FR"},{"@type":"WebPage","@id":"https:\/\/hierostrasbourg.com\/index.php\/2022\/07\/27\/lensemble-accroche-note-recrute-un-charge-de-production-artistique-f-h\/","url":"https:\/\/hierostrasbourg.com\/index.php\/2022\/07\/27\/lensemble-accroche-note-recrute-un-charge-de-production-artistique-f-h\/","name":"L\u2019ENSEMBLE ACCROCHE NOTE recrute un charg\u00e9 de production artistique [F\/H] - HIERO STRASBOURG","isPartOf":{"@id":"https:\/\/hierostrasbourg.com\/#website"},"datePublished":"2022-07-27T21:32:38+00:00","breadcrumb":{"@id":"https:\/\/hierostrasbourg.com\/index.php\/2022\/07\/27\/lensemble-accroche-note-recrute-un-charge-de-production-artistique-f-h\/#breadcrumb"},"inLanguage":"fr-FR","potentialAction":[{"@type":"ReadAction","target":["https:\/\/hierostrasbourg.com\/index.php\/2022\/07\/27\/lensemble-accroche-note-recrute-un-charge-de-production-artistique-f-h\/"]}]},{"@type":"BreadcrumbList","@id":"https:\/\/hierostrasbourg.com\/index.php\/2022\/07\/27\/lensemble-accroche-note-recrute-un-charge-de-production-artistique-f-h\/#breadcrumb","itemListElement":[{"@type":"ListItem","position":1,"name":"Accueil","item":"https:\/\/hierostrasbourg.com\/"},{"@type":"ListItem","position":2,"name":"L\u2019ENSEMBLE ACCROCHE NOTE recrute un charg\u00e9 de production artistique [F\/H]"}]},{"@type":"WebSite","@id":"https:\/\/hierostrasbourg.com\/#website","url":"https:\/\/hierostrasbourg.com\/","name":"HIERO STRASBOURG","description":"Centre de Ressources Musiques Actuelles","publisher":{"@id":"https:\/\/hierostrasbourg.com\/#organization"},"potentialAction":[{"@type":"SearchAction","target":{"@type":"EntryPoint","urlTemplate":"https:\/\/hierostrasbourg.com\/?s={search_term_string}"},"query-input":{"@type":"PropertyValueSpecification","valueRequired":true,"valueName":"search_term_string"}}],"inLanguage":"fr-FR"},{"@type":"Organization","@id":"https:\/\/hierostrasbourg.com\/#organization","name":"F\u00e9d\u00e9ration Hi\u00e9ro Strasbourg","url":"https:\/\/hierostrasbourg.com\/","logo":{"@type":"ImageObject","inLanguage":"fr-FR","@id":"https:\/\/hierostrasbourg.com\/#\/schema\/logo\/image\/","url":"https:\/\/hierostrasbourg.com\/wp-content\/uploads\/2026\/04\/logo-hiero-strasbourg.jpg","contentUrl":"https:\/\/hierostrasbourg.com\/wp-content\/uploads\/2026\/04\/logo-hiero-strasbourg.jpg","width":204,"height":192,"caption":"F\u00e9d\u00e9ration Hi\u00e9ro Strasbourg"},"image":{"@id":"https:\/\/hierostrasbourg.com\/#\/schema\/logo\/image\/"},"sameAs":["https:\/\/www.facebook.com\/fedehierostrasbourg","https:\/\/x.com\/hierostrasbourg"]}]}},"_links":{"self":[{"href":"https:\/\/hierostrasbourg.com\/index.php\/wp-json\/wp\/v2\/posts\/3346","targetHints":{"allow":["GET"]}}],"collection":[{"href":"https:\/\/hierostrasbourg.com\/index.php\/wp-json\/wp\/v2\/posts"}],"about":[{"href":"https:\/\/hierostrasbourg.com\/index.php\/wp-json\/wp\/v2\/types\/post"}],"replies":[{"embeddable":true,"href":"https:\/\/hierostrasbourg.com\/index.php\/wp-json\/wp\/v2\/comments?post=3346"}],"version-history":[{"count":0,"href":"https:\/\/hierostrasbourg.com\/index.php\/wp-json\/wp\/v2\/posts\/3346\/revisions"}],"wp:attachment":[{"href":"https:\/\/hierostrasbourg.com\/index.php\/wp-json\/wp\/v2\/media?parent=3346"}],"wp:term":[{"taxonomy":"category","embeddable":true,"href":"https:\/\/hierostrasbourg.com\/index.php\/wp-json\/wp\/v2\/categories?post=3346"},{"taxonomy":"post_tag","embeddable":true,"href":"https:\/\/hierostrasbourg.com\/index.php\/wp-json\/wp\/v2\/tags?post=3346"}],"curies":[{"name":"wp","href":"https:\/\/api.w.org\/{rel}","templated":true}]}}