{"id":3342,"date":"2022-07-26T23:31:48","date_gmt":"2022-07-26T21:31:48","guid":{"rendered":"https:\/\/hierostrasbourg.com\/index.php\/2022\/07\/26\/le-tns-recrute-un-directeur-des-ressources-humaines-h\/"},"modified":"2022-07-26T23:31:48","modified_gmt":"2022-07-26T21:31:48","slug":"le-tns-recrute-un-directeur-des-ressources-humaines-h","status":"publish","type":"post","link":"https:\/\/hierostrasbourg.com\/index.php\/2022\/07\/26\/le-tns-recrute-un-directeur-des-ressources-humaines-h\/","title":{"rendered":"le TNS recrute un directeur des ressources humaines [\/H]"},"content":{"rendered":"<p>Lieu unique dans le paysage th\u00e9\u00e2tral fran\u00e7ais, le Th\u00e9\u00e2tre National de Strasbourg (TNS) est le seul th\u00e9\u00e2tre national implant\u00e9 en r\u00e9gion.<br \/>\nEtablissement public industriel et commercial plac\u00e9 sous la tutelle du minist\u00e8re de la Culture, il comprend pr\u00e8s de cent salari\u00e9s permanents de droit priv\u00e9 (99 ETPT) et accueille chaque mois de nombreux artistes et intermittents techniques. L\u2019emploi repr\u00e9sente environ 123 ETPT tous personnels confondus. Le budget artistique annuel approche 3,8M\u20ac, tandis que la masse salariale repr\u00e9sente environ 7M\u20ac. En fonction du profil d\u2019activit\u00e9 sur un mois, le nombre de paies vers\u00e9es oscille entre 250 et 400.<\/p>\n<p>En outre, le TNS abrite en son sein une \u00c9cole sup\u00e9rieure d\u2019art dramatique interdisciplinaire qui accueille en permanence deux promotions r\u00e9unissant une cinquantaine d\u2019\u00e9l\u00e8ves dans le cadre d\u2019un parcours de formation de trois ans, ainsi que des ateliers de construction de d\u00e9cors et de costumes, des salles de spectacles et de r\u00e9p\u00e9titions.<br \/>\nLe TNS et son Ecole sont dirig\u00e9s, depuis 2014, par Stanislas Nordey.<\/p>\n<h2>Missions<\/h2>\n<p>Plac\u00e9(e) sous l\u2019autorit\u00e9 du directeur et de l\u2019administrateur, et membre du comit\u00e9 de direction et du comit\u00e9 strat\u00e9gique, le.la direct.eur.rice des ressources humaines assure les missions suivantes, en s\u2019appuyant sur son \u00e9quipe en tant que de besoin :<\/p>\n<p>En liaison avec l\u2019administrateur, il.elle est responsable :<\/p>\n<p>Des recrutements et de la gestion individuelle des carri\u00e8res (politique d\u2019accueil et d\u2019int\u00e9gration, \u00e9volution de carri\u00e8re, acc\u00e8s \u00e0 la formation, mise en place d\u2019une gestion pr\u00e9visionnelle des emplois, effectifs et comp\u00e9tences) et assure, dans ce cadre, le respect des visas pr\u00e9alables impos\u00e9s par le plan de contr\u00f4le auquel l\u2019\u00e9tablissement est soumis ;<br \/>\nDu dialogue social, tant en termes de structuration de la strat\u00e9gie d\u2019\u00e9tablissement qu\u2019en mati\u00e8re de gestion quotidienne, incluant notamment la pr\u00e9paration des n\u00e9gociations annuelles obligatoires, le suivi des dispositions conventionnelles et l\u2019\u00e9laboration de projets d\u2019accords, la pr\u00e9paration et la participation au CSE, l\u2019organisation des \u00e9lections professionnelles (CSE et CA) ;<br \/>\nDu pilotage du plafond d\u2019emplois, des budgets de personnel, dont la masse salariale intermittente, en lien avec le directeur technique et l\u2019administratrice adjointe ;<br \/>\nDe la supervision de la gestion et du suivi du temps de travail de l\u2019ensemble des personnels ;<br \/>\nDe la supervision de la paie, en lien, en tant que de besoin, avec l\u2019administratrice adjointe et les services comptables ;<br \/>\nDe la conduite des proc\u00e9dures disciplinaires ;<br \/>\nDe la supervision de l\u2019\u00e9laboration et de la mise en \u0153uvre du plan de d\u00e9veloppement des comp\u00e9tences ;<br \/>\nDe l\u2019actualisation r\u00e9guli\u00e8re du document unique d\u2019\u00e9valuation des risques professionnels (DUERP), en lien avec le directeur technique ;<br \/>\nDe la gestion des relations avec l\u2019\u00e9diteur du syst\u00e8me d\u2019information RH (SIRH) et avec l\u2019\u00e9diteur du logiciel de paie, en lien avec l\u2019administratrice adjointe ;<br \/>\nDe la supervision de la BDESE de l\u2019\u00e9tablissement ;<br \/>\nDes relations avec les organismes ext\u00e9rieurs (DEETS, m\u00e9decine du travail, CPAM, CARSAT, mutuelle, pr\u00e9voyance\u2026)<br \/>\nDu pilotage de chantiers structurants : am\u00e9lioration continue du SIRH, interfa\u00e7age entre le SIRH et le logiciel de paie, mise en place de la signature \u00e9lectronique et du coffre-fort \u00e9lectronique, d\u00e9ploiement d\u2019entretiens d\u2019\u00e9valuation, mise en place de lettres de mission \u00e0 destination des cadres de direction d\u00e9clinant les objectifs annuels assign\u00e9s par le minist\u00e8re de la Culture au directeur de l\u2019\u00e9tablissement ;<br \/>\nDe la politique de communication interne en mati\u00e8re RH (notes d\u2019information \u00e0 destination des personnels et de leur diffusion, intranet\u2026) ;<br \/>\nDe la structuration et de l\u2019animation de la politique de RSO (\u00e9galit\u00e9, diversit\u00e9, pr\u00e9vention et lutte contre les violences et le harc\u00e8lement sexuels et sexistes, labellisation), et assure \u00e0 cet \u00e9gard d\u2019une part l\u2019articulation des actions \u00e0 destination de tous les personnels, quel que soit leur statut (permanent, intermittent, CDII) et d\u2019autre part participe \u00e0 la bonne coordination des actions conduites en ce domaine en lien \u00e9troit avec les services m\u00e9tiers, notamment le service communication, le service m\u00e9c\u00e9nat et la direction des \u00e9tudes ;<br \/>\nDe la veille juridique et sociale.<\/p>\n<p>Par ailleurs, le.la direct.eur.rice des ressources humaines :<\/p>\n<p>Assure la bonne organisation des assembl\u00e9es g\u00e9n\u00e9rales du personnel ;<br \/>\nContribue \u00e0 la pr\u00e9paration des r\u00e9unions du conseil d\u2019administration dans son domaine d\u2019intervention et y intervient \u00e0 la demande du directeur et de l\u2019administrateur ;<br \/>\nParticipe \u00e0 l\u2019actualisation et au suivi des documents de pilotage et de gouvernance de l\u2019\u00e9tablissement dans son domaine d\u2019intervention (bilan annuel d\u2019activit\u00e9, contrat d\u2019objectifs et de performance, plan de continuit\u00e9 d\u2019activit\u00e9) ;<br \/>\nCollabore de mani\u00e8re \u00e9troite avec l\u2019administratrice adjointe en mati\u00e8re de structuration et d\u2019application des dispositifs de contr\u00f4le interne ;<br \/>\nIntervient, en tant que de besoin, dans les r\u00e9unions de d\u00e9partement des autres cadres de direction ;<br \/>\nSi\u00e8ge au comit\u00e9 de direction et au comit\u00e9 strat\u00e9gique de l\u2019\u00e9tablissement.<\/p>\n<p>En outre, il.elle est charg\u00e9.e de l\u2019encadrement du service des ressources humaines, plac\u00e9 sous son autorit\u00e9 directe, et du management de ses membres (la responsable du d\u00e9veloppement des ressources humaines, la responsable de l\u2019accompagnement du personnel et la charg\u00e9e de mission paie). Il assure la continuit\u00e9 d\u2019activit\u00e9 du service en assurant directement, en tant que de besoin, tout ou partie des t\u00e2ches des membres du service des ressources humaines.<\/p>\n<p>En mati\u00e8re manag\u00e9riale, il.elle assure notamment les missions suivantes :<\/p>\n<p>il.elle anime les r\u00e9unions de service hebdomadaires ;<br \/>\nil.elle recense annuellement les besoins en formations des membres de son \u00e9quipe ;<br \/>\nil.elle conduit les entretiens r\u00e9guliers avec les salari\u00e9es plac\u00e9es sous son autorit\u00e9 ;<br \/>\nil.elle formule les propositions d\u2019avancement et de promotion dans le cadre des n\u00e9gociations annuelles obligatoires ;<br \/>\nil.elle contribue \u00e0 l\u2019\u00e9panouissement professionnel des salari\u00e9es qu\u2019il.elle encadre.<\/p>\n<h2>Profil recherch\u00e9<\/h2>\n<p>Formation Bac +5 en droit social et\/ou ressources humaines<br \/>\nAptitudes \u00e0 entretenir un dialogue permanent avec la hi\u00e9rarchie, les salari\u00e9.e.s et leurs encadrant.e.s, et avec les instances repr\u00e9sentatives du personnel<br \/>\nCapacit\u00e9s r\u00e9dactionnelles, organisationnelles et relationnelles fortes<br \/>\nComp\u00e9tences appuy\u00e9es en conduite de n\u00e9gociation et de synth\u00e8se<br \/>\nMa\u00eetrise des enjeux budg\u00e9taires<br \/>\nCapacit\u00e9 \u00e0 \u00eatre force de proposition<br \/>\nMa\u00eetrise d\u2019Excel, des SIRH et des logiciels de paie<br \/>\nUne connaissance des enjeux sociaux du spectacle vivant serait un atout<br \/>\nDisponibilit\u00e9, r\u00e9activit\u00e9, discr\u00e9tion.<\/p>\n<h2>Description de l\u2019exp\u00e9rience recherch\u00e9e<\/h2>\n<p>Exp\u00e9rience minimale de 5 ans sur des fonctions similaires<br \/>\nDate de prise de fonction : 2 janvier 2023<br \/>\nDate limite de candidature18\/09\/2022<br \/>\nR\u00e9mun\u00e9ration selon grille et exp\u00e9rience<\/p>\n<p>Dans le cadre de sa strat\u00e9gie de Responsabilit\u00e9 Sociale des Organisations (RSO), le TNS s\u2019engage \u00e0 promouvoir l\u2019\u00e9galit\u00e9 professionnelle et la pr\u00e9vention des discriminations dans ses activit\u00e9s de recrutement. Une cellule d\u2019\u00e9coute, d\u2019alerte et de traitement est mise \u00e0 la disposition des candidat\u00b7e\u00b7s qui estimeraient avoir fait l\u2019objet d\u2019une rupture d\u2019\u00e9galit\u00e9 de traitement. Les candidatures seront examin\u00e9es coll\u00e9gialement. Les personnes pr\u00e9s\u00e9lectionn\u00e9es seront invit\u00e9es \u00e0 un ou plusieurs entretiens entre septembre et fin octobre.<\/p>\n<p>www.tns.fr<\/p>\n<p>L\u2019article <a href=\"https:\/\/popburo.fr\/le-tns-recrute-un-directeur-des-ressources-humaines-h\/\">le TNS recrute un directeur des ressources humaines [\/H]<\/a> est apparu en premier sur <a href=\"https:\/\/popburo.fr\/\">POP B\u00dcRO<\/a>.<\/p>\n","protected":false},"excerpt":{"rendered":"<p>Lieu unique dans le paysage th\u00e9\u00e2tral fran\u00e7ais, le Th\u00e9\u00e2tre National de Strasbourg (TNS) est le seul th\u00e9\u00e2tre national implant\u00e9 en r\u00e9gion. Etablissement public industriel et commercial plac\u00e9 sous la tutelle du minist\u00e8re de la Culture, il comprend pr\u00e8s de cent salari\u00e9s permanents de droit priv\u00e9 (99 ETPT) et accueille chaque mois de nombreux artistes et intermittents techniques. L\u2019emploi repr\u00e9sente environ 123 ETPT tous personnels confondus. Le budget artistique annuel approche 3,8M\u20ac, tandis que la masse salariale repr\u00e9sente environ 7M\u20ac. En [&hellip;]<\/p>\n","protected":false},"author":0,"featured_media":0,"comment_status":"closed","ping_status":"open","sticky":false,"template":"","format":"standard","meta":{"footnotes":""},"categories":[1],"tags":[],"class_list":["post-3342","post","type-post","status-publish","format-standard","hentry","category-non-classe"],"yoast_head":"<!-- This site is optimized with the Yoast SEO plugin v27.5 - https:\/\/yoast.com\/product\/yoast-seo-wordpress\/ -->\n<title>le TNS recrute un directeur des ressources humaines [\/H] - HIERO STRASBOURG<\/title>\n<meta name=\"robots\" content=\"index, follow, max-snippet:-1, max-image-preview:large, max-video-preview:-1\" \/>\n<link rel=\"canonical\" href=\"https:\/\/hierostrasbourg.com\/index.php\/2022\/07\/26\/le-tns-recrute-un-directeur-des-ressources-humaines-h\/\" \/>\n<meta property=\"og:locale\" content=\"fr_FR\" \/>\n<meta property=\"og:type\" content=\"article\" \/>\n<meta property=\"og:title\" content=\"le TNS recrute un directeur des ressources humaines [\/H] - HIERO STRASBOURG\" \/>\n<meta property=\"og:description\" content=\"Lieu unique dans le paysage th\u00e9\u00e2tral fran\u00e7ais, le Th\u00e9\u00e2tre National de Strasbourg (TNS) est le seul th\u00e9\u00e2tre national implant\u00e9 en r\u00e9gion. Etablissement public industriel et commercial plac\u00e9 sous la tutelle du minist\u00e8re de la Culture, il comprend pr\u00e8s de cent salari\u00e9s permanents de droit priv\u00e9 (99 ETPT) et accueille chaque mois de nombreux artistes et intermittents techniques. L\u2019emploi repr\u00e9sente environ 123 ETPT tous personnels confondus. Le budget artistique annuel approche 3,8M\u20ac, tandis que la masse salariale repr\u00e9sente environ 7M\u20ac. En [&hellip;]\" \/>\n<meta property=\"og:url\" content=\"https:\/\/hierostrasbourg.com\/index.php\/2022\/07\/26\/le-tns-recrute-un-directeur-des-ressources-humaines-h\/\" \/>\n<meta property=\"og:site_name\" content=\"HIERO STRASBOURG\" \/>\n<meta property=\"article:publisher\" content=\"https:\/\/www.facebook.com\/fedehierostrasbourg\" \/>\n<meta property=\"article:published_time\" content=\"2022-07-26T21:31:48+00:00\" \/>\n<meta name=\"twitter:card\" content=\"summary_large_image\" \/>\n<meta name=\"twitter:creator\" content=\"@hierostrasbourg\" \/>\n<meta name=\"twitter:site\" content=\"@hierostrasbourg\" \/>\n<meta name=\"twitter:label1\" content=\"Dur\u00e9e de lecture estim\u00e9e\" \/>\n\t<meta name=\"twitter:data1\" content=\"6 minutes\" \/>\n<script type=\"application\/ld+json\" class=\"yoast-schema-graph\">{\"@context\":\"https:\\\/\\\/schema.org\",\"@graph\":[{\"@type\":\"Article\",\"@id\":\"https:\\\/\\\/hierostrasbourg.com\\\/index.php\\\/2022\\\/07\\\/26\\\/le-tns-recrute-un-directeur-des-ressources-humaines-h\\\/#article\",\"isPartOf\":{\"@id\":\"https:\\\/\\\/hierostrasbourg.com\\\/index.php\\\/2022\\\/07\\\/26\\\/le-tns-recrute-un-directeur-des-ressources-humaines-h\\\/\"},\"author\":{\"name\":\"\",\"@id\":\"\"},\"headline\":\"le TNS recrute un directeur des ressources humaines [\\\/H]\",\"datePublished\":\"2022-07-26T21:31:48+00:00\",\"mainEntityOfPage\":{\"@id\":\"https:\\\/\\\/hierostrasbourg.com\\\/index.php\\\/2022\\\/07\\\/26\\\/le-tns-recrute-un-directeur-des-ressources-humaines-h\\\/\"},\"wordCount\":1254,\"publisher\":{\"@id\":\"https:\\\/\\\/hierostrasbourg.com\\\/#organization\"},\"inLanguage\":\"fr-FR\"},{\"@type\":\"WebPage\",\"@id\":\"https:\\\/\\\/hierostrasbourg.com\\\/index.php\\\/2022\\\/07\\\/26\\\/le-tns-recrute-un-directeur-des-ressources-humaines-h\\\/\",\"url\":\"https:\\\/\\\/hierostrasbourg.com\\\/index.php\\\/2022\\\/07\\\/26\\\/le-tns-recrute-un-directeur-des-ressources-humaines-h\\\/\",\"name\":\"le TNS recrute un directeur des ressources humaines [\\\/H] - HIERO STRASBOURG\",\"isPartOf\":{\"@id\":\"https:\\\/\\\/hierostrasbourg.com\\\/#website\"},\"datePublished\":\"2022-07-26T21:31:48+00:00\",\"breadcrumb\":{\"@id\":\"https:\\\/\\\/hierostrasbourg.com\\\/index.php\\\/2022\\\/07\\\/26\\\/le-tns-recrute-un-directeur-des-ressources-humaines-h\\\/#breadcrumb\"},\"inLanguage\":\"fr-FR\",\"potentialAction\":[{\"@type\":\"ReadAction\",\"target\":[\"https:\\\/\\\/hierostrasbourg.com\\\/index.php\\\/2022\\\/07\\\/26\\\/le-tns-recrute-un-directeur-des-ressources-humaines-h\\\/\"]}]},{\"@type\":\"BreadcrumbList\",\"@id\":\"https:\\\/\\\/hierostrasbourg.com\\\/index.php\\\/2022\\\/07\\\/26\\\/le-tns-recrute-un-directeur-des-ressources-humaines-h\\\/#breadcrumb\",\"itemListElement\":[{\"@type\":\"ListItem\",\"position\":1,\"name\":\"Accueil\",\"item\":\"https:\\\/\\\/hierostrasbourg.com\\\/\"},{\"@type\":\"ListItem\",\"position\":2,\"name\":\"le TNS recrute un directeur des ressources humaines [\\\/H]\"}]},{\"@type\":\"WebSite\",\"@id\":\"https:\\\/\\\/hierostrasbourg.com\\\/#website\",\"url\":\"https:\\\/\\\/hierostrasbourg.com\\\/\",\"name\":\"HIERO STRASBOURG\",\"description\":\"Centre de Ressources Musiques Actuelles\",\"publisher\":{\"@id\":\"https:\\\/\\\/hierostrasbourg.com\\\/#organization\"},\"potentialAction\":[{\"@type\":\"SearchAction\",\"target\":{\"@type\":\"EntryPoint\",\"urlTemplate\":\"https:\\\/\\\/hierostrasbourg.com\\\/?s={search_term_string}\"},\"query-input\":{\"@type\":\"PropertyValueSpecification\",\"valueRequired\":true,\"valueName\":\"search_term_string\"}}],\"inLanguage\":\"fr-FR\"},{\"@type\":\"Organization\",\"@id\":\"https:\\\/\\\/hierostrasbourg.com\\\/#organization\",\"name\":\"F\u00e9d\u00e9ration Hi\u00e9ro Strasbourg\",\"url\":\"https:\\\/\\\/hierostrasbourg.com\\\/\",\"logo\":{\"@type\":\"ImageObject\",\"inLanguage\":\"fr-FR\",\"@id\":\"https:\\\/\\\/hierostrasbourg.com\\\/#\\\/schema\\\/logo\\\/image\\\/\",\"url\":\"https:\\\/\\\/hierostrasbourg.com\\\/wp-content\\\/uploads\\\/2026\\\/04\\\/logo-hiero-strasbourg.jpg\",\"contentUrl\":\"https:\\\/\\\/hierostrasbourg.com\\\/wp-content\\\/uploads\\\/2026\\\/04\\\/logo-hiero-strasbourg.jpg\",\"width\":204,\"height\":192,\"caption\":\"F\u00e9d\u00e9ration Hi\u00e9ro Strasbourg\"},\"image\":{\"@id\":\"https:\\\/\\\/hierostrasbourg.com\\\/#\\\/schema\\\/logo\\\/image\\\/\"},\"sameAs\":[\"https:\\\/\\\/www.facebook.com\\\/fedehierostrasbourg\",\"https:\\\/\\\/x.com\\\/hierostrasbourg\"]}]}<\/script>\n<!-- \/ Yoast SEO plugin. -->","yoast_head_json":{"title":"le TNS recrute un directeur des ressources humaines [\/H] - HIERO STRASBOURG","robots":{"index":"index","follow":"follow","max-snippet":"max-snippet:-1","max-image-preview":"max-image-preview:large","max-video-preview":"max-video-preview:-1"},"canonical":"https:\/\/hierostrasbourg.com\/index.php\/2022\/07\/26\/le-tns-recrute-un-directeur-des-ressources-humaines-h\/","og_locale":"fr_FR","og_type":"article","og_title":"le TNS recrute un directeur des ressources humaines [\/H] - HIERO STRASBOURG","og_description":"Lieu unique dans le paysage th\u00e9\u00e2tral fran\u00e7ais, le Th\u00e9\u00e2tre National de Strasbourg (TNS) est le seul th\u00e9\u00e2tre national implant\u00e9 en r\u00e9gion. Etablissement public industriel et commercial plac\u00e9 sous la tutelle du minist\u00e8re de la Culture, il comprend pr\u00e8s de cent salari\u00e9s permanents de droit priv\u00e9 (99 ETPT) et accueille chaque mois de nombreux artistes et intermittents techniques. L\u2019emploi repr\u00e9sente environ 123 ETPT tous personnels confondus. Le budget artistique annuel approche 3,8M\u20ac, tandis que la masse salariale repr\u00e9sente environ 7M\u20ac. En [&hellip;]","og_url":"https:\/\/hierostrasbourg.com\/index.php\/2022\/07\/26\/le-tns-recrute-un-directeur-des-ressources-humaines-h\/","og_site_name":"HIERO STRASBOURG","article_publisher":"https:\/\/www.facebook.com\/fedehierostrasbourg","article_published_time":"2022-07-26T21:31:48+00:00","twitter_card":"summary_large_image","twitter_creator":"@hierostrasbourg","twitter_site":"@hierostrasbourg","twitter_misc":{"Dur\u00e9e de lecture estim\u00e9e":"6 minutes"},"schema":{"@context":"https:\/\/schema.org","@graph":[{"@type":"Article","@id":"https:\/\/hierostrasbourg.com\/index.php\/2022\/07\/26\/le-tns-recrute-un-directeur-des-ressources-humaines-h\/#article","isPartOf":{"@id":"https:\/\/hierostrasbourg.com\/index.php\/2022\/07\/26\/le-tns-recrute-un-directeur-des-ressources-humaines-h\/"},"author":{"name":"","@id":""},"headline":"le TNS recrute un directeur des ressources humaines [\/H]","datePublished":"2022-07-26T21:31:48+00:00","mainEntityOfPage":{"@id":"https:\/\/hierostrasbourg.com\/index.php\/2022\/07\/26\/le-tns-recrute-un-directeur-des-ressources-humaines-h\/"},"wordCount":1254,"publisher":{"@id":"https:\/\/hierostrasbourg.com\/#organization"},"inLanguage":"fr-FR"},{"@type":"WebPage","@id":"https:\/\/hierostrasbourg.com\/index.php\/2022\/07\/26\/le-tns-recrute-un-directeur-des-ressources-humaines-h\/","url":"https:\/\/hierostrasbourg.com\/index.php\/2022\/07\/26\/le-tns-recrute-un-directeur-des-ressources-humaines-h\/","name":"le TNS recrute un directeur des ressources humaines [\/H] - HIERO STRASBOURG","isPartOf":{"@id":"https:\/\/hierostrasbourg.com\/#website"},"datePublished":"2022-07-26T21:31:48+00:00","breadcrumb":{"@id":"https:\/\/hierostrasbourg.com\/index.php\/2022\/07\/26\/le-tns-recrute-un-directeur-des-ressources-humaines-h\/#breadcrumb"},"inLanguage":"fr-FR","potentialAction":[{"@type":"ReadAction","target":["https:\/\/hierostrasbourg.com\/index.php\/2022\/07\/26\/le-tns-recrute-un-directeur-des-ressources-humaines-h\/"]}]},{"@type":"BreadcrumbList","@id":"https:\/\/hierostrasbourg.com\/index.php\/2022\/07\/26\/le-tns-recrute-un-directeur-des-ressources-humaines-h\/#breadcrumb","itemListElement":[{"@type":"ListItem","position":1,"name":"Accueil","item":"https:\/\/hierostrasbourg.com\/"},{"@type":"ListItem","position":2,"name":"le TNS recrute un directeur des ressources humaines [\/H]"}]},{"@type":"WebSite","@id":"https:\/\/hierostrasbourg.com\/#website","url":"https:\/\/hierostrasbourg.com\/","name":"HIERO STRASBOURG","description":"Centre de Ressources Musiques Actuelles","publisher":{"@id":"https:\/\/hierostrasbourg.com\/#organization"},"potentialAction":[{"@type":"SearchAction","target":{"@type":"EntryPoint","urlTemplate":"https:\/\/hierostrasbourg.com\/?s={search_term_string}"},"query-input":{"@type":"PropertyValueSpecification","valueRequired":true,"valueName":"search_term_string"}}],"inLanguage":"fr-FR"},{"@type":"Organization","@id":"https:\/\/hierostrasbourg.com\/#organization","name":"F\u00e9d\u00e9ration Hi\u00e9ro Strasbourg","url":"https:\/\/hierostrasbourg.com\/","logo":{"@type":"ImageObject","inLanguage":"fr-FR","@id":"https:\/\/hierostrasbourg.com\/#\/schema\/logo\/image\/","url":"https:\/\/hierostrasbourg.com\/wp-content\/uploads\/2026\/04\/logo-hiero-strasbourg.jpg","contentUrl":"https:\/\/hierostrasbourg.com\/wp-content\/uploads\/2026\/04\/logo-hiero-strasbourg.jpg","width":204,"height":192,"caption":"F\u00e9d\u00e9ration Hi\u00e9ro Strasbourg"},"image":{"@id":"https:\/\/hierostrasbourg.com\/#\/schema\/logo\/image\/"},"sameAs":["https:\/\/www.facebook.com\/fedehierostrasbourg","https:\/\/x.com\/hierostrasbourg"]}]}},"_links":{"self":[{"href":"https:\/\/hierostrasbourg.com\/index.php\/wp-json\/wp\/v2\/posts\/3342","targetHints":{"allow":["GET"]}}],"collection":[{"href":"https:\/\/hierostrasbourg.com\/index.php\/wp-json\/wp\/v2\/posts"}],"about":[{"href":"https:\/\/hierostrasbourg.com\/index.php\/wp-json\/wp\/v2\/types\/post"}],"replies":[{"embeddable":true,"href":"https:\/\/hierostrasbourg.com\/index.php\/wp-json\/wp\/v2\/comments?post=3342"}],"version-history":[{"count":0,"href":"https:\/\/hierostrasbourg.com\/index.php\/wp-json\/wp\/v2\/posts\/3342\/revisions"}],"wp:attachment":[{"href":"https:\/\/hierostrasbourg.com\/index.php\/wp-json\/wp\/v2\/media?parent=3342"}],"wp:term":[{"taxonomy":"category","embeddable":true,"href":"https:\/\/hierostrasbourg.com\/index.php\/wp-json\/wp\/v2\/categories?post=3342"},{"taxonomy":"post_tag","embeddable":true,"href":"https:\/\/hierostrasbourg.com\/index.php\/wp-json\/wp\/v2\/tags?post=3342"}],"curies":[{"name":"wp","href":"https:\/\/api.w.org\/{rel}","templated":true}]}}