{"id":3339,"date":"2022-07-23T23:33:24","date_gmt":"2022-07-23T21:33:24","guid":{"rendered":"https:\/\/hierostrasbourg.com\/index.php\/2022\/07\/23\/la-hear-recrute-un-conseiller-aux-etudes-et-responsable-de-laction-culturelle-de-lacademie-superieure-de-musiquef-h-2\/"},"modified":"2022-07-23T23:33:24","modified_gmt":"2022-07-23T21:33:24","slug":"la-hear-recrute-un-conseiller-aux-etudes-et-responsable-de-laction-culturelle-de-lacademie-superieure-de-musiquef-h-2","status":"publish","type":"post","link":"https:\/\/hierostrasbourg.com\/index.php\/2022\/07\/23\/la-hear-recrute-un-conseiller-aux-etudes-et-responsable-de-laction-culturelle-de-lacademie-superieure-de-musiquef-h-2\/","title":{"rendered":"La HEAR recrute un  conseiller aux \u00e9tudes et responsable de l\u2019Action Culturelle de l\u2019Acad\u00e9mie Sup\u00e9rieure de Musique[F\/H]"},"content":{"rendered":"<p><a href=\"https:\/\/musiquesactuelles.alsace\/la-hear-recrute-un-conseiller-aux-etudes-et-responsable-de-laction-culturelle-de-lacademie-superieure-de-musiquef-h\/\" title=\"La HEAR recrute un  conseiller aux \u00e9tudes et responsable de l\u2019Action Culturelle de l\u2019Acad\u00e9mie Sup\u00e9rieure de Musique[F\/H]\"><\/a><\/p>\n<p>La Haute \u00e9cole des arts du Rhin est un \u00e9tablissement public d\u2019enseignement sup\u00e9rieur artistique d\u2019excellence. Elle dispense des enseignements en arts plastiques et en musique dans de nombreuses sp\u00e9cialit\u00e9s : art contemporain, communication graphique, illustration, design, sc\u00e9nographie, peinture, sculpture, objet (verre, c\u00e9ramique, livre, bijou) mais aussi composition et interpr\u00e9tation musicale, etc. R\u00e9partie sur trois sites \u00e0 Strasbourg et \u00e0 Mulhouse, elle accueille pr\u00e8s de 750 \u00e9tudiants qu\u2019elle m\u00e8ne \u00e0 des dipl\u00f4mes de niveau licence et master. Forte de son histoire [\u2026]<\/p>\n<p>L\u2019article <a href=\"https:\/\/musiquesactuelles.alsace\/la-hear-recrute-un-conseiller-aux-etudes-et-responsable-de-laction-culturelle-de-lacademie-superieure-de-musiquef-h\/\">La HEAR recrute un  conseiller aux \u00e9tudes et responsable de l\u2019Action Culturelle de l\u2019Acad\u00e9mie Sup\u00e9rieure de Musique[F\/H]<\/a> est apparu en premier sur <a href=\"https:\/\/musiquesactuelles.alsace\/\">Musiques Actuelles en Alsace<\/a>.<\/p>\n<p>L\u2019article <a href=\"https:\/\/popburo.fr\/la-hear-recrute-un-conseiller-aux-etudes-et-responsable-de-laction-culturelle-de-lacademie-superieure-de-musiquef-h-2\/\">La HEAR recrute un  conseiller aux \u00e9tudes et responsable de l\u2019Action Culturelle de l\u2019Acad\u00e9mie Sup\u00e9rieure de Musique[F\/H]<\/a> est apparu en premier sur <a href=\"https:\/\/popburo.fr\/\">POP B\u00dcRO<\/a>.<\/p>\n","protected":false},"excerpt":{"rendered":"<p>La Haute \u00e9cole des arts du Rhin est un \u00e9tablissement public d\u2019enseignement sup\u00e9rieur artistique d\u2019excellence. Elle dispense des enseignements en arts plastiques et en musique dans de nombreuses sp\u00e9cialit\u00e9s : art contemporain, communication graphique, illustration, design, sc\u00e9nographie, peinture, sculpture, objet (verre, c\u00e9ramique, livre, bijou) mais aussi composition et interpr\u00e9tation musicale, etc. R\u00e9partie sur trois sites \u00e0 Strasbourg et \u00e0 Mulhouse, elle accueille pr\u00e8s de 750 \u00e9tudiants qu\u2019elle m\u00e8ne \u00e0 des dipl\u00f4mes de niveau licence et master. Forte de son histoire [&hellip;]<\/p>\n","protected":false},"author":0,"featured_media":0,"comment_status":"closed","ping_status":"open","sticky":false,"template":"","format":"standard","meta":{"footnotes":""},"categories":[1],"tags":[],"class_list":["post-3339","post","type-post","status-publish","format-standard","hentry","category-non-classe"],"yoast_head":"<!-- This site is optimized with the Yoast SEO plugin v27.5 - https:\/\/yoast.com\/product\/yoast-seo-wordpress\/ -->\n<title>La HEAR recrute un conseiller aux \u00e9tudes et responsable de l\u2019Action Culturelle de l\u2019Acad\u00e9mie Sup\u00e9rieure de Musique[F\/H] - HIERO STRASBOURG<\/title>\n<meta name=\"robots\" content=\"index, follow, max-snippet:-1, max-image-preview:large, max-video-preview:-1\" \/>\n<link rel=\"canonical\" href=\"https:\/\/hierostrasbourg.com\/index.php\/2022\/07\/23\/la-hear-recrute-un-conseiller-aux-etudes-et-responsable-de-laction-culturelle-de-lacademie-superieure-de-musiquef-h-2\/\" \/>\n<meta property=\"og:locale\" content=\"fr_FR\" \/>\n<meta property=\"og:type\" content=\"article\" \/>\n<meta property=\"og:title\" content=\"La HEAR recrute un conseiller aux \u00e9tudes et responsable de l\u2019Action Culturelle de l\u2019Acad\u00e9mie Sup\u00e9rieure de Musique[F\/H] - HIERO STRASBOURG\" \/>\n<meta property=\"og:description\" content=\"La Haute \u00e9cole des arts du Rhin est un \u00e9tablissement public d\u2019enseignement sup\u00e9rieur artistique d\u2019excellence. Elle dispense des enseignements en arts plastiques et en musique dans de nombreuses sp\u00e9cialit\u00e9s : art contemporain, communication graphique, illustration, design, sc\u00e9nographie, peinture, sculpture, objet (verre, c\u00e9ramique, livre, bijou) mais aussi composition et interpr\u00e9tation musicale, etc. R\u00e9partie sur trois sites \u00e0 Strasbourg et \u00e0 Mulhouse, elle accueille pr\u00e8s de 750 \u00e9tudiants qu\u2019elle m\u00e8ne \u00e0 des dipl\u00f4mes de niveau licence et master. Forte de son histoire [&hellip;]\" \/>\n<meta property=\"og:url\" content=\"https:\/\/hierostrasbourg.com\/index.php\/2022\/07\/23\/la-hear-recrute-un-conseiller-aux-etudes-et-responsable-de-laction-culturelle-de-lacademie-superieure-de-musiquef-h-2\/\" \/>\n<meta property=\"og:site_name\" content=\"HIERO STRASBOURG\" \/>\n<meta property=\"article:publisher\" content=\"https:\/\/www.facebook.com\/fedehierostrasbourg\" \/>\n<meta property=\"article:published_time\" content=\"2022-07-23T21:33:24+00:00\" \/>\n<meta name=\"twitter:card\" content=\"summary_large_image\" \/>\n<meta name=\"twitter:creator\" content=\"@hierostrasbourg\" \/>\n<meta name=\"twitter:site\" content=\"@hierostrasbourg\" \/>\n<meta name=\"twitter:label1\" content=\"Dur\u00e9e de lecture estim\u00e9e\" \/>\n\t<meta name=\"twitter:data1\" content=\"1 minute\" \/>\n<script type=\"application\/ld+json\" class=\"yoast-schema-graph\">{\"@context\":\"https:\\\/\\\/schema.org\",\"@graph\":[{\"@type\":\"Article\",\"@id\":\"https:\\\/\\\/hierostrasbourg.com\\\/index.php\\\/2022\\\/07\\\/23\\\/la-hear-recrute-un-conseiller-aux-etudes-et-responsable-de-laction-culturelle-de-lacademie-superieure-de-musiquef-h-2\\\/#article\",\"isPartOf\":{\"@id\":\"https:\\\/\\\/hierostrasbourg.com\\\/index.php\\\/2022\\\/07\\\/23\\\/la-hear-recrute-un-conseiller-aux-etudes-et-responsable-de-laction-culturelle-de-lacademie-superieure-de-musiquef-h-2\\\/\"},\"author\":{\"name\":\"\",\"@id\":\"\"},\"headline\":\"La HEAR recrute un conseiller aux \u00e9tudes et responsable de l\u2019Action Culturelle de l\u2019Acad\u00e9mie Sup\u00e9rieure de Musique[F\\\/H]\",\"datePublished\":\"2022-07-23T21:33:24+00:00\",\"mainEntityOfPage\":{\"@id\":\"https:\\\/\\\/hierostrasbourg.com\\\/index.php\\\/2022\\\/07\\\/23\\\/la-hear-recrute-un-conseiller-aux-etudes-et-responsable-de-laction-culturelle-de-lacademie-superieure-de-musiquef-h-2\\\/\"},\"wordCount\":178,\"publisher\":{\"@id\":\"https:\\\/\\\/hierostrasbourg.com\\\/#organization\"},\"inLanguage\":\"fr-FR\"},{\"@type\":\"WebPage\",\"@id\":\"https:\\\/\\\/hierostrasbourg.com\\\/index.php\\\/2022\\\/07\\\/23\\\/la-hear-recrute-un-conseiller-aux-etudes-et-responsable-de-laction-culturelle-de-lacademie-superieure-de-musiquef-h-2\\\/\",\"url\":\"https:\\\/\\\/hierostrasbourg.com\\\/index.php\\\/2022\\\/07\\\/23\\\/la-hear-recrute-un-conseiller-aux-etudes-et-responsable-de-laction-culturelle-de-lacademie-superieure-de-musiquef-h-2\\\/\",\"name\":\"La HEAR recrute un conseiller aux \u00e9tudes et responsable de l\u2019Action Culturelle de l\u2019Acad\u00e9mie Sup\u00e9rieure de Musique[F\\\/H] - HIERO STRASBOURG\",\"isPartOf\":{\"@id\":\"https:\\\/\\\/hierostrasbourg.com\\\/#website\"},\"datePublished\":\"2022-07-23T21:33:24+00:00\",\"breadcrumb\":{\"@id\":\"https:\\\/\\\/hierostrasbourg.com\\\/index.php\\\/2022\\\/07\\\/23\\\/la-hear-recrute-un-conseiller-aux-etudes-et-responsable-de-laction-culturelle-de-lacademie-superieure-de-musiquef-h-2\\\/#breadcrumb\"},\"inLanguage\":\"fr-FR\",\"potentialAction\":[{\"@type\":\"ReadAction\",\"target\":[\"https:\\\/\\\/hierostrasbourg.com\\\/index.php\\\/2022\\\/07\\\/23\\\/la-hear-recrute-un-conseiller-aux-etudes-et-responsable-de-laction-culturelle-de-lacademie-superieure-de-musiquef-h-2\\\/\"]}]},{\"@type\":\"BreadcrumbList\",\"@id\":\"https:\\\/\\\/hierostrasbourg.com\\\/index.php\\\/2022\\\/07\\\/23\\\/la-hear-recrute-un-conseiller-aux-etudes-et-responsable-de-laction-culturelle-de-lacademie-superieure-de-musiquef-h-2\\\/#breadcrumb\",\"itemListElement\":[{\"@type\":\"ListItem\",\"position\":1,\"name\":\"Accueil\",\"item\":\"https:\\\/\\\/hierostrasbourg.com\\\/\"},{\"@type\":\"ListItem\",\"position\":2,\"name\":\"La HEAR recrute un conseiller aux \u00e9tudes et responsable de l\u2019Action Culturelle de l\u2019Acad\u00e9mie Sup\u00e9rieure de Musique[F\\\/H]\"}]},{\"@type\":\"WebSite\",\"@id\":\"https:\\\/\\\/hierostrasbourg.com\\\/#website\",\"url\":\"https:\\\/\\\/hierostrasbourg.com\\\/\",\"name\":\"HIERO STRASBOURG\",\"description\":\"Centre de Ressources Musiques Actuelles\",\"publisher\":{\"@id\":\"https:\\\/\\\/hierostrasbourg.com\\\/#organization\"},\"potentialAction\":[{\"@type\":\"SearchAction\",\"target\":{\"@type\":\"EntryPoint\",\"urlTemplate\":\"https:\\\/\\\/hierostrasbourg.com\\\/?s={search_term_string}\"},\"query-input\":{\"@type\":\"PropertyValueSpecification\",\"valueRequired\":true,\"valueName\":\"search_term_string\"}}],\"inLanguage\":\"fr-FR\"},{\"@type\":\"Organization\",\"@id\":\"https:\\\/\\\/hierostrasbourg.com\\\/#organization\",\"name\":\"F\u00e9d\u00e9ration Hi\u00e9ro Strasbourg\",\"url\":\"https:\\\/\\\/hierostrasbourg.com\\\/\",\"logo\":{\"@type\":\"ImageObject\",\"inLanguage\":\"fr-FR\",\"@id\":\"https:\\\/\\\/hierostrasbourg.com\\\/#\\\/schema\\\/logo\\\/image\\\/\",\"url\":\"https:\\\/\\\/hierostrasbourg.com\\\/wp-content\\\/uploads\\\/2026\\\/04\\\/logo-hiero-strasbourg.jpg\",\"contentUrl\":\"https:\\\/\\\/hierostrasbourg.com\\\/wp-content\\\/uploads\\\/2026\\\/04\\\/logo-hiero-strasbourg.jpg\",\"width\":204,\"height\":192,\"caption\":\"F\u00e9d\u00e9ration Hi\u00e9ro Strasbourg\"},\"image\":{\"@id\":\"https:\\\/\\\/hierostrasbourg.com\\\/#\\\/schema\\\/logo\\\/image\\\/\"},\"sameAs\":[\"https:\\\/\\\/www.facebook.com\\\/fedehierostrasbourg\",\"https:\\\/\\\/x.com\\\/hierostrasbourg\"]}]}<\/script>\n<!-- \/ Yoast SEO plugin. -->","yoast_head_json":{"title":"La HEAR recrute un conseiller aux \u00e9tudes et responsable de l\u2019Action Culturelle de l\u2019Acad\u00e9mie Sup\u00e9rieure de Musique[F\/H] - HIERO STRASBOURG","robots":{"index":"index","follow":"follow","max-snippet":"max-snippet:-1","max-image-preview":"max-image-preview:large","max-video-preview":"max-video-preview:-1"},"canonical":"https:\/\/hierostrasbourg.com\/index.php\/2022\/07\/23\/la-hear-recrute-un-conseiller-aux-etudes-et-responsable-de-laction-culturelle-de-lacademie-superieure-de-musiquef-h-2\/","og_locale":"fr_FR","og_type":"article","og_title":"La HEAR recrute un conseiller aux \u00e9tudes et responsable de l\u2019Action Culturelle de l\u2019Acad\u00e9mie Sup\u00e9rieure de Musique[F\/H] - HIERO STRASBOURG","og_description":"La Haute \u00e9cole des arts du Rhin est un \u00e9tablissement public d\u2019enseignement sup\u00e9rieur artistique d\u2019excellence. Elle dispense des enseignements en arts plastiques et en musique dans de nombreuses sp\u00e9cialit\u00e9s : art contemporain, communication graphique, illustration, design, sc\u00e9nographie, peinture, sculpture, objet (verre, c\u00e9ramique, livre, bijou) mais aussi composition et interpr\u00e9tation musicale, etc. R\u00e9partie sur trois sites \u00e0 Strasbourg et \u00e0 Mulhouse, elle accueille pr\u00e8s de 750 \u00e9tudiants qu\u2019elle m\u00e8ne \u00e0 des dipl\u00f4mes de niveau licence et master. Forte de son histoire [&hellip;]","og_url":"https:\/\/hierostrasbourg.com\/index.php\/2022\/07\/23\/la-hear-recrute-un-conseiller-aux-etudes-et-responsable-de-laction-culturelle-de-lacademie-superieure-de-musiquef-h-2\/","og_site_name":"HIERO STRASBOURG","article_publisher":"https:\/\/www.facebook.com\/fedehierostrasbourg","article_published_time":"2022-07-23T21:33:24+00:00","twitter_card":"summary_large_image","twitter_creator":"@hierostrasbourg","twitter_site":"@hierostrasbourg","twitter_misc":{"Dur\u00e9e de lecture estim\u00e9e":"1 minute"},"schema":{"@context":"https:\/\/schema.org","@graph":[{"@type":"Article","@id":"https:\/\/hierostrasbourg.com\/index.php\/2022\/07\/23\/la-hear-recrute-un-conseiller-aux-etudes-et-responsable-de-laction-culturelle-de-lacademie-superieure-de-musiquef-h-2\/#article","isPartOf":{"@id":"https:\/\/hierostrasbourg.com\/index.php\/2022\/07\/23\/la-hear-recrute-un-conseiller-aux-etudes-et-responsable-de-laction-culturelle-de-lacademie-superieure-de-musiquef-h-2\/"},"author":{"name":"","@id":""},"headline":"La HEAR recrute un conseiller aux \u00e9tudes et responsable de l\u2019Action Culturelle de l\u2019Acad\u00e9mie Sup\u00e9rieure de Musique[F\/H]","datePublished":"2022-07-23T21:33:24+00:00","mainEntityOfPage":{"@id":"https:\/\/hierostrasbourg.com\/index.php\/2022\/07\/23\/la-hear-recrute-un-conseiller-aux-etudes-et-responsable-de-laction-culturelle-de-lacademie-superieure-de-musiquef-h-2\/"},"wordCount":178,"publisher":{"@id":"https:\/\/hierostrasbourg.com\/#organization"},"inLanguage":"fr-FR"},{"@type":"WebPage","@id":"https:\/\/hierostrasbourg.com\/index.php\/2022\/07\/23\/la-hear-recrute-un-conseiller-aux-etudes-et-responsable-de-laction-culturelle-de-lacademie-superieure-de-musiquef-h-2\/","url":"https:\/\/hierostrasbourg.com\/index.php\/2022\/07\/23\/la-hear-recrute-un-conseiller-aux-etudes-et-responsable-de-laction-culturelle-de-lacademie-superieure-de-musiquef-h-2\/","name":"La HEAR recrute un conseiller aux \u00e9tudes et responsable de l\u2019Action Culturelle de l\u2019Acad\u00e9mie Sup\u00e9rieure de Musique[F\/H] - HIERO STRASBOURG","isPartOf":{"@id":"https:\/\/hierostrasbourg.com\/#website"},"datePublished":"2022-07-23T21:33:24+00:00","breadcrumb":{"@id":"https:\/\/hierostrasbourg.com\/index.php\/2022\/07\/23\/la-hear-recrute-un-conseiller-aux-etudes-et-responsable-de-laction-culturelle-de-lacademie-superieure-de-musiquef-h-2\/#breadcrumb"},"inLanguage":"fr-FR","potentialAction":[{"@type":"ReadAction","target":["https:\/\/hierostrasbourg.com\/index.php\/2022\/07\/23\/la-hear-recrute-un-conseiller-aux-etudes-et-responsable-de-laction-culturelle-de-lacademie-superieure-de-musiquef-h-2\/"]}]},{"@type":"BreadcrumbList","@id":"https:\/\/hierostrasbourg.com\/index.php\/2022\/07\/23\/la-hear-recrute-un-conseiller-aux-etudes-et-responsable-de-laction-culturelle-de-lacademie-superieure-de-musiquef-h-2\/#breadcrumb","itemListElement":[{"@type":"ListItem","position":1,"name":"Accueil","item":"https:\/\/hierostrasbourg.com\/"},{"@type":"ListItem","position":2,"name":"La HEAR recrute un conseiller aux \u00e9tudes et responsable de l\u2019Action Culturelle de l\u2019Acad\u00e9mie Sup\u00e9rieure de Musique[F\/H]"}]},{"@type":"WebSite","@id":"https:\/\/hierostrasbourg.com\/#website","url":"https:\/\/hierostrasbourg.com\/","name":"HIERO STRASBOURG","description":"Centre de Ressources Musiques Actuelles","publisher":{"@id":"https:\/\/hierostrasbourg.com\/#organization"},"potentialAction":[{"@type":"SearchAction","target":{"@type":"EntryPoint","urlTemplate":"https:\/\/hierostrasbourg.com\/?s={search_term_string}"},"query-input":{"@type":"PropertyValueSpecification","valueRequired":true,"valueName":"search_term_string"}}],"inLanguage":"fr-FR"},{"@type":"Organization","@id":"https:\/\/hierostrasbourg.com\/#organization","name":"F\u00e9d\u00e9ration Hi\u00e9ro Strasbourg","url":"https:\/\/hierostrasbourg.com\/","logo":{"@type":"ImageObject","inLanguage":"fr-FR","@id":"https:\/\/hierostrasbourg.com\/#\/schema\/logo\/image\/","url":"https:\/\/hierostrasbourg.com\/wp-content\/uploads\/2026\/04\/logo-hiero-strasbourg.jpg","contentUrl":"https:\/\/hierostrasbourg.com\/wp-content\/uploads\/2026\/04\/logo-hiero-strasbourg.jpg","width":204,"height":192,"caption":"F\u00e9d\u00e9ration Hi\u00e9ro Strasbourg"},"image":{"@id":"https:\/\/hierostrasbourg.com\/#\/schema\/logo\/image\/"},"sameAs":["https:\/\/www.facebook.com\/fedehierostrasbourg","https:\/\/x.com\/hierostrasbourg"]}]}},"_links":{"self":[{"href":"https:\/\/hierostrasbourg.com\/index.php\/wp-json\/wp\/v2\/posts\/3339","targetHints":{"allow":["GET"]}}],"collection":[{"href":"https:\/\/hierostrasbourg.com\/index.php\/wp-json\/wp\/v2\/posts"}],"about":[{"href":"https:\/\/hierostrasbourg.com\/index.php\/wp-json\/wp\/v2\/types\/post"}],"replies":[{"embeddable":true,"href":"https:\/\/hierostrasbourg.com\/index.php\/wp-json\/wp\/v2\/comments?post=3339"}],"version-history":[{"count":0,"href":"https:\/\/hierostrasbourg.com\/index.php\/wp-json\/wp\/v2\/posts\/3339\/revisions"}],"wp:attachment":[{"href":"https:\/\/hierostrasbourg.com\/index.php\/wp-json\/wp\/v2\/media?parent=3339"}],"wp:term":[{"taxonomy":"category","embeddable":true,"href":"https:\/\/hierostrasbourg.com\/index.php\/wp-json\/wp\/v2\/categories?post=3339"},{"taxonomy":"post_tag","embeddable":true,"href":"https:\/\/hierostrasbourg.com\/index.php\/wp-json\/wp\/v2\/tags?post=3339"}],"curies":[{"name":"wp","href":"https:\/\/api.w.org\/{rel}","templated":true}]}}