{"id":3332,"date":"2022-07-23T21:36:55","date_gmt":"2022-07-23T19:36:55","guid":{"rendered":"https:\/\/hierostrasbourg.com\/index.php\/2022\/07\/23\/la-hear-recrute-un-conseiller-aux-etudes-et-responsable-de-laction-culturelle-de-lacademie-superieure-de-musiquef-h\/"},"modified":"2022-07-23T21:36:55","modified_gmt":"2022-07-23T19:36:55","slug":"la-hear-recrute-un-conseiller-aux-etudes-et-responsable-de-laction-culturelle-de-lacademie-superieure-de-musiquef-h","status":"publish","type":"post","link":"https:\/\/hierostrasbourg.com\/index.php\/2022\/07\/23\/la-hear-recrute-un-conseiller-aux-etudes-et-responsable-de-laction-culturelle-de-lacademie-superieure-de-musiquef-h\/","title":{"rendered":"La HEAR recrute un  conseiller aux \u00e9tudes et responsable de l\u2019Action Culturelle de l\u2019Acad\u00e9mie Sup\u00e9rieure de Musique[F\/H]"},"content":{"rendered":"<p>La Haute \u00e9cole des arts du Rhin est un \u00e9tablissement public d\u2019enseignement sup\u00e9rieur artistique d\u2019excellence. Elle dispense des enseignements en arts plastiques et en musique dans de nombreuses sp\u00e9cialit\u00e9s : art contemporain, communication graphique, illustration, design, sc\u00e9nographie, peinture, sculpture, objet (verre, c\u00e9ramique, livre, bijou) mais aussi composition et interpr\u00e9tation musicale, etc. R\u00e9partie sur trois sites \u00e0 Strasbourg et \u00e0 Mulhouse, elle accueille pr\u00e8s de 750 \u00e9tudiants qu\u2019elle m\u00e8ne \u00e0 des dipl\u00f4mes de niveau licence et master. Forte de son histoire et de sa g\u00e9ographie et s\u2019appuyant sur 160 agents permanents, la HEAR fonde son projet d\u2019\u00e9tablissement sur la pluridisciplinarit\u00e9 et l\u2019engagement individuel et collectif de ses \u00e9tudiants.<\/p>\n<p>Sous l\u2019autorit\u00e9 du Directeur de l\u2019Acad\u00e9mie sup\u00e9rieure de musique, en lien avec l\u2019Administratrice de l\u2019Acad\u00e9mie sup\u00e9rieure de musique et la conseill\u00e8re aux \u00e9tudes (DE), et avec l\u2019appui de l\u2019assistante scolarit\u00e9 et action culturelle, le Conseiller aux \u00e9tudes (DNSPM\/MASTER\/DOCTORAT\/ERASMUS) et responsable de l\u2019action culturelle devra assurer les missions de conseiller(\u00e8re) p\u00e9dagogique et de responsable de l\u2019action culturelle.<\/p>\n<h2>MISSIONS<\/h2>\n<p>En qualit\u00e9 de conseiller(\u00e8re) p\u00e9dagogique :<\/p>\n<p>Pr\u00e9sider les jurys des examens d\u2019entr\u00e9e et de fin d\u2019ann\u00e9e<br \/>\nAssurer l\u2019organisation p\u00e9dagogique des cursus DNSPM, Master et Doctorat<br \/>\nAssurer l\u2019accompagnement personnalis\u00e9 des \u00e9tudiants<br \/>\nAssumer le r\u00f4le de r\u00e9f\u00e9rent Relations Internationales de l\u2019acad\u00e9mie (identification et entretien des partenariats, accompagner les projets d\u2019\u00e9changes port\u00e9s par les enseignants \/ accompagner les \u00e9tudiants en mobilit\u00e9 sortante, accueillir les \u00e9tudiants \u00e9trangers, participer aux r\u00e9seaux internationaux ;<br \/>\nSuivre la scolarit\u00e9 des \u00e9tudiants inscrits r\u00e9guli\u00e8rement \u00e0 l\u2019Acad\u00e9mie (DNSPM \/MASTER\/DOCTORAT)<br \/>\nAlimenter la base de donn\u00e9es du logiciel de scolarit\u00e9 (DNSPM \/MASTER\/DOCTORAT)<br \/>\nImpulser l\u2019organisation des examens d\u2019entr\u00e9e (DNSPM \/MASTER\/DOCTORAT)<br \/>\nImpulser l\u2019organisation des examens de fin d\u2019ann\u00e9e (DNSPM \/MASTER\/DOCTORAT)<br \/>\nSuperviser la collecte des notes du contr\u00f4le continu et des examens aupr\u00e8s des professeurs et des jurys<br \/>\nVeiller \u00e0 conformit\u00e9 des conditions d\u2019acc\u00e8s aux formations et aux dipl\u00f4mes (textes des Minist\u00e8res de la Culture et de l\u2019Enseignement sup\u00e9rieur)<br \/>\nCollaborer avec l\u2019Universit\u00e9 de Strasbourg autour des parcours int\u00e9gr\u00e9s<br \/>\nCollaborer avec le\/la responsable de la formation au Dipl\u00f4me d\u2019\u00c9tat<br \/>\nMettre en place des partenariats \u00e0 vis\u00e9e professionnelle<br \/>\nConnaissance des r\u00e9seaux professionnels d\u2019enseignement sup\u00e9rieur musique (jurys, master-class et culture)<\/p>\n<p>En qualit\u00e9 de responsable de l\u2019action culturelle<\/p>\n<p>\u00c9laborer la programmation culturelle de l\u2019Acad\u00e9mie (concerts, master-class, conf\u00e9rences, \u2026) avec le Directeur de l\u2019Acad\u00e9mie<br \/>\nAssurer la production des manifestations en relation avec le\/la charg\u00e9(e) de l\u2019action culturelle et la r\u00e9gie du Conservatoire de Strasbourg<br \/>\nFavoriser les \u00e9changes et les projets entre les \u00e9tudiants musiciens et les \u00e9tudiants plasticiens de la Haute \u00c9cole des Arts du Rhin<br \/>\nSolliciter des supports de communication et fournir du contenu au service de la Communication de la Haute \u00c9cole des Arts du Rhin<br \/>\n\u00c9tablir les effectifs des ensembles instrumentaux de l\u2019Acad\u00e9mie<\/p>\n<h2>Profils recherch\u00e9s<\/h2>\n<p>Dipl\u00f4m\u00e9 de l\u2019enseignement sup\u00e9rieur musical (niveau master), ayant une pratique musicale av\u00e9r\u00e9e, ainsi qu\u2019une exp\u00e9rience significative et r\u00e9ussie dans le domaine culturel, le\/la candidat(e) devra justifier des qualit\u00e9s et comp\u00e9tences suivantes :<\/p>\n<h4>Savoir et savoir-faire<\/h4>\n<p>Bonne connaissance de l\u2019enseignement sup\u00e9rieur et particuli\u00e8rement de la structuration et du fonctionnement de l\u2019enseignement sup\u00e9rieur de la musique<br \/>\nExpertise et pratique musicale (niveau PEA)<br \/>\nBonne connaissance du milieu culturel, en particulier celui de la musique<br \/>\nBonne connaissance des exigences sp\u00e9cifiques de la pratique musicale d\u2019excellence<br \/>\nBonne connaissance des collectivit\u00e9s territoriales et de leurs \u00e9tablissements<br \/>\nMa\u00eetrise de l\u2019anglais exig\u00e9e \/ ma\u00eetrise de l\u2019allemand appr\u00e9ci\u00e9e<br \/>\nConduite de projets<br \/>\nAptitude r\u00e9dactionnelle<br \/>\nCapacit\u00e9s organisationnelles<\/p>\n<p>Savoir-\u00eatre<\/p>\n<p>Sens de l\u2019\u00e9coute,<br \/>\nTravail en \u00e9quipe<br \/>\nInitiatives et polyvalence<br \/>\nSens de l\u2019organisation, disponibilit\u00e9, souplesse<\/p>\n<p>Temps de travail : 35h00 hebdomadaire<br \/>\nPoste \u00e0 pourvoir le 22\/08\/2022<br \/>\nDate limite de candidature 22\/08\/2022<\/p>\n<p>SUJETIONS<\/p>\n<p>Cong\u00e9s \u00e0 prendre pendant les vacances scolaires de l\u2019\u00e9tablissement ;<br \/>\nInterventions \u00e0 titre exceptionnel le soir et le week-end<br \/>\nLieu et service d\u2019affectation : Acad\u00e9mie Sup\u00e9rieure de Musique. Cit\u00e9 de la Musique et de la Danse \u00e0 Strabourg<br \/>\nTemps de travail : temps plein (35h\/semaine)<\/p>\n<p>Les candidatures (curriculum vitae, lettre de motivation) sont \u00e0 adresser par mail \u00e0 : ressources.humaines@hear.fr<\/p>\n<p>Informations compl\u00e9mentaires :<br \/>\nMME Lara FERRY, Responsable des Ressources Humaines<br \/>\nmail : ressources.humaines@hear.fr<\/p>\n<p>HAUTE ECOLE DES ARTS DU RHIN<br \/>\n1 rue de l\u2019acad\u00e9mie<br \/>\n67082 Strasbourg<\/p>\n<p>L\u2019article <a href=\"https:\/\/popburo.fr\/la-hear-recrute-un-conseiller-aux-etudes-et-responsable-de-laction-culturelle-de-lacademie-superieure-de-musiquef-h\/\">La HEAR recrute un  conseiller aux \u00e9tudes et responsable de l\u2019Action Culturelle de l\u2019Acad\u00e9mie Sup\u00e9rieure de Musique[F\/H]<\/a> est apparu en premier sur <a href=\"https:\/\/popburo.fr\/\">POP B\u00dcRO<\/a>.<\/p>\n","protected":false},"excerpt":{"rendered":"<p>La Haute \u00e9cole des arts du Rhin est un \u00e9tablissement public d\u2019enseignement sup\u00e9rieur artistique d\u2019excellence. Elle dispense des enseignements en arts plastiques et en musique dans de nombreuses sp\u00e9cialit\u00e9s : art contemporain, communication graphique, illustration, design, sc\u00e9nographie, peinture, sculpture, objet (verre, c\u00e9ramique, livre, bijou) mais aussi composition et interpr\u00e9tation musicale, etc. R\u00e9partie sur trois sites \u00e0 Strasbourg et \u00e0 Mulhouse, elle accueille pr\u00e8s de 750 \u00e9tudiants qu\u2019elle m\u00e8ne \u00e0 des dipl\u00f4mes de niveau licence et master. Forte de son histoire [&hellip;]<\/p>\n","protected":false},"author":0,"featured_media":0,"comment_status":"closed","ping_status":"open","sticky":false,"template":"","format":"standard","meta":{"footnotes":""},"categories":[1],"tags":[],"class_list":["post-3332","post","type-post","status-publish","format-standard","hentry","category-non-classe"],"yoast_head":"<!-- This site is optimized with the Yoast SEO plugin v27.5 - https:\/\/yoast.com\/product\/yoast-seo-wordpress\/ -->\n<title>La HEAR recrute un conseiller aux \u00e9tudes et responsable de l\u2019Action Culturelle de l\u2019Acad\u00e9mie Sup\u00e9rieure de Musique[F\/H] - HIERO STRASBOURG<\/title>\n<meta name=\"robots\" content=\"index, follow, max-snippet:-1, max-image-preview:large, max-video-preview:-1\" \/>\n<link rel=\"canonical\" href=\"https:\/\/hierostrasbourg.com\/index.php\/2022\/07\/23\/la-hear-recrute-un-conseiller-aux-etudes-et-responsable-de-laction-culturelle-de-lacademie-superieure-de-musiquef-h\/\" \/>\n<meta property=\"og:locale\" content=\"fr_FR\" \/>\n<meta property=\"og:type\" content=\"article\" \/>\n<meta property=\"og:title\" content=\"La HEAR recrute un conseiller aux \u00e9tudes et responsable de l\u2019Action Culturelle de l\u2019Acad\u00e9mie Sup\u00e9rieure de Musique[F\/H] - HIERO STRASBOURG\" \/>\n<meta property=\"og:description\" content=\"La Haute \u00e9cole des arts du Rhin est un \u00e9tablissement public d\u2019enseignement sup\u00e9rieur artistique d\u2019excellence. Elle dispense des enseignements en arts plastiques et en musique dans de nombreuses sp\u00e9cialit\u00e9s : art contemporain, communication graphique, illustration, design, sc\u00e9nographie, peinture, sculpture, objet (verre, c\u00e9ramique, livre, bijou) mais aussi composition et interpr\u00e9tation musicale, etc. R\u00e9partie sur trois sites \u00e0 Strasbourg et \u00e0 Mulhouse, elle accueille pr\u00e8s de 750 \u00e9tudiants qu\u2019elle m\u00e8ne \u00e0 des dipl\u00f4mes de niveau licence et master. Forte de son histoire [&hellip;]\" \/>\n<meta property=\"og:url\" content=\"https:\/\/hierostrasbourg.com\/index.php\/2022\/07\/23\/la-hear-recrute-un-conseiller-aux-etudes-et-responsable-de-laction-culturelle-de-lacademie-superieure-de-musiquef-h\/\" \/>\n<meta property=\"og:site_name\" content=\"HIERO STRASBOURG\" \/>\n<meta property=\"article:publisher\" content=\"https:\/\/www.facebook.com\/fedehierostrasbourg\" \/>\n<meta property=\"article:published_time\" content=\"2022-07-23T19:36:55+00:00\" \/>\n<meta name=\"twitter:card\" content=\"summary_large_image\" \/>\n<meta name=\"twitter:creator\" content=\"@hierostrasbourg\" \/>\n<meta name=\"twitter:site\" content=\"@hierostrasbourg\" \/>\n<meta name=\"twitter:label1\" content=\"Dur\u00e9e de lecture estim\u00e9e\" \/>\n\t<meta name=\"twitter:data1\" content=\"4 minutes\" \/>\n<script type=\"application\/ld+json\" class=\"yoast-schema-graph\">{\"@context\":\"https:\\\/\\\/schema.org\",\"@graph\":[{\"@type\":\"Article\",\"@id\":\"https:\\\/\\\/hierostrasbourg.com\\\/index.php\\\/2022\\\/07\\\/23\\\/la-hear-recrute-un-conseiller-aux-etudes-et-responsable-de-laction-culturelle-de-lacademie-superieure-de-musiquef-h\\\/#article\",\"isPartOf\":{\"@id\":\"https:\\\/\\\/hierostrasbourg.com\\\/index.php\\\/2022\\\/07\\\/23\\\/la-hear-recrute-un-conseiller-aux-etudes-et-responsable-de-laction-culturelle-de-lacademie-superieure-de-musiquef-h\\\/\"},\"author\":{\"name\":\"\",\"@id\":\"\"},\"headline\":\"La HEAR recrute un conseiller aux \u00e9tudes et responsable de l\u2019Action Culturelle de l\u2019Acad\u00e9mie Sup\u00e9rieure de Musique[F\\\/H]\",\"datePublished\":\"2022-07-23T19:36:55+00:00\",\"mainEntityOfPage\":{\"@id\":\"https:\\\/\\\/hierostrasbourg.com\\\/index.php\\\/2022\\\/07\\\/23\\\/la-hear-recrute-un-conseiller-aux-etudes-et-responsable-de-laction-culturelle-de-lacademie-superieure-de-musiquef-h\\\/\"},\"wordCount\":835,\"publisher\":{\"@id\":\"https:\\\/\\\/hierostrasbourg.com\\\/#organization\"},\"inLanguage\":\"fr-FR\"},{\"@type\":\"WebPage\",\"@id\":\"https:\\\/\\\/hierostrasbourg.com\\\/index.php\\\/2022\\\/07\\\/23\\\/la-hear-recrute-un-conseiller-aux-etudes-et-responsable-de-laction-culturelle-de-lacademie-superieure-de-musiquef-h\\\/\",\"url\":\"https:\\\/\\\/hierostrasbourg.com\\\/index.php\\\/2022\\\/07\\\/23\\\/la-hear-recrute-un-conseiller-aux-etudes-et-responsable-de-laction-culturelle-de-lacademie-superieure-de-musiquef-h\\\/\",\"name\":\"La HEAR recrute un conseiller aux \u00e9tudes et responsable de l\u2019Action Culturelle de l\u2019Acad\u00e9mie Sup\u00e9rieure de Musique[F\\\/H] - HIERO STRASBOURG\",\"isPartOf\":{\"@id\":\"https:\\\/\\\/hierostrasbourg.com\\\/#website\"},\"datePublished\":\"2022-07-23T19:36:55+00:00\",\"breadcrumb\":{\"@id\":\"https:\\\/\\\/hierostrasbourg.com\\\/index.php\\\/2022\\\/07\\\/23\\\/la-hear-recrute-un-conseiller-aux-etudes-et-responsable-de-laction-culturelle-de-lacademie-superieure-de-musiquef-h\\\/#breadcrumb\"},\"inLanguage\":\"fr-FR\",\"potentialAction\":[{\"@type\":\"ReadAction\",\"target\":[\"https:\\\/\\\/hierostrasbourg.com\\\/index.php\\\/2022\\\/07\\\/23\\\/la-hear-recrute-un-conseiller-aux-etudes-et-responsable-de-laction-culturelle-de-lacademie-superieure-de-musiquef-h\\\/\"]}]},{\"@type\":\"BreadcrumbList\",\"@id\":\"https:\\\/\\\/hierostrasbourg.com\\\/index.php\\\/2022\\\/07\\\/23\\\/la-hear-recrute-un-conseiller-aux-etudes-et-responsable-de-laction-culturelle-de-lacademie-superieure-de-musiquef-h\\\/#breadcrumb\",\"itemListElement\":[{\"@type\":\"ListItem\",\"position\":1,\"name\":\"Accueil\",\"item\":\"https:\\\/\\\/hierostrasbourg.com\\\/\"},{\"@type\":\"ListItem\",\"position\":2,\"name\":\"La HEAR recrute un conseiller aux \u00e9tudes et responsable de l\u2019Action Culturelle de l\u2019Acad\u00e9mie Sup\u00e9rieure de Musique[F\\\/H]\"}]},{\"@type\":\"WebSite\",\"@id\":\"https:\\\/\\\/hierostrasbourg.com\\\/#website\",\"url\":\"https:\\\/\\\/hierostrasbourg.com\\\/\",\"name\":\"HIERO STRASBOURG\",\"description\":\"Centre de Ressources Musiques Actuelles\",\"publisher\":{\"@id\":\"https:\\\/\\\/hierostrasbourg.com\\\/#organization\"},\"potentialAction\":[{\"@type\":\"SearchAction\",\"target\":{\"@type\":\"EntryPoint\",\"urlTemplate\":\"https:\\\/\\\/hierostrasbourg.com\\\/?s={search_term_string}\"},\"query-input\":{\"@type\":\"PropertyValueSpecification\",\"valueRequired\":true,\"valueName\":\"search_term_string\"}}],\"inLanguage\":\"fr-FR\"},{\"@type\":\"Organization\",\"@id\":\"https:\\\/\\\/hierostrasbourg.com\\\/#organization\",\"name\":\"F\u00e9d\u00e9ration Hi\u00e9ro Strasbourg\",\"url\":\"https:\\\/\\\/hierostrasbourg.com\\\/\",\"logo\":{\"@type\":\"ImageObject\",\"inLanguage\":\"fr-FR\",\"@id\":\"https:\\\/\\\/hierostrasbourg.com\\\/#\\\/schema\\\/logo\\\/image\\\/\",\"url\":\"https:\\\/\\\/hierostrasbourg.com\\\/wp-content\\\/uploads\\\/2026\\\/04\\\/logo-hiero-strasbourg.jpg\",\"contentUrl\":\"https:\\\/\\\/hierostrasbourg.com\\\/wp-content\\\/uploads\\\/2026\\\/04\\\/logo-hiero-strasbourg.jpg\",\"width\":204,\"height\":192,\"caption\":\"F\u00e9d\u00e9ration Hi\u00e9ro Strasbourg\"},\"image\":{\"@id\":\"https:\\\/\\\/hierostrasbourg.com\\\/#\\\/schema\\\/logo\\\/image\\\/\"},\"sameAs\":[\"https:\\\/\\\/www.facebook.com\\\/fedehierostrasbourg\",\"https:\\\/\\\/x.com\\\/hierostrasbourg\"]}]}<\/script>\n<!-- \/ Yoast SEO plugin. -->","yoast_head_json":{"title":"La HEAR recrute un conseiller aux \u00e9tudes et responsable de l\u2019Action Culturelle de l\u2019Acad\u00e9mie Sup\u00e9rieure de Musique[F\/H] - HIERO STRASBOURG","robots":{"index":"index","follow":"follow","max-snippet":"max-snippet:-1","max-image-preview":"max-image-preview:large","max-video-preview":"max-video-preview:-1"},"canonical":"https:\/\/hierostrasbourg.com\/index.php\/2022\/07\/23\/la-hear-recrute-un-conseiller-aux-etudes-et-responsable-de-laction-culturelle-de-lacademie-superieure-de-musiquef-h\/","og_locale":"fr_FR","og_type":"article","og_title":"La HEAR recrute un conseiller aux \u00e9tudes et responsable de l\u2019Action Culturelle de l\u2019Acad\u00e9mie Sup\u00e9rieure de Musique[F\/H] - HIERO STRASBOURG","og_description":"La Haute \u00e9cole des arts du Rhin est un \u00e9tablissement public d\u2019enseignement sup\u00e9rieur artistique d\u2019excellence. Elle dispense des enseignements en arts plastiques et en musique dans de nombreuses sp\u00e9cialit\u00e9s : art contemporain, communication graphique, illustration, design, sc\u00e9nographie, peinture, sculpture, objet (verre, c\u00e9ramique, livre, bijou) mais aussi composition et interpr\u00e9tation musicale, etc. R\u00e9partie sur trois sites \u00e0 Strasbourg et \u00e0 Mulhouse, elle accueille pr\u00e8s de 750 \u00e9tudiants qu\u2019elle m\u00e8ne \u00e0 des dipl\u00f4mes de niveau licence et master. Forte de son histoire [&hellip;]","og_url":"https:\/\/hierostrasbourg.com\/index.php\/2022\/07\/23\/la-hear-recrute-un-conseiller-aux-etudes-et-responsable-de-laction-culturelle-de-lacademie-superieure-de-musiquef-h\/","og_site_name":"HIERO STRASBOURG","article_publisher":"https:\/\/www.facebook.com\/fedehierostrasbourg","article_published_time":"2022-07-23T19:36:55+00:00","twitter_card":"summary_large_image","twitter_creator":"@hierostrasbourg","twitter_site":"@hierostrasbourg","twitter_misc":{"Dur\u00e9e de lecture estim\u00e9e":"4 minutes"},"schema":{"@context":"https:\/\/schema.org","@graph":[{"@type":"Article","@id":"https:\/\/hierostrasbourg.com\/index.php\/2022\/07\/23\/la-hear-recrute-un-conseiller-aux-etudes-et-responsable-de-laction-culturelle-de-lacademie-superieure-de-musiquef-h\/#article","isPartOf":{"@id":"https:\/\/hierostrasbourg.com\/index.php\/2022\/07\/23\/la-hear-recrute-un-conseiller-aux-etudes-et-responsable-de-laction-culturelle-de-lacademie-superieure-de-musiquef-h\/"},"author":{"name":"","@id":""},"headline":"La HEAR recrute un conseiller aux \u00e9tudes et responsable de l\u2019Action Culturelle de l\u2019Acad\u00e9mie Sup\u00e9rieure de Musique[F\/H]","datePublished":"2022-07-23T19:36:55+00:00","mainEntityOfPage":{"@id":"https:\/\/hierostrasbourg.com\/index.php\/2022\/07\/23\/la-hear-recrute-un-conseiller-aux-etudes-et-responsable-de-laction-culturelle-de-lacademie-superieure-de-musiquef-h\/"},"wordCount":835,"publisher":{"@id":"https:\/\/hierostrasbourg.com\/#organization"},"inLanguage":"fr-FR"},{"@type":"WebPage","@id":"https:\/\/hierostrasbourg.com\/index.php\/2022\/07\/23\/la-hear-recrute-un-conseiller-aux-etudes-et-responsable-de-laction-culturelle-de-lacademie-superieure-de-musiquef-h\/","url":"https:\/\/hierostrasbourg.com\/index.php\/2022\/07\/23\/la-hear-recrute-un-conseiller-aux-etudes-et-responsable-de-laction-culturelle-de-lacademie-superieure-de-musiquef-h\/","name":"La HEAR recrute un conseiller aux \u00e9tudes et responsable de l\u2019Action Culturelle de l\u2019Acad\u00e9mie Sup\u00e9rieure de Musique[F\/H] - HIERO STRASBOURG","isPartOf":{"@id":"https:\/\/hierostrasbourg.com\/#website"},"datePublished":"2022-07-23T19:36:55+00:00","breadcrumb":{"@id":"https:\/\/hierostrasbourg.com\/index.php\/2022\/07\/23\/la-hear-recrute-un-conseiller-aux-etudes-et-responsable-de-laction-culturelle-de-lacademie-superieure-de-musiquef-h\/#breadcrumb"},"inLanguage":"fr-FR","potentialAction":[{"@type":"ReadAction","target":["https:\/\/hierostrasbourg.com\/index.php\/2022\/07\/23\/la-hear-recrute-un-conseiller-aux-etudes-et-responsable-de-laction-culturelle-de-lacademie-superieure-de-musiquef-h\/"]}]},{"@type":"BreadcrumbList","@id":"https:\/\/hierostrasbourg.com\/index.php\/2022\/07\/23\/la-hear-recrute-un-conseiller-aux-etudes-et-responsable-de-laction-culturelle-de-lacademie-superieure-de-musiquef-h\/#breadcrumb","itemListElement":[{"@type":"ListItem","position":1,"name":"Accueil","item":"https:\/\/hierostrasbourg.com\/"},{"@type":"ListItem","position":2,"name":"La HEAR recrute un conseiller aux \u00e9tudes et responsable de l\u2019Action Culturelle de l\u2019Acad\u00e9mie Sup\u00e9rieure de Musique[F\/H]"}]},{"@type":"WebSite","@id":"https:\/\/hierostrasbourg.com\/#website","url":"https:\/\/hierostrasbourg.com\/","name":"HIERO STRASBOURG","description":"Centre de Ressources Musiques Actuelles","publisher":{"@id":"https:\/\/hierostrasbourg.com\/#organization"},"potentialAction":[{"@type":"SearchAction","target":{"@type":"EntryPoint","urlTemplate":"https:\/\/hierostrasbourg.com\/?s={search_term_string}"},"query-input":{"@type":"PropertyValueSpecification","valueRequired":true,"valueName":"search_term_string"}}],"inLanguage":"fr-FR"},{"@type":"Organization","@id":"https:\/\/hierostrasbourg.com\/#organization","name":"F\u00e9d\u00e9ration Hi\u00e9ro Strasbourg","url":"https:\/\/hierostrasbourg.com\/","logo":{"@type":"ImageObject","inLanguage":"fr-FR","@id":"https:\/\/hierostrasbourg.com\/#\/schema\/logo\/image\/","url":"https:\/\/hierostrasbourg.com\/wp-content\/uploads\/2026\/04\/logo-hiero-strasbourg.jpg","contentUrl":"https:\/\/hierostrasbourg.com\/wp-content\/uploads\/2026\/04\/logo-hiero-strasbourg.jpg","width":204,"height":192,"caption":"F\u00e9d\u00e9ration Hi\u00e9ro Strasbourg"},"image":{"@id":"https:\/\/hierostrasbourg.com\/#\/schema\/logo\/image\/"},"sameAs":["https:\/\/www.facebook.com\/fedehierostrasbourg","https:\/\/x.com\/hierostrasbourg"]}]}},"_links":{"self":[{"href":"https:\/\/hierostrasbourg.com\/index.php\/wp-json\/wp\/v2\/posts\/3332","targetHints":{"allow":["GET"]}}],"collection":[{"href":"https:\/\/hierostrasbourg.com\/index.php\/wp-json\/wp\/v2\/posts"}],"about":[{"href":"https:\/\/hierostrasbourg.com\/index.php\/wp-json\/wp\/v2\/types\/post"}],"replies":[{"embeddable":true,"href":"https:\/\/hierostrasbourg.com\/index.php\/wp-json\/wp\/v2\/comments?post=3332"}],"version-history":[{"count":0,"href":"https:\/\/hierostrasbourg.com\/index.php\/wp-json\/wp\/v2\/posts\/3332\/revisions"}],"wp:attachment":[{"href":"https:\/\/hierostrasbourg.com\/index.php\/wp-json\/wp\/v2\/media?parent=3332"}],"wp:term":[{"taxonomy":"category","embeddable":true,"href":"https:\/\/hierostrasbourg.com\/index.php\/wp-json\/wp\/v2\/categories?post=3332"},{"taxonomy":"post_tag","embeddable":true,"href":"https:\/\/hierostrasbourg.com\/index.php\/wp-json\/wp\/v2\/tags?post=3332"}],"curies":[{"name":"wp","href":"https:\/\/api.w.org\/{rel}","templated":true}]}}