{"id":3325,"date":"2022-07-22T08:35:17","date_gmt":"2022-07-22T06:35:17","guid":{"rendered":"https:\/\/hierostrasbourg.com\/index.php\/2022\/07\/22\/les-festivals-nouvelle-coqueluche-des-marques\/"},"modified":"2022-07-22T08:35:17","modified_gmt":"2022-07-22T06:35:17","slug":"les-festivals-nouvelle-coqueluche-des-marques","status":"publish","type":"post","link":"https:\/\/hierostrasbourg.com\/index.php\/2022\/07\/22\/les-festivals-nouvelle-coqueluche-des-marques\/","title":{"rendered":"Les festivals, nouvelle coqueluche des marques"},"content":{"rendered":"<p><a href=\"https:\/\/musiquesactuelles.alsace\/les-festivals-nouvelle-coqueluche-des-marques\/\" title=\"Les festivals, nouvelle coqueluche des marques\"><\/a><\/p>\n<p>Le Bon March\u00e9, les Galeries Lafayette, Vuitton, Amex, Netflix, Adidas\u2026 Les marques ne se contentent pas d\u2019\u00eatre omnipr\u00e9sentes sur les festivals d\u2019\u00e9t\u00e9, elles organisent de plus en plus leurs propres \u00e9v\u00e9nements. Source \/ Lire la suite : Les festivals, nouvelle coqueluche des marques<\/p>\n<p>L\u2019article <a href=\"https:\/\/musiquesactuelles.alsace\/les-festivals-nouvelle-coqueluche-des-marques\/\">Les festivals, nouvelle coqueluche des marques<\/a> est apparu en premier sur <a href=\"https:\/\/musiquesactuelles.alsace\/\">Musiques Actuelles en Alsace<\/a>.<\/p>\n<p>L\u2019article <a href=\"https:\/\/popburo.fr\/les-festivals-nouvelle-coqueluche-des-marques-2\/\">Les festivals, nouvelle coqueluche des marques<\/a> est apparu en premier sur <a href=\"https:\/\/popburo.fr\/\">POP B\u00dcRO<\/a>.<\/p>\n","protected":false},"excerpt":{"rendered":"<p>Le Bon March\u00e9, les Galeries Lafayette, Vuitton, Amex, Netflix, Adidas\u2026 Les marques ne se contentent pas d\u2019\u00eatre omnipr\u00e9sentes sur les festivals d\u2019\u00e9t\u00e9, elles organisent de plus en plus leurs propres \u00e9v\u00e9nements. Source \/ Lire la suite : Les festivals, nouvelle coqueluche des marques L\u2019article Les festivals, nouvelle coqueluche des marques est apparu en premier sur Musiques Actuelles en Alsace. L\u2019article Les festivals, nouvelle coqueluche des marques est apparu en premier sur POP B\u00dcRO.<\/p>\n","protected":false},"author":0,"featured_media":0,"comment_status":"closed","ping_status":"open","sticky":false,"template":"","format":"standard","meta":{"footnotes":""},"categories":[1],"tags":[],"class_list":["post-3325","post","type-post","status-publish","format-standard","hentry","category-non-classe"],"yoast_head":"<!-- This site is optimized with the Yoast SEO plugin v27.5 - https:\/\/yoast.com\/product\/yoast-seo-wordpress\/ -->\n<title>Les festivals, nouvelle coqueluche des marques - HIERO STRASBOURG<\/title>\n<meta name=\"robots\" content=\"index, follow, max-snippet:-1, max-image-preview:large, max-video-preview:-1\" \/>\n<link rel=\"canonical\" href=\"https:\/\/hierostrasbourg.com\/index.php\/2022\/07\/22\/les-festivals-nouvelle-coqueluche-des-marques\/\" \/>\n<meta property=\"og:locale\" content=\"fr_FR\" \/>\n<meta property=\"og:type\" content=\"article\" \/>\n<meta property=\"og:title\" content=\"Les festivals, nouvelle coqueluche des marques - HIERO STRASBOURG\" \/>\n<meta property=\"og:description\" content=\"Le Bon March\u00e9, les Galeries Lafayette, Vuitton, Amex, Netflix, Adidas\u2026 Les marques ne se contentent pas d\u2019\u00eatre omnipr\u00e9sentes sur les festivals d\u2019\u00e9t\u00e9, elles organisent de plus en plus leurs propres \u00e9v\u00e9nements. Source \/ Lire la suite : Les festivals, nouvelle coqueluche des marques L\u2019article Les festivals, nouvelle coqueluche des marques est apparu en premier sur Musiques Actuelles en Alsace. L\u2019article Les festivals, nouvelle coqueluche des marques est apparu en premier sur POP B\u00dcRO.\" \/>\n<meta property=\"og:url\" content=\"https:\/\/hierostrasbourg.com\/index.php\/2022\/07\/22\/les-festivals-nouvelle-coqueluche-des-marques\/\" \/>\n<meta property=\"og:site_name\" content=\"HIERO STRASBOURG\" \/>\n<meta property=\"article:publisher\" content=\"https:\/\/www.facebook.com\/fedehierostrasbourg\" \/>\n<meta property=\"article:published_time\" content=\"2022-07-22T06:35:17+00:00\" \/>\n<meta name=\"twitter:card\" content=\"summary_large_image\" \/>\n<meta name=\"twitter:creator\" content=\"@hierostrasbourg\" \/>\n<meta name=\"twitter:site\" content=\"@hierostrasbourg\" \/>\n<script type=\"application\/ld+json\" class=\"yoast-schema-graph\">{\"@context\":\"https:\\\/\\\/schema.org\",\"@graph\":[{\"@type\":\"Article\",\"@id\":\"https:\\\/\\\/hierostrasbourg.com\\\/index.php\\\/2022\\\/07\\\/22\\\/les-festivals-nouvelle-coqueluche-des-marques\\\/#article\",\"isPartOf\":{\"@id\":\"https:\\\/\\\/hierostrasbourg.com\\\/index.php\\\/2022\\\/07\\\/22\\\/les-festivals-nouvelle-coqueluche-des-marques\\\/\"},\"author\":{\"name\":\"\",\"@id\":\"\"},\"headline\":\"Les festivals, nouvelle coqueluche des marques\",\"datePublished\":\"2022-07-22T06:35:17+00:00\",\"mainEntityOfPage\":{\"@id\":\"https:\\\/\\\/hierostrasbourg.com\\\/index.php\\\/2022\\\/07\\\/22\\\/les-festivals-nouvelle-coqueluche-des-marques\\\/\"},\"wordCount\":84,\"publisher\":{\"@id\":\"https:\\\/\\\/hierostrasbourg.com\\\/#organization\"},\"inLanguage\":\"fr-FR\"},{\"@type\":\"WebPage\",\"@id\":\"https:\\\/\\\/hierostrasbourg.com\\\/index.php\\\/2022\\\/07\\\/22\\\/les-festivals-nouvelle-coqueluche-des-marques\\\/\",\"url\":\"https:\\\/\\\/hierostrasbourg.com\\\/index.php\\\/2022\\\/07\\\/22\\\/les-festivals-nouvelle-coqueluche-des-marques\\\/\",\"name\":\"Les festivals, nouvelle coqueluche des marques - HIERO STRASBOURG\",\"isPartOf\":{\"@id\":\"https:\\\/\\\/hierostrasbourg.com\\\/#website\"},\"datePublished\":\"2022-07-22T06:35:17+00:00\",\"breadcrumb\":{\"@id\":\"https:\\\/\\\/hierostrasbourg.com\\\/index.php\\\/2022\\\/07\\\/22\\\/les-festivals-nouvelle-coqueluche-des-marques\\\/#breadcrumb\"},\"inLanguage\":\"fr-FR\",\"potentialAction\":[{\"@type\":\"ReadAction\",\"target\":[\"https:\\\/\\\/hierostrasbourg.com\\\/index.php\\\/2022\\\/07\\\/22\\\/les-festivals-nouvelle-coqueluche-des-marques\\\/\"]}]},{\"@type\":\"BreadcrumbList\",\"@id\":\"https:\\\/\\\/hierostrasbourg.com\\\/index.php\\\/2022\\\/07\\\/22\\\/les-festivals-nouvelle-coqueluche-des-marques\\\/#breadcrumb\",\"itemListElement\":[{\"@type\":\"ListItem\",\"position\":1,\"name\":\"Accueil\",\"item\":\"https:\\\/\\\/hierostrasbourg.com\\\/\"},{\"@type\":\"ListItem\",\"position\":2,\"name\":\"Les festivals, nouvelle coqueluche des marques\"}]},{\"@type\":\"WebSite\",\"@id\":\"https:\\\/\\\/hierostrasbourg.com\\\/#website\",\"url\":\"https:\\\/\\\/hierostrasbourg.com\\\/\",\"name\":\"HIERO STRASBOURG\",\"description\":\"Centre de Ressources Musiques Actuelles\",\"publisher\":{\"@id\":\"https:\\\/\\\/hierostrasbourg.com\\\/#organization\"},\"potentialAction\":[{\"@type\":\"SearchAction\",\"target\":{\"@type\":\"EntryPoint\",\"urlTemplate\":\"https:\\\/\\\/hierostrasbourg.com\\\/?s={search_term_string}\"},\"query-input\":{\"@type\":\"PropertyValueSpecification\",\"valueRequired\":true,\"valueName\":\"search_term_string\"}}],\"inLanguage\":\"fr-FR\"},{\"@type\":\"Organization\",\"@id\":\"https:\\\/\\\/hierostrasbourg.com\\\/#organization\",\"name\":\"F\u00e9d\u00e9ration Hi\u00e9ro Strasbourg\",\"url\":\"https:\\\/\\\/hierostrasbourg.com\\\/\",\"logo\":{\"@type\":\"ImageObject\",\"inLanguage\":\"fr-FR\",\"@id\":\"https:\\\/\\\/hierostrasbourg.com\\\/#\\\/schema\\\/logo\\\/image\\\/\",\"url\":\"https:\\\/\\\/hierostrasbourg.com\\\/wp-content\\\/uploads\\\/2026\\\/04\\\/logo-hiero-strasbourg.jpg\",\"contentUrl\":\"https:\\\/\\\/hierostrasbourg.com\\\/wp-content\\\/uploads\\\/2026\\\/04\\\/logo-hiero-strasbourg.jpg\",\"width\":204,\"height\":192,\"caption\":\"F\u00e9d\u00e9ration Hi\u00e9ro Strasbourg\"},\"image\":{\"@id\":\"https:\\\/\\\/hierostrasbourg.com\\\/#\\\/schema\\\/logo\\\/image\\\/\"},\"sameAs\":[\"https:\\\/\\\/www.facebook.com\\\/fedehierostrasbourg\",\"https:\\\/\\\/x.com\\\/hierostrasbourg\"]}]}<\/script>\n<!-- \/ Yoast SEO plugin. -->","yoast_head_json":{"title":"Les festivals, nouvelle coqueluche des marques - HIERO STRASBOURG","robots":{"index":"index","follow":"follow","max-snippet":"max-snippet:-1","max-image-preview":"max-image-preview:large","max-video-preview":"max-video-preview:-1"},"canonical":"https:\/\/hierostrasbourg.com\/index.php\/2022\/07\/22\/les-festivals-nouvelle-coqueluche-des-marques\/","og_locale":"fr_FR","og_type":"article","og_title":"Les festivals, nouvelle coqueluche des marques - HIERO STRASBOURG","og_description":"Le Bon March\u00e9, les Galeries Lafayette, Vuitton, Amex, Netflix, Adidas\u2026 Les marques ne se contentent pas d\u2019\u00eatre omnipr\u00e9sentes sur les festivals d\u2019\u00e9t\u00e9, elles organisent de plus en plus leurs propres \u00e9v\u00e9nements. Source \/ Lire la suite : Les festivals, nouvelle coqueluche des marques L\u2019article Les festivals, nouvelle coqueluche des marques est apparu en premier sur Musiques Actuelles en Alsace. L\u2019article Les festivals, nouvelle coqueluche des marques est apparu en premier sur POP B\u00dcRO.","og_url":"https:\/\/hierostrasbourg.com\/index.php\/2022\/07\/22\/les-festivals-nouvelle-coqueluche-des-marques\/","og_site_name":"HIERO STRASBOURG","article_publisher":"https:\/\/www.facebook.com\/fedehierostrasbourg","article_published_time":"2022-07-22T06:35:17+00:00","twitter_card":"summary_large_image","twitter_creator":"@hierostrasbourg","twitter_site":"@hierostrasbourg","schema":{"@context":"https:\/\/schema.org","@graph":[{"@type":"Article","@id":"https:\/\/hierostrasbourg.com\/index.php\/2022\/07\/22\/les-festivals-nouvelle-coqueluche-des-marques\/#article","isPartOf":{"@id":"https:\/\/hierostrasbourg.com\/index.php\/2022\/07\/22\/les-festivals-nouvelle-coqueluche-des-marques\/"},"author":{"name":"","@id":""},"headline":"Les festivals, nouvelle coqueluche des marques","datePublished":"2022-07-22T06:35:17+00:00","mainEntityOfPage":{"@id":"https:\/\/hierostrasbourg.com\/index.php\/2022\/07\/22\/les-festivals-nouvelle-coqueluche-des-marques\/"},"wordCount":84,"publisher":{"@id":"https:\/\/hierostrasbourg.com\/#organization"},"inLanguage":"fr-FR"},{"@type":"WebPage","@id":"https:\/\/hierostrasbourg.com\/index.php\/2022\/07\/22\/les-festivals-nouvelle-coqueluche-des-marques\/","url":"https:\/\/hierostrasbourg.com\/index.php\/2022\/07\/22\/les-festivals-nouvelle-coqueluche-des-marques\/","name":"Les festivals, nouvelle coqueluche des marques - HIERO STRASBOURG","isPartOf":{"@id":"https:\/\/hierostrasbourg.com\/#website"},"datePublished":"2022-07-22T06:35:17+00:00","breadcrumb":{"@id":"https:\/\/hierostrasbourg.com\/index.php\/2022\/07\/22\/les-festivals-nouvelle-coqueluche-des-marques\/#breadcrumb"},"inLanguage":"fr-FR","potentialAction":[{"@type":"ReadAction","target":["https:\/\/hierostrasbourg.com\/index.php\/2022\/07\/22\/les-festivals-nouvelle-coqueluche-des-marques\/"]}]},{"@type":"BreadcrumbList","@id":"https:\/\/hierostrasbourg.com\/index.php\/2022\/07\/22\/les-festivals-nouvelle-coqueluche-des-marques\/#breadcrumb","itemListElement":[{"@type":"ListItem","position":1,"name":"Accueil","item":"https:\/\/hierostrasbourg.com\/"},{"@type":"ListItem","position":2,"name":"Les festivals, nouvelle coqueluche des marques"}]},{"@type":"WebSite","@id":"https:\/\/hierostrasbourg.com\/#website","url":"https:\/\/hierostrasbourg.com\/","name":"HIERO STRASBOURG","description":"Centre de Ressources Musiques Actuelles","publisher":{"@id":"https:\/\/hierostrasbourg.com\/#organization"},"potentialAction":[{"@type":"SearchAction","target":{"@type":"EntryPoint","urlTemplate":"https:\/\/hierostrasbourg.com\/?s={search_term_string}"},"query-input":{"@type":"PropertyValueSpecification","valueRequired":true,"valueName":"search_term_string"}}],"inLanguage":"fr-FR"},{"@type":"Organization","@id":"https:\/\/hierostrasbourg.com\/#organization","name":"F\u00e9d\u00e9ration Hi\u00e9ro Strasbourg","url":"https:\/\/hierostrasbourg.com\/","logo":{"@type":"ImageObject","inLanguage":"fr-FR","@id":"https:\/\/hierostrasbourg.com\/#\/schema\/logo\/image\/","url":"https:\/\/hierostrasbourg.com\/wp-content\/uploads\/2026\/04\/logo-hiero-strasbourg.jpg","contentUrl":"https:\/\/hierostrasbourg.com\/wp-content\/uploads\/2026\/04\/logo-hiero-strasbourg.jpg","width":204,"height":192,"caption":"F\u00e9d\u00e9ration Hi\u00e9ro Strasbourg"},"image":{"@id":"https:\/\/hierostrasbourg.com\/#\/schema\/logo\/image\/"},"sameAs":["https:\/\/www.facebook.com\/fedehierostrasbourg","https:\/\/x.com\/hierostrasbourg"]}]}},"_links":{"self":[{"href":"https:\/\/hierostrasbourg.com\/index.php\/wp-json\/wp\/v2\/posts\/3325","targetHints":{"allow":["GET"]}}],"collection":[{"href":"https:\/\/hierostrasbourg.com\/index.php\/wp-json\/wp\/v2\/posts"}],"about":[{"href":"https:\/\/hierostrasbourg.com\/index.php\/wp-json\/wp\/v2\/types\/post"}],"replies":[{"embeddable":true,"href":"https:\/\/hierostrasbourg.com\/index.php\/wp-json\/wp\/v2\/comments?post=3325"}],"version-history":[{"count":0,"href":"https:\/\/hierostrasbourg.com\/index.php\/wp-json\/wp\/v2\/posts\/3325\/revisions"}],"wp:attachment":[{"href":"https:\/\/hierostrasbourg.com\/index.php\/wp-json\/wp\/v2\/media?parent=3325"}],"wp:term":[{"taxonomy":"category","embeddable":true,"href":"https:\/\/hierostrasbourg.com\/index.php\/wp-json\/wp\/v2\/categories?post=3325"},{"taxonomy":"post_tag","embeddable":true,"href":"https:\/\/hierostrasbourg.com\/index.php\/wp-json\/wp\/v2\/tags?post=3325"}],"curies":[{"name":"wp","href":"https:\/\/api.w.org\/{rel}","templated":true}]}}