{"id":3323,"date":"2022-07-21T21:33:51","date_gmt":"2022-07-21T19:33:51","guid":{"rendered":"https:\/\/hierostrasbourg.com\/index.php\/2022\/07\/21\/financer-ses-projets-grace-au-mecenat-2\/"},"modified":"2022-07-21T21:33:51","modified_gmt":"2022-07-21T19:33:51","slug":"financer-ses-projets-grace-au-mecenat-2","status":"publish","type":"post","link":"https:\/\/hierostrasbourg.com\/index.php\/2022\/07\/21\/financer-ses-projets-grace-au-mecenat-2\/","title":{"rendered":"Financer ses projets gr\u00e2ce au m\u00e9c\u00e9nat"},"content":{"rendered":"<p><em>Face \u00e0 la baisse des financements publics, le m\u00e9c\u00e9nat permet aux collectivit\u00e9s d\u2019\u00eatre soutenues dans la r\u00e9alisation de projets d\u2019int\u00e9r\u00eat g\u00e9n\u00e9ral. Soutien prot\u00e9iformeLe m\u00e9c\u00e9nat peut prendre la forme de soutiens financiers, d\u2019aides \u00ab\u2009en nature\u2009\u00bb ou encore de mises \u00e0 disposition de personnel. R\u00e9ductions fiscales Les entreprises et les particuliers m\u00e9c\u00e8nes b\u00e9n\u00e9ficient, au titre de leur soutien, de r\u00e9ductions fiscales.<\/em><\/p>\n<p>Source \/ Lire la suite : <a href=\"https:\/\/www.lagazettedescommunes.com\/818978\/financer-ses-projets-grace-au-mecenat\/\">Financer ses projets gr\u00e2ce au m\u00e9c\u00e9nat<\/a><\/p>\n<p>L\u2019article <a href=\"https:\/\/popburo.fr\/financer-ses-projets-grace-au-mecenat\/\">Financer ses projets gr\u00e2ce au m\u00e9c\u00e9nat<\/a> est apparu en premier sur <a href=\"https:\/\/popburo.fr\/\">POP B\u00dcRO<\/a>.<\/p>\n","protected":false},"excerpt":{"rendered":"<p>Face \u00e0 la baisse des financements publics, le m\u00e9c\u00e9nat permet aux collectivit\u00e9s d\u2019\u00eatre soutenues dans la r\u00e9alisation de projets d\u2019int\u00e9r\u00eat g\u00e9n\u00e9ral. Soutien prot\u00e9iformeLe m\u00e9c\u00e9nat peut prendre la forme de soutiens financiers, d\u2019aides \u00ab\u2009en nature\u2009\u00bb ou encore de mises \u00e0 disposition de personnel. R\u00e9ductions fiscales Les entreprises et les particuliers m\u00e9c\u00e8nes b\u00e9n\u00e9ficient, au titre de leur soutien, de r\u00e9ductions fiscales. Source \/ Lire la suite : Financer ses projets gr\u00e2ce au m\u00e9c\u00e9nat L\u2019article Financer ses projets gr\u00e2ce au m\u00e9c\u00e9nat est apparu [&hellip;]<\/p>\n","protected":false},"author":0,"featured_media":0,"comment_status":"closed","ping_status":"open","sticky":false,"template":"","format":"standard","meta":{"footnotes":""},"categories":[1],"tags":[],"class_list":["post-3323","post","type-post","status-publish","format-standard","hentry","category-non-classe"],"yoast_head":"<!-- This site is optimized with the Yoast SEO plugin v27.5 - https:\/\/yoast.com\/product\/yoast-seo-wordpress\/ -->\n<title>Financer ses projets gr\u00e2ce au m\u00e9c\u00e9nat - HIERO STRASBOURG<\/title>\n<meta name=\"robots\" content=\"index, follow, max-snippet:-1, max-image-preview:large, max-video-preview:-1\" \/>\n<link rel=\"canonical\" href=\"https:\/\/hierostrasbourg.com\/index.php\/2022\/07\/21\/financer-ses-projets-grace-au-mecenat-2\/\" \/>\n<meta property=\"og:locale\" content=\"fr_FR\" \/>\n<meta property=\"og:type\" content=\"article\" \/>\n<meta property=\"og:title\" content=\"Financer ses projets gr\u00e2ce au m\u00e9c\u00e9nat - HIERO STRASBOURG\" \/>\n<meta property=\"og:description\" content=\"Face \u00e0 la baisse des financements publics, le m\u00e9c\u00e9nat permet aux collectivit\u00e9s d\u2019\u00eatre soutenues dans la r\u00e9alisation de projets d\u2019int\u00e9r\u00eat g\u00e9n\u00e9ral. Soutien prot\u00e9iformeLe m\u00e9c\u00e9nat peut prendre la forme de soutiens financiers, d\u2019aides \u00ab\u2009en nature\u2009\u00bb ou encore de mises \u00e0 disposition de personnel. R\u00e9ductions fiscales Les entreprises et les particuliers m\u00e9c\u00e8nes b\u00e9n\u00e9ficient, au titre de leur soutien, de r\u00e9ductions fiscales. Source \/ Lire la suite : Financer ses projets gr\u00e2ce au m\u00e9c\u00e9nat L\u2019article Financer ses projets gr\u00e2ce au m\u00e9c\u00e9nat est apparu [&hellip;]\" \/>\n<meta property=\"og:url\" content=\"https:\/\/hierostrasbourg.com\/index.php\/2022\/07\/21\/financer-ses-projets-grace-au-mecenat-2\/\" \/>\n<meta property=\"og:site_name\" content=\"HIERO STRASBOURG\" \/>\n<meta property=\"article:publisher\" content=\"https:\/\/www.facebook.com\/fedehierostrasbourg\" \/>\n<meta property=\"article:published_time\" content=\"2022-07-21T19:33:51+00:00\" \/>\n<meta name=\"twitter:card\" content=\"summary_large_image\" \/>\n<meta name=\"twitter:creator\" content=\"@hierostrasbourg\" \/>\n<meta name=\"twitter:site\" content=\"@hierostrasbourg\" \/>\n<meta name=\"twitter:label1\" content=\"Dur\u00e9e de lecture estim\u00e9e\" \/>\n\t<meta name=\"twitter:data1\" content=\"1 minute\" \/>\n<script type=\"application\/ld+json\" class=\"yoast-schema-graph\">{\"@context\":\"https:\\\/\\\/schema.org\",\"@graph\":[{\"@type\":\"Article\",\"@id\":\"https:\\\/\\\/hierostrasbourg.com\\\/index.php\\\/2022\\\/07\\\/21\\\/financer-ses-projets-grace-au-mecenat-2\\\/#article\",\"isPartOf\":{\"@id\":\"https:\\\/\\\/hierostrasbourg.com\\\/index.php\\\/2022\\\/07\\\/21\\\/financer-ses-projets-grace-au-mecenat-2\\\/\"},\"author\":{\"name\":\"\",\"@id\":\"\"},\"headline\":\"Financer ses projets gr\u00e2ce au m\u00e9c\u00e9nat\",\"datePublished\":\"2022-07-21T19:33:51+00:00\",\"mainEntityOfPage\":{\"@id\":\"https:\\\/\\\/hierostrasbourg.com\\\/index.php\\\/2022\\\/07\\\/21\\\/financer-ses-projets-grace-au-mecenat-2\\\/\"},\"wordCount\":118,\"publisher\":{\"@id\":\"https:\\\/\\\/hierostrasbourg.com\\\/#organization\"},\"inLanguage\":\"fr-FR\"},{\"@type\":\"WebPage\",\"@id\":\"https:\\\/\\\/hierostrasbourg.com\\\/index.php\\\/2022\\\/07\\\/21\\\/financer-ses-projets-grace-au-mecenat-2\\\/\",\"url\":\"https:\\\/\\\/hierostrasbourg.com\\\/index.php\\\/2022\\\/07\\\/21\\\/financer-ses-projets-grace-au-mecenat-2\\\/\",\"name\":\"Financer ses projets gr\u00e2ce au m\u00e9c\u00e9nat - HIERO STRASBOURG\",\"isPartOf\":{\"@id\":\"https:\\\/\\\/hierostrasbourg.com\\\/#website\"},\"datePublished\":\"2022-07-21T19:33:51+00:00\",\"breadcrumb\":{\"@id\":\"https:\\\/\\\/hierostrasbourg.com\\\/index.php\\\/2022\\\/07\\\/21\\\/financer-ses-projets-grace-au-mecenat-2\\\/#breadcrumb\"},\"inLanguage\":\"fr-FR\",\"potentialAction\":[{\"@type\":\"ReadAction\",\"target\":[\"https:\\\/\\\/hierostrasbourg.com\\\/index.php\\\/2022\\\/07\\\/21\\\/financer-ses-projets-grace-au-mecenat-2\\\/\"]}]},{\"@type\":\"BreadcrumbList\",\"@id\":\"https:\\\/\\\/hierostrasbourg.com\\\/index.php\\\/2022\\\/07\\\/21\\\/financer-ses-projets-grace-au-mecenat-2\\\/#breadcrumb\",\"itemListElement\":[{\"@type\":\"ListItem\",\"position\":1,\"name\":\"Accueil\",\"item\":\"https:\\\/\\\/hierostrasbourg.com\\\/\"},{\"@type\":\"ListItem\",\"position\":2,\"name\":\"Financer ses projets gr\u00e2ce au m\u00e9c\u00e9nat\"}]},{\"@type\":\"WebSite\",\"@id\":\"https:\\\/\\\/hierostrasbourg.com\\\/#website\",\"url\":\"https:\\\/\\\/hierostrasbourg.com\\\/\",\"name\":\"HIERO STRASBOURG\",\"description\":\"Centre de Ressources Musiques Actuelles\",\"publisher\":{\"@id\":\"https:\\\/\\\/hierostrasbourg.com\\\/#organization\"},\"potentialAction\":[{\"@type\":\"SearchAction\",\"target\":{\"@type\":\"EntryPoint\",\"urlTemplate\":\"https:\\\/\\\/hierostrasbourg.com\\\/?s={search_term_string}\"},\"query-input\":{\"@type\":\"PropertyValueSpecification\",\"valueRequired\":true,\"valueName\":\"search_term_string\"}}],\"inLanguage\":\"fr-FR\"},{\"@type\":\"Organization\",\"@id\":\"https:\\\/\\\/hierostrasbourg.com\\\/#organization\",\"name\":\"F\u00e9d\u00e9ration Hi\u00e9ro Strasbourg\",\"url\":\"https:\\\/\\\/hierostrasbourg.com\\\/\",\"logo\":{\"@type\":\"ImageObject\",\"inLanguage\":\"fr-FR\",\"@id\":\"https:\\\/\\\/hierostrasbourg.com\\\/#\\\/schema\\\/logo\\\/image\\\/\",\"url\":\"https:\\\/\\\/hierostrasbourg.com\\\/wp-content\\\/uploads\\\/2026\\\/04\\\/logo-hiero-strasbourg.jpg\",\"contentUrl\":\"https:\\\/\\\/hierostrasbourg.com\\\/wp-content\\\/uploads\\\/2026\\\/04\\\/logo-hiero-strasbourg.jpg\",\"width\":204,\"height\":192,\"caption\":\"F\u00e9d\u00e9ration Hi\u00e9ro Strasbourg\"},\"image\":{\"@id\":\"https:\\\/\\\/hierostrasbourg.com\\\/#\\\/schema\\\/logo\\\/image\\\/\"},\"sameAs\":[\"https:\\\/\\\/www.facebook.com\\\/fedehierostrasbourg\",\"https:\\\/\\\/x.com\\\/hierostrasbourg\"]}]}<\/script>\n<!-- \/ Yoast SEO plugin. -->","yoast_head_json":{"title":"Financer ses projets gr\u00e2ce au m\u00e9c\u00e9nat - HIERO STRASBOURG","robots":{"index":"index","follow":"follow","max-snippet":"max-snippet:-1","max-image-preview":"max-image-preview:large","max-video-preview":"max-video-preview:-1"},"canonical":"https:\/\/hierostrasbourg.com\/index.php\/2022\/07\/21\/financer-ses-projets-grace-au-mecenat-2\/","og_locale":"fr_FR","og_type":"article","og_title":"Financer ses projets gr\u00e2ce au m\u00e9c\u00e9nat - HIERO STRASBOURG","og_description":"Face \u00e0 la baisse des financements publics, le m\u00e9c\u00e9nat permet aux collectivit\u00e9s d\u2019\u00eatre soutenues dans la r\u00e9alisation de projets d\u2019int\u00e9r\u00eat g\u00e9n\u00e9ral. Soutien prot\u00e9iformeLe m\u00e9c\u00e9nat peut prendre la forme de soutiens financiers, d\u2019aides \u00ab\u2009en nature\u2009\u00bb ou encore de mises \u00e0 disposition de personnel. R\u00e9ductions fiscales Les entreprises et les particuliers m\u00e9c\u00e8nes b\u00e9n\u00e9ficient, au titre de leur soutien, de r\u00e9ductions fiscales. Source \/ Lire la suite : Financer ses projets gr\u00e2ce au m\u00e9c\u00e9nat L\u2019article Financer ses projets gr\u00e2ce au m\u00e9c\u00e9nat est apparu [&hellip;]","og_url":"https:\/\/hierostrasbourg.com\/index.php\/2022\/07\/21\/financer-ses-projets-grace-au-mecenat-2\/","og_site_name":"HIERO STRASBOURG","article_publisher":"https:\/\/www.facebook.com\/fedehierostrasbourg","article_published_time":"2022-07-21T19:33:51+00:00","twitter_card":"summary_large_image","twitter_creator":"@hierostrasbourg","twitter_site":"@hierostrasbourg","twitter_misc":{"Dur\u00e9e de lecture estim\u00e9e":"1 minute"},"schema":{"@context":"https:\/\/schema.org","@graph":[{"@type":"Article","@id":"https:\/\/hierostrasbourg.com\/index.php\/2022\/07\/21\/financer-ses-projets-grace-au-mecenat-2\/#article","isPartOf":{"@id":"https:\/\/hierostrasbourg.com\/index.php\/2022\/07\/21\/financer-ses-projets-grace-au-mecenat-2\/"},"author":{"name":"","@id":""},"headline":"Financer ses projets gr\u00e2ce au m\u00e9c\u00e9nat","datePublished":"2022-07-21T19:33:51+00:00","mainEntityOfPage":{"@id":"https:\/\/hierostrasbourg.com\/index.php\/2022\/07\/21\/financer-ses-projets-grace-au-mecenat-2\/"},"wordCount":118,"publisher":{"@id":"https:\/\/hierostrasbourg.com\/#organization"},"inLanguage":"fr-FR"},{"@type":"WebPage","@id":"https:\/\/hierostrasbourg.com\/index.php\/2022\/07\/21\/financer-ses-projets-grace-au-mecenat-2\/","url":"https:\/\/hierostrasbourg.com\/index.php\/2022\/07\/21\/financer-ses-projets-grace-au-mecenat-2\/","name":"Financer ses projets gr\u00e2ce au m\u00e9c\u00e9nat - HIERO STRASBOURG","isPartOf":{"@id":"https:\/\/hierostrasbourg.com\/#website"},"datePublished":"2022-07-21T19:33:51+00:00","breadcrumb":{"@id":"https:\/\/hierostrasbourg.com\/index.php\/2022\/07\/21\/financer-ses-projets-grace-au-mecenat-2\/#breadcrumb"},"inLanguage":"fr-FR","potentialAction":[{"@type":"ReadAction","target":["https:\/\/hierostrasbourg.com\/index.php\/2022\/07\/21\/financer-ses-projets-grace-au-mecenat-2\/"]}]},{"@type":"BreadcrumbList","@id":"https:\/\/hierostrasbourg.com\/index.php\/2022\/07\/21\/financer-ses-projets-grace-au-mecenat-2\/#breadcrumb","itemListElement":[{"@type":"ListItem","position":1,"name":"Accueil","item":"https:\/\/hierostrasbourg.com\/"},{"@type":"ListItem","position":2,"name":"Financer ses projets gr\u00e2ce au m\u00e9c\u00e9nat"}]},{"@type":"WebSite","@id":"https:\/\/hierostrasbourg.com\/#website","url":"https:\/\/hierostrasbourg.com\/","name":"HIERO STRASBOURG","description":"Centre de Ressources Musiques Actuelles","publisher":{"@id":"https:\/\/hierostrasbourg.com\/#organization"},"potentialAction":[{"@type":"SearchAction","target":{"@type":"EntryPoint","urlTemplate":"https:\/\/hierostrasbourg.com\/?s={search_term_string}"},"query-input":{"@type":"PropertyValueSpecification","valueRequired":true,"valueName":"search_term_string"}}],"inLanguage":"fr-FR"},{"@type":"Organization","@id":"https:\/\/hierostrasbourg.com\/#organization","name":"F\u00e9d\u00e9ration Hi\u00e9ro Strasbourg","url":"https:\/\/hierostrasbourg.com\/","logo":{"@type":"ImageObject","inLanguage":"fr-FR","@id":"https:\/\/hierostrasbourg.com\/#\/schema\/logo\/image\/","url":"https:\/\/hierostrasbourg.com\/wp-content\/uploads\/2026\/04\/logo-hiero-strasbourg.jpg","contentUrl":"https:\/\/hierostrasbourg.com\/wp-content\/uploads\/2026\/04\/logo-hiero-strasbourg.jpg","width":204,"height":192,"caption":"F\u00e9d\u00e9ration Hi\u00e9ro Strasbourg"},"image":{"@id":"https:\/\/hierostrasbourg.com\/#\/schema\/logo\/image\/"},"sameAs":["https:\/\/www.facebook.com\/fedehierostrasbourg","https:\/\/x.com\/hierostrasbourg"]}]}},"_links":{"self":[{"href":"https:\/\/hierostrasbourg.com\/index.php\/wp-json\/wp\/v2\/posts\/3323","targetHints":{"allow":["GET"]}}],"collection":[{"href":"https:\/\/hierostrasbourg.com\/index.php\/wp-json\/wp\/v2\/posts"}],"about":[{"href":"https:\/\/hierostrasbourg.com\/index.php\/wp-json\/wp\/v2\/types\/post"}],"replies":[{"embeddable":true,"href":"https:\/\/hierostrasbourg.com\/index.php\/wp-json\/wp\/v2\/comments?post=3323"}],"version-history":[{"count":0,"href":"https:\/\/hierostrasbourg.com\/index.php\/wp-json\/wp\/v2\/posts\/3323\/revisions"}],"wp:attachment":[{"href":"https:\/\/hierostrasbourg.com\/index.php\/wp-json\/wp\/v2\/media?parent=3323"}],"wp:term":[{"taxonomy":"category","embeddable":true,"href":"https:\/\/hierostrasbourg.com\/index.php\/wp-json\/wp\/v2\/categories?post=3323"},{"taxonomy":"post_tag","embeddable":true,"href":"https:\/\/hierostrasbourg.com\/index.php\/wp-json\/wp\/v2\/tags?post=3323"}],"curies":[{"name":"wp","href":"https:\/\/api.w.org\/{rel}","templated":true}]}}