{"id":3318,"date":"2022-07-21T21:33:50","date_gmt":"2022-07-21T19:33:50","guid":{"rendered":"https:\/\/hierostrasbourg.com\/index.php\/2022\/07\/21\/faut-il-faire-evoluer-la-decentralisation-culturelle-2\/"},"modified":"2022-07-21T21:33:50","modified_gmt":"2022-07-21T19:33:50","slug":"faut-il-faire-evoluer-la-decentralisation-culturelle-2","status":"publish","type":"post","link":"https:\/\/hierostrasbourg.com\/index.php\/2022\/07\/21\/faut-il-faire-evoluer-la-decentralisation-culturelle-2\/","title":{"rendered":"Faut-il faire \u00e9voluer la d\u00e9centralisation culturelle ?"},"content":{"rendered":"<p><a href=\"https:\/\/musiquesactuelles.alsace\/faut-il-faire-evoluer-la-decentralisation-culturelle\/\" title=\"Faut-il faire \u00e9voluer la d\u00e9centralisation culturelle ?\"><\/a><\/p>\n<p>R\u00e9unis en marge du Festival d\u2019Avignon, les \u00e9lus \u00e0 la culture ont fait le point sur la d\u00e9centralisation culturelle. Un d\u00e9bat travers\u00e9 par des exigences d\u2019\u00e9quit\u00e9 territoriale et d\u2019adaptation aux sp\u00e9cificit\u00e9s locales, avec des nuances sensibles selon les \u00e9lus. Source \/ Lire la suite : Faut-il faire \u00e9voluer la d\u00e9centralisation culturelle ?<\/p>\n<p>L\u2019article <a href=\"https:\/\/musiquesactuelles.alsace\/faut-il-faire-evoluer-la-decentralisation-culturelle\/\">Faut-il faire \u00e9voluer la d\u00e9centralisation culturelle ?<\/a> est apparu en premier sur <a href=\"https:\/\/musiquesactuelles.alsace\/\">Musiques Actuelles en Alsace<\/a>.<\/p>\n<p>L\u2019article <a href=\"https:\/\/popburo.fr\/faut-il-faire-evoluer-la-decentralisation-culturelle-2\/\">Faut-il faire \u00e9voluer la d\u00e9centralisation culturelle ?<\/a> est apparu en premier sur <a href=\"https:\/\/popburo.fr\/\">POP B\u00dcRO<\/a>.<\/p>\n","protected":false},"excerpt":{"rendered":"<p>R\u00e9unis en marge du Festival d\u2019Avignon, les \u00e9lus \u00e0 la culture ont fait le point sur la d\u00e9centralisation culturelle. Un d\u00e9bat travers\u00e9 par des exigences d\u2019\u00e9quit\u00e9 territoriale et d\u2019adaptation aux sp\u00e9cificit\u00e9s locales, avec des nuances sensibles selon les \u00e9lus. Source \/ Lire la suite : Faut-il faire \u00e9voluer la d\u00e9centralisation culturelle ? L\u2019article Faut-il faire \u00e9voluer la d\u00e9centralisation culturelle ? est apparu en premier sur Musiques Actuelles en Alsace. L\u2019article Faut-il faire \u00e9voluer la d\u00e9centralisation culturelle ? est apparu en [&hellip;]<\/p>\n","protected":false},"author":0,"featured_media":0,"comment_status":"closed","ping_status":"open","sticky":false,"template":"","format":"standard","meta":{"footnotes":""},"categories":[1],"tags":[],"class_list":["post-3318","post","type-post","status-publish","format-standard","hentry","category-non-classe"],"yoast_head":"<!-- This site is optimized with the Yoast SEO plugin v27.5 - https:\/\/yoast.com\/product\/yoast-seo-wordpress\/ -->\n<title>Faut-il faire \u00e9voluer la d\u00e9centralisation culturelle ? - HIERO STRASBOURG<\/title>\n<meta name=\"robots\" content=\"index, follow, max-snippet:-1, max-image-preview:large, max-video-preview:-1\" \/>\n<link rel=\"canonical\" href=\"https:\/\/hierostrasbourg.com\/index.php\/2022\/07\/21\/faut-il-faire-evoluer-la-decentralisation-culturelle-2\/\" \/>\n<meta property=\"og:locale\" content=\"fr_FR\" \/>\n<meta property=\"og:type\" content=\"article\" \/>\n<meta property=\"og:title\" content=\"Faut-il faire \u00e9voluer la d\u00e9centralisation culturelle ? - HIERO STRASBOURG\" \/>\n<meta property=\"og:description\" content=\"R\u00e9unis en marge du Festival d\u2019Avignon, les \u00e9lus \u00e0 la culture ont fait le point sur la d\u00e9centralisation culturelle. Un d\u00e9bat travers\u00e9 par des exigences d\u2019\u00e9quit\u00e9 territoriale et d\u2019adaptation aux sp\u00e9cificit\u00e9s locales, avec des nuances sensibles selon les \u00e9lus. Source \/ Lire la suite : Faut-il faire \u00e9voluer la d\u00e9centralisation culturelle ? L\u2019article Faut-il faire \u00e9voluer la d\u00e9centralisation culturelle ? est apparu en premier sur Musiques Actuelles en Alsace. L\u2019article Faut-il faire \u00e9voluer la d\u00e9centralisation culturelle ? est apparu en [&hellip;]\" \/>\n<meta property=\"og:url\" content=\"https:\/\/hierostrasbourg.com\/index.php\/2022\/07\/21\/faut-il-faire-evoluer-la-decentralisation-culturelle-2\/\" \/>\n<meta property=\"og:site_name\" content=\"HIERO STRASBOURG\" \/>\n<meta property=\"article:publisher\" content=\"https:\/\/www.facebook.com\/fedehierostrasbourg\" \/>\n<meta property=\"article:published_time\" content=\"2022-07-21T19:33:50+00:00\" \/>\n<meta name=\"twitter:card\" content=\"summary_large_image\" \/>\n<meta name=\"twitter:creator\" content=\"@hierostrasbourg\" \/>\n<meta name=\"twitter:site\" content=\"@hierostrasbourg\" \/>\n<script type=\"application\/ld+json\" class=\"yoast-schema-graph\">{\"@context\":\"https:\\\/\\\/schema.org\",\"@graph\":[{\"@type\":\"Article\",\"@id\":\"https:\\\/\\\/hierostrasbourg.com\\\/index.php\\\/2022\\\/07\\\/21\\\/faut-il-faire-evoluer-la-decentralisation-culturelle-2\\\/#article\",\"isPartOf\":{\"@id\":\"https:\\\/\\\/hierostrasbourg.com\\\/index.php\\\/2022\\\/07\\\/21\\\/faut-il-faire-evoluer-la-decentralisation-culturelle-2\\\/\"},\"author\":{\"name\":\"\",\"@id\":\"\"},\"headline\":\"Faut-il faire \u00e9voluer la d\u00e9centralisation culturelle ?\",\"datePublished\":\"2022-07-21T19:33:50+00:00\",\"mainEntityOfPage\":{\"@id\":\"https:\\\/\\\/hierostrasbourg.com\\\/index.php\\\/2022\\\/07\\\/21\\\/faut-il-faire-evoluer-la-decentralisation-culturelle-2\\\/\"},\"wordCount\":99,\"publisher\":{\"@id\":\"https:\\\/\\\/hierostrasbourg.com\\\/#organization\"},\"inLanguage\":\"fr-FR\"},{\"@type\":\"WebPage\",\"@id\":\"https:\\\/\\\/hierostrasbourg.com\\\/index.php\\\/2022\\\/07\\\/21\\\/faut-il-faire-evoluer-la-decentralisation-culturelle-2\\\/\",\"url\":\"https:\\\/\\\/hierostrasbourg.com\\\/index.php\\\/2022\\\/07\\\/21\\\/faut-il-faire-evoluer-la-decentralisation-culturelle-2\\\/\",\"name\":\"Faut-il faire \u00e9voluer la d\u00e9centralisation culturelle ? - HIERO STRASBOURG\",\"isPartOf\":{\"@id\":\"https:\\\/\\\/hierostrasbourg.com\\\/#website\"},\"datePublished\":\"2022-07-21T19:33:50+00:00\",\"breadcrumb\":{\"@id\":\"https:\\\/\\\/hierostrasbourg.com\\\/index.php\\\/2022\\\/07\\\/21\\\/faut-il-faire-evoluer-la-decentralisation-culturelle-2\\\/#breadcrumb\"},\"inLanguage\":\"fr-FR\",\"potentialAction\":[{\"@type\":\"ReadAction\",\"target\":[\"https:\\\/\\\/hierostrasbourg.com\\\/index.php\\\/2022\\\/07\\\/21\\\/faut-il-faire-evoluer-la-decentralisation-culturelle-2\\\/\"]}]},{\"@type\":\"BreadcrumbList\",\"@id\":\"https:\\\/\\\/hierostrasbourg.com\\\/index.php\\\/2022\\\/07\\\/21\\\/faut-il-faire-evoluer-la-decentralisation-culturelle-2\\\/#breadcrumb\",\"itemListElement\":[{\"@type\":\"ListItem\",\"position\":1,\"name\":\"Accueil\",\"item\":\"https:\\\/\\\/hierostrasbourg.com\\\/\"},{\"@type\":\"ListItem\",\"position\":2,\"name\":\"Faut-il faire \u00e9voluer la d\u00e9centralisation culturelle ?\"}]},{\"@type\":\"WebSite\",\"@id\":\"https:\\\/\\\/hierostrasbourg.com\\\/#website\",\"url\":\"https:\\\/\\\/hierostrasbourg.com\\\/\",\"name\":\"HIERO STRASBOURG\",\"description\":\"Centre de Ressources Musiques Actuelles\",\"publisher\":{\"@id\":\"https:\\\/\\\/hierostrasbourg.com\\\/#organization\"},\"potentialAction\":[{\"@type\":\"SearchAction\",\"target\":{\"@type\":\"EntryPoint\",\"urlTemplate\":\"https:\\\/\\\/hierostrasbourg.com\\\/?s={search_term_string}\"},\"query-input\":{\"@type\":\"PropertyValueSpecification\",\"valueRequired\":true,\"valueName\":\"search_term_string\"}}],\"inLanguage\":\"fr-FR\"},{\"@type\":\"Organization\",\"@id\":\"https:\\\/\\\/hierostrasbourg.com\\\/#organization\",\"name\":\"F\u00e9d\u00e9ration Hi\u00e9ro Strasbourg\",\"url\":\"https:\\\/\\\/hierostrasbourg.com\\\/\",\"logo\":{\"@type\":\"ImageObject\",\"inLanguage\":\"fr-FR\",\"@id\":\"https:\\\/\\\/hierostrasbourg.com\\\/#\\\/schema\\\/logo\\\/image\\\/\",\"url\":\"https:\\\/\\\/hierostrasbourg.com\\\/wp-content\\\/uploads\\\/2026\\\/04\\\/logo-hiero-strasbourg.jpg\",\"contentUrl\":\"https:\\\/\\\/hierostrasbourg.com\\\/wp-content\\\/uploads\\\/2026\\\/04\\\/logo-hiero-strasbourg.jpg\",\"width\":204,\"height\":192,\"caption\":\"F\u00e9d\u00e9ration Hi\u00e9ro Strasbourg\"},\"image\":{\"@id\":\"https:\\\/\\\/hierostrasbourg.com\\\/#\\\/schema\\\/logo\\\/image\\\/\"},\"sameAs\":[\"https:\\\/\\\/www.facebook.com\\\/fedehierostrasbourg\",\"https:\\\/\\\/x.com\\\/hierostrasbourg\"]}]}<\/script>\n<!-- \/ Yoast SEO plugin. -->","yoast_head_json":{"title":"Faut-il faire \u00e9voluer la d\u00e9centralisation culturelle ? - HIERO STRASBOURG","robots":{"index":"index","follow":"follow","max-snippet":"max-snippet:-1","max-image-preview":"max-image-preview:large","max-video-preview":"max-video-preview:-1"},"canonical":"https:\/\/hierostrasbourg.com\/index.php\/2022\/07\/21\/faut-il-faire-evoluer-la-decentralisation-culturelle-2\/","og_locale":"fr_FR","og_type":"article","og_title":"Faut-il faire \u00e9voluer la d\u00e9centralisation culturelle ? - HIERO STRASBOURG","og_description":"R\u00e9unis en marge du Festival d\u2019Avignon, les \u00e9lus \u00e0 la culture ont fait le point sur la d\u00e9centralisation culturelle. Un d\u00e9bat travers\u00e9 par des exigences d\u2019\u00e9quit\u00e9 territoriale et d\u2019adaptation aux sp\u00e9cificit\u00e9s locales, avec des nuances sensibles selon les \u00e9lus. Source \/ Lire la suite : Faut-il faire \u00e9voluer la d\u00e9centralisation culturelle ? L\u2019article Faut-il faire \u00e9voluer la d\u00e9centralisation culturelle ? est apparu en premier sur Musiques Actuelles en Alsace. L\u2019article Faut-il faire \u00e9voluer la d\u00e9centralisation culturelle ? est apparu en [&hellip;]","og_url":"https:\/\/hierostrasbourg.com\/index.php\/2022\/07\/21\/faut-il-faire-evoluer-la-decentralisation-culturelle-2\/","og_site_name":"HIERO STRASBOURG","article_publisher":"https:\/\/www.facebook.com\/fedehierostrasbourg","article_published_time":"2022-07-21T19:33:50+00:00","twitter_card":"summary_large_image","twitter_creator":"@hierostrasbourg","twitter_site":"@hierostrasbourg","schema":{"@context":"https:\/\/schema.org","@graph":[{"@type":"Article","@id":"https:\/\/hierostrasbourg.com\/index.php\/2022\/07\/21\/faut-il-faire-evoluer-la-decentralisation-culturelle-2\/#article","isPartOf":{"@id":"https:\/\/hierostrasbourg.com\/index.php\/2022\/07\/21\/faut-il-faire-evoluer-la-decentralisation-culturelle-2\/"},"author":{"name":"","@id":""},"headline":"Faut-il faire \u00e9voluer la d\u00e9centralisation culturelle ?","datePublished":"2022-07-21T19:33:50+00:00","mainEntityOfPage":{"@id":"https:\/\/hierostrasbourg.com\/index.php\/2022\/07\/21\/faut-il-faire-evoluer-la-decentralisation-culturelle-2\/"},"wordCount":99,"publisher":{"@id":"https:\/\/hierostrasbourg.com\/#organization"},"inLanguage":"fr-FR"},{"@type":"WebPage","@id":"https:\/\/hierostrasbourg.com\/index.php\/2022\/07\/21\/faut-il-faire-evoluer-la-decentralisation-culturelle-2\/","url":"https:\/\/hierostrasbourg.com\/index.php\/2022\/07\/21\/faut-il-faire-evoluer-la-decentralisation-culturelle-2\/","name":"Faut-il faire \u00e9voluer la d\u00e9centralisation culturelle ? - HIERO STRASBOURG","isPartOf":{"@id":"https:\/\/hierostrasbourg.com\/#website"},"datePublished":"2022-07-21T19:33:50+00:00","breadcrumb":{"@id":"https:\/\/hierostrasbourg.com\/index.php\/2022\/07\/21\/faut-il-faire-evoluer-la-decentralisation-culturelle-2\/#breadcrumb"},"inLanguage":"fr-FR","potentialAction":[{"@type":"ReadAction","target":["https:\/\/hierostrasbourg.com\/index.php\/2022\/07\/21\/faut-il-faire-evoluer-la-decentralisation-culturelle-2\/"]}]},{"@type":"BreadcrumbList","@id":"https:\/\/hierostrasbourg.com\/index.php\/2022\/07\/21\/faut-il-faire-evoluer-la-decentralisation-culturelle-2\/#breadcrumb","itemListElement":[{"@type":"ListItem","position":1,"name":"Accueil","item":"https:\/\/hierostrasbourg.com\/"},{"@type":"ListItem","position":2,"name":"Faut-il faire \u00e9voluer la d\u00e9centralisation culturelle ?"}]},{"@type":"WebSite","@id":"https:\/\/hierostrasbourg.com\/#website","url":"https:\/\/hierostrasbourg.com\/","name":"HIERO STRASBOURG","description":"Centre de Ressources Musiques Actuelles","publisher":{"@id":"https:\/\/hierostrasbourg.com\/#organization"},"potentialAction":[{"@type":"SearchAction","target":{"@type":"EntryPoint","urlTemplate":"https:\/\/hierostrasbourg.com\/?s={search_term_string}"},"query-input":{"@type":"PropertyValueSpecification","valueRequired":true,"valueName":"search_term_string"}}],"inLanguage":"fr-FR"},{"@type":"Organization","@id":"https:\/\/hierostrasbourg.com\/#organization","name":"F\u00e9d\u00e9ration Hi\u00e9ro Strasbourg","url":"https:\/\/hierostrasbourg.com\/","logo":{"@type":"ImageObject","inLanguage":"fr-FR","@id":"https:\/\/hierostrasbourg.com\/#\/schema\/logo\/image\/","url":"https:\/\/hierostrasbourg.com\/wp-content\/uploads\/2026\/04\/logo-hiero-strasbourg.jpg","contentUrl":"https:\/\/hierostrasbourg.com\/wp-content\/uploads\/2026\/04\/logo-hiero-strasbourg.jpg","width":204,"height":192,"caption":"F\u00e9d\u00e9ration Hi\u00e9ro Strasbourg"},"image":{"@id":"https:\/\/hierostrasbourg.com\/#\/schema\/logo\/image\/"},"sameAs":["https:\/\/www.facebook.com\/fedehierostrasbourg","https:\/\/x.com\/hierostrasbourg"]}]}},"_links":{"self":[{"href":"https:\/\/hierostrasbourg.com\/index.php\/wp-json\/wp\/v2\/posts\/3318","targetHints":{"allow":["GET"]}}],"collection":[{"href":"https:\/\/hierostrasbourg.com\/index.php\/wp-json\/wp\/v2\/posts"}],"about":[{"href":"https:\/\/hierostrasbourg.com\/index.php\/wp-json\/wp\/v2\/types\/post"}],"replies":[{"embeddable":true,"href":"https:\/\/hierostrasbourg.com\/index.php\/wp-json\/wp\/v2\/comments?post=3318"}],"version-history":[{"count":0,"href":"https:\/\/hierostrasbourg.com\/index.php\/wp-json\/wp\/v2\/posts\/3318\/revisions"}],"wp:attachment":[{"href":"https:\/\/hierostrasbourg.com\/index.php\/wp-json\/wp\/v2\/media?parent=3318"}],"wp:term":[{"taxonomy":"category","embeddable":true,"href":"https:\/\/hierostrasbourg.com\/index.php\/wp-json\/wp\/v2\/categories?post=3318"},{"taxonomy":"post_tag","embeddable":true,"href":"https:\/\/hierostrasbourg.com\/index.php\/wp-json\/wp\/v2\/tags?post=3318"}],"curies":[{"name":"wp","href":"https:\/\/api.w.org\/{rel}","templated":true}]}}