{"id":3304,"date":"2022-07-20T18:31:44","date_gmt":"2022-07-20T16:31:44","guid":{"rendered":"https:\/\/hierostrasbourg.com\/index.php\/2022\/07\/20\/festivals-dete-au-diapason-de-laccessibilite\/"},"modified":"2022-07-20T18:31:44","modified_gmt":"2022-07-20T16:31:44","slug":"festivals-dete-au-diapason-de-laccessibilite","status":"publish","type":"post","link":"https:\/\/hierostrasbourg.com\/index.php\/2022\/07\/20\/festivals-dete-au-diapason-de-laccessibilite\/","title":{"rendered":"Festivals d\u2019\u00e9t\u00e9, au diapason de l\u2019accessibilit\u00e9 ?"},"content":{"rendered":"<p><a href=\"https:\/\/musiquesactuelles.alsace\/festivals-dete-au-diapason-de-laccessibilite\/\" title=\"Festivals d\u2019\u00e9t\u00e9, au diapason de l\u2019accessibilit\u00e9 ?\"><\/a><\/p>\n<p>Hellfest, Solidays, Vieilles Charrues\u2026 Apr\u00e8s deux ans d\u2019absence, c\u2019est le grand retour des festivals de musique et, avec eux, des progr\u00e8s en mati\u00e8re d\u2019accessibilit\u00e9 pour les personnes handicap\u00e9es. Parfois aussi quelques copies \u00e0 revoir\u2026 Source \/ Lire la suite : Festivals d\u2019\u00e9t\u00e9, au diapason de l\u2019accessibilit\u00e9 ?<\/p>\n<p>L\u2019article <a href=\"https:\/\/musiquesactuelles.alsace\/festivals-dete-au-diapason-de-laccessibilite\/\">Festivals d\u2019\u00e9t\u00e9, au diapason de l\u2019accessibilit\u00e9 ?<\/a> est apparu en premier sur <a href=\"https:\/\/musiquesactuelles.alsace\/\">Musiques Actuelles en Alsace<\/a>.<\/p>\n<p>L\u2019article <a href=\"https:\/\/popburo.fr\/festivals-dete-au-diapason-de-laccessibilite-2\/\">Festivals d\u2019\u00e9t\u00e9, au diapason de l\u2019accessibilit\u00e9 ?<\/a> est apparu en premier sur <a href=\"https:\/\/popburo.fr\/\">POP B\u00dcRO<\/a>.<\/p>\n","protected":false},"excerpt":{"rendered":"<p>Hellfest, Solidays, Vieilles Charrues\u2026 Apr\u00e8s deux ans d\u2019absence, c\u2019est le grand retour des festivals de musique et, avec eux, des progr\u00e8s en mati\u00e8re d\u2019accessibilit\u00e9 pour les personnes handicap\u00e9es. Parfois aussi quelques copies \u00e0 revoir\u2026 Source \/ Lire la suite : Festivals d\u2019\u00e9t\u00e9, au diapason de l\u2019accessibilit\u00e9 ? L\u2019article Festivals d\u2019\u00e9t\u00e9, au diapason de l\u2019accessibilit\u00e9 ? est apparu en premier sur Musiques Actuelles en Alsace. L\u2019article Festivals d\u2019\u00e9t\u00e9, au diapason de l\u2019accessibilit\u00e9 ? est apparu en premier sur POP B\u00dcRO.<\/p>\n","protected":false},"author":0,"featured_media":0,"comment_status":"closed","ping_status":"open","sticky":false,"template":"","format":"standard","meta":{"footnotes":""},"categories":[1],"tags":[],"class_list":["post-3304","post","type-post","status-publish","format-standard","hentry","category-non-classe"],"yoast_head":"<!-- This site is optimized with the Yoast SEO plugin v27.5 - https:\/\/yoast.com\/product\/yoast-seo-wordpress\/ -->\n<title>Festivals d\u2019\u00e9t\u00e9, au diapason de l\u2019accessibilit\u00e9 ? - HIERO STRASBOURG<\/title>\n<meta name=\"robots\" content=\"index, follow, max-snippet:-1, max-image-preview:large, max-video-preview:-1\" \/>\n<link rel=\"canonical\" href=\"https:\/\/hierostrasbourg.com\/index.php\/2022\/07\/20\/festivals-dete-au-diapason-de-laccessibilite\/\" \/>\n<meta property=\"og:locale\" content=\"fr_FR\" \/>\n<meta property=\"og:type\" content=\"article\" \/>\n<meta property=\"og:title\" content=\"Festivals d\u2019\u00e9t\u00e9, au diapason de l\u2019accessibilit\u00e9 ? - HIERO STRASBOURG\" \/>\n<meta property=\"og:description\" content=\"Hellfest, Solidays, Vieilles Charrues\u2026 Apr\u00e8s deux ans d\u2019absence, c\u2019est le grand retour des festivals de musique et, avec eux, des progr\u00e8s en mati\u00e8re d\u2019accessibilit\u00e9 pour les personnes handicap\u00e9es. Parfois aussi quelques copies \u00e0 revoir\u2026 Source \/ Lire la suite : Festivals d\u2019\u00e9t\u00e9, au diapason de l\u2019accessibilit\u00e9 ? L\u2019article Festivals d\u2019\u00e9t\u00e9, au diapason de l\u2019accessibilit\u00e9 ? est apparu en premier sur Musiques Actuelles en Alsace. L\u2019article Festivals d\u2019\u00e9t\u00e9, au diapason de l\u2019accessibilit\u00e9 ? est apparu en premier sur POP B\u00dcRO.\" \/>\n<meta property=\"og:url\" content=\"https:\/\/hierostrasbourg.com\/index.php\/2022\/07\/20\/festivals-dete-au-diapason-de-laccessibilite\/\" \/>\n<meta property=\"og:site_name\" content=\"HIERO STRASBOURG\" \/>\n<meta property=\"article:publisher\" content=\"https:\/\/www.facebook.com\/fedehierostrasbourg\" \/>\n<meta property=\"article:published_time\" content=\"2022-07-20T16:31:44+00:00\" \/>\n<meta name=\"twitter:card\" content=\"summary_large_image\" \/>\n<meta name=\"twitter:creator\" content=\"@hierostrasbourg\" \/>\n<meta name=\"twitter:site\" content=\"@hierostrasbourg\" \/>\n<script type=\"application\/ld+json\" class=\"yoast-schema-graph\">{\"@context\":\"https:\\\/\\\/schema.org\",\"@graph\":[{\"@type\":\"Article\",\"@id\":\"https:\\\/\\\/hierostrasbourg.com\\\/index.php\\\/2022\\\/07\\\/20\\\/festivals-dete-au-diapason-de-laccessibilite\\\/#article\",\"isPartOf\":{\"@id\":\"https:\\\/\\\/hierostrasbourg.com\\\/index.php\\\/2022\\\/07\\\/20\\\/festivals-dete-au-diapason-de-laccessibilite\\\/\"},\"author\":{\"name\":\"\",\"@id\":\"\"},\"headline\":\"Festivals d\u2019\u00e9t\u00e9, au diapason de l\u2019accessibilit\u00e9 ?\",\"datePublished\":\"2022-07-20T16:31:44+00:00\",\"mainEntityOfPage\":{\"@id\":\"https:\\\/\\\/hierostrasbourg.com\\\/index.php\\\/2022\\\/07\\\/20\\\/festivals-dete-au-diapason-de-laccessibilite\\\/\"},\"wordCount\":97,\"publisher\":{\"@id\":\"https:\\\/\\\/hierostrasbourg.com\\\/#organization\"},\"inLanguage\":\"fr-FR\"},{\"@type\":\"WebPage\",\"@id\":\"https:\\\/\\\/hierostrasbourg.com\\\/index.php\\\/2022\\\/07\\\/20\\\/festivals-dete-au-diapason-de-laccessibilite\\\/\",\"url\":\"https:\\\/\\\/hierostrasbourg.com\\\/index.php\\\/2022\\\/07\\\/20\\\/festivals-dete-au-diapason-de-laccessibilite\\\/\",\"name\":\"Festivals d\u2019\u00e9t\u00e9, au diapason de l\u2019accessibilit\u00e9 ? - HIERO STRASBOURG\",\"isPartOf\":{\"@id\":\"https:\\\/\\\/hierostrasbourg.com\\\/#website\"},\"datePublished\":\"2022-07-20T16:31:44+00:00\",\"breadcrumb\":{\"@id\":\"https:\\\/\\\/hierostrasbourg.com\\\/index.php\\\/2022\\\/07\\\/20\\\/festivals-dete-au-diapason-de-laccessibilite\\\/#breadcrumb\"},\"inLanguage\":\"fr-FR\",\"potentialAction\":[{\"@type\":\"ReadAction\",\"target\":[\"https:\\\/\\\/hierostrasbourg.com\\\/index.php\\\/2022\\\/07\\\/20\\\/festivals-dete-au-diapason-de-laccessibilite\\\/\"]}]},{\"@type\":\"BreadcrumbList\",\"@id\":\"https:\\\/\\\/hierostrasbourg.com\\\/index.php\\\/2022\\\/07\\\/20\\\/festivals-dete-au-diapason-de-laccessibilite\\\/#breadcrumb\",\"itemListElement\":[{\"@type\":\"ListItem\",\"position\":1,\"name\":\"Accueil\",\"item\":\"https:\\\/\\\/hierostrasbourg.com\\\/\"},{\"@type\":\"ListItem\",\"position\":2,\"name\":\"Festivals d\u2019\u00e9t\u00e9, au diapason de l\u2019accessibilit\u00e9 ?\"}]},{\"@type\":\"WebSite\",\"@id\":\"https:\\\/\\\/hierostrasbourg.com\\\/#website\",\"url\":\"https:\\\/\\\/hierostrasbourg.com\\\/\",\"name\":\"HIERO STRASBOURG\",\"description\":\"Centre de Ressources Musiques Actuelles\",\"publisher\":{\"@id\":\"https:\\\/\\\/hierostrasbourg.com\\\/#organization\"},\"potentialAction\":[{\"@type\":\"SearchAction\",\"target\":{\"@type\":\"EntryPoint\",\"urlTemplate\":\"https:\\\/\\\/hierostrasbourg.com\\\/?s={search_term_string}\"},\"query-input\":{\"@type\":\"PropertyValueSpecification\",\"valueRequired\":true,\"valueName\":\"search_term_string\"}}],\"inLanguage\":\"fr-FR\"},{\"@type\":\"Organization\",\"@id\":\"https:\\\/\\\/hierostrasbourg.com\\\/#organization\",\"name\":\"F\u00e9d\u00e9ration Hi\u00e9ro Strasbourg\",\"url\":\"https:\\\/\\\/hierostrasbourg.com\\\/\",\"logo\":{\"@type\":\"ImageObject\",\"inLanguage\":\"fr-FR\",\"@id\":\"https:\\\/\\\/hierostrasbourg.com\\\/#\\\/schema\\\/logo\\\/image\\\/\",\"url\":\"https:\\\/\\\/hierostrasbourg.com\\\/wp-content\\\/uploads\\\/2026\\\/04\\\/logo-hiero-strasbourg.jpg\",\"contentUrl\":\"https:\\\/\\\/hierostrasbourg.com\\\/wp-content\\\/uploads\\\/2026\\\/04\\\/logo-hiero-strasbourg.jpg\",\"width\":204,\"height\":192,\"caption\":\"F\u00e9d\u00e9ration Hi\u00e9ro Strasbourg\"},\"image\":{\"@id\":\"https:\\\/\\\/hierostrasbourg.com\\\/#\\\/schema\\\/logo\\\/image\\\/\"},\"sameAs\":[\"https:\\\/\\\/www.facebook.com\\\/fedehierostrasbourg\",\"https:\\\/\\\/x.com\\\/hierostrasbourg\"]}]}<\/script>\n<!-- \/ Yoast SEO plugin. -->","yoast_head_json":{"title":"Festivals d\u2019\u00e9t\u00e9, au diapason de l\u2019accessibilit\u00e9 ? - HIERO STRASBOURG","robots":{"index":"index","follow":"follow","max-snippet":"max-snippet:-1","max-image-preview":"max-image-preview:large","max-video-preview":"max-video-preview:-1"},"canonical":"https:\/\/hierostrasbourg.com\/index.php\/2022\/07\/20\/festivals-dete-au-diapason-de-laccessibilite\/","og_locale":"fr_FR","og_type":"article","og_title":"Festivals d\u2019\u00e9t\u00e9, au diapason de l\u2019accessibilit\u00e9 ? - HIERO STRASBOURG","og_description":"Hellfest, Solidays, Vieilles Charrues\u2026 Apr\u00e8s deux ans d\u2019absence, c\u2019est le grand retour des festivals de musique et, avec eux, des progr\u00e8s en mati\u00e8re d\u2019accessibilit\u00e9 pour les personnes handicap\u00e9es. Parfois aussi quelques copies \u00e0 revoir\u2026 Source \/ Lire la suite : Festivals d\u2019\u00e9t\u00e9, au diapason de l\u2019accessibilit\u00e9 ? L\u2019article Festivals d\u2019\u00e9t\u00e9, au diapason de l\u2019accessibilit\u00e9 ? est apparu en premier sur Musiques Actuelles en Alsace. L\u2019article Festivals d\u2019\u00e9t\u00e9, au diapason de l\u2019accessibilit\u00e9 ? est apparu en premier sur POP B\u00dcRO.","og_url":"https:\/\/hierostrasbourg.com\/index.php\/2022\/07\/20\/festivals-dete-au-diapason-de-laccessibilite\/","og_site_name":"HIERO STRASBOURG","article_publisher":"https:\/\/www.facebook.com\/fedehierostrasbourg","article_published_time":"2022-07-20T16:31:44+00:00","twitter_card":"summary_large_image","twitter_creator":"@hierostrasbourg","twitter_site":"@hierostrasbourg","schema":{"@context":"https:\/\/schema.org","@graph":[{"@type":"Article","@id":"https:\/\/hierostrasbourg.com\/index.php\/2022\/07\/20\/festivals-dete-au-diapason-de-laccessibilite\/#article","isPartOf":{"@id":"https:\/\/hierostrasbourg.com\/index.php\/2022\/07\/20\/festivals-dete-au-diapason-de-laccessibilite\/"},"author":{"name":"","@id":""},"headline":"Festivals d\u2019\u00e9t\u00e9, au diapason de l\u2019accessibilit\u00e9 ?","datePublished":"2022-07-20T16:31:44+00:00","mainEntityOfPage":{"@id":"https:\/\/hierostrasbourg.com\/index.php\/2022\/07\/20\/festivals-dete-au-diapason-de-laccessibilite\/"},"wordCount":97,"publisher":{"@id":"https:\/\/hierostrasbourg.com\/#organization"},"inLanguage":"fr-FR"},{"@type":"WebPage","@id":"https:\/\/hierostrasbourg.com\/index.php\/2022\/07\/20\/festivals-dete-au-diapason-de-laccessibilite\/","url":"https:\/\/hierostrasbourg.com\/index.php\/2022\/07\/20\/festivals-dete-au-diapason-de-laccessibilite\/","name":"Festivals d\u2019\u00e9t\u00e9, au diapason de l\u2019accessibilit\u00e9 ? - HIERO STRASBOURG","isPartOf":{"@id":"https:\/\/hierostrasbourg.com\/#website"},"datePublished":"2022-07-20T16:31:44+00:00","breadcrumb":{"@id":"https:\/\/hierostrasbourg.com\/index.php\/2022\/07\/20\/festivals-dete-au-diapason-de-laccessibilite\/#breadcrumb"},"inLanguage":"fr-FR","potentialAction":[{"@type":"ReadAction","target":["https:\/\/hierostrasbourg.com\/index.php\/2022\/07\/20\/festivals-dete-au-diapason-de-laccessibilite\/"]}]},{"@type":"BreadcrumbList","@id":"https:\/\/hierostrasbourg.com\/index.php\/2022\/07\/20\/festivals-dete-au-diapason-de-laccessibilite\/#breadcrumb","itemListElement":[{"@type":"ListItem","position":1,"name":"Accueil","item":"https:\/\/hierostrasbourg.com\/"},{"@type":"ListItem","position":2,"name":"Festivals d\u2019\u00e9t\u00e9, au diapason de l\u2019accessibilit\u00e9 ?"}]},{"@type":"WebSite","@id":"https:\/\/hierostrasbourg.com\/#website","url":"https:\/\/hierostrasbourg.com\/","name":"HIERO STRASBOURG","description":"Centre de Ressources Musiques Actuelles","publisher":{"@id":"https:\/\/hierostrasbourg.com\/#organization"},"potentialAction":[{"@type":"SearchAction","target":{"@type":"EntryPoint","urlTemplate":"https:\/\/hierostrasbourg.com\/?s={search_term_string}"},"query-input":{"@type":"PropertyValueSpecification","valueRequired":true,"valueName":"search_term_string"}}],"inLanguage":"fr-FR"},{"@type":"Organization","@id":"https:\/\/hierostrasbourg.com\/#organization","name":"F\u00e9d\u00e9ration Hi\u00e9ro Strasbourg","url":"https:\/\/hierostrasbourg.com\/","logo":{"@type":"ImageObject","inLanguage":"fr-FR","@id":"https:\/\/hierostrasbourg.com\/#\/schema\/logo\/image\/","url":"https:\/\/hierostrasbourg.com\/wp-content\/uploads\/2026\/04\/logo-hiero-strasbourg.jpg","contentUrl":"https:\/\/hierostrasbourg.com\/wp-content\/uploads\/2026\/04\/logo-hiero-strasbourg.jpg","width":204,"height":192,"caption":"F\u00e9d\u00e9ration Hi\u00e9ro Strasbourg"},"image":{"@id":"https:\/\/hierostrasbourg.com\/#\/schema\/logo\/image\/"},"sameAs":["https:\/\/www.facebook.com\/fedehierostrasbourg","https:\/\/x.com\/hierostrasbourg"]}]}},"_links":{"self":[{"href":"https:\/\/hierostrasbourg.com\/index.php\/wp-json\/wp\/v2\/posts\/3304","targetHints":{"allow":["GET"]}}],"collection":[{"href":"https:\/\/hierostrasbourg.com\/index.php\/wp-json\/wp\/v2\/posts"}],"about":[{"href":"https:\/\/hierostrasbourg.com\/index.php\/wp-json\/wp\/v2\/types\/post"}],"replies":[{"embeddable":true,"href":"https:\/\/hierostrasbourg.com\/index.php\/wp-json\/wp\/v2\/comments?post=3304"}],"version-history":[{"count":0,"href":"https:\/\/hierostrasbourg.com\/index.php\/wp-json\/wp\/v2\/posts\/3304\/revisions"}],"wp:attachment":[{"href":"https:\/\/hierostrasbourg.com\/index.php\/wp-json\/wp\/v2\/media?parent=3304"}],"wp:term":[{"taxonomy":"category","embeddable":true,"href":"https:\/\/hierostrasbourg.com\/index.php\/wp-json\/wp\/v2\/categories?post=3304"},{"taxonomy":"post_tag","embeddable":true,"href":"https:\/\/hierostrasbourg.com\/index.php\/wp-json\/wp\/v2\/tags?post=3304"}],"curies":[{"name":"wp","href":"https:\/\/api.w.org\/{rel}","templated":true}]}}