{"id":3303,"date":"2022-07-20T18:31:44","date_gmt":"2022-07-20T16:31:44","guid":{"rendered":"https:\/\/hierostrasbourg.com\/index.php\/2022\/07\/20\/manque-de-personnel-hausse-des-prix-crise-sanitaire-la-difficile-reprise-des-festivals-musicaux\/"},"modified":"2022-07-20T18:31:44","modified_gmt":"2022-07-20T16:31:44","slug":"manque-de-personnel-hausse-des-prix-crise-sanitaire-la-difficile-reprise-des-festivals-musicaux","status":"publish","type":"post","link":"https:\/\/hierostrasbourg.com\/index.php\/2022\/07\/20\/manque-de-personnel-hausse-des-prix-crise-sanitaire-la-difficile-reprise-des-festivals-musicaux\/","title":{"rendered":"Manque de personnel, hausse des prix, crise sanitaire\u2026 la difficile reprise des festivals musicaux"},"content":{"rendered":"<p><a href=\"https:\/\/musiquesactuelles.alsace\/manque-de-personnel-hausse-des-prix-crise-sanitaire-la-difficile-reprise-des-festivals-musicaux\/\" title=\"Manque de personnel, hausse des prix, crise sanitaire\u2026 la difficile reprise des festivals musicaux\"><\/a><\/p>\n<p>Offre surabondante, inflation des co\u00fbts de production, baisse du pouvoir d\u2019achat, p\u00e9nurie de personnel exp\u00e9riment\u00e9\u2026 l\u2019inqui\u00e9tude ronge le secteur des musiques actuelles derri\u00e8re l\u2019image rassurante des foules devant les sc\u00e8nes de certains festivals cet \u00e9t\u00e9. Source \/ Lire la suite : Manque de personnel, hausse des prix, crise sanitaire\u2026 la difficile reprise des festivals musicaux<\/p>\n<p>L\u2019article <a href=\"https:\/\/musiquesactuelles.alsace\/manque-de-personnel-hausse-des-prix-crise-sanitaire-la-difficile-reprise-des-festivals-musicaux\/\">Manque de personnel, hausse des prix, crise sanitaire\u2026 la difficile reprise des festivals musicaux<\/a> est apparu en premier sur <a href=\"https:\/\/musiquesactuelles.alsace\/\">Musiques Actuelles en Alsace<\/a>.<\/p>\n<p>L\u2019article <a href=\"https:\/\/popburo.fr\/manque-de-personnel-hausse-des-prix-crise-sanitaire-la-difficile-reprise-des-festivals-musicaux-2\/\">Manque de personnel, hausse des prix, crise sanitaire\u2026 la difficile reprise des festivals musicaux<\/a> est apparu en premier sur <a href=\"https:\/\/popburo.fr\/\">POP B\u00dcRO<\/a>.<\/p>\n","protected":false},"excerpt":{"rendered":"<p>Offre surabondante, inflation des co\u00fbts de production, baisse du pouvoir d\u2019achat, p\u00e9nurie de personnel exp\u00e9riment\u00e9\u2026 l\u2019inqui\u00e9tude ronge le secteur des musiques actuelles derri\u00e8re l\u2019image rassurante des foules devant les sc\u00e8nes de certains festivals cet \u00e9t\u00e9. Source \/ Lire la suite : Manque de personnel, hausse des prix, crise sanitaire\u2026 la difficile reprise des festivals musicaux L\u2019article Manque de personnel, hausse des prix, crise sanitaire\u2026 la difficile reprise des festivals musicaux est apparu en premier sur Musiques Actuelles en Alsace. L\u2019article [&hellip;]<\/p>\n","protected":false},"author":0,"featured_media":0,"comment_status":"closed","ping_status":"open","sticky":false,"template":"","format":"standard","meta":{"footnotes":""},"categories":[1],"tags":[],"class_list":["post-3303","post","type-post","status-publish","format-standard","hentry","category-non-classe"],"yoast_head":"<!-- This site is optimized with the Yoast SEO plugin v27.5 - https:\/\/yoast.com\/product\/yoast-seo-wordpress\/ -->\n<title>Manque de personnel, hausse des prix, crise sanitaire\u2026 la difficile reprise des festivals musicaux - HIERO STRASBOURG<\/title>\n<meta name=\"robots\" content=\"index, follow, max-snippet:-1, max-image-preview:large, max-video-preview:-1\" \/>\n<link rel=\"canonical\" href=\"https:\/\/hierostrasbourg.com\/index.php\/2022\/07\/20\/manque-de-personnel-hausse-des-prix-crise-sanitaire-la-difficile-reprise-des-festivals-musicaux\/\" \/>\n<meta property=\"og:locale\" content=\"fr_FR\" \/>\n<meta property=\"og:type\" content=\"article\" \/>\n<meta property=\"og:title\" content=\"Manque de personnel, hausse des prix, crise sanitaire\u2026 la difficile reprise des festivals musicaux - HIERO STRASBOURG\" \/>\n<meta property=\"og:description\" content=\"Offre surabondante, inflation des co\u00fbts de production, baisse du pouvoir d\u2019achat, p\u00e9nurie de personnel exp\u00e9riment\u00e9\u2026 l\u2019inqui\u00e9tude ronge le secteur des musiques actuelles derri\u00e8re l\u2019image rassurante des foules devant les sc\u00e8nes de certains festivals cet \u00e9t\u00e9. Source \/ Lire la suite : Manque de personnel, hausse des prix, crise sanitaire\u2026 la difficile reprise des festivals musicaux L\u2019article Manque de personnel, hausse des prix, crise sanitaire\u2026 la difficile reprise des festivals musicaux est apparu en premier sur Musiques Actuelles en Alsace. L\u2019article [&hellip;]\" \/>\n<meta property=\"og:url\" content=\"https:\/\/hierostrasbourg.com\/index.php\/2022\/07\/20\/manque-de-personnel-hausse-des-prix-crise-sanitaire-la-difficile-reprise-des-festivals-musicaux\/\" \/>\n<meta property=\"og:site_name\" content=\"HIERO STRASBOURG\" \/>\n<meta property=\"article:publisher\" content=\"https:\/\/www.facebook.com\/fedehierostrasbourg\" \/>\n<meta property=\"article:published_time\" content=\"2022-07-20T16:31:44+00:00\" \/>\n<meta name=\"twitter:card\" content=\"summary_large_image\" \/>\n<meta name=\"twitter:creator\" content=\"@hierostrasbourg\" \/>\n<meta name=\"twitter:site\" content=\"@hierostrasbourg\" \/>\n<meta name=\"twitter:label1\" content=\"Dur\u00e9e de lecture estim\u00e9e\" \/>\n\t<meta name=\"twitter:data1\" content=\"1 minute\" \/>\n<script type=\"application\/ld+json\" class=\"yoast-schema-graph\">{\"@context\":\"https:\\\/\\\/schema.org\",\"@graph\":[{\"@type\":\"Article\",\"@id\":\"https:\\\/\\\/hierostrasbourg.com\\\/index.php\\\/2022\\\/07\\\/20\\\/manque-de-personnel-hausse-des-prix-crise-sanitaire-la-difficile-reprise-des-festivals-musicaux\\\/#article\",\"isPartOf\":{\"@id\":\"https:\\\/\\\/hierostrasbourg.com\\\/index.php\\\/2022\\\/07\\\/20\\\/manque-de-personnel-hausse-des-prix-crise-sanitaire-la-difficile-reprise-des-festivals-musicaux\\\/\"},\"author\":{\"name\":\"\",\"@id\":\"\"},\"headline\":\"Manque de personnel, hausse des prix, crise sanitaire\u2026 la difficile reprise des festivals musicaux\",\"datePublished\":\"2022-07-20T16:31:44+00:00\",\"mainEntityOfPage\":{\"@id\":\"https:\\\/\\\/hierostrasbourg.com\\\/index.php\\\/2022\\\/07\\\/20\\\/manque-de-personnel-hausse-des-prix-crise-sanitaire-la-difficile-reprise-des-festivals-musicaux\\\/\"},\"wordCount\":125,\"publisher\":{\"@id\":\"https:\\\/\\\/hierostrasbourg.com\\\/#organization\"},\"inLanguage\":\"fr-FR\"},{\"@type\":\"WebPage\",\"@id\":\"https:\\\/\\\/hierostrasbourg.com\\\/index.php\\\/2022\\\/07\\\/20\\\/manque-de-personnel-hausse-des-prix-crise-sanitaire-la-difficile-reprise-des-festivals-musicaux\\\/\",\"url\":\"https:\\\/\\\/hierostrasbourg.com\\\/index.php\\\/2022\\\/07\\\/20\\\/manque-de-personnel-hausse-des-prix-crise-sanitaire-la-difficile-reprise-des-festivals-musicaux\\\/\",\"name\":\"Manque de personnel, hausse des prix, crise sanitaire\u2026 la difficile reprise des festivals musicaux - HIERO STRASBOURG\",\"isPartOf\":{\"@id\":\"https:\\\/\\\/hierostrasbourg.com\\\/#website\"},\"datePublished\":\"2022-07-20T16:31:44+00:00\",\"breadcrumb\":{\"@id\":\"https:\\\/\\\/hierostrasbourg.com\\\/index.php\\\/2022\\\/07\\\/20\\\/manque-de-personnel-hausse-des-prix-crise-sanitaire-la-difficile-reprise-des-festivals-musicaux\\\/#breadcrumb\"},\"inLanguage\":\"fr-FR\",\"potentialAction\":[{\"@type\":\"ReadAction\",\"target\":[\"https:\\\/\\\/hierostrasbourg.com\\\/index.php\\\/2022\\\/07\\\/20\\\/manque-de-personnel-hausse-des-prix-crise-sanitaire-la-difficile-reprise-des-festivals-musicaux\\\/\"]}]},{\"@type\":\"BreadcrumbList\",\"@id\":\"https:\\\/\\\/hierostrasbourg.com\\\/index.php\\\/2022\\\/07\\\/20\\\/manque-de-personnel-hausse-des-prix-crise-sanitaire-la-difficile-reprise-des-festivals-musicaux\\\/#breadcrumb\",\"itemListElement\":[{\"@type\":\"ListItem\",\"position\":1,\"name\":\"Accueil\",\"item\":\"https:\\\/\\\/hierostrasbourg.com\\\/\"},{\"@type\":\"ListItem\",\"position\":2,\"name\":\"Manque de personnel, hausse des prix, crise sanitaire\u2026 la difficile reprise des festivals musicaux\"}]},{\"@type\":\"WebSite\",\"@id\":\"https:\\\/\\\/hierostrasbourg.com\\\/#website\",\"url\":\"https:\\\/\\\/hierostrasbourg.com\\\/\",\"name\":\"HIERO STRASBOURG\",\"description\":\"Centre de Ressources Musiques Actuelles\",\"publisher\":{\"@id\":\"https:\\\/\\\/hierostrasbourg.com\\\/#organization\"},\"potentialAction\":[{\"@type\":\"SearchAction\",\"target\":{\"@type\":\"EntryPoint\",\"urlTemplate\":\"https:\\\/\\\/hierostrasbourg.com\\\/?s={search_term_string}\"},\"query-input\":{\"@type\":\"PropertyValueSpecification\",\"valueRequired\":true,\"valueName\":\"search_term_string\"}}],\"inLanguage\":\"fr-FR\"},{\"@type\":\"Organization\",\"@id\":\"https:\\\/\\\/hierostrasbourg.com\\\/#organization\",\"name\":\"F\u00e9d\u00e9ration Hi\u00e9ro Strasbourg\",\"url\":\"https:\\\/\\\/hierostrasbourg.com\\\/\",\"logo\":{\"@type\":\"ImageObject\",\"inLanguage\":\"fr-FR\",\"@id\":\"https:\\\/\\\/hierostrasbourg.com\\\/#\\\/schema\\\/logo\\\/image\\\/\",\"url\":\"https:\\\/\\\/hierostrasbourg.com\\\/wp-content\\\/uploads\\\/2026\\\/04\\\/logo-hiero-strasbourg.jpg\",\"contentUrl\":\"https:\\\/\\\/hierostrasbourg.com\\\/wp-content\\\/uploads\\\/2026\\\/04\\\/logo-hiero-strasbourg.jpg\",\"width\":204,\"height\":192,\"caption\":\"F\u00e9d\u00e9ration Hi\u00e9ro Strasbourg\"},\"image\":{\"@id\":\"https:\\\/\\\/hierostrasbourg.com\\\/#\\\/schema\\\/logo\\\/image\\\/\"},\"sameAs\":[\"https:\\\/\\\/www.facebook.com\\\/fedehierostrasbourg\",\"https:\\\/\\\/x.com\\\/hierostrasbourg\"]}]}<\/script>\n<!-- \/ Yoast SEO plugin. -->","yoast_head_json":{"title":"Manque de personnel, hausse des prix, crise sanitaire\u2026 la difficile reprise des festivals musicaux - HIERO STRASBOURG","robots":{"index":"index","follow":"follow","max-snippet":"max-snippet:-1","max-image-preview":"max-image-preview:large","max-video-preview":"max-video-preview:-1"},"canonical":"https:\/\/hierostrasbourg.com\/index.php\/2022\/07\/20\/manque-de-personnel-hausse-des-prix-crise-sanitaire-la-difficile-reprise-des-festivals-musicaux\/","og_locale":"fr_FR","og_type":"article","og_title":"Manque de personnel, hausse des prix, crise sanitaire\u2026 la difficile reprise des festivals musicaux - HIERO STRASBOURG","og_description":"Offre surabondante, inflation des co\u00fbts de production, baisse du pouvoir d\u2019achat, p\u00e9nurie de personnel exp\u00e9riment\u00e9\u2026 l\u2019inqui\u00e9tude ronge le secteur des musiques actuelles derri\u00e8re l\u2019image rassurante des foules devant les sc\u00e8nes de certains festivals cet \u00e9t\u00e9. Source \/ Lire la suite : Manque de personnel, hausse des prix, crise sanitaire\u2026 la difficile reprise des festivals musicaux L\u2019article Manque de personnel, hausse des prix, crise sanitaire\u2026 la difficile reprise des festivals musicaux est apparu en premier sur Musiques Actuelles en Alsace. L\u2019article [&hellip;]","og_url":"https:\/\/hierostrasbourg.com\/index.php\/2022\/07\/20\/manque-de-personnel-hausse-des-prix-crise-sanitaire-la-difficile-reprise-des-festivals-musicaux\/","og_site_name":"HIERO STRASBOURG","article_publisher":"https:\/\/www.facebook.com\/fedehierostrasbourg","article_published_time":"2022-07-20T16:31:44+00:00","twitter_card":"summary_large_image","twitter_creator":"@hierostrasbourg","twitter_site":"@hierostrasbourg","twitter_misc":{"Dur\u00e9e de lecture estim\u00e9e":"1 minute"},"schema":{"@context":"https:\/\/schema.org","@graph":[{"@type":"Article","@id":"https:\/\/hierostrasbourg.com\/index.php\/2022\/07\/20\/manque-de-personnel-hausse-des-prix-crise-sanitaire-la-difficile-reprise-des-festivals-musicaux\/#article","isPartOf":{"@id":"https:\/\/hierostrasbourg.com\/index.php\/2022\/07\/20\/manque-de-personnel-hausse-des-prix-crise-sanitaire-la-difficile-reprise-des-festivals-musicaux\/"},"author":{"name":"","@id":""},"headline":"Manque de personnel, hausse des prix, crise sanitaire\u2026 la difficile reprise des festivals musicaux","datePublished":"2022-07-20T16:31:44+00:00","mainEntityOfPage":{"@id":"https:\/\/hierostrasbourg.com\/index.php\/2022\/07\/20\/manque-de-personnel-hausse-des-prix-crise-sanitaire-la-difficile-reprise-des-festivals-musicaux\/"},"wordCount":125,"publisher":{"@id":"https:\/\/hierostrasbourg.com\/#organization"},"inLanguage":"fr-FR"},{"@type":"WebPage","@id":"https:\/\/hierostrasbourg.com\/index.php\/2022\/07\/20\/manque-de-personnel-hausse-des-prix-crise-sanitaire-la-difficile-reprise-des-festivals-musicaux\/","url":"https:\/\/hierostrasbourg.com\/index.php\/2022\/07\/20\/manque-de-personnel-hausse-des-prix-crise-sanitaire-la-difficile-reprise-des-festivals-musicaux\/","name":"Manque de personnel, hausse des prix, crise sanitaire\u2026 la difficile reprise des festivals musicaux - HIERO STRASBOURG","isPartOf":{"@id":"https:\/\/hierostrasbourg.com\/#website"},"datePublished":"2022-07-20T16:31:44+00:00","breadcrumb":{"@id":"https:\/\/hierostrasbourg.com\/index.php\/2022\/07\/20\/manque-de-personnel-hausse-des-prix-crise-sanitaire-la-difficile-reprise-des-festivals-musicaux\/#breadcrumb"},"inLanguage":"fr-FR","potentialAction":[{"@type":"ReadAction","target":["https:\/\/hierostrasbourg.com\/index.php\/2022\/07\/20\/manque-de-personnel-hausse-des-prix-crise-sanitaire-la-difficile-reprise-des-festivals-musicaux\/"]}]},{"@type":"BreadcrumbList","@id":"https:\/\/hierostrasbourg.com\/index.php\/2022\/07\/20\/manque-de-personnel-hausse-des-prix-crise-sanitaire-la-difficile-reprise-des-festivals-musicaux\/#breadcrumb","itemListElement":[{"@type":"ListItem","position":1,"name":"Accueil","item":"https:\/\/hierostrasbourg.com\/"},{"@type":"ListItem","position":2,"name":"Manque de personnel, hausse des prix, crise sanitaire\u2026 la difficile reprise des festivals musicaux"}]},{"@type":"WebSite","@id":"https:\/\/hierostrasbourg.com\/#website","url":"https:\/\/hierostrasbourg.com\/","name":"HIERO STRASBOURG","description":"Centre de Ressources Musiques Actuelles","publisher":{"@id":"https:\/\/hierostrasbourg.com\/#organization"},"potentialAction":[{"@type":"SearchAction","target":{"@type":"EntryPoint","urlTemplate":"https:\/\/hierostrasbourg.com\/?s={search_term_string}"},"query-input":{"@type":"PropertyValueSpecification","valueRequired":true,"valueName":"search_term_string"}}],"inLanguage":"fr-FR"},{"@type":"Organization","@id":"https:\/\/hierostrasbourg.com\/#organization","name":"F\u00e9d\u00e9ration Hi\u00e9ro Strasbourg","url":"https:\/\/hierostrasbourg.com\/","logo":{"@type":"ImageObject","inLanguage":"fr-FR","@id":"https:\/\/hierostrasbourg.com\/#\/schema\/logo\/image\/","url":"https:\/\/hierostrasbourg.com\/wp-content\/uploads\/2026\/04\/logo-hiero-strasbourg.jpg","contentUrl":"https:\/\/hierostrasbourg.com\/wp-content\/uploads\/2026\/04\/logo-hiero-strasbourg.jpg","width":204,"height":192,"caption":"F\u00e9d\u00e9ration Hi\u00e9ro Strasbourg"},"image":{"@id":"https:\/\/hierostrasbourg.com\/#\/schema\/logo\/image\/"},"sameAs":["https:\/\/www.facebook.com\/fedehierostrasbourg","https:\/\/x.com\/hierostrasbourg"]}]}},"_links":{"self":[{"href":"https:\/\/hierostrasbourg.com\/index.php\/wp-json\/wp\/v2\/posts\/3303","targetHints":{"allow":["GET"]}}],"collection":[{"href":"https:\/\/hierostrasbourg.com\/index.php\/wp-json\/wp\/v2\/posts"}],"about":[{"href":"https:\/\/hierostrasbourg.com\/index.php\/wp-json\/wp\/v2\/types\/post"}],"replies":[{"embeddable":true,"href":"https:\/\/hierostrasbourg.com\/index.php\/wp-json\/wp\/v2\/comments?post=3303"}],"version-history":[{"count":0,"href":"https:\/\/hierostrasbourg.com\/index.php\/wp-json\/wp\/v2\/posts\/3303\/revisions"}],"wp:attachment":[{"href":"https:\/\/hierostrasbourg.com\/index.php\/wp-json\/wp\/v2\/media?parent=3303"}],"wp:term":[{"taxonomy":"category","embeddable":true,"href":"https:\/\/hierostrasbourg.com\/index.php\/wp-json\/wp\/v2\/categories?post=3303"},{"taxonomy":"post_tag","embeddable":true,"href":"https:\/\/hierostrasbourg.com\/index.php\/wp-json\/wp\/v2\/tags?post=3303"}],"curies":[{"name":"wp","href":"https:\/\/api.w.org\/{rel}","templated":true}]}}