{"id":3302,"date":"2022-07-20T18:31:44","date_gmt":"2022-07-20T16:31:44","guid":{"rendered":"https:\/\/hierostrasbourg.com\/index.php\/2022\/07\/20\/la-ville-de-wittenheim-recrute-un-chef-dequipe-du-pole-manifestations-f-h\/"},"modified":"2022-07-20T18:31:44","modified_gmt":"2022-07-20T16:31:44","slug":"la-ville-de-wittenheim-recrute-un-chef-dequipe-du-pole-manifestations-f-h","status":"publish","type":"post","link":"https:\/\/hierostrasbourg.com\/index.php\/2022\/07\/20\/la-ville-de-wittenheim-recrute-un-chef-dequipe-du-pole-manifestations-f-h\/","title":{"rendered":"LA VILLE DE WITTENHEIM recrute un chef d\u2019\u00e9quipe du p\u00f4le manifestations [F\/H]"},"content":{"rendered":"<p>Au sein du p\u00f4le manifestations, vous assurerez l\u2019encadrement d\u2019une \u00e9quipe et vous assurerez avec l\u2019\u00e9quipe la mise en place et le bon d\u00e9roulement de l\u2019ensemble des manifestations de la Ville et des autres organismes<\/p>\n<h2>Missions<\/h2>\n<h4>1 \u2013 Encadrer l\u2019\u00e9quipe du p\u00f4le Manifestations<\/h4>\n<p>Organiser le travail de l\u2019\u00e9quipe en d\u00e9finissant les priorit\u00e9s et en assurant la planification des diff\u00e9rentes interventions<br \/>\nCoordonner les interventions avec d\u2019autres services<br \/>\n\u00catre un soutien technique pour les agents<br \/>\nVeiller \u00e0 ce que les agents respectent les r\u00e8gles d\u2019hygi\u00e8ne et de s\u00e9curit\u00e9 et portent leurs Equipements de Protection Individuelle<br \/>\nAssurer la gestion des heures et des cong\u00e9s des agents du service<\/p>\n<h4>2 \u2013 Assurer la pr\u00e9paration, le transport, le montage et le d\u00e9montage de mat\u00e9riel en respectant les prescriptions de montage de s\u00e9curit\u00e9 et en suivant un plan d\u2019installation<\/h4>\n<p>Assurer le transport du mat\u00e9riel f\u00eates et c\u00e9r\u00e9monies<br \/>\nInstaller et livrer le mat\u00e9riel pour les manifestations organis\u00e9es par la Ville, les \u00e9coles et les associations<br \/>\nMonter et d\u00e9monter des chapiteaux, des podiums, des tonnelles, des structures sc\u00e9niques<br \/>\nAssurer la pose de banderole et le fl\u00e9chage annon\u00e7ant les manifestations<br \/>\nAssurer l\u2019installation d\u2019\u00e9l\u00e9ments de communication urbains (calicots, banderoles) pour les manifestations Ville et associatives<br \/>\nAssurer des interventions d\u2019ordre \u00e9lectrique de niveau B2V<br \/>\nR\u00e9gie son et lumi\u00e8re, enregistrements souhait\u00e9s<\/p>\n<h4>3 \u2013 Am\u00e9nager les locaux en vue d\u2019y organiser les manifestations<\/h4>\n<h4>4 \u2013 Installer et assurer la sonorisation de c\u00e9r\u00e9monies patriotiques, des r\u00e9unions publiques et des spectacles<\/h4>\n<h4>5 \u2013 Assurer le pavoisement des \u00e9difices publics<\/h4>\n<h4>6 \u2013 G\u00e9rer, contr\u00f4ler, ranger et entretenir le mat\u00e9riel<\/h4>\n<h4>7 \u2013 Contribuer \u00e0 la pr\u00e9paration du budget du service<\/h4>\n<h2>Profils recherch\u00e9s<\/h2>\n<p>Ma\u00eetrise des modalit\u00e9s d\u2019utilisation des mat\u00e9riels et des \u00e9quipements mis \u00e0 disposition et des techniques de chargement<br \/>\nMa\u00eetrise des r\u00e8gles d\u2019hygi\u00e8ne et de s\u00e9curit\u00e9<br \/>\nMa\u00eetrise des r\u00e8gles d\u2019intervention sur la voie publique<br \/>\nMa\u00eetrise des techniques et logiciels li\u00e9s aux r\u00e9gies son et lumi\u00e8re (installation, enregistrement\u2026) serait un plus ou app\u00e9tence pour ces domaines<br \/>\nCapacit\u00e9 \u00e0 encadrer une \u00e9quipe<br \/>\nCapacit\u00e9 \u00e0 r\u00e9pondre aux sollicitations techniques<br \/>\nCapacit\u00e9 d\u2019adaptation et \u00e0 respecter des d\u00e9lais<br \/>\nQualit\u00e9s relationnelles et humaines<br \/>\nSens du travail en \u00e9quipe<br \/>\nSens de l\u2019organisation<br \/>\nPolyvalence<br \/>\nR\u00e9activit\u00e9 et disponibilit\u00e9<\/p>\n<p>Temps de travail : \u00a035h00 hebdomadaire<br \/>\nPoste \u00e0 pourvoir le 01\/10\/2022<br \/>\nDate limite de candidature 20\/08\/2022<\/p>\n<p>\u2022 Cadre d\u2019emplois des techniciens, agents de ma\u00eetrise ou adjoints techniques territoriaux<br \/>\n\u2022 R\u00e9mun\u00e9ration statutaire, r\u00e9gime indemnitaire, prime de fin d\u2019ann\u00e9e et avantages sociaux<br \/>\n\u2022 Poste \u00e0 temps complet \u00e0 pourvoir le 1er septembre 2022<br \/>\n\u2022 Travail ponctuel en soir\u00e9e, le weekend et jours f\u00e9ri\u00e9s<br \/>\n\u2022 Travail en ext\u00e9rieur \u00e0 toute p\u00e9riode de l\u2019ann\u00e9e<\/p>\n<p>\nMerci d\u2019adresser votre candidature (lettre manuscrite ainsi que curriculum vitae) sous r\u00e9f\u00e9rence CEM avant le 17 juillet 2022 \u00e0 :<\/p>\n<p>Monsieur le Maire<br \/>\nMairie de Wittenheim<br \/>\nPlace des Malgr\u00e9-Nous<br \/>\nBP 29<br \/>\n68 272 Wittenheim cedex<\/p>\n<p><a href=\"http:\/\/www.ville-wittenheim.fr\/\">www.ville-wittenheim.fr<\/a><\/p>\n<p>L\u2019article <a href=\"https:\/\/popburo.fr\/la-ville-de-wittenheim-recrute-un-chef-dequipe-du-pole-manifestations-f-h\/\">LA VILLE DE WITTENHEIM recrute un chef d\u2019\u00e9quipe du p\u00f4le manifestations [F\/H]<\/a> est apparu en premier sur <a href=\"https:\/\/popburo.fr\/\">POP B\u00dcRO<\/a>.<\/p>\n","protected":false},"excerpt":{"rendered":"<p>Au sein du p\u00f4le manifestations, vous assurerez l\u2019encadrement d\u2019une \u00e9quipe et vous assurerez avec l\u2019\u00e9quipe la mise en place et le bon d\u00e9roulement de l\u2019ensemble des manifestations de la Ville et des autres organismes Missions 1 \u2013 Encadrer l\u2019\u00e9quipe du p\u00f4le Manifestations Organiser le travail de l\u2019\u00e9quipe en d\u00e9finissant les priorit\u00e9s et en assurant la planification des diff\u00e9rentes interventions Coordonner les interventions avec d\u2019autres services \u00catre un soutien technique pour les agents Veiller \u00e0 ce que les agents respectent les [&hellip;]<\/p>\n","protected":false},"author":0,"featured_media":0,"comment_status":"closed","ping_status":"open","sticky":false,"template":"","format":"standard","meta":{"footnotes":""},"categories":[1],"tags":[],"class_list":["post-3302","post","type-post","status-publish","format-standard","hentry","category-non-classe"],"yoast_head":"<!-- This site is optimized with the Yoast SEO plugin v27.5 - https:\/\/yoast.com\/product\/yoast-seo-wordpress\/ -->\n<title>LA VILLE DE WITTENHEIM recrute un chef d\u2019\u00e9quipe du p\u00f4le manifestations [F\/H] - HIERO STRASBOURG<\/title>\n<meta name=\"robots\" content=\"index, follow, max-snippet:-1, max-image-preview:large, max-video-preview:-1\" \/>\n<link rel=\"canonical\" href=\"https:\/\/hierostrasbourg.com\/index.php\/2022\/07\/20\/la-ville-de-wittenheim-recrute-un-chef-dequipe-du-pole-manifestations-f-h\/\" \/>\n<meta property=\"og:locale\" content=\"fr_FR\" \/>\n<meta property=\"og:type\" content=\"article\" \/>\n<meta property=\"og:title\" content=\"LA VILLE DE WITTENHEIM recrute un chef d\u2019\u00e9quipe du p\u00f4le manifestations [F\/H] - HIERO STRASBOURG\" \/>\n<meta property=\"og:description\" content=\"Au sein du p\u00f4le manifestations, vous assurerez l\u2019encadrement d\u2019une \u00e9quipe et vous assurerez avec l\u2019\u00e9quipe la mise en place et le bon d\u00e9roulement de l\u2019ensemble des manifestations de la Ville et des autres organismes Missions 1 \u2013 Encadrer l\u2019\u00e9quipe du p\u00f4le Manifestations Organiser le travail de l\u2019\u00e9quipe en d\u00e9finissant les priorit\u00e9s et en assurant la planification des diff\u00e9rentes interventions Coordonner les interventions avec d\u2019autres services \u00catre un soutien technique pour les agents Veiller \u00e0 ce que les agents respectent les [&hellip;]\" \/>\n<meta property=\"og:url\" content=\"https:\/\/hierostrasbourg.com\/index.php\/2022\/07\/20\/la-ville-de-wittenheim-recrute-un-chef-dequipe-du-pole-manifestations-f-h\/\" \/>\n<meta property=\"og:site_name\" content=\"HIERO STRASBOURG\" \/>\n<meta property=\"article:publisher\" content=\"https:\/\/www.facebook.com\/fedehierostrasbourg\" \/>\n<meta property=\"article:published_time\" content=\"2022-07-20T16:31:44+00:00\" \/>\n<meta name=\"twitter:card\" content=\"summary_large_image\" \/>\n<meta name=\"twitter:creator\" content=\"@hierostrasbourg\" \/>\n<meta name=\"twitter:site\" content=\"@hierostrasbourg\" \/>\n<meta name=\"twitter:label1\" content=\"Dur\u00e9e de lecture estim\u00e9e\" \/>\n\t<meta name=\"twitter:data1\" content=\"3 minutes\" \/>\n<script type=\"application\/ld+json\" class=\"yoast-schema-graph\">{\"@context\":\"https:\\\/\\\/schema.org\",\"@graph\":[{\"@type\":\"Article\",\"@id\":\"https:\\\/\\\/hierostrasbourg.com\\\/index.php\\\/2022\\\/07\\\/20\\\/la-ville-de-wittenheim-recrute-un-chef-dequipe-du-pole-manifestations-f-h\\\/#article\",\"isPartOf\":{\"@id\":\"https:\\\/\\\/hierostrasbourg.com\\\/index.php\\\/2022\\\/07\\\/20\\\/la-ville-de-wittenheim-recrute-un-chef-dequipe-du-pole-manifestations-f-h\\\/\"},\"author\":{\"name\":\"\",\"@id\":\"\"},\"headline\":\"LA VILLE DE WITTENHEIM recrute un chef d\u2019\u00e9quipe du p\u00f4le manifestations [F\\\/H]\",\"datePublished\":\"2022-07-20T16:31:44+00:00\",\"mainEntityOfPage\":{\"@id\":\"https:\\\/\\\/hierostrasbourg.com\\\/index.php\\\/2022\\\/07\\\/20\\\/la-ville-de-wittenheim-recrute-un-chef-dequipe-du-pole-manifestations-f-h\\\/\"},\"wordCount\":551,\"publisher\":{\"@id\":\"https:\\\/\\\/hierostrasbourg.com\\\/#organization\"},\"inLanguage\":\"fr-FR\"},{\"@type\":\"WebPage\",\"@id\":\"https:\\\/\\\/hierostrasbourg.com\\\/index.php\\\/2022\\\/07\\\/20\\\/la-ville-de-wittenheim-recrute-un-chef-dequipe-du-pole-manifestations-f-h\\\/\",\"url\":\"https:\\\/\\\/hierostrasbourg.com\\\/index.php\\\/2022\\\/07\\\/20\\\/la-ville-de-wittenheim-recrute-un-chef-dequipe-du-pole-manifestations-f-h\\\/\",\"name\":\"LA VILLE DE WITTENHEIM recrute un chef d\u2019\u00e9quipe du p\u00f4le manifestations [F\\\/H] - HIERO STRASBOURG\",\"isPartOf\":{\"@id\":\"https:\\\/\\\/hierostrasbourg.com\\\/#website\"},\"datePublished\":\"2022-07-20T16:31:44+00:00\",\"breadcrumb\":{\"@id\":\"https:\\\/\\\/hierostrasbourg.com\\\/index.php\\\/2022\\\/07\\\/20\\\/la-ville-de-wittenheim-recrute-un-chef-dequipe-du-pole-manifestations-f-h\\\/#breadcrumb\"},\"inLanguage\":\"fr-FR\",\"potentialAction\":[{\"@type\":\"ReadAction\",\"target\":[\"https:\\\/\\\/hierostrasbourg.com\\\/index.php\\\/2022\\\/07\\\/20\\\/la-ville-de-wittenheim-recrute-un-chef-dequipe-du-pole-manifestations-f-h\\\/\"]}]},{\"@type\":\"BreadcrumbList\",\"@id\":\"https:\\\/\\\/hierostrasbourg.com\\\/index.php\\\/2022\\\/07\\\/20\\\/la-ville-de-wittenheim-recrute-un-chef-dequipe-du-pole-manifestations-f-h\\\/#breadcrumb\",\"itemListElement\":[{\"@type\":\"ListItem\",\"position\":1,\"name\":\"Accueil\",\"item\":\"https:\\\/\\\/hierostrasbourg.com\\\/\"},{\"@type\":\"ListItem\",\"position\":2,\"name\":\"LA VILLE DE WITTENHEIM recrute un chef d\u2019\u00e9quipe du p\u00f4le manifestations [F\\\/H]\"}]},{\"@type\":\"WebSite\",\"@id\":\"https:\\\/\\\/hierostrasbourg.com\\\/#website\",\"url\":\"https:\\\/\\\/hierostrasbourg.com\\\/\",\"name\":\"HIERO STRASBOURG\",\"description\":\"Centre de Ressources Musiques Actuelles\",\"publisher\":{\"@id\":\"https:\\\/\\\/hierostrasbourg.com\\\/#organization\"},\"potentialAction\":[{\"@type\":\"SearchAction\",\"target\":{\"@type\":\"EntryPoint\",\"urlTemplate\":\"https:\\\/\\\/hierostrasbourg.com\\\/?s={search_term_string}\"},\"query-input\":{\"@type\":\"PropertyValueSpecification\",\"valueRequired\":true,\"valueName\":\"search_term_string\"}}],\"inLanguage\":\"fr-FR\"},{\"@type\":\"Organization\",\"@id\":\"https:\\\/\\\/hierostrasbourg.com\\\/#organization\",\"name\":\"F\u00e9d\u00e9ration Hi\u00e9ro Strasbourg\",\"url\":\"https:\\\/\\\/hierostrasbourg.com\\\/\",\"logo\":{\"@type\":\"ImageObject\",\"inLanguage\":\"fr-FR\",\"@id\":\"https:\\\/\\\/hierostrasbourg.com\\\/#\\\/schema\\\/logo\\\/image\\\/\",\"url\":\"https:\\\/\\\/hierostrasbourg.com\\\/wp-content\\\/uploads\\\/2026\\\/04\\\/logo-hiero-strasbourg.jpg\",\"contentUrl\":\"https:\\\/\\\/hierostrasbourg.com\\\/wp-content\\\/uploads\\\/2026\\\/04\\\/logo-hiero-strasbourg.jpg\",\"width\":204,\"height\":192,\"caption\":\"F\u00e9d\u00e9ration Hi\u00e9ro Strasbourg\"},\"image\":{\"@id\":\"https:\\\/\\\/hierostrasbourg.com\\\/#\\\/schema\\\/logo\\\/image\\\/\"},\"sameAs\":[\"https:\\\/\\\/www.facebook.com\\\/fedehierostrasbourg\",\"https:\\\/\\\/x.com\\\/hierostrasbourg\"]}]}<\/script>\n<!-- \/ Yoast SEO plugin. -->","yoast_head_json":{"title":"LA VILLE DE WITTENHEIM recrute un chef d\u2019\u00e9quipe du p\u00f4le manifestations [F\/H] - HIERO STRASBOURG","robots":{"index":"index","follow":"follow","max-snippet":"max-snippet:-1","max-image-preview":"max-image-preview:large","max-video-preview":"max-video-preview:-1"},"canonical":"https:\/\/hierostrasbourg.com\/index.php\/2022\/07\/20\/la-ville-de-wittenheim-recrute-un-chef-dequipe-du-pole-manifestations-f-h\/","og_locale":"fr_FR","og_type":"article","og_title":"LA VILLE DE WITTENHEIM recrute un chef d\u2019\u00e9quipe du p\u00f4le manifestations [F\/H] - HIERO STRASBOURG","og_description":"Au sein du p\u00f4le manifestations, vous assurerez l\u2019encadrement d\u2019une \u00e9quipe et vous assurerez avec l\u2019\u00e9quipe la mise en place et le bon d\u00e9roulement de l\u2019ensemble des manifestations de la Ville et des autres organismes Missions 1 \u2013 Encadrer l\u2019\u00e9quipe du p\u00f4le Manifestations Organiser le travail de l\u2019\u00e9quipe en d\u00e9finissant les priorit\u00e9s et en assurant la planification des diff\u00e9rentes interventions Coordonner les interventions avec d\u2019autres services \u00catre un soutien technique pour les agents Veiller \u00e0 ce que les agents respectent les [&hellip;]","og_url":"https:\/\/hierostrasbourg.com\/index.php\/2022\/07\/20\/la-ville-de-wittenheim-recrute-un-chef-dequipe-du-pole-manifestations-f-h\/","og_site_name":"HIERO STRASBOURG","article_publisher":"https:\/\/www.facebook.com\/fedehierostrasbourg","article_published_time":"2022-07-20T16:31:44+00:00","twitter_card":"summary_large_image","twitter_creator":"@hierostrasbourg","twitter_site":"@hierostrasbourg","twitter_misc":{"Dur\u00e9e de lecture estim\u00e9e":"3 minutes"},"schema":{"@context":"https:\/\/schema.org","@graph":[{"@type":"Article","@id":"https:\/\/hierostrasbourg.com\/index.php\/2022\/07\/20\/la-ville-de-wittenheim-recrute-un-chef-dequipe-du-pole-manifestations-f-h\/#article","isPartOf":{"@id":"https:\/\/hierostrasbourg.com\/index.php\/2022\/07\/20\/la-ville-de-wittenheim-recrute-un-chef-dequipe-du-pole-manifestations-f-h\/"},"author":{"name":"","@id":""},"headline":"LA VILLE DE WITTENHEIM recrute un chef d\u2019\u00e9quipe du p\u00f4le manifestations [F\/H]","datePublished":"2022-07-20T16:31:44+00:00","mainEntityOfPage":{"@id":"https:\/\/hierostrasbourg.com\/index.php\/2022\/07\/20\/la-ville-de-wittenheim-recrute-un-chef-dequipe-du-pole-manifestations-f-h\/"},"wordCount":551,"publisher":{"@id":"https:\/\/hierostrasbourg.com\/#organization"},"inLanguage":"fr-FR"},{"@type":"WebPage","@id":"https:\/\/hierostrasbourg.com\/index.php\/2022\/07\/20\/la-ville-de-wittenheim-recrute-un-chef-dequipe-du-pole-manifestations-f-h\/","url":"https:\/\/hierostrasbourg.com\/index.php\/2022\/07\/20\/la-ville-de-wittenheim-recrute-un-chef-dequipe-du-pole-manifestations-f-h\/","name":"LA VILLE DE WITTENHEIM recrute un chef d\u2019\u00e9quipe du p\u00f4le manifestations [F\/H] - HIERO STRASBOURG","isPartOf":{"@id":"https:\/\/hierostrasbourg.com\/#website"},"datePublished":"2022-07-20T16:31:44+00:00","breadcrumb":{"@id":"https:\/\/hierostrasbourg.com\/index.php\/2022\/07\/20\/la-ville-de-wittenheim-recrute-un-chef-dequipe-du-pole-manifestations-f-h\/#breadcrumb"},"inLanguage":"fr-FR","potentialAction":[{"@type":"ReadAction","target":["https:\/\/hierostrasbourg.com\/index.php\/2022\/07\/20\/la-ville-de-wittenheim-recrute-un-chef-dequipe-du-pole-manifestations-f-h\/"]}]},{"@type":"BreadcrumbList","@id":"https:\/\/hierostrasbourg.com\/index.php\/2022\/07\/20\/la-ville-de-wittenheim-recrute-un-chef-dequipe-du-pole-manifestations-f-h\/#breadcrumb","itemListElement":[{"@type":"ListItem","position":1,"name":"Accueil","item":"https:\/\/hierostrasbourg.com\/"},{"@type":"ListItem","position":2,"name":"LA VILLE DE WITTENHEIM recrute un chef d\u2019\u00e9quipe du p\u00f4le manifestations [F\/H]"}]},{"@type":"WebSite","@id":"https:\/\/hierostrasbourg.com\/#website","url":"https:\/\/hierostrasbourg.com\/","name":"HIERO STRASBOURG","description":"Centre de Ressources Musiques Actuelles","publisher":{"@id":"https:\/\/hierostrasbourg.com\/#organization"},"potentialAction":[{"@type":"SearchAction","target":{"@type":"EntryPoint","urlTemplate":"https:\/\/hierostrasbourg.com\/?s={search_term_string}"},"query-input":{"@type":"PropertyValueSpecification","valueRequired":true,"valueName":"search_term_string"}}],"inLanguage":"fr-FR"},{"@type":"Organization","@id":"https:\/\/hierostrasbourg.com\/#organization","name":"F\u00e9d\u00e9ration Hi\u00e9ro Strasbourg","url":"https:\/\/hierostrasbourg.com\/","logo":{"@type":"ImageObject","inLanguage":"fr-FR","@id":"https:\/\/hierostrasbourg.com\/#\/schema\/logo\/image\/","url":"https:\/\/hierostrasbourg.com\/wp-content\/uploads\/2026\/04\/logo-hiero-strasbourg.jpg","contentUrl":"https:\/\/hierostrasbourg.com\/wp-content\/uploads\/2026\/04\/logo-hiero-strasbourg.jpg","width":204,"height":192,"caption":"F\u00e9d\u00e9ration Hi\u00e9ro Strasbourg"},"image":{"@id":"https:\/\/hierostrasbourg.com\/#\/schema\/logo\/image\/"},"sameAs":["https:\/\/www.facebook.com\/fedehierostrasbourg","https:\/\/x.com\/hierostrasbourg"]}]}},"_links":{"self":[{"href":"https:\/\/hierostrasbourg.com\/index.php\/wp-json\/wp\/v2\/posts\/3302","targetHints":{"allow":["GET"]}}],"collection":[{"href":"https:\/\/hierostrasbourg.com\/index.php\/wp-json\/wp\/v2\/posts"}],"about":[{"href":"https:\/\/hierostrasbourg.com\/index.php\/wp-json\/wp\/v2\/types\/post"}],"replies":[{"embeddable":true,"href":"https:\/\/hierostrasbourg.com\/index.php\/wp-json\/wp\/v2\/comments?post=3302"}],"version-history":[{"count":0,"href":"https:\/\/hierostrasbourg.com\/index.php\/wp-json\/wp\/v2\/posts\/3302\/revisions"}],"wp:attachment":[{"href":"https:\/\/hierostrasbourg.com\/index.php\/wp-json\/wp\/v2\/media?parent=3302"}],"wp:term":[{"taxonomy":"category","embeddable":true,"href":"https:\/\/hierostrasbourg.com\/index.php\/wp-json\/wp\/v2\/categories?post=3302"},{"taxonomy":"post_tag","embeddable":true,"href":"https:\/\/hierostrasbourg.com\/index.php\/wp-json\/wp\/v2\/tags?post=3302"}],"curies":[{"name":"wp","href":"https:\/\/api.w.org\/{rel}","templated":true}]}}