{"id":3301,"date":"2022-07-20T18:31:43","date_gmt":"2022-07-20T16:31:43","guid":{"rendered":"https:\/\/hierostrasbourg.com\/index.php\/2022\/07\/20\/la-ville-de-saverne-recrute-un-coordinateur-des-manifestations-f-h\/"},"modified":"2022-07-20T18:31:43","modified_gmt":"2022-07-20T16:31:43","slug":"la-ville-de-saverne-recrute-un-coordinateur-des-manifestations-f-h","status":"publish","type":"post","link":"https:\/\/hierostrasbourg.com\/index.php\/2022\/07\/20\/la-ville-de-saverne-recrute-un-coordinateur-des-manifestations-f-h\/","title":{"rendered":"LA VILLE DE SAVERNE recrute un coordinateur des manifestations [F\/H]"},"content":{"rendered":"<p>En charge de la mise en \u0153uvre et de la coordination des animations de la Ville de Saverne au sein de la Direction des Affaires Culturelles.<\/p>\n<h2>Missions<\/h2>\n<p>Conception, organisation et suivi des manifestations Municipales de la Ville de Saverne : conception, coordination, recherche de partenaires, organisation, suivi de la communication, suivi budget et pr\u00e9sence sur site,<br \/>\nCoordination des manifestations associatives : gestion des plannings, coordination des soutiens techniques et s\u00e9curit\u00e9, communication,<br \/>\nAssurer le suivi de l\u2019utilisation du mat\u00e9riel d\u00e9di\u00e9 aux festivit\u00e9s en lien avec le Centre Technique Municipal,<br \/>\nParticiper au fonctionnement de la direction, accueil \/ gestion des plannings des agents et d\u2019occupation des salles, renseignement du public.<\/p>\n<h2>Profils recherch\u00e9s<\/h2>\n<p>Formuler des propositions de programmation en coh\u00e9rence avec les orientations politique de la collectivit\u00e9 et le budget allou\u00e9,<br \/>\nSavoir planifier et coordonner la mise en \u0153uvre de manifestations<br \/>\nD\u00e9velopper des logiques de coproduction de l\u2019action publique et les institutions, partenaires ou associations,<br \/>\nConnaissances du cadre r\u00e8glementaire, de la s\u00e9curit\u00e9, \u00e9volution et enjeux des politiques culturelles,<br \/>\nTravail collaboratif avec les partenaires.<\/p>\n<h2>Conditions d\u2019exercices<\/h2>\n<p>Autonomie et sens des initiatives<br \/>\nSens de l\u2019\u00e9coute et du travail en \u00e9quipe<br \/>\nTravail le week-end et planning modulable<br \/>\nFormation souhait\u00e9e\u00a0 : BPJEPS ou Dipl\u00f4me de niveau BAC dans le domaine de l\u2019animation.<br \/>\nExp\u00e9rience souhait\u00e9e : 1 \u00e0 3 ans d\u2019exp\u00e9riences minimum dans le domaine des affaires culturelles ou de l\u2019animation.<br \/>\nTemps de travail , 35h00 hebdomadaire<br \/>\nRecrutement statutaire ou \u00e0 d\u00e9faut en CDD.<br \/>\nR\u00e9mun\u00e9ration statutaire de cat\u00e9gorie B \u2013 Cadre d\u2019emplois des Animateurs ou R\u00e9dacteurs Territoriaux.<br \/>\nPoste \u00e0 pourvoir le 01\/10\/2022<br \/>\nDate limite de candidature 19\/08\/2022<\/p>\n<p>MAIRIE DE SAVERNE<br \/>\n78, grand rue BP 40134<br \/>\n67703 Saverne<\/p>\n<p><a href=\"http:\/\/saverne.sdv.fr\/\">www.saverne.sdv.fr<\/a><\/p>\n<\/p>\n<p>L\u2019article <a href=\"https:\/\/popburo.fr\/la-ville-de-saverne-recrute-un-coordinateur-des-manifestations-f-h\/\">LA VILLE DE SAVERNE recrute un coordinateur des manifestations [F\/H]<\/a> est apparu en premier sur <a href=\"https:\/\/popburo.fr\/\">POP B\u00dcRO<\/a>.<\/p>\n","protected":false},"excerpt":{"rendered":"<p>En charge de la mise en \u0153uvre et de la coordination des animations de la Ville de Saverne au sein de la Direction des Affaires Culturelles. Missions Conception, organisation et suivi des manifestations Municipales de la Ville de Saverne : conception, coordination, recherche de partenaires, organisation, suivi de la communication, suivi budget et pr\u00e9sence sur site, Coordination des manifestations associatives : gestion des plannings, coordination des soutiens techniques et s\u00e9curit\u00e9, communication, Assurer le suivi de l\u2019utilisation du mat\u00e9riel d\u00e9di\u00e9 aux [&hellip;]<\/p>\n","protected":false},"author":0,"featured_media":0,"comment_status":"closed","ping_status":"open","sticky":false,"template":"","format":"standard","meta":{"footnotes":""},"categories":[1],"tags":[],"class_list":["post-3301","post","type-post","status-publish","format-standard","hentry","category-non-classe"],"yoast_head":"<!-- This site is optimized with the Yoast SEO plugin v27.5 - https:\/\/yoast.com\/product\/yoast-seo-wordpress\/ -->\n<title>LA VILLE DE SAVERNE recrute un coordinateur des manifestations [F\/H] - HIERO STRASBOURG<\/title>\n<meta name=\"robots\" content=\"index, follow, max-snippet:-1, max-image-preview:large, max-video-preview:-1\" \/>\n<link rel=\"canonical\" href=\"https:\/\/hierostrasbourg.com\/index.php\/2022\/07\/20\/la-ville-de-saverne-recrute-un-coordinateur-des-manifestations-f-h\/\" \/>\n<meta property=\"og:locale\" content=\"fr_FR\" \/>\n<meta property=\"og:type\" content=\"article\" \/>\n<meta property=\"og:title\" content=\"LA VILLE DE SAVERNE recrute un coordinateur des manifestations [F\/H] - HIERO STRASBOURG\" \/>\n<meta property=\"og:description\" content=\"En charge de la mise en \u0153uvre et de la coordination des animations de la Ville de Saverne au sein de la Direction des Affaires Culturelles. Missions Conception, organisation et suivi des manifestations Municipales de la Ville de Saverne : conception, coordination, recherche de partenaires, organisation, suivi de la communication, suivi budget et pr\u00e9sence sur site, Coordination des manifestations associatives : gestion des plannings, coordination des soutiens techniques et s\u00e9curit\u00e9, communication, Assurer le suivi de l\u2019utilisation du mat\u00e9riel d\u00e9di\u00e9 aux [&hellip;]\" \/>\n<meta property=\"og:url\" content=\"https:\/\/hierostrasbourg.com\/index.php\/2022\/07\/20\/la-ville-de-saverne-recrute-un-coordinateur-des-manifestations-f-h\/\" \/>\n<meta property=\"og:site_name\" content=\"HIERO STRASBOURG\" \/>\n<meta property=\"article:publisher\" content=\"https:\/\/www.facebook.com\/fedehierostrasbourg\" \/>\n<meta property=\"article:published_time\" content=\"2022-07-20T16:31:43+00:00\" \/>\n<meta name=\"twitter:card\" content=\"summary_large_image\" \/>\n<meta name=\"twitter:creator\" content=\"@hierostrasbourg\" \/>\n<meta name=\"twitter:site\" content=\"@hierostrasbourg\" \/>\n<meta name=\"twitter:label1\" content=\"Dur\u00e9e de lecture estim\u00e9e\" \/>\n\t<meta name=\"twitter:data1\" content=\"2 minutes\" \/>\n<script type=\"application\/ld+json\" class=\"yoast-schema-graph\">{\"@context\":\"https:\\\/\\\/schema.org\",\"@graph\":[{\"@type\":\"Article\",\"@id\":\"https:\\\/\\\/hierostrasbourg.com\\\/index.php\\\/2022\\\/07\\\/20\\\/la-ville-de-saverne-recrute-un-coordinateur-des-manifestations-f-h\\\/#article\",\"isPartOf\":{\"@id\":\"https:\\\/\\\/hierostrasbourg.com\\\/index.php\\\/2022\\\/07\\\/20\\\/la-ville-de-saverne-recrute-un-coordinateur-des-manifestations-f-h\\\/\"},\"author\":{\"name\":\"\",\"@id\":\"\"},\"headline\":\"LA VILLE DE SAVERNE recrute un coordinateur des manifestations [F\\\/H]\",\"datePublished\":\"2022-07-20T16:31:43+00:00\",\"mainEntityOfPage\":{\"@id\":\"https:\\\/\\\/hierostrasbourg.com\\\/index.php\\\/2022\\\/07\\\/20\\\/la-ville-de-saverne-recrute-un-coordinateur-des-manifestations-f-h\\\/\"},\"wordCount\":317,\"publisher\":{\"@id\":\"https:\\\/\\\/hierostrasbourg.com\\\/#organization\"},\"inLanguage\":\"fr-FR\"},{\"@type\":\"WebPage\",\"@id\":\"https:\\\/\\\/hierostrasbourg.com\\\/index.php\\\/2022\\\/07\\\/20\\\/la-ville-de-saverne-recrute-un-coordinateur-des-manifestations-f-h\\\/\",\"url\":\"https:\\\/\\\/hierostrasbourg.com\\\/index.php\\\/2022\\\/07\\\/20\\\/la-ville-de-saverne-recrute-un-coordinateur-des-manifestations-f-h\\\/\",\"name\":\"LA VILLE DE SAVERNE recrute un coordinateur des manifestations [F\\\/H] - HIERO STRASBOURG\",\"isPartOf\":{\"@id\":\"https:\\\/\\\/hierostrasbourg.com\\\/#website\"},\"datePublished\":\"2022-07-20T16:31:43+00:00\",\"breadcrumb\":{\"@id\":\"https:\\\/\\\/hierostrasbourg.com\\\/index.php\\\/2022\\\/07\\\/20\\\/la-ville-de-saverne-recrute-un-coordinateur-des-manifestations-f-h\\\/#breadcrumb\"},\"inLanguage\":\"fr-FR\",\"potentialAction\":[{\"@type\":\"ReadAction\",\"target\":[\"https:\\\/\\\/hierostrasbourg.com\\\/index.php\\\/2022\\\/07\\\/20\\\/la-ville-de-saverne-recrute-un-coordinateur-des-manifestations-f-h\\\/\"]}]},{\"@type\":\"BreadcrumbList\",\"@id\":\"https:\\\/\\\/hierostrasbourg.com\\\/index.php\\\/2022\\\/07\\\/20\\\/la-ville-de-saverne-recrute-un-coordinateur-des-manifestations-f-h\\\/#breadcrumb\",\"itemListElement\":[{\"@type\":\"ListItem\",\"position\":1,\"name\":\"Accueil\",\"item\":\"https:\\\/\\\/hierostrasbourg.com\\\/\"},{\"@type\":\"ListItem\",\"position\":2,\"name\":\"LA VILLE DE SAVERNE recrute un coordinateur des manifestations [F\\\/H]\"}]},{\"@type\":\"WebSite\",\"@id\":\"https:\\\/\\\/hierostrasbourg.com\\\/#website\",\"url\":\"https:\\\/\\\/hierostrasbourg.com\\\/\",\"name\":\"HIERO STRASBOURG\",\"description\":\"Centre de Ressources Musiques Actuelles\",\"publisher\":{\"@id\":\"https:\\\/\\\/hierostrasbourg.com\\\/#organization\"},\"potentialAction\":[{\"@type\":\"SearchAction\",\"target\":{\"@type\":\"EntryPoint\",\"urlTemplate\":\"https:\\\/\\\/hierostrasbourg.com\\\/?s={search_term_string}\"},\"query-input\":{\"@type\":\"PropertyValueSpecification\",\"valueRequired\":true,\"valueName\":\"search_term_string\"}}],\"inLanguage\":\"fr-FR\"},{\"@type\":\"Organization\",\"@id\":\"https:\\\/\\\/hierostrasbourg.com\\\/#organization\",\"name\":\"F\u00e9d\u00e9ration Hi\u00e9ro Strasbourg\",\"url\":\"https:\\\/\\\/hierostrasbourg.com\\\/\",\"logo\":{\"@type\":\"ImageObject\",\"inLanguage\":\"fr-FR\",\"@id\":\"https:\\\/\\\/hierostrasbourg.com\\\/#\\\/schema\\\/logo\\\/image\\\/\",\"url\":\"https:\\\/\\\/hierostrasbourg.com\\\/wp-content\\\/uploads\\\/2026\\\/04\\\/logo-hiero-strasbourg.jpg\",\"contentUrl\":\"https:\\\/\\\/hierostrasbourg.com\\\/wp-content\\\/uploads\\\/2026\\\/04\\\/logo-hiero-strasbourg.jpg\",\"width\":204,\"height\":192,\"caption\":\"F\u00e9d\u00e9ration Hi\u00e9ro Strasbourg\"},\"image\":{\"@id\":\"https:\\\/\\\/hierostrasbourg.com\\\/#\\\/schema\\\/logo\\\/image\\\/\"},\"sameAs\":[\"https:\\\/\\\/www.facebook.com\\\/fedehierostrasbourg\",\"https:\\\/\\\/x.com\\\/hierostrasbourg\"]}]}<\/script>\n<!-- \/ Yoast SEO plugin. -->","yoast_head_json":{"title":"LA VILLE DE SAVERNE recrute un coordinateur des manifestations [F\/H] - HIERO STRASBOURG","robots":{"index":"index","follow":"follow","max-snippet":"max-snippet:-1","max-image-preview":"max-image-preview:large","max-video-preview":"max-video-preview:-1"},"canonical":"https:\/\/hierostrasbourg.com\/index.php\/2022\/07\/20\/la-ville-de-saverne-recrute-un-coordinateur-des-manifestations-f-h\/","og_locale":"fr_FR","og_type":"article","og_title":"LA VILLE DE SAVERNE recrute un coordinateur des manifestations [F\/H] - HIERO STRASBOURG","og_description":"En charge de la mise en \u0153uvre et de la coordination des animations de la Ville de Saverne au sein de la Direction des Affaires Culturelles. Missions Conception, organisation et suivi des manifestations Municipales de la Ville de Saverne : conception, coordination, recherche de partenaires, organisation, suivi de la communication, suivi budget et pr\u00e9sence sur site, Coordination des manifestations associatives : gestion des plannings, coordination des soutiens techniques et s\u00e9curit\u00e9, communication, Assurer le suivi de l\u2019utilisation du mat\u00e9riel d\u00e9di\u00e9 aux [&hellip;]","og_url":"https:\/\/hierostrasbourg.com\/index.php\/2022\/07\/20\/la-ville-de-saverne-recrute-un-coordinateur-des-manifestations-f-h\/","og_site_name":"HIERO STRASBOURG","article_publisher":"https:\/\/www.facebook.com\/fedehierostrasbourg","article_published_time":"2022-07-20T16:31:43+00:00","twitter_card":"summary_large_image","twitter_creator":"@hierostrasbourg","twitter_site":"@hierostrasbourg","twitter_misc":{"Dur\u00e9e de lecture estim\u00e9e":"2 minutes"},"schema":{"@context":"https:\/\/schema.org","@graph":[{"@type":"Article","@id":"https:\/\/hierostrasbourg.com\/index.php\/2022\/07\/20\/la-ville-de-saverne-recrute-un-coordinateur-des-manifestations-f-h\/#article","isPartOf":{"@id":"https:\/\/hierostrasbourg.com\/index.php\/2022\/07\/20\/la-ville-de-saverne-recrute-un-coordinateur-des-manifestations-f-h\/"},"author":{"name":"","@id":""},"headline":"LA VILLE DE SAVERNE recrute un coordinateur des manifestations [F\/H]","datePublished":"2022-07-20T16:31:43+00:00","mainEntityOfPage":{"@id":"https:\/\/hierostrasbourg.com\/index.php\/2022\/07\/20\/la-ville-de-saverne-recrute-un-coordinateur-des-manifestations-f-h\/"},"wordCount":317,"publisher":{"@id":"https:\/\/hierostrasbourg.com\/#organization"},"inLanguage":"fr-FR"},{"@type":"WebPage","@id":"https:\/\/hierostrasbourg.com\/index.php\/2022\/07\/20\/la-ville-de-saverne-recrute-un-coordinateur-des-manifestations-f-h\/","url":"https:\/\/hierostrasbourg.com\/index.php\/2022\/07\/20\/la-ville-de-saverne-recrute-un-coordinateur-des-manifestations-f-h\/","name":"LA VILLE DE SAVERNE recrute un coordinateur des manifestations [F\/H] - HIERO STRASBOURG","isPartOf":{"@id":"https:\/\/hierostrasbourg.com\/#website"},"datePublished":"2022-07-20T16:31:43+00:00","breadcrumb":{"@id":"https:\/\/hierostrasbourg.com\/index.php\/2022\/07\/20\/la-ville-de-saverne-recrute-un-coordinateur-des-manifestations-f-h\/#breadcrumb"},"inLanguage":"fr-FR","potentialAction":[{"@type":"ReadAction","target":["https:\/\/hierostrasbourg.com\/index.php\/2022\/07\/20\/la-ville-de-saverne-recrute-un-coordinateur-des-manifestations-f-h\/"]}]},{"@type":"BreadcrumbList","@id":"https:\/\/hierostrasbourg.com\/index.php\/2022\/07\/20\/la-ville-de-saverne-recrute-un-coordinateur-des-manifestations-f-h\/#breadcrumb","itemListElement":[{"@type":"ListItem","position":1,"name":"Accueil","item":"https:\/\/hierostrasbourg.com\/"},{"@type":"ListItem","position":2,"name":"LA VILLE DE SAVERNE recrute un coordinateur des manifestations [F\/H]"}]},{"@type":"WebSite","@id":"https:\/\/hierostrasbourg.com\/#website","url":"https:\/\/hierostrasbourg.com\/","name":"HIERO STRASBOURG","description":"Centre de Ressources Musiques Actuelles","publisher":{"@id":"https:\/\/hierostrasbourg.com\/#organization"},"potentialAction":[{"@type":"SearchAction","target":{"@type":"EntryPoint","urlTemplate":"https:\/\/hierostrasbourg.com\/?s={search_term_string}"},"query-input":{"@type":"PropertyValueSpecification","valueRequired":true,"valueName":"search_term_string"}}],"inLanguage":"fr-FR"},{"@type":"Organization","@id":"https:\/\/hierostrasbourg.com\/#organization","name":"F\u00e9d\u00e9ration Hi\u00e9ro Strasbourg","url":"https:\/\/hierostrasbourg.com\/","logo":{"@type":"ImageObject","inLanguage":"fr-FR","@id":"https:\/\/hierostrasbourg.com\/#\/schema\/logo\/image\/","url":"https:\/\/hierostrasbourg.com\/wp-content\/uploads\/2026\/04\/logo-hiero-strasbourg.jpg","contentUrl":"https:\/\/hierostrasbourg.com\/wp-content\/uploads\/2026\/04\/logo-hiero-strasbourg.jpg","width":204,"height":192,"caption":"F\u00e9d\u00e9ration Hi\u00e9ro Strasbourg"},"image":{"@id":"https:\/\/hierostrasbourg.com\/#\/schema\/logo\/image\/"},"sameAs":["https:\/\/www.facebook.com\/fedehierostrasbourg","https:\/\/x.com\/hierostrasbourg"]}]}},"_links":{"self":[{"href":"https:\/\/hierostrasbourg.com\/index.php\/wp-json\/wp\/v2\/posts\/3301","targetHints":{"allow":["GET"]}}],"collection":[{"href":"https:\/\/hierostrasbourg.com\/index.php\/wp-json\/wp\/v2\/posts"}],"about":[{"href":"https:\/\/hierostrasbourg.com\/index.php\/wp-json\/wp\/v2\/types\/post"}],"replies":[{"embeddable":true,"href":"https:\/\/hierostrasbourg.com\/index.php\/wp-json\/wp\/v2\/comments?post=3301"}],"version-history":[{"count":0,"href":"https:\/\/hierostrasbourg.com\/index.php\/wp-json\/wp\/v2\/posts\/3301\/revisions"}],"wp:attachment":[{"href":"https:\/\/hierostrasbourg.com\/index.php\/wp-json\/wp\/v2\/media?parent=3301"}],"wp:term":[{"taxonomy":"category","embeddable":true,"href":"https:\/\/hierostrasbourg.com\/index.php\/wp-json\/wp\/v2\/categories?post=3301"},{"taxonomy":"post_tag","embeddable":true,"href":"https:\/\/hierostrasbourg.com\/index.php\/wp-json\/wp\/v2\/tags?post=3301"}],"curies":[{"name":"wp","href":"https:\/\/api.w.org\/{rel}","templated":true}]}}