{"id":3300,"date":"2022-07-20T12:32:56","date_gmt":"2022-07-20T10:32:56","guid":{"rendered":"https:\/\/hierostrasbourg.com\/index.php\/2022\/07\/20\/le-secteur-francais-fait-face-a-une-reprise-lente-et-difficile-2\/"},"modified":"2022-07-20T12:32:56","modified_gmt":"2022-07-20T10:32:56","slug":"le-secteur-francais-fait-face-a-une-reprise-lente-et-difficile-2","status":"publish","type":"post","link":"https:\/\/hierostrasbourg.com\/index.php\/2022\/07\/20\/le-secteur-francais-fait-face-a-une-reprise-lente-et-difficile-2\/","title":{"rendered":"Le secteur fran\u00e7ais fait face \u00e0 une \u201creprise lente et difficile\u201d"},"content":{"rendered":"<p><em>L\u2019association fran\u00e7aise de live Prodiss avertit que le secteur doit faire face \u00e0 une \u00ab reprise lente et difficile \u00bb de la pand\u00e9mie, au milieu d\u2019une saison mitig\u00e9e pour les festivals du pays jusqu\u2019\u00e0 pr\u00e9sent.<\/em><\/p>\n<p>Source \/ Lire la suite : <a href=\"https:\/\/printzblog.com\/2022\/07\/19\/le-secteur-francais-fait-face-a-une-reprise-lente-et-difficile\/\" target=\"_blank\" rel=\"noopener\">Le secteur fran\u00e7ais fait face \u00e0 une \u201creprise lente et difficile\u201d<\/a><\/p>\n<p>L\u2019article <a href=\"https:\/\/popburo.fr\/le-secteur-francais-fait-face-a-une-reprise-lente-et-difficile\/\">Le secteur fran\u00e7ais fait face \u00e0 une \u201creprise lente et difficile\u201d<\/a> est apparu en premier sur <a href=\"https:\/\/popburo.fr\/\">POP B\u00dcRO<\/a>.<\/p>\n","protected":false},"excerpt":{"rendered":"<p>L\u2019association fran\u00e7aise de live Prodiss avertit que le secteur doit faire face \u00e0 une \u00ab reprise lente et difficile \u00bb de la pand\u00e9mie, au milieu d\u2019une saison mitig\u00e9e pour les festivals du pays jusqu\u2019\u00e0 pr\u00e9sent. Source \/ Lire la suite : Le secteur fran\u00e7ais fait face \u00e0 une \u201creprise lente et difficile\u201d L\u2019article Le secteur fran\u00e7ais fait face \u00e0 une \u201creprise lente et difficile\u201d est apparu en premier sur POP B\u00dcRO.<\/p>\n","protected":false},"author":0,"featured_media":0,"comment_status":"closed","ping_status":"open","sticky":false,"template":"","format":"standard","meta":{"footnotes":""},"categories":[1],"tags":[],"class_list":["post-3300","post","type-post","status-publish","format-standard","hentry","category-non-classe"],"yoast_head":"<!-- This site is optimized with the Yoast SEO plugin v27.5 - https:\/\/yoast.com\/product\/yoast-seo-wordpress\/ -->\n<title>Le secteur fran\u00e7ais fait face \u00e0 une \u201creprise lente et difficile\u201d - HIERO STRASBOURG<\/title>\n<meta name=\"robots\" content=\"index, follow, max-snippet:-1, max-image-preview:large, max-video-preview:-1\" \/>\n<link rel=\"canonical\" href=\"https:\/\/hierostrasbourg.com\/index.php\/2022\/07\/20\/le-secteur-francais-fait-face-a-une-reprise-lente-et-difficile-2\/\" \/>\n<meta property=\"og:locale\" content=\"fr_FR\" \/>\n<meta property=\"og:type\" content=\"article\" \/>\n<meta property=\"og:title\" content=\"Le secteur fran\u00e7ais fait face \u00e0 une \u201creprise lente et difficile\u201d - HIERO STRASBOURG\" \/>\n<meta property=\"og:description\" content=\"L\u2019association fran\u00e7aise de live Prodiss avertit que le secteur doit faire face \u00e0 une \u00ab reprise lente et difficile \u00bb de la pand\u00e9mie, au milieu d\u2019une saison mitig\u00e9e pour les festivals du pays jusqu\u2019\u00e0 pr\u00e9sent. Source \/ Lire la suite : Le secteur fran\u00e7ais fait face \u00e0 une \u201creprise lente et difficile\u201d L\u2019article Le secteur fran\u00e7ais fait face \u00e0 une \u201creprise lente et difficile\u201d est apparu en premier sur POP B\u00dcRO.\" \/>\n<meta property=\"og:url\" content=\"https:\/\/hierostrasbourg.com\/index.php\/2022\/07\/20\/le-secteur-francais-fait-face-a-une-reprise-lente-et-difficile-2\/\" \/>\n<meta property=\"og:site_name\" content=\"HIERO STRASBOURG\" \/>\n<meta property=\"article:publisher\" content=\"https:\/\/www.facebook.com\/fedehierostrasbourg\" \/>\n<meta property=\"article:published_time\" content=\"2022-07-20T10:32:56+00:00\" \/>\n<meta name=\"twitter:card\" content=\"summary_large_image\" \/>\n<meta name=\"twitter:creator\" content=\"@hierostrasbourg\" \/>\n<meta name=\"twitter:site\" content=\"@hierostrasbourg\" \/>\n<script type=\"application\/ld+json\" class=\"yoast-schema-graph\">{\"@context\":\"https:\\\/\\\/schema.org\",\"@graph\":[{\"@type\":\"Article\",\"@id\":\"https:\\\/\\\/hierostrasbourg.com\\\/index.php\\\/2022\\\/07\\\/20\\\/le-secteur-francais-fait-face-a-une-reprise-lente-et-difficile-2\\\/#article\",\"isPartOf\":{\"@id\":\"https:\\\/\\\/hierostrasbourg.com\\\/index.php\\\/2022\\\/07\\\/20\\\/le-secteur-francais-fait-face-a-une-reprise-lente-et-difficile-2\\\/\"},\"author\":{\"name\":\"\",\"@id\":\"\"},\"headline\":\"Le secteur fran\u00e7ais fait face \u00e0 une \u201creprise lente et difficile\u201d\",\"datePublished\":\"2022-07-20T10:32:56+00:00\",\"mainEntityOfPage\":{\"@id\":\"https:\\\/\\\/hierostrasbourg.com\\\/index.php\\\/2022\\\/07\\\/20\\\/le-secteur-francais-fait-face-a-une-reprise-lente-et-difficile-2\\\/\"},\"wordCount\":85,\"publisher\":{\"@id\":\"https:\\\/\\\/hierostrasbourg.com\\\/#organization\"},\"inLanguage\":\"fr-FR\"},{\"@type\":\"WebPage\",\"@id\":\"https:\\\/\\\/hierostrasbourg.com\\\/index.php\\\/2022\\\/07\\\/20\\\/le-secteur-francais-fait-face-a-une-reprise-lente-et-difficile-2\\\/\",\"url\":\"https:\\\/\\\/hierostrasbourg.com\\\/index.php\\\/2022\\\/07\\\/20\\\/le-secteur-francais-fait-face-a-une-reprise-lente-et-difficile-2\\\/\",\"name\":\"Le secteur fran\u00e7ais fait face \u00e0 une \u201creprise lente et difficile\u201d - HIERO STRASBOURG\",\"isPartOf\":{\"@id\":\"https:\\\/\\\/hierostrasbourg.com\\\/#website\"},\"datePublished\":\"2022-07-20T10:32:56+00:00\",\"breadcrumb\":{\"@id\":\"https:\\\/\\\/hierostrasbourg.com\\\/index.php\\\/2022\\\/07\\\/20\\\/le-secteur-francais-fait-face-a-une-reprise-lente-et-difficile-2\\\/#breadcrumb\"},\"inLanguage\":\"fr-FR\",\"potentialAction\":[{\"@type\":\"ReadAction\",\"target\":[\"https:\\\/\\\/hierostrasbourg.com\\\/index.php\\\/2022\\\/07\\\/20\\\/le-secteur-francais-fait-face-a-une-reprise-lente-et-difficile-2\\\/\"]}]},{\"@type\":\"BreadcrumbList\",\"@id\":\"https:\\\/\\\/hierostrasbourg.com\\\/index.php\\\/2022\\\/07\\\/20\\\/le-secteur-francais-fait-face-a-une-reprise-lente-et-difficile-2\\\/#breadcrumb\",\"itemListElement\":[{\"@type\":\"ListItem\",\"position\":1,\"name\":\"Accueil\",\"item\":\"https:\\\/\\\/hierostrasbourg.com\\\/\"},{\"@type\":\"ListItem\",\"position\":2,\"name\":\"Le secteur fran\u00e7ais fait face \u00e0 une \u201creprise lente et difficile\u201d\"}]},{\"@type\":\"WebSite\",\"@id\":\"https:\\\/\\\/hierostrasbourg.com\\\/#website\",\"url\":\"https:\\\/\\\/hierostrasbourg.com\\\/\",\"name\":\"HIERO STRASBOURG\",\"description\":\"Centre de Ressources Musiques Actuelles\",\"publisher\":{\"@id\":\"https:\\\/\\\/hierostrasbourg.com\\\/#organization\"},\"potentialAction\":[{\"@type\":\"SearchAction\",\"target\":{\"@type\":\"EntryPoint\",\"urlTemplate\":\"https:\\\/\\\/hierostrasbourg.com\\\/?s={search_term_string}\"},\"query-input\":{\"@type\":\"PropertyValueSpecification\",\"valueRequired\":true,\"valueName\":\"search_term_string\"}}],\"inLanguage\":\"fr-FR\"},{\"@type\":\"Organization\",\"@id\":\"https:\\\/\\\/hierostrasbourg.com\\\/#organization\",\"name\":\"F\u00e9d\u00e9ration Hi\u00e9ro Strasbourg\",\"url\":\"https:\\\/\\\/hierostrasbourg.com\\\/\",\"logo\":{\"@type\":\"ImageObject\",\"inLanguage\":\"fr-FR\",\"@id\":\"https:\\\/\\\/hierostrasbourg.com\\\/#\\\/schema\\\/logo\\\/image\\\/\",\"url\":\"https:\\\/\\\/hierostrasbourg.com\\\/wp-content\\\/uploads\\\/2026\\\/04\\\/logo-hiero-strasbourg.jpg\",\"contentUrl\":\"https:\\\/\\\/hierostrasbourg.com\\\/wp-content\\\/uploads\\\/2026\\\/04\\\/logo-hiero-strasbourg.jpg\",\"width\":204,\"height\":192,\"caption\":\"F\u00e9d\u00e9ration Hi\u00e9ro Strasbourg\"},\"image\":{\"@id\":\"https:\\\/\\\/hierostrasbourg.com\\\/#\\\/schema\\\/logo\\\/image\\\/\"},\"sameAs\":[\"https:\\\/\\\/www.facebook.com\\\/fedehierostrasbourg\",\"https:\\\/\\\/x.com\\\/hierostrasbourg\"]}]}<\/script>\n<!-- \/ Yoast SEO plugin. -->","yoast_head_json":{"title":"Le secteur fran\u00e7ais fait face \u00e0 une \u201creprise lente et difficile\u201d - HIERO STRASBOURG","robots":{"index":"index","follow":"follow","max-snippet":"max-snippet:-1","max-image-preview":"max-image-preview:large","max-video-preview":"max-video-preview:-1"},"canonical":"https:\/\/hierostrasbourg.com\/index.php\/2022\/07\/20\/le-secteur-francais-fait-face-a-une-reprise-lente-et-difficile-2\/","og_locale":"fr_FR","og_type":"article","og_title":"Le secteur fran\u00e7ais fait face \u00e0 une \u201creprise lente et difficile\u201d - HIERO STRASBOURG","og_description":"L\u2019association fran\u00e7aise de live Prodiss avertit que le secteur doit faire face \u00e0 une \u00ab reprise lente et difficile \u00bb de la pand\u00e9mie, au milieu d\u2019une saison mitig\u00e9e pour les festivals du pays jusqu\u2019\u00e0 pr\u00e9sent. Source \/ Lire la suite : Le secteur fran\u00e7ais fait face \u00e0 une \u201creprise lente et difficile\u201d L\u2019article Le secteur fran\u00e7ais fait face \u00e0 une \u201creprise lente et difficile\u201d est apparu en premier sur POP B\u00dcRO.","og_url":"https:\/\/hierostrasbourg.com\/index.php\/2022\/07\/20\/le-secteur-francais-fait-face-a-une-reprise-lente-et-difficile-2\/","og_site_name":"HIERO STRASBOURG","article_publisher":"https:\/\/www.facebook.com\/fedehierostrasbourg","article_published_time":"2022-07-20T10:32:56+00:00","twitter_card":"summary_large_image","twitter_creator":"@hierostrasbourg","twitter_site":"@hierostrasbourg","schema":{"@context":"https:\/\/schema.org","@graph":[{"@type":"Article","@id":"https:\/\/hierostrasbourg.com\/index.php\/2022\/07\/20\/le-secteur-francais-fait-face-a-une-reprise-lente-et-difficile-2\/#article","isPartOf":{"@id":"https:\/\/hierostrasbourg.com\/index.php\/2022\/07\/20\/le-secteur-francais-fait-face-a-une-reprise-lente-et-difficile-2\/"},"author":{"name":"","@id":""},"headline":"Le secteur fran\u00e7ais fait face \u00e0 une \u201creprise lente et difficile\u201d","datePublished":"2022-07-20T10:32:56+00:00","mainEntityOfPage":{"@id":"https:\/\/hierostrasbourg.com\/index.php\/2022\/07\/20\/le-secteur-francais-fait-face-a-une-reprise-lente-et-difficile-2\/"},"wordCount":85,"publisher":{"@id":"https:\/\/hierostrasbourg.com\/#organization"},"inLanguage":"fr-FR"},{"@type":"WebPage","@id":"https:\/\/hierostrasbourg.com\/index.php\/2022\/07\/20\/le-secteur-francais-fait-face-a-une-reprise-lente-et-difficile-2\/","url":"https:\/\/hierostrasbourg.com\/index.php\/2022\/07\/20\/le-secteur-francais-fait-face-a-une-reprise-lente-et-difficile-2\/","name":"Le secteur fran\u00e7ais fait face \u00e0 une \u201creprise lente et difficile\u201d - HIERO STRASBOURG","isPartOf":{"@id":"https:\/\/hierostrasbourg.com\/#website"},"datePublished":"2022-07-20T10:32:56+00:00","breadcrumb":{"@id":"https:\/\/hierostrasbourg.com\/index.php\/2022\/07\/20\/le-secteur-francais-fait-face-a-une-reprise-lente-et-difficile-2\/#breadcrumb"},"inLanguage":"fr-FR","potentialAction":[{"@type":"ReadAction","target":["https:\/\/hierostrasbourg.com\/index.php\/2022\/07\/20\/le-secteur-francais-fait-face-a-une-reprise-lente-et-difficile-2\/"]}]},{"@type":"BreadcrumbList","@id":"https:\/\/hierostrasbourg.com\/index.php\/2022\/07\/20\/le-secteur-francais-fait-face-a-une-reprise-lente-et-difficile-2\/#breadcrumb","itemListElement":[{"@type":"ListItem","position":1,"name":"Accueil","item":"https:\/\/hierostrasbourg.com\/"},{"@type":"ListItem","position":2,"name":"Le secteur fran\u00e7ais fait face \u00e0 une \u201creprise lente et difficile\u201d"}]},{"@type":"WebSite","@id":"https:\/\/hierostrasbourg.com\/#website","url":"https:\/\/hierostrasbourg.com\/","name":"HIERO STRASBOURG","description":"Centre de Ressources Musiques Actuelles","publisher":{"@id":"https:\/\/hierostrasbourg.com\/#organization"},"potentialAction":[{"@type":"SearchAction","target":{"@type":"EntryPoint","urlTemplate":"https:\/\/hierostrasbourg.com\/?s={search_term_string}"},"query-input":{"@type":"PropertyValueSpecification","valueRequired":true,"valueName":"search_term_string"}}],"inLanguage":"fr-FR"},{"@type":"Organization","@id":"https:\/\/hierostrasbourg.com\/#organization","name":"F\u00e9d\u00e9ration Hi\u00e9ro Strasbourg","url":"https:\/\/hierostrasbourg.com\/","logo":{"@type":"ImageObject","inLanguage":"fr-FR","@id":"https:\/\/hierostrasbourg.com\/#\/schema\/logo\/image\/","url":"https:\/\/hierostrasbourg.com\/wp-content\/uploads\/2026\/04\/logo-hiero-strasbourg.jpg","contentUrl":"https:\/\/hierostrasbourg.com\/wp-content\/uploads\/2026\/04\/logo-hiero-strasbourg.jpg","width":204,"height":192,"caption":"F\u00e9d\u00e9ration Hi\u00e9ro Strasbourg"},"image":{"@id":"https:\/\/hierostrasbourg.com\/#\/schema\/logo\/image\/"},"sameAs":["https:\/\/www.facebook.com\/fedehierostrasbourg","https:\/\/x.com\/hierostrasbourg"]}]}},"_links":{"self":[{"href":"https:\/\/hierostrasbourg.com\/index.php\/wp-json\/wp\/v2\/posts\/3300","targetHints":{"allow":["GET"]}}],"collection":[{"href":"https:\/\/hierostrasbourg.com\/index.php\/wp-json\/wp\/v2\/posts"}],"about":[{"href":"https:\/\/hierostrasbourg.com\/index.php\/wp-json\/wp\/v2\/types\/post"}],"replies":[{"embeddable":true,"href":"https:\/\/hierostrasbourg.com\/index.php\/wp-json\/wp\/v2\/comments?post=3300"}],"version-history":[{"count":0,"href":"https:\/\/hierostrasbourg.com\/index.php\/wp-json\/wp\/v2\/posts\/3300\/revisions"}],"wp:attachment":[{"href":"https:\/\/hierostrasbourg.com\/index.php\/wp-json\/wp\/v2\/media?parent=3300"}],"wp:term":[{"taxonomy":"category","embeddable":true,"href":"https:\/\/hierostrasbourg.com\/index.php\/wp-json\/wp\/v2\/categories?post=3300"},{"taxonomy":"post_tag","embeddable":true,"href":"https:\/\/hierostrasbourg.com\/index.php\/wp-json\/wp\/v2\/tags?post=3300"}],"curies":[{"name":"wp","href":"https:\/\/api.w.org\/{rel}","templated":true}]}}