{"id":3296,"date":"2022-07-20T11:32:41","date_gmt":"2022-07-20T09:32:41","guid":{"rendered":"https:\/\/hierostrasbourg.com\/index.php\/2022\/07\/20\/le-choeur-philharmonique-de-strasbourg-recrute-un-charge-de-projet-f-h-2\/"},"modified":"2022-07-20T11:32:41","modified_gmt":"2022-07-20T09:32:41","slug":"le-choeur-philharmonique-de-strasbourg-recrute-un-charge-de-projet-f-h-2","status":"publish","type":"post","link":"https:\/\/hierostrasbourg.com\/index.php\/2022\/07\/20\/le-choeur-philharmonique-de-strasbourg-recrute-un-charge-de-projet-f-h-2\/","title":{"rendered":"LE CHOEUR PHILHARMONIQUE DE STRASBOURG recrute un charg\u00e9 de projet [F\/H]"},"content":{"rendered":"<p><a href=\"https:\/\/musiquesactuelles.alsace\/le-choeur-philharmonique-de-strasbourg-recrute-un-charge-de-projet-f-h\/\" title=\"LE CHOEUR PHILHARMONIQUE DE STRASBOURG recrute un charg\u00e9 de projet [F\/H]\"><\/a><\/p>\n<p>Form\u00e9 de quatre-vingt-dix choristes amateurs passionn\u00e9s, le Ch\u0153ur philharmonique de Strasbourg a \u00e9t\u00e9 cr\u00e9\u00e9 en 2003 par l\u2019Orchestre Philharmonique de Strasbourg pour chanter le grand r\u00e9pertoire. Sa direction a \u00e9t\u00e9 confi\u00e9e \u00e0 Catherine Bolzinger.\u00a0 En 18 saisons d\u2019existence, le ch\u0153ur a donn\u00e9 plus de 100 concerts dirig\u00e9s par une trentaine de grands chefs d\u2019orchestre de r\u00e9putation internationale devant plus de 170 000 spectateurs, et interpr\u00e9t\u00e9 une cinquantaine d\u2019\u0153uvres incontournables du r\u00e9pertoire choral depuis le r\u00e9pertoire baroque jusqu\u2019aux cr\u00e9ations contemporaines. En [\u2026]<\/p>\n<p>L\u2019article <a href=\"https:\/\/musiquesactuelles.alsace\/le-choeur-philharmonique-de-strasbourg-recrute-un-charge-de-projet-f-h\/\">LE CHOEUR PHILHARMONIQUE DE STRASBOURG recrute un charg\u00e9 de projet [F\/H]<\/a> est apparu en premier sur <a href=\"https:\/\/musiquesactuelles.alsace\/\">Musiques Actuelles en Alsace<\/a>.<\/p>\n<p>L\u2019article <a href=\"https:\/\/popburo.fr\/le-choeur-philharmonique-de-strasbourg-recrute-un-charge-de-projet-f-h-2\/\">LE CHOEUR PHILHARMONIQUE DE STRASBOURG recrute un charg\u00e9 de projet [F\/H]<\/a> est apparu en premier sur <a href=\"https:\/\/popburo.fr\/\">POP B\u00dcRO<\/a>.<\/p>\n","protected":false},"excerpt":{"rendered":"<p>Form\u00e9 de quatre-vingt-dix choristes amateurs passionn\u00e9s, le Ch\u0153ur philharmonique de Strasbourg a \u00e9t\u00e9 cr\u00e9\u00e9 en 2003 par l\u2019Orchestre Philharmonique de Strasbourg pour chanter le grand r\u00e9pertoire. Sa direction a \u00e9t\u00e9 confi\u00e9e \u00e0 Catherine Bolzinger.\u00a0 En 18 saisons d\u2019existence, le ch\u0153ur a donn\u00e9 plus de 100 concerts dirig\u00e9s par une trentaine de grands chefs d\u2019orchestre de r\u00e9putation internationale devant plus de 170 000 spectateurs, et interpr\u00e9t\u00e9 une cinquantaine d\u2019\u0153uvres incontournables du r\u00e9pertoire choral depuis le r\u00e9pertoire baroque jusqu\u2019aux cr\u00e9ations contemporaines. En [&hellip;]<\/p>\n","protected":false},"author":0,"featured_media":0,"comment_status":"closed","ping_status":"open","sticky":false,"template":"","format":"standard","meta":{"footnotes":""},"categories":[1],"tags":[],"class_list":["post-3296","post","type-post","status-publish","format-standard","hentry","category-non-classe"],"yoast_head":"<!-- This site is optimized with the Yoast SEO plugin v27.5 - https:\/\/yoast.com\/product\/yoast-seo-wordpress\/ -->\n<title>LE CHOEUR PHILHARMONIQUE DE STRASBOURG recrute un charg\u00e9 de projet [F\/H] - HIERO STRASBOURG<\/title>\n<meta name=\"robots\" content=\"index, follow, max-snippet:-1, max-image-preview:large, max-video-preview:-1\" \/>\n<link rel=\"canonical\" href=\"https:\/\/hierostrasbourg.com\/index.php\/2022\/07\/20\/le-choeur-philharmonique-de-strasbourg-recrute-un-charge-de-projet-f-h-2\/\" \/>\n<meta property=\"og:locale\" content=\"fr_FR\" \/>\n<meta property=\"og:type\" content=\"article\" \/>\n<meta property=\"og:title\" content=\"LE CHOEUR PHILHARMONIQUE DE STRASBOURG recrute un charg\u00e9 de projet [F\/H] - HIERO STRASBOURG\" \/>\n<meta property=\"og:description\" content=\"Form\u00e9 de quatre-vingt-dix choristes amateurs passionn\u00e9s, le Ch\u0153ur philharmonique de Strasbourg a \u00e9t\u00e9 cr\u00e9\u00e9 en 2003 par l\u2019Orchestre Philharmonique de Strasbourg pour chanter le grand r\u00e9pertoire. Sa direction a \u00e9t\u00e9 confi\u00e9e \u00e0 Catherine Bolzinger.\u00a0 En 18 saisons d\u2019existence, le ch\u0153ur a donn\u00e9 plus de 100 concerts dirig\u00e9s par une trentaine de grands chefs d\u2019orchestre de r\u00e9putation internationale devant plus de 170 000 spectateurs, et interpr\u00e9t\u00e9 une cinquantaine d\u2019\u0153uvres incontournables du r\u00e9pertoire choral depuis le r\u00e9pertoire baroque jusqu\u2019aux cr\u00e9ations contemporaines. En [&hellip;]\" \/>\n<meta property=\"og:url\" content=\"https:\/\/hierostrasbourg.com\/index.php\/2022\/07\/20\/le-choeur-philharmonique-de-strasbourg-recrute-un-charge-de-projet-f-h-2\/\" \/>\n<meta property=\"og:site_name\" content=\"HIERO STRASBOURG\" \/>\n<meta property=\"article:publisher\" content=\"https:\/\/www.facebook.com\/fedehierostrasbourg\" \/>\n<meta property=\"article:published_time\" content=\"2022-07-20T09:32:41+00:00\" \/>\n<meta name=\"twitter:card\" content=\"summary_large_image\" \/>\n<meta name=\"twitter:creator\" content=\"@hierostrasbourg\" \/>\n<meta name=\"twitter:site\" content=\"@hierostrasbourg\" \/>\n<meta name=\"twitter:label1\" content=\"Dur\u00e9e de lecture estim\u00e9e\" \/>\n\t<meta name=\"twitter:data1\" content=\"1 minute\" \/>\n<script type=\"application\/ld+json\" class=\"yoast-schema-graph\">{\"@context\":\"https:\\\/\\\/schema.org\",\"@graph\":[{\"@type\":\"Article\",\"@id\":\"https:\\\/\\\/hierostrasbourg.com\\\/index.php\\\/2022\\\/07\\\/20\\\/le-choeur-philharmonique-de-strasbourg-recrute-un-charge-de-projet-f-h-2\\\/#article\",\"isPartOf\":{\"@id\":\"https:\\\/\\\/hierostrasbourg.com\\\/index.php\\\/2022\\\/07\\\/20\\\/le-choeur-philharmonique-de-strasbourg-recrute-un-charge-de-projet-f-h-2\\\/\"},\"author\":{\"name\":\"\",\"@id\":\"\"},\"headline\":\"LE CHOEUR PHILHARMONIQUE DE STRASBOURG recrute un charg\u00e9 de projet [F\\\/H]\",\"datePublished\":\"2022-07-20T09:32:41+00:00\",\"mainEntityOfPage\":{\"@id\":\"https:\\\/\\\/hierostrasbourg.com\\\/index.php\\\/2022\\\/07\\\/20\\\/le-choeur-philharmonique-de-strasbourg-recrute-un-charge-de-projet-f-h-2\\\/\"},\"wordCount\":147,\"publisher\":{\"@id\":\"https:\\\/\\\/hierostrasbourg.com\\\/#organization\"},\"inLanguage\":\"fr-FR\"},{\"@type\":\"WebPage\",\"@id\":\"https:\\\/\\\/hierostrasbourg.com\\\/index.php\\\/2022\\\/07\\\/20\\\/le-choeur-philharmonique-de-strasbourg-recrute-un-charge-de-projet-f-h-2\\\/\",\"url\":\"https:\\\/\\\/hierostrasbourg.com\\\/index.php\\\/2022\\\/07\\\/20\\\/le-choeur-philharmonique-de-strasbourg-recrute-un-charge-de-projet-f-h-2\\\/\",\"name\":\"LE CHOEUR PHILHARMONIQUE DE STRASBOURG recrute un charg\u00e9 de projet [F\\\/H] - HIERO STRASBOURG\",\"isPartOf\":{\"@id\":\"https:\\\/\\\/hierostrasbourg.com\\\/#website\"},\"datePublished\":\"2022-07-20T09:32:41+00:00\",\"breadcrumb\":{\"@id\":\"https:\\\/\\\/hierostrasbourg.com\\\/index.php\\\/2022\\\/07\\\/20\\\/le-choeur-philharmonique-de-strasbourg-recrute-un-charge-de-projet-f-h-2\\\/#breadcrumb\"},\"inLanguage\":\"fr-FR\",\"potentialAction\":[{\"@type\":\"ReadAction\",\"target\":[\"https:\\\/\\\/hierostrasbourg.com\\\/index.php\\\/2022\\\/07\\\/20\\\/le-choeur-philharmonique-de-strasbourg-recrute-un-charge-de-projet-f-h-2\\\/\"]}]},{\"@type\":\"BreadcrumbList\",\"@id\":\"https:\\\/\\\/hierostrasbourg.com\\\/index.php\\\/2022\\\/07\\\/20\\\/le-choeur-philharmonique-de-strasbourg-recrute-un-charge-de-projet-f-h-2\\\/#breadcrumb\",\"itemListElement\":[{\"@type\":\"ListItem\",\"position\":1,\"name\":\"Accueil\",\"item\":\"https:\\\/\\\/hierostrasbourg.com\\\/\"},{\"@type\":\"ListItem\",\"position\":2,\"name\":\"LE CHOEUR PHILHARMONIQUE DE STRASBOURG recrute un charg\u00e9 de projet [F\\\/H]\"}]},{\"@type\":\"WebSite\",\"@id\":\"https:\\\/\\\/hierostrasbourg.com\\\/#website\",\"url\":\"https:\\\/\\\/hierostrasbourg.com\\\/\",\"name\":\"HIERO STRASBOURG\",\"description\":\"Centre de Ressources Musiques Actuelles\",\"publisher\":{\"@id\":\"https:\\\/\\\/hierostrasbourg.com\\\/#organization\"},\"potentialAction\":[{\"@type\":\"SearchAction\",\"target\":{\"@type\":\"EntryPoint\",\"urlTemplate\":\"https:\\\/\\\/hierostrasbourg.com\\\/?s={search_term_string}\"},\"query-input\":{\"@type\":\"PropertyValueSpecification\",\"valueRequired\":true,\"valueName\":\"search_term_string\"}}],\"inLanguage\":\"fr-FR\"},{\"@type\":\"Organization\",\"@id\":\"https:\\\/\\\/hierostrasbourg.com\\\/#organization\",\"name\":\"F\u00e9d\u00e9ration Hi\u00e9ro Strasbourg\",\"url\":\"https:\\\/\\\/hierostrasbourg.com\\\/\",\"logo\":{\"@type\":\"ImageObject\",\"inLanguage\":\"fr-FR\",\"@id\":\"https:\\\/\\\/hierostrasbourg.com\\\/#\\\/schema\\\/logo\\\/image\\\/\",\"url\":\"https:\\\/\\\/hierostrasbourg.com\\\/wp-content\\\/uploads\\\/2026\\\/04\\\/logo-hiero-strasbourg.jpg\",\"contentUrl\":\"https:\\\/\\\/hierostrasbourg.com\\\/wp-content\\\/uploads\\\/2026\\\/04\\\/logo-hiero-strasbourg.jpg\",\"width\":204,\"height\":192,\"caption\":\"F\u00e9d\u00e9ration Hi\u00e9ro Strasbourg\"},\"image\":{\"@id\":\"https:\\\/\\\/hierostrasbourg.com\\\/#\\\/schema\\\/logo\\\/image\\\/\"},\"sameAs\":[\"https:\\\/\\\/www.facebook.com\\\/fedehierostrasbourg\",\"https:\\\/\\\/x.com\\\/hierostrasbourg\"]}]}<\/script>\n<!-- \/ Yoast SEO plugin. -->","yoast_head_json":{"title":"LE CHOEUR PHILHARMONIQUE DE STRASBOURG recrute un charg\u00e9 de projet [F\/H] - HIERO STRASBOURG","robots":{"index":"index","follow":"follow","max-snippet":"max-snippet:-1","max-image-preview":"max-image-preview:large","max-video-preview":"max-video-preview:-1"},"canonical":"https:\/\/hierostrasbourg.com\/index.php\/2022\/07\/20\/le-choeur-philharmonique-de-strasbourg-recrute-un-charge-de-projet-f-h-2\/","og_locale":"fr_FR","og_type":"article","og_title":"LE CHOEUR PHILHARMONIQUE DE STRASBOURG recrute un charg\u00e9 de projet [F\/H] - HIERO STRASBOURG","og_description":"Form\u00e9 de quatre-vingt-dix choristes amateurs passionn\u00e9s, le Ch\u0153ur philharmonique de Strasbourg a \u00e9t\u00e9 cr\u00e9\u00e9 en 2003 par l\u2019Orchestre Philharmonique de Strasbourg pour chanter le grand r\u00e9pertoire. Sa direction a \u00e9t\u00e9 confi\u00e9e \u00e0 Catherine Bolzinger.\u00a0 En 18 saisons d\u2019existence, le ch\u0153ur a donn\u00e9 plus de 100 concerts dirig\u00e9s par une trentaine de grands chefs d\u2019orchestre de r\u00e9putation internationale devant plus de 170 000 spectateurs, et interpr\u00e9t\u00e9 une cinquantaine d\u2019\u0153uvres incontournables du r\u00e9pertoire choral depuis le r\u00e9pertoire baroque jusqu\u2019aux cr\u00e9ations contemporaines. En [&hellip;]","og_url":"https:\/\/hierostrasbourg.com\/index.php\/2022\/07\/20\/le-choeur-philharmonique-de-strasbourg-recrute-un-charge-de-projet-f-h-2\/","og_site_name":"HIERO STRASBOURG","article_publisher":"https:\/\/www.facebook.com\/fedehierostrasbourg","article_published_time":"2022-07-20T09:32:41+00:00","twitter_card":"summary_large_image","twitter_creator":"@hierostrasbourg","twitter_site":"@hierostrasbourg","twitter_misc":{"Dur\u00e9e de lecture estim\u00e9e":"1 minute"},"schema":{"@context":"https:\/\/schema.org","@graph":[{"@type":"Article","@id":"https:\/\/hierostrasbourg.com\/index.php\/2022\/07\/20\/le-choeur-philharmonique-de-strasbourg-recrute-un-charge-de-projet-f-h-2\/#article","isPartOf":{"@id":"https:\/\/hierostrasbourg.com\/index.php\/2022\/07\/20\/le-choeur-philharmonique-de-strasbourg-recrute-un-charge-de-projet-f-h-2\/"},"author":{"name":"","@id":""},"headline":"LE CHOEUR PHILHARMONIQUE DE STRASBOURG recrute un charg\u00e9 de projet [F\/H]","datePublished":"2022-07-20T09:32:41+00:00","mainEntityOfPage":{"@id":"https:\/\/hierostrasbourg.com\/index.php\/2022\/07\/20\/le-choeur-philharmonique-de-strasbourg-recrute-un-charge-de-projet-f-h-2\/"},"wordCount":147,"publisher":{"@id":"https:\/\/hierostrasbourg.com\/#organization"},"inLanguage":"fr-FR"},{"@type":"WebPage","@id":"https:\/\/hierostrasbourg.com\/index.php\/2022\/07\/20\/le-choeur-philharmonique-de-strasbourg-recrute-un-charge-de-projet-f-h-2\/","url":"https:\/\/hierostrasbourg.com\/index.php\/2022\/07\/20\/le-choeur-philharmonique-de-strasbourg-recrute-un-charge-de-projet-f-h-2\/","name":"LE CHOEUR PHILHARMONIQUE DE STRASBOURG recrute un charg\u00e9 de projet [F\/H] - HIERO STRASBOURG","isPartOf":{"@id":"https:\/\/hierostrasbourg.com\/#website"},"datePublished":"2022-07-20T09:32:41+00:00","breadcrumb":{"@id":"https:\/\/hierostrasbourg.com\/index.php\/2022\/07\/20\/le-choeur-philharmonique-de-strasbourg-recrute-un-charge-de-projet-f-h-2\/#breadcrumb"},"inLanguage":"fr-FR","potentialAction":[{"@type":"ReadAction","target":["https:\/\/hierostrasbourg.com\/index.php\/2022\/07\/20\/le-choeur-philharmonique-de-strasbourg-recrute-un-charge-de-projet-f-h-2\/"]}]},{"@type":"BreadcrumbList","@id":"https:\/\/hierostrasbourg.com\/index.php\/2022\/07\/20\/le-choeur-philharmonique-de-strasbourg-recrute-un-charge-de-projet-f-h-2\/#breadcrumb","itemListElement":[{"@type":"ListItem","position":1,"name":"Accueil","item":"https:\/\/hierostrasbourg.com\/"},{"@type":"ListItem","position":2,"name":"LE CHOEUR PHILHARMONIQUE DE STRASBOURG recrute un charg\u00e9 de projet [F\/H]"}]},{"@type":"WebSite","@id":"https:\/\/hierostrasbourg.com\/#website","url":"https:\/\/hierostrasbourg.com\/","name":"HIERO STRASBOURG","description":"Centre de Ressources Musiques Actuelles","publisher":{"@id":"https:\/\/hierostrasbourg.com\/#organization"},"potentialAction":[{"@type":"SearchAction","target":{"@type":"EntryPoint","urlTemplate":"https:\/\/hierostrasbourg.com\/?s={search_term_string}"},"query-input":{"@type":"PropertyValueSpecification","valueRequired":true,"valueName":"search_term_string"}}],"inLanguage":"fr-FR"},{"@type":"Organization","@id":"https:\/\/hierostrasbourg.com\/#organization","name":"F\u00e9d\u00e9ration Hi\u00e9ro Strasbourg","url":"https:\/\/hierostrasbourg.com\/","logo":{"@type":"ImageObject","inLanguage":"fr-FR","@id":"https:\/\/hierostrasbourg.com\/#\/schema\/logo\/image\/","url":"https:\/\/hierostrasbourg.com\/wp-content\/uploads\/2026\/04\/logo-hiero-strasbourg.jpg","contentUrl":"https:\/\/hierostrasbourg.com\/wp-content\/uploads\/2026\/04\/logo-hiero-strasbourg.jpg","width":204,"height":192,"caption":"F\u00e9d\u00e9ration Hi\u00e9ro Strasbourg"},"image":{"@id":"https:\/\/hierostrasbourg.com\/#\/schema\/logo\/image\/"},"sameAs":["https:\/\/www.facebook.com\/fedehierostrasbourg","https:\/\/x.com\/hierostrasbourg"]}]}},"_links":{"self":[{"href":"https:\/\/hierostrasbourg.com\/index.php\/wp-json\/wp\/v2\/posts\/3296","targetHints":{"allow":["GET"]}}],"collection":[{"href":"https:\/\/hierostrasbourg.com\/index.php\/wp-json\/wp\/v2\/posts"}],"about":[{"href":"https:\/\/hierostrasbourg.com\/index.php\/wp-json\/wp\/v2\/types\/post"}],"replies":[{"embeddable":true,"href":"https:\/\/hierostrasbourg.com\/index.php\/wp-json\/wp\/v2\/comments?post=3296"}],"version-history":[{"count":0,"href":"https:\/\/hierostrasbourg.com\/index.php\/wp-json\/wp\/v2\/posts\/3296\/revisions"}],"wp:attachment":[{"href":"https:\/\/hierostrasbourg.com\/index.php\/wp-json\/wp\/v2\/media?parent=3296"}],"wp:term":[{"taxonomy":"category","embeddable":true,"href":"https:\/\/hierostrasbourg.com\/index.php\/wp-json\/wp\/v2\/categories?post=3296"},{"taxonomy":"post_tag","embeddable":true,"href":"https:\/\/hierostrasbourg.com\/index.php\/wp-json\/wp\/v2\/tags?post=3296"}],"curies":[{"name":"wp","href":"https:\/\/api.w.org\/{rel}","templated":true}]}}