{"id":3295,"date":"2022-07-20T10:31:40","date_gmt":"2022-07-20T08:31:40","guid":{"rendered":"https:\/\/hierostrasbourg.com\/index.php\/2022\/07\/20\/le-choeur-philharmonique-de-strasbourg-recrute-un-charge-de-projet-f-h\/"},"modified":"2022-07-20T10:31:40","modified_gmt":"2022-07-20T08:31:40","slug":"le-choeur-philharmonique-de-strasbourg-recrute-un-charge-de-projet-f-h","status":"publish","type":"post","link":"https:\/\/hierostrasbourg.com\/index.php\/2022\/07\/20\/le-choeur-philharmonique-de-strasbourg-recrute-un-charge-de-projet-f-h\/","title":{"rendered":"LE CHOEUR PHILHARMONIQUE DE STRASBOURG recrute un charg\u00e9 de projet [F\/H]"},"content":{"rendered":"<p>Form\u00e9 de quatre-vingt-dix choristes amateurs passionn\u00e9s, le Ch\u0153ur philharmonique de Strasbourg a \u00e9t\u00e9 cr\u00e9\u00e9 en 2003 par l\u2019Orchestre Philharmonique de Strasbourg pour chanter le grand r\u00e9pertoire. Sa direction a \u00e9t\u00e9 confi\u00e9e \u00e0 Catherine Bolzinger.\u00a0 En 18 saisons d\u2019existence, le ch\u0153ur a donn\u00e9 plus de 100 concerts dirig\u00e9s par une trentaine de grands chefs d\u2019orchestre de r\u00e9putation internationale devant plus de 170 000 spectateurs, et interpr\u00e9t\u00e9 une cinquantaine d\u2019\u0153uvres incontournables du r\u00e9pertoire choral depuis le r\u00e9pertoire baroque jusqu\u2019aux cr\u00e9ations contemporaines.<\/p>\n<p>En 2017, le Ch\u0153ur philharmonique prend son ind\u00e9pendance artistique et administrative, en cr\u00e9ant une association dont la pr\u00e9sidence est assur\u00e9e par le Maestro Theodor Guschlbauer.<\/p>\n<p>Le\/la charg\u00e9(e) de projet aura pour principale mission d\u2019assurer, en lien avec la charg\u00e9e de l\u2019administration et du d\u00e9veloppement, le pilotage administratif des projets strat\u00e9giques de l\u2019association et de soutenir la Directrice artistique et le Comit\u00e9 dans la production de projets artistiques. Force de proposition, il\/elle sera en relation avec les partenaires institutionnels publics et priv\u00e9s du Ch\u0153ur.<\/p>\n<p>Sous l\u2019autorit\u00e9 de la Directrice artistique et par d\u00e9l\u00e9gation, de la vice-pr\u00e9sidente, le\/la charg\u00e9(e) de projet encadrera le travail de la charg\u00e9e d\u2019administration et de d\u00e9veloppement. Le lieu de travail se situe \u00e0 Strasbourg (67000).<\/p>\n<p>Vous avez plus sp\u00e9cifiquement en charge les aspects suivants pour les projets des trois prochaines ann\u00e9es et le fonctionnement associatif qui sous-tend la r\u00e9alisation de ces projets :<\/p>\n<h2>Fonctionnement associatif<\/h2>\n<p>Planifier l\u2019organisation des instances r\u00e9glementaires, la production de documents obligatoires pour assurer la conformit\u00e9 du fonctionnement associatif.<br \/>\nEncadrer, organiser et suivre l\u2019activit\u00e9 des membres de son \u00e9quipe administrative.<br \/>\nImpulser, coordonner et suivre l\u2019activit\u00e9 des commissions op\u00e9rationnelles form\u00e9es par des membres b\u00e9n\u00e9voles de l\u2019association (commission m\u00e9c\u00e9nat, communication, etc.).<\/p>\n<h2>D\u00e9veloppement artistique et culturel<\/h2>\n<p>Proposer, en lien avec la Directrice artistique et le Conseil d\u2019Administration, une strat\u00e9gie de d\u00e9veloppement artistique et culturel du Ch\u0153ur compatible avec le statut b\u00e9n\u00e9vole des choristes et des membres de l\u2019association.<br \/>\nD\u00e9velopper des projets favorisant la diversification des lieux et des modes de diffusion du Ch\u0153ur.<br \/>\nAsseoir la capacit\u00e9 du Ch\u0153ur \u00e0 g\u00e9n\u00e9rer un \u00e9cosyst\u00e8me d\u2019\u00e9v\u00e9nements culturels pour ses projets \/ productions propres.<br \/>\nD\u00e9velopper la notori\u00e9t\u00e9 du Ch\u0153ur sur les diff\u00e9rents projets r\u00e9alis\u00e9s<\/p>\n<h2>Gestion financi\u00e8re<\/h2>\n<p>Proposer, en lien avec la Directrice artistique et le Conseil d\u2019Administration, une strat\u00e9gie budg\u00e9taire de l\u2019association coh\u00e9rente avec les orientations strat\u00e9giques, artistiques et culturelles du Ch\u0153ur, et conformes aux cadres financiers et r\u00e9glementaires du statut associatif.<br \/>\n\u00c9laborer et suivre les documents budg\u00e9taires annuels et pluriannuels et piloter l\u2019ex\u00e9cution des budgets en fonctionnement et en investissement.<br \/>\nMettre en place des outils de pilotage et de suivi efficaces et performants, les alimenter, faire l\u2019analyse et le reporting r\u00e9guliers des projets en cours.<br \/>\nD\u00e9velopper des outils de nature \u00e0 analyser et suivre l\u2019activit\u00e9 \u00e9conomique du Ch\u0153ur et permettre le d\u00e9veloppement de ressources propres, y compris recherche de m\u00e9c\u00e9nat dans une logique de marketing pour atteindre une part de 30 % par an du budget.<br \/>\nSuperviser et mettre en \u0153uvre la politique d\u2019achats.<br \/>\nG\u00e9rer les subventions \u2013 de la demande au bilan \u00e9valuatif \u2013 aupr\u00e8s des diff\u00e9rentes collectivit\u00e9s, selon leurs comp\u00e9tences : Ville, M\u00e9tropole, D\u00e9partement, R\u00e9gion, Etat, Union Europ\u00e9enne.<br \/>\nG\u00e9rer la partie administrative li\u00e9e aux concerts, aux tourn\u00e9es et aux d\u00e9placements du Ch\u0153ur et participer aux n\u00e9gociations.<\/p>\n<h2>Gestion des ressources humaines<\/h2>\n<p>Proposer et mettre en \u0153uvre, en lien avec la directrice artistique, les d\u00e9cisions en mati\u00e8re de ressources humaines et de recrutement d\u2019intervenants (artistes, techniciens).<br \/>\nOrganiser et assurer la gestion RH des intervenants professionnels du Ch\u0153ur : recrutement, contrats, paie, gestion des stages et des apprenti.e.s etc\u2026<\/p>\n<h2>Aspects juridiques<\/h2>\n<p>Contribuer \u00e0 la s\u00e9curisation juridique des activit\u00e9s du Ch\u0153ur (conventions, assurances, contrats, droits d\u2019auteurs, etc\u2026), en lien avec la Directrice artistique.<\/p>\n<h2>Activit\u00e9s secondaires<\/h2>\n<p>Assister ou repr\u00e9senter la Directrice artistique aux instances de gouvernance du Ch\u0153ur, aux r\u00e9unions avec les partenaires ext\u00e9rieurs, ainsi que le cas \u00e9ch\u00e9ant aux concerts.<br \/>\nAssurer le r\u00f4le de r\u00e9f\u00e9rent du Ch\u0153ur pour les questions informatiques.<\/p>\n<h2>Profil recherch\u00e9<\/h2>\n<p>Formation sup\u00e9rieure type Master Administration et gestion de projets culturels<br \/>\nPlusieurs ann\u00e9es d\u2019exp\u00e9riences r\u00e9ussies dans la r\u00e9alisation de projets artistiques et culturels<br \/>\nBonne connaissance du milieu culturel r\u00e9gional et national<br \/>\nMa\u00eetrise professionnelle de l\u2019anglais, celle de l\u2019allemand serait un atout<br \/>\nOrganisation, autonomie et fortes capacit\u00e9s de n\u00e9gociation<br \/>\nDisponibilit\u00e9s occasionnelles les soirs et week-ends<\/p>\n<h2>Contrat<\/h2>\n<p>Temps partiel 8h \/ semaine<br \/>\nEmploy\u00e9 cadre<br \/>\nSalaire \u00e0 n\u00e9gocier ; groupe 4 \/ \u00e9chelon en fonction de l\u2019exp\u00e9rience, selon la convention collective<br \/>\nPrise de poste d\u00e8s que possible<\/p>\n<p>Candidature<\/p>\n<p>Envoyez votre candidature (lettre de motivation + CV) avant le 19 ao\u00fbt 2022 \u00e0 contact@choeur-strasbourg.eu<\/p>\n<p>L\u2019article <a href=\"https:\/\/popburo.fr\/le-choeur-philharmonique-de-strasbourg-recrute-un-charge-de-projet-f-h\/\">LE CHOEUR PHILHARMONIQUE DE STRASBOURG recrute un charg\u00e9 de projet [F\/H]<\/a> est apparu en premier sur <a href=\"https:\/\/popburo.fr\/\">POP B\u00dcRO<\/a>.<\/p>\n","protected":false},"excerpt":{"rendered":"<p>Form\u00e9 de quatre-vingt-dix choristes amateurs passionn\u00e9s, le Ch\u0153ur philharmonique de Strasbourg a \u00e9t\u00e9 cr\u00e9\u00e9 en 2003 par l\u2019Orchestre Philharmonique de Strasbourg pour chanter le grand r\u00e9pertoire. Sa direction a \u00e9t\u00e9 confi\u00e9e \u00e0 Catherine Bolzinger.\u00a0 En 18 saisons d\u2019existence, le ch\u0153ur a donn\u00e9 plus de 100 concerts dirig\u00e9s par une trentaine de grands chefs d\u2019orchestre de r\u00e9putation internationale devant plus de 170 000 spectateurs, et interpr\u00e9t\u00e9 une cinquantaine d\u2019\u0153uvres incontournables du r\u00e9pertoire choral depuis le r\u00e9pertoire baroque jusqu\u2019aux cr\u00e9ations contemporaines. En [&hellip;]<\/p>\n","protected":false},"author":0,"featured_media":0,"comment_status":"closed","ping_status":"open","sticky":false,"template":"","format":"standard","meta":{"footnotes":""},"categories":[1],"tags":[],"class_list":["post-3295","post","type-post","status-publish","format-standard","hentry","category-non-classe"],"yoast_head":"<!-- This site is optimized with the Yoast SEO plugin v27.5 - https:\/\/yoast.com\/product\/yoast-seo-wordpress\/ -->\n<title>LE CHOEUR PHILHARMONIQUE DE STRASBOURG recrute un charg\u00e9 de projet [F\/H] - HIERO STRASBOURG<\/title>\n<meta name=\"robots\" content=\"index, follow, max-snippet:-1, max-image-preview:large, max-video-preview:-1\" \/>\n<link rel=\"canonical\" href=\"https:\/\/hierostrasbourg.com\/index.php\/2022\/07\/20\/le-choeur-philharmonique-de-strasbourg-recrute-un-charge-de-projet-f-h\/\" \/>\n<meta property=\"og:locale\" content=\"fr_FR\" \/>\n<meta property=\"og:type\" content=\"article\" \/>\n<meta property=\"og:title\" content=\"LE CHOEUR PHILHARMONIQUE DE STRASBOURG recrute un charg\u00e9 de projet [F\/H] - HIERO STRASBOURG\" \/>\n<meta property=\"og:description\" content=\"Form\u00e9 de quatre-vingt-dix choristes amateurs passionn\u00e9s, le Ch\u0153ur philharmonique de Strasbourg a \u00e9t\u00e9 cr\u00e9\u00e9 en 2003 par l\u2019Orchestre Philharmonique de Strasbourg pour chanter le grand r\u00e9pertoire. Sa direction a \u00e9t\u00e9 confi\u00e9e \u00e0 Catherine Bolzinger.\u00a0 En 18 saisons d\u2019existence, le ch\u0153ur a donn\u00e9 plus de 100 concerts dirig\u00e9s par une trentaine de grands chefs d\u2019orchestre de r\u00e9putation internationale devant plus de 170 000 spectateurs, et interpr\u00e9t\u00e9 une cinquantaine d\u2019\u0153uvres incontournables du r\u00e9pertoire choral depuis le r\u00e9pertoire baroque jusqu\u2019aux cr\u00e9ations contemporaines. En [&hellip;]\" \/>\n<meta property=\"og:url\" content=\"https:\/\/hierostrasbourg.com\/index.php\/2022\/07\/20\/le-choeur-philharmonique-de-strasbourg-recrute-un-charge-de-projet-f-h\/\" \/>\n<meta property=\"og:site_name\" content=\"HIERO STRASBOURG\" \/>\n<meta property=\"article:publisher\" content=\"https:\/\/www.facebook.com\/fedehierostrasbourg\" \/>\n<meta property=\"article:published_time\" content=\"2022-07-20T08:31:40+00:00\" \/>\n<meta name=\"twitter:card\" content=\"summary_large_image\" \/>\n<meta name=\"twitter:creator\" content=\"@hierostrasbourg\" \/>\n<meta name=\"twitter:site\" content=\"@hierostrasbourg\" \/>\n<meta name=\"twitter:label1\" content=\"Dur\u00e9e de lecture estim\u00e9e\" \/>\n\t<meta name=\"twitter:data1\" content=\"4 minutes\" \/>\n<script type=\"application\/ld+json\" class=\"yoast-schema-graph\">{\"@context\":\"https:\\\/\\\/schema.org\",\"@graph\":[{\"@type\":\"Article\",\"@id\":\"https:\\\/\\\/hierostrasbourg.com\\\/index.php\\\/2022\\\/07\\\/20\\\/le-choeur-philharmonique-de-strasbourg-recrute-un-charge-de-projet-f-h\\\/#article\",\"isPartOf\":{\"@id\":\"https:\\\/\\\/hierostrasbourg.com\\\/index.php\\\/2022\\\/07\\\/20\\\/le-choeur-philharmonique-de-strasbourg-recrute-un-charge-de-projet-f-h\\\/\"},\"author\":{\"name\":\"\",\"@id\":\"\"},\"headline\":\"LE CHOEUR PHILHARMONIQUE DE STRASBOURG recrute un charg\u00e9 de projet [F\\\/H]\",\"datePublished\":\"2022-07-20T08:31:40+00:00\",\"mainEntityOfPage\":{\"@id\":\"https:\\\/\\\/hierostrasbourg.com\\\/index.php\\\/2022\\\/07\\\/20\\\/le-choeur-philharmonique-de-strasbourg-recrute-un-charge-de-projet-f-h\\\/\"},\"wordCount\":897,\"publisher\":{\"@id\":\"https:\\\/\\\/hierostrasbourg.com\\\/#organization\"},\"inLanguage\":\"fr-FR\"},{\"@type\":\"WebPage\",\"@id\":\"https:\\\/\\\/hierostrasbourg.com\\\/index.php\\\/2022\\\/07\\\/20\\\/le-choeur-philharmonique-de-strasbourg-recrute-un-charge-de-projet-f-h\\\/\",\"url\":\"https:\\\/\\\/hierostrasbourg.com\\\/index.php\\\/2022\\\/07\\\/20\\\/le-choeur-philharmonique-de-strasbourg-recrute-un-charge-de-projet-f-h\\\/\",\"name\":\"LE CHOEUR PHILHARMONIQUE DE STRASBOURG recrute un charg\u00e9 de projet [F\\\/H] - HIERO STRASBOURG\",\"isPartOf\":{\"@id\":\"https:\\\/\\\/hierostrasbourg.com\\\/#website\"},\"datePublished\":\"2022-07-20T08:31:40+00:00\",\"breadcrumb\":{\"@id\":\"https:\\\/\\\/hierostrasbourg.com\\\/index.php\\\/2022\\\/07\\\/20\\\/le-choeur-philharmonique-de-strasbourg-recrute-un-charge-de-projet-f-h\\\/#breadcrumb\"},\"inLanguage\":\"fr-FR\",\"potentialAction\":[{\"@type\":\"ReadAction\",\"target\":[\"https:\\\/\\\/hierostrasbourg.com\\\/index.php\\\/2022\\\/07\\\/20\\\/le-choeur-philharmonique-de-strasbourg-recrute-un-charge-de-projet-f-h\\\/\"]}]},{\"@type\":\"BreadcrumbList\",\"@id\":\"https:\\\/\\\/hierostrasbourg.com\\\/index.php\\\/2022\\\/07\\\/20\\\/le-choeur-philharmonique-de-strasbourg-recrute-un-charge-de-projet-f-h\\\/#breadcrumb\",\"itemListElement\":[{\"@type\":\"ListItem\",\"position\":1,\"name\":\"Accueil\",\"item\":\"https:\\\/\\\/hierostrasbourg.com\\\/\"},{\"@type\":\"ListItem\",\"position\":2,\"name\":\"LE CHOEUR PHILHARMONIQUE DE STRASBOURG recrute un charg\u00e9 de projet [F\\\/H]\"}]},{\"@type\":\"WebSite\",\"@id\":\"https:\\\/\\\/hierostrasbourg.com\\\/#website\",\"url\":\"https:\\\/\\\/hierostrasbourg.com\\\/\",\"name\":\"HIERO STRASBOURG\",\"description\":\"Centre de Ressources Musiques Actuelles\",\"publisher\":{\"@id\":\"https:\\\/\\\/hierostrasbourg.com\\\/#organization\"},\"potentialAction\":[{\"@type\":\"SearchAction\",\"target\":{\"@type\":\"EntryPoint\",\"urlTemplate\":\"https:\\\/\\\/hierostrasbourg.com\\\/?s={search_term_string}\"},\"query-input\":{\"@type\":\"PropertyValueSpecification\",\"valueRequired\":true,\"valueName\":\"search_term_string\"}}],\"inLanguage\":\"fr-FR\"},{\"@type\":\"Organization\",\"@id\":\"https:\\\/\\\/hierostrasbourg.com\\\/#organization\",\"name\":\"F\u00e9d\u00e9ration Hi\u00e9ro Strasbourg\",\"url\":\"https:\\\/\\\/hierostrasbourg.com\\\/\",\"logo\":{\"@type\":\"ImageObject\",\"inLanguage\":\"fr-FR\",\"@id\":\"https:\\\/\\\/hierostrasbourg.com\\\/#\\\/schema\\\/logo\\\/image\\\/\",\"url\":\"https:\\\/\\\/hierostrasbourg.com\\\/wp-content\\\/uploads\\\/2026\\\/04\\\/logo-hiero-strasbourg.jpg\",\"contentUrl\":\"https:\\\/\\\/hierostrasbourg.com\\\/wp-content\\\/uploads\\\/2026\\\/04\\\/logo-hiero-strasbourg.jpg\",\"width\":204,\"height\":192,\"caption\":\"F\u00e9d\u00e9ration Hi\u00e9ro Strasbourg\"},\"image\":{\"@id\":\"https:\\\/\\\/hierostrasbourg.com\\\/#\\\/schema\\\/logo\\\/image\\\/\"},\"sameAs\":[\"https:\\\/\\\/www.facebook.com\\\/fedehierostrasbourg\",\"https:\\\/\\\/x.com\\\/hierostrasbourg\"]}]}<\/script>\n<!-- \/ Yoast SEO plugin. -->","yoast_head_json":{"title":"LE CHOEUR PHILHARMONIQUE DE STRASBOURG recrute un charg\u00e9 de projet [F\/H] - HIERO STRASBOURG","robots":{"index":"index","follow":"follow","max-snippet":"max-snippet:-1","max-image-preview":"max-image-preview:large","max-video-preview":"max-video-preview:-1"},"canonical":"https:\/\/hierostrasbourg.com\/index.php\/2022\/07\/20\/le-choeur-philharmonique-de-strasbourg-recrute-un-charge-de-projet-f-h\/","og_locale":"fr_FR","og_type":"article","og_title":"LE CHOEUR PHILHARMONIQUE DE STRASBOURG recrute un charg\u00e9 de projet [F\/H] - HIERO STRASBOURG","og_description":"Form\u00e9 de quatre-vingt-dix choristes amateurs passionn\u00e9s, le Ch\u0153ur philharmonique de Strasbourg a \u00e9t\u00e9 cr\u00e9\u00e9 en 2003 par l\u2019Orchestre Philharmonique de Strasbourg pour chanter le grand r\u00e9pertoire. Sa direction a \u00e9t\u00e9 confi\u00e9e \u00e0 Catherine Bolzinger.\u00a0 En 18 saisons d\u2019existence, le ch\u0153ur a donn\u00e9 plus de 100 concerts dirig\u00e9s par une trentaine de grands chefs d\u2019orchestre de r\u00e9putation internationale devant plus de 170 000 spectateurs, et interpr\u00e9t\u00e9 une cinquantaine d\u2019\u0153uvres incontournables du r\u00e9pertoire choral depuis le r\u00e9pertoire baroque jusqu\u2019aux cr\u00e9ations contemporaines. En [&hellip;]","og_url":"https:\/\/hierostrasbourg.com\/index.php\/2022\/07\/20\/le-choeur-philharmonique-de-strasbourg-recrute-un-charge-de-projet-f-h\/","og_site_name":"HIERO STRASBOURG","article_publisher":"https:\/\/www.facebook.com\/fedehierostrasbourg","article_published_time":"2022-07-20T08:31:40+00:00","twitter_card":"summary_large_image","twitter_creator":"@hierostrasbourg","twitter_site":"@hierostrasbourg","twitter_misc":{"Dur\u00e9e de lecture estim\u00e9e":"4 minutes"},"schema":{"@context":"https:\/\/schema.org","@graph":[{"@type":"Article","@id":"https:\/\/hierostrasbourg.com\/index.php\/2022\/07\/20\/le-choeur-philharmonique-de-strasbourg-recrute-un-charge-de-projet-f-h\/#article","isPartOf":{"@id":"https:\/\/hierostrasbourg.com\/index.php\/2022\/07\/20\/le-choeur-philharmonique-de-strasbourg-recrute-un-charge-de-projet-f-h\/"},"author":{"name":"","@id":""},"headline":"LE CHOEUR PHILHARMONIQUE DE STRASBOURG recrute un charg\u00e9 de projet [F\/H]","datePublished":"2022-07-20T08:31:40+00:00","mainEntityOfPage":{"@id":"https:\/\/hierostrasbourg.com\/index.php\/2022\/07\/20\/le-choeur-philharmonique-de-strasbourg-recrute-un-charge-de-projet-f-h\/"},"wordCount":897,"publisher":{"@id":"https:\/\/hierostrasbourg.com\/#organization"},"inLanguage":"fr-FR"},{"@type":"WebPage","@id":"https:\/\/hierostrasbourg.com\/index.php\/2022\/07\/20\/le-choeur-philharmonique-de-strasbourg-recrute-un-charge-de-projet-f-h\/","url":"https:\/\/hierostrasbourg.com\/index.php\/2022\/07\/20\/le-choeur-philharmonique-de-strasbourg-recrute-un-charge-de-projet-f-h\/","name":"LE CHOEUR PHILHARMONIQUE DE STRASBOURG recrute un charg\u00e9 de projet [F\/H] - HIERO STRASBOURG","isPartOf":{"@id":"https:\/\/hierostrasbourg.com\/#website"},"datePublished":"2022-07-20T08:31:40+00:00","breadcrumb":{"@id":"https:\/\/hierostrasbourg.com\/index.php\/2022\/07\/20\/le-choeur-philharmonique-de-strasbourg-recrute-un-charge-de-projet-f-h\/#breadcrumb"},"inLanguage":"fr-FR","potentialAction":[{"@type":"ReadAction","target":["https:\/\/hierostrasbourg.com\/index.php\/2022\/07\/20\/le-choeur-philharmonique-de-strasbourg-recrute-un-charge-de-projet-f-h\/"]}]},{"@type":"BreadcrumbList","@id":"https:\/\/hierostrasbourg.com\/index.php\/2022\/07\/20\/le-choeur-philharmonique-de-strasbourg-recrute-un-charge-de-projet-f-h\/#breadcrumb","itemListElement":[{"@type":"ListItem","position":1,"name":"Accueil","item":"https:\/\/hierostrasbourg.com\/"},{"@type":"ListItem","position":2,"name":"LE CHOEUR PHILHARMONIQUE DE STRASBOURG recrute un charg\u00e9 de projet [F\/H]"}]},{"@type":"WebSite","@id":"https:\/\/hierostrasbourg.com\/#website","url":"https:\/\/hierostrasbourg.com\/","name":"HIERO STRASBOURG","description":"Centre de Ressources Musiques Actuelles","publisher":{"@id":"https:\/\/hierostrasbourg.com\/#organization"},"potentialAction":[{"@type":"SearchAction","target":{"@type":"EntryPoint","urlTemplate":"https:\/\/hierostrasbourg.com\/?s={search_term_string}"},"query-input":{"@type":"PropertyValueSpecification","valueRequired":true,"valueName":"search_term_string"}}],"inLanguage":"fr-FR"},{"@type":"Organization","@id":"https:\/\/hierostrasbourg.com\/#organization","name":"F\u00e9d\u00e9ration Hi\u00e9ro Strasbourg","url":"https:\/\/hierostrasbourg.com\/","logo":{"@type":"ImageObject","inLanguage":"fr-FR","@id":"https:\/\/hierostrasbourg.com\/#\/schema\/logo\/image\/","url":"https:\/\/hierostrasbourg.com\/wp-content\/uploads\/2026\/04\/logo-hiero-strasbourg.jpg","contentUrl":"https:\/\/hierostrasbourg.com\/wp-content\/uploads\/2026\/04\/logo-hiero-strasbourg.jpg","width":204,"height":192,"caption":"F\u00e9d\u00e9ration Hi\u00e9ro Strasbourg"},"image":{"@id":"https:\/\/hierostrasbourg.com\/#\/schema\/logo\/image\/"},"sameAs":["https:\/\/www.facebook.com\/fedehierostrasbourg","https:\/\/x.com\/hierostrasbourg"]}]}},"_links":{"self":[{"href":"https:\/\/hierostrasbourg.com\/index.php\/wp-json\/wp\/v2\/posts\/3295","targetHints":{"allow":["GET"]}}],"collection":[{"href":"https:\/\/hierostrasbourg.com\/index.php\/wp-json\/wp\/v2\/posts"}],"about":[{"href":"https:\/\/hierostrasbourg.com\/index.php\/wp-json\/wp\/v2\/types\/post"}],"replies":[{"embeddable":true,"href":"https:\/\/hierostrasbourg.com\/index.php\/wp-json\/wp\/v2\/comments?post=3295"}],"version-history":[{"count":0,"href":"https:\/\/hierostrasbourg.com\/index.php\/wp-json\/wp\/v2\/posts\/3295\/revisions"}],"wp:attachment":[{"href":"https:\/\/hierostrasbourg.com\/index.php\/wp-json\/wp\/v2\/media?parent=3295"}],"wp:term":[{"taxonomy":"category","embeddable":true,"href":"https:\/\/hierostrasbourg.com\/index.php\/wp-json\/wp\/v2\/categories?post=3295"},{"taxonomy":"post_tag","embeddable":true,"href":"https:\/\/hierostrasbourg.com\/index.php\/wp-json\/wp\/v2\/tags?post=3295"}],"curies":[{"name":"wp","href":"https:\/\/api.w.org\/{rel}","templated":true}]}}