{"id":3290,"date":"2022-07-19T22:33:32","date_gmt":"2022-07-19T20:33:32","guid":{"rendered":"https:\/\/hierostrasbourg.com\/index.php\/2022\/07\/19\/des-festivals-de-musique-de-plus-en-plus-gigantesques-et-de-moins-en-moins-en-phase-avec-lurgence-climatique\/"},"modified":"2022-07-19T22:33:32","modified_gmt":"2022-07-19T20:33:32","slug":"des-festivals-de-musique-de-plus-en-plus-gigantesques-et-de-moins-en-moins-en-phase-avec-lurgence-climatique","status":"publish","type":"post","link":"https:\/\/hierostrasbourg.com\/index.php\/2022\/07\/19\/des-festivals-de-musique-de-plus-en-plus-gigantesques-et-de-moins-en-moins-en-phase-avec-lurgence-climatique\/","title":{"rendered":"Des festivals de musique de plus en plus gigantesques\u2026 et de moins en moins en phase avec l\u2019urgence climatique"},"content":{"rendered":"<p><em>Hellfest, Vieilles Charrues, Eurock\u00e9ennes\u2026 Dans une tribune, cinq professionnels ind\u00e9pendants sp\u00e9cialistes des questions climatiques, tirent la sonnette d\u2019alarme \u00e0 propos de ces grands rassemblements et de leurs cons\u00e9quences.<\/em><\/p>\n<p>Source \/ Lire la suite : <a href=\"https:\/\/www.telerama.fr\/musique\/des-festivals-de-musique-de-plus-en-plus-gigantesques-et-de-moins-en-moins-en-phase-avec-l-urgence-climatique-7011446.php?utm_medium=Social&amp;utm_source=Facebook&amp;fbclid=IwAR2FVXGEYMpf-j0Vj2FKheWH3u9QqZyajjiZgqVT83uRnkzsBYWmTuIjaL0#Echobox=1658153059\" target=\"_blank\" rel=\"noopener\">Des festivals de musique de plus en plus gigantesques\u2026 et de moins en moins en phase avec l\u2019urgence climatique<\/a><\/p>\n<p>L\u2019article <a href=\"https:\/\/popburo.fr\/des-festivals-de-musique-de-plus-en-plus-gigantesques-et-de-moins-en-moins-en-phase-avec-lurgence-climatique\/\">Des festivals de musique de plus en plus gigantesques\u2026 et de moins en moins en phase avec l\u2019urgence climatique<\/a> est apparu en premier sur <a href=\"https:\/\/popburo.fr\/\">POP B\u00dcRO<\/a>.<\/p>\n","protected":false},"excerpt":{"rendered":"<p>Hellfest, Vieilles Charrues, Eurock\u00e9ennes\u2026 Dans une tribune, cinq professionnels ind\u00e9pendants sp\u00e9cialistes des questions climatiques, tirent la sonnette d\u2019alarme \u00e0 propos de ces grands rassemblements et de leurs cons\u00e9quences. Source \/ Lire la suite : Des festivals de musique de plus en plus gigantesques\u2026 et de moins en moins en phase avec l\u2019urgence climatique L\u2019article Des festivals de musique de plus en plus gigantesques\u2026 et de moins en moins en phase avec l\u2019urgence climatique est apparu en premier sur POP B\u00dcRO.<\/p>\n","protected":false},"author":0,"featured_media":0,"comment_status":"closed","ping_status":"open","sticky":false,"template":"","format":"standard","meta":{"footnotes":""},"categories":[1],"tags":[],"class_list":["post-3290","post","type-post","status-publish","format-standard","hentry","category-non-classe"],"yoast_head":"<!-- This site is optimized with the Yoast SEO plugin v27.5 - https:\/\/yoast.com\/product\/yoast-seo-wordpress\/ -->\n<title>Des festivals de musique de plus en plus gigantesques\u2026 et de moins en moins en phase avec l\u2019urgence climatique - HIERO STRASBOURG<\/title>\n<meta name=\"robots\" content=\"index, follow, max-snippet:-1, max-image-preview:large, max-video-preview:-1\" \/>\n<link rel=\"canonical\" href=\"https:\/\/hierostrasbourg.com\/index.php\/2022\/07\/19\/des-festivals-de-musique-de-plus-en-plus-gigantesques-et-de-moins-en-moins-en-phase-avec-lurgence-climatique\/\" \/>\n<meta property=\"og:locale\" content=\"fr_FR\" \/>\n<meta property=\"og:type\" content=\"article\" \/>\n<meta property=\"og:title\" content=\"Des festivals de musique de plus en plus gigantesques\u2026 et de moins en moins en phase avec l\u2019urgence climatique - HIERO STRASBOURG\" \/>\n<meta property=\"og:description\" content=\"Hellfest, Vieilles Charrues, Eurock\u00e9ennes\u2026 Dans une tribune, cinq professionnels ind\u00e9pendants sp\u00e9cialistes des questions climatiques, tirent la sonnette d\u2019alarme \u00e0 propos de ces grands rassemblements et de leurs cons\u00e9quences. Source \/ Lire la suite : Des festivals de musique de plus en plus gigantesques\u2026 et de moins en moins en phase avec l\u2019urgence climatique L\u2019article Des festivals de musique de plus en plus gigantesques\u2026 et de moins en moins en phase avec l\u2019urgence climatique est apparu en premier sur POP B\u00dcRO.\" \/>\n<meta property=\"og:url\" content=\"https:\/\/hierostrasbourg.com\/index.php\/2022\/07\/19\/des-festivals-de-musique-de-plus-en-plus-gigantesques-et-de-moins-en-moins-en-phase-avec-lurgence-climatique\/\" \/>\n<meta property=\"og:site_name\" content=\"HIERO STRASBOURG\" \/>\n<meta property=\"article:publisher\" content=\"https:\/\/www.facebook.com\/fedehierostrasbourg\" \/>\n<meta property=\"article:published_time\" content=\"2022-07-19T20:33:32+00:00\" \/>\n<meta name=\"twitter:card\" content=\"summary_large_image\" \/>\n<meta name=\"twitter:creator\" content=\"@hierostrasbourg\" \/>\n<meta name=\"twitter:site\" content=\"@hierostrasbourg\" \/>\n<script type=\"application\/ld+json\" class=\"yoast-schema-graph\">{\"@context\":\"https:\\\/\\\/schema.org\",\"@graph\":[{\"@type\":\"Article\",\"@id\":\"https:\\\/\\\/hierostrasbourg.com\\\/index.php\\\/2022\\\/07\\\/19\\\/des-festivals-de-musique-de-plus-en-plus-gigantesques-et-de-moins-en-moins-en-phase-avec-lurgence-climatique\\\/#article\",\"isPartOf\":{\"@id\":\"https:\\\/\\\/hierostrasbourg.com\\\/index.php\\\/2022\\\/07\\\/19\\\/des-festivals-de-musique-de-plus-en-plus-gigantesques-et-de-moins-en-moins-en-phase-avec-lurgence-climatique\\\/\"},\"author\":{\"name\":\"\",\"@id\":\"\"},\"headline\":\"Des festivals de musique de plus en plus gigantesques\u2026 et de moins en moins en phase avec l\u2019urgence climatique\",\"datePublished\":\"2022-07-19T20:33:32+00:00\",\"mainEntityOfPage\":{\"@id\":\"https:\\\/\\\/hierostrasbourg.com\\\/index.php\\\/2022\\\/07\\\/19\\\/des-festivals-de-musique-de-plus-en-plus-gigantesques-et-de-moins-en-moins-en-phase-avec-lurgence-climatique\\\/\"},\"wordCount\":106,\"publisher\":{\"@id\":\"https:\\\/\\\/hierostrasbourg.com\\\/#organization\"},\"inLanguage\":\"fr-FR\"},{\"@type\":\"WebPage\",\"@id\":\"https:\\\/\\\/hierostrasbourg.com\\\/index.php\\\/2022\\\/07\\\/19\\\/des-festivals-de-musique-de-plus-en-plus-gigantesques-et-de-moins-en-moins-en-phase-avec-lurgence-climatique\\\/\",\"url\":\"https:\\\/\\\/hierostrasbourg.com\\\/index.php\\\/2022\\\/07\\\/19\\\/des-festivals-de-musique-de-plus-en-plus-gigantesques-et-de-moins-en-moins-en-phase-avec-lurgence-climatique\\\/\",\"name\":\"Des festivals de musique de plus en plus gigantesques\u2026 et de moins en moins en phase avec l\u2019urgence climatique - HIERO STRASBOURG\",\"isPartOf\":{\"@id\":\"https:\\\/\\\/hierostrasbourg.com\\\/#website\"},\"datePublished\":\"2022-07-19T20:33:32+00:00\",\"breadcrumb\":{\"@id\":\"https:\\\/\\\/hierostrasbourg.com\\\/index.php\\\/2022\\\/07\\\/19\\\/des-festivals-de-musique-de-plus-en-plus-gigantesques-et-de-moins-en-moins-en-phase-avec-lurgence-climatique\\\/#breadcrumb\"},\"inLanguage\":\"fr-FR\",\"potentialAction\":[{\"@type\":\"ReadAction\",\"target\":[\"https:\\\/\\\/hierostrasbourg.com\\\/index.php\\\/2022\\\/07\\\/19\\\/des-festivals-de-musique-de-plus-en-plus-gigantesques-et-de-moins-en-moins-en-phase-avec-lurgence-climatique\\\/\"]}]},{\"@type\":\"BreadcrumbList\",\"@id\":\"https:\\\/\\\/hierostrasbourg.com\\\/index.php\\\/2022\\\/07\\\/19\\\/des-festivals-de-musique-de-plus-en-plus-gigantesques-et-de-moins-en-moins-en-phase-avec-lurgence-climatique\\\/#breadcrumb\",\"itemListElement\":[{\"@type\":\"ListItem\",\"position\":1,\"name\":\"Accueil\",\"item\":\"https:\\\/\\\/hierostrasbourg.com\\\/\"},{\"@type\":\"ListItem\",\"position\":2,\"name\":\"Des festivals de musique de plus en plus gigantesques\u2026 et de moins en moins en phase avec l\u2019urgence climatique\"}]},{\"@type\":\"WebSite\",\"@id\":\"https:\\\/\\\/hierostrasbourg.com\\\/#website\",\"url\":\"https:\\\/\\\/hierostrasbourg.com\\\/\",\"name\":\"HIERO STRASBOURG\",\"description\":\"Centre de Ressources Musiques Actuelles\",\"publisher\":{\"@id\":\"https:\\\/\\\/hierostrasbourg.com\\\/#organization\"},\"potentialAction\":[{\"@type\":\"SearchAction\",\"target\":{\"@type\":\"EntryPoint\",\"urlTemplate\":\"https:\\\/\\\/hierostrasbourg.com\\\/?s={search_term_string}\"},\"query-input\":{\"@type\":\"PropertyValueSpecification\",\"valueRequired\":true,\"valueName\":\"search_term_string\"}}],\"inLanguage\":\"fr-FR\"},{\"@type\":\"Organization\",\"@id\":\"https:\\\/\\\/hierostrasbourg.com\\\/#organization\",\"name\":\"F\u00e9d\u00e9ration Hi\u00e9ro Strasbourg\",\"url\":\"https:\\\/\\\/hierostrasbourg.com\\\/\",\"logo\":{\"@type\":\"ImageObject\",\"inLanguage\":\"fr-FR\",\"@id\":\"https:\\\/\\\/hierostrasbourg.com\\\/#\\\/schema\\\/logo\\\/image\\\/\",\"url\":\"https:\\\/\\\/hierostrasbourg.com\\\/wp-content\\\/uploads\\\/2026\\\/04\\\/logo-hiero-strasbourg.jpg\",\"contentUrl\":\"https:\\\/\\\/hierostrasbourg.com\\\/wp-content\\\/uploads\\\/2026\\\/04\\\/logo-hiero-strasbourg.jpg\",\"width\":204,\"height\":192,\"caption\":\"F\u00e9d\u00e9ration Hi\u00e9ro Strasbourg\"},\"image\":{\"@id\":\"https:\\\/\\\/hierostrasbourg.com\\\/#\\\/schema\\\/logo\\\/image\\\/\"},\"sameAs\":[\"https:\\\/\\\/www.facebook.com\\\/fedehierostrasbourg\",\"https:\\\/\\\/x.com\\\/hierostrasbourg\"]}]}<\/script>\n<!-- \/ Yoast SEO plugin. -->","yoast_head_json":{"title":"Des festivals de musique de plus en plus gigantesques\u2026 et de moins en moins en phase avec l\u2019urgence climatique - HIERO STRASBOURG","robots":{"index":"index","follow":"follow","max-snippet":"max-snippet:-1","max-image-preview":"max-image-preview:large","max-video-preview":"max-video-preview:-1"},"canonical":"https:\/\/hierostrasbourg.com\/index.php\/2022\/07\/19\/des-festivals-de-musique-de-plus-en-plus-gigantesques-et-de-moins-en-moins-en-phase-avec-lurgence-climatique\/","og_locale":"fr_FR","og_type":"article","og_title":"Des festivals de musique de plus en plus gigantesques\u2026 et de moins en moins en phase avec l\u2019urgence climatique - HIERO STRASBOURG","og_description":"Hellfest, Vieilles Charrues, Eurock\u00e9ennes\u2026 Dans une tribune, cinq professionnels ind\u00e9pendants sp\u00e9cialistes des questions climatiques, tirent la sonnette d\u2019alarme \u00e0 propos de ces grands rassemblements et de leurs cons\u00e9quences. Source \/ Lire la suite : Des festivals de musique de plus en plus gigantesques\u2026 et de moins en moins en phase avec l\u2019urgence climatique L\u2019article Des festivals de musique de plus en plus gigantesques\u2026 et de moins en moins en phase avec l\u2019urgence climatique est apparu en premier sur POP B\u00dcRO.","og_url":"https:\/\/hierostrasbourg.com\/index.php\/2022\/07\/19\/des-festivals-de-musique-de-plus-en-plus-gigantesques-et-de-moins-en-moins-en-phase-avec-lurgence-climatique\/","og_site_name":"HIERO STRASBOURG","article_publisher":"https:\/\/www.facebook.com\/fedehierostrasbourg","article_published_time":"2022-07-19T20:33:32+00:00","twitter_card":"summary_large_image","twitter_creator":"@hierostrasbourg","twitter_site":"@hierostrasbourg","schema":{"@context":"https:\/\/schema.org","@graph":[{"@type":"Article","@id":"https:\/\/hierostrasbourg.com\/index.php\/2022\/07\/19\/des-festivals-de-musique-de-plus-en-plus-gigantesques-et-de-moins-en-moins-en-phase-avec-lurgence-climatique\/#article","isPartOf":{"@id":"https:\/\/hierostrasbourg.com\/index.php\/2022\/07\/19\/des-festivals-de-musique-de-plus-en-plus-gigantesques-et-de-moins-en-moins-en-phase-avec-lurgence-climatique\/"},"author":{"name":"","@id":""},"headline":"Des festivals de musique de plus en plus gigantesques\u2026 et de moins en moins en phase avec l\u2019urgence climatique","datePublished":"2022-07-19T20:33:32+00:00","mainEntityOfPage":{"@id":"https:\/\/hierostrasbourg.com\/index.php\/2022\/07\/19\/des-festivals-de-musique-de-plus-en-plus-gigantesques-et-de-moins-en-moins-en-phase-avec-lurgence-climatique\/"},"wordCount":106,"publisher":{"@id":"https:\/\/hierostrasbourg.com\/#organization"},"inLanguage":"fr-FR"},{"@type":"WebPage","@id":"https:\/\/hierostrasbourg.com\/index.php\/2022\/07\/19\/des-festivals-de-musique-de-plus-en-plus-gigantesques-et-de-moins-en-moins-en-phase-avec-lurgence-climatique\/","url":"https:\/\/hierostrasbourg.com\/index.php\/2022\/07\/19\/des-festivals-de-musique-de-plus-en-plus-gigantesques-et-de-moins-en-moins-en-phase-avec-lurgence-climatique\/","name":"Des festivals de musique de plus en plus gigantesques\u2026 et de moins en moins en phase avec l\u2019urgence climatique - HIERO STRASBOURG","isPartOf":{"@id":"https:\/\/hierostrasbourg.com\/#website"},"datePublished":"2022-07-19T20:33:32+00:00","breadcrumb":{"@id":"https:\/\/hierostrasbourg.com\/index.php\/2022\/07\/19\/des-festivals-de-musique-de-plus-en-plus-gigantesques-et-de-moins-en-moins-en-phase-avec-lurgence-climatique\/#breadcrumb"},"inLanguage":"fr-FR","potentialAction":[{"@type":"ReadAction","target":["https:\/\/hierostrasbourg.com\/index.php\/2022\/07\/19\/des-festivals-de-musique-de-plus-en-plus-gigantesques-et-de-moins-en-moins-en-phase-avec-lurgence-climatique\/"]}]},{"@type":"BreadcrumbList","@id":"https:\/\/hierostrasbourg.com\/index.php\/2022\/07\/19\/des-festivals-de-musique-de-plus-en-plus-gigantesques-et-de-moins-en-moins-en-phase-avec-lurgence-climatique\/#breadcrumb","itemListElement":[{"@type":"ListItem","position":1,"name":"Accueil","item":"https:\/\/hierostrasbourg.com\/"},{"@type":"ListItem","position":2,"name":"Des festivals de musique de plus en plus gigantesques\u2026 et de moins en moins en phase avec l\u2019urgence climatique"}]},{"@type":"WebSite","@id":"https:\/\/hierostrasbourg.com\/#website","url":"https:\/\/hierostrasbourg.com\/","name":"HIERO STRASBOURG","description":"Centre de Ressources Musiques Actuelles","publisher":{"@id":"https:\/\/hierostrasbourg.com\/#organization"},"potentialAction":[{"@type":"SearchAction","target":{"@type":"EntryPoint","urlTemplate":"https:\/\/hierostrasbourg.com\/?s={search_term_string}"},"query-input":{"@type":"PropertyValueSpecification","valueRequired":true,"valueName":"search_term_string"}}],"inLanguage":"fr-FR"},{"@type":"Organization","@id":"https:\/\/hierostrasbourg.com\/#organization","name":"F\u00e9d\u00e9ration Hi\u00e9ro Strasbourg","url":"https:\/\/hierostrasbourg.com\/","logo":{"@type":"ImageObject","inLanguage":"fr-FR","@id":"https:\/\/hierostrasbourg.com\/#\/schema\/logo\/image\/","url":"https:\/\/hierostrasbourg.com\/wp-content\/uploads\/2026\/04\/logo-hiero-strasbourg.jpg","contentUrl":"https:\/\/hierostrasbourg.com\/wp-content\/uploads\/2026\/04\/logo-hiero-strasbourg.jpg","width":204,"height":192,"caption":"F\u00e9d\u00e9ration Hi\u00e9ro Strasbourg"},"image":{"@id":"https:\/\/hierostrasbourg.com\/#\/schema\/logo\/image\/"},"sameAs":["https:\/\/www.facebook.com\/fedehierostrasbourg","https:\/\/x.com\/hierostrasbourg"]}]}},"_links":{"self":[{"href":"https:\/\/hierostrasbourg.com\/index.php\/wp-json\/wp\/v2\/posts\/3290","targetHints":{"allow":["GET"]}}],"collection":[{"href":"https:\/\/hierostrasbourg.com\/index.php\/wp-json\/wp\/v2\/posts"}],"about":[{"href":"https:\/\/hierostrasbourg.com\/index.php\/wp-json\/wp\/v2\/types\/post"}],"replies":[{"embeddable":true,"href":"https:\/\/hierostrasbourg.com\/index.php\/wp-json\/wp\/v2\/comments?post=3290"}],"version-history":[{"count":0,"href":"https:\/\/hierostrasbourg.com\/index.php\/wp-json\/wp\/v2\/posts\/3290\/revisions"}],"wp:attachment":[{"href":"https:\/\/hierostrasbourg.com\/index.php\/wp-json\/wp\/v2\/media?parent=3290"}],"wp:term":[{"taxonomy":"category","embeddable":true,"href":"https:\/\/hierostrasbourg.com\/index.php\/wp-json\/wp\/v2\/categories?post=3290"},{"taxonomy":"post_tag","embeddable":true,"href":"https:\/\/hierostrasbourg.com\/index.php\/wp-json\/wp\/v2\/tags?post=3290"}],"curies":[{"name":"wp","href":"https:\/\/api.w.org\/{rel}","templated":true}]}}