{"id":3284,"date":"2022-07-19T00:31:56","date_gmt":"2022-07-18T22:31:56","guid":{"rendered":"https:\/\/hierostrasbourg.com\/index.php\/2022\/07\/19\/la-ville-dentzheim-recrute-un-directeur-decole-de-musique-f-h\/"},"modified":"2022-07-19T00:31:56","modified_gmt":"2022-07-18T22:31:56","slug":"la-ville-dentzheim-recrute-un-directeur-decole-de-musique-f-h","status":"publish","type":"post","link":"https:\/\/hierostrasbourg.com\/index.php\/2022\/07\/19\/la-ville-dentzheim-recrute-un-directeur-decole-de-musique-f-h\/","title":{"rendered":"LA VILLE D\u2019ENTZHEIM recrute un directeur d\u2019\u00e9cole de musique [F\/H]"},"content":{"rendered":"<div class=\"set-background-light-gray\">\n<div class=\"mx-auto px-3 py-4\">\n<div class=\"row\">\n<div class=\"col p-3 set-background-white border-radius\">\n<div class=\"row p-2 font-weight-bold\"><\/div>\n<div class=\"row p-2 font-weight-bold\">\n<h2 class=\"col\">Missions<\/h2>\n<div class=\"col\">Pilote le projet de l\u2019\u00e9tablissement dans le cadre des sch\u00e9mas p\u00e9dagogiques nationaux et du d\u00e9veloppement culturel de la collectivit\u00e9. Organise et coordonne l\u2019action p\u00e9dagogique et administrative. Impulse les actions et garantit leur coh\u00e9rence, d\u00e9finit des projets innovants en favorisant des partenariats, organise la communication g\u00e9n\u00e9rale de l\u2019\u00e9tablissement.<\/div>\n<\/div>\n<div class=\"row px-3\">\n<div class=\"p-3 w-100 set-background-light-gray border-radius\">A partir d\u2019une expertise artistique et p\u00e9dagogique, enseigne des pratiques artistiques sp\u00e9cialis\u00e9es. D\u00e9veloppe la curiosit\u00e9 et l\u2019engagement artistique, transmet les r\u00e9pertoires les plus larges possible en inscrivant son activit\u00e9 dans un projet collectif d\u2019\u00e9tablissement et d\u2019enseignement<\/div>\n<h2 class=\"p-3 w-100 set-background-light-gray border-radius\">Profils recherch\u00e9s<\/h2>\n<h4 class=\"p-3 w-100 set-background-light-gray border-radius\">Connaissances th\u00e9oriques<\/h4>\n<p>Connaissances manag\u00e9riales<br \/>\n\u00e9volution de la discipline et des pratiques<br \/>\nprincipes et mise en oeuvre d\u2019un projet d\u2019\u00e9tablissement<br \/>\nenvironnement institutionnel et professionnel : acteurs, institutions, dispositifs<br \/>\nprincipes et techniques de conduite de projet\n<\/p><\/div>\n<div class=\"row px-3\">\n<h4 class=\"p-3 w-100 set-background-light-gray border-radius\">Qualit\u00e9s requises<\/h4>\n<p>capacit\u00e9 \u00e0 travailler dans l\u2019urgence et \u00e0 g\u00e9rer les priorit\u00e9s<br \/>\nqualit\u00e9s relationnelles, autonomie, initiative<br \/>\nsens de l\u2019organisation, m\u00e9thodique et rigoureux<br \/>\nsens du service public<br \/>\ndiscr\u00e9tion et secret professionnel<br \/>\nrecrutement contractuel (CDD)\n<\/p><\/div>\n<div class=\"row p-2\">\n<div class=\"col-12 col-sm-2 font-weight-bold\">Temps de travail : 14h00 hebdomadaire<\/p>\n<div class=\"row p-2\">\n<div class=\"col-12 col-sm-4 font-weight-bold\">Poste \u00e0 pourvoir d\u00e8s que possible<\/div>\n<\/div>\n<div class=\"row p-2\">\n<div class=\"col-12 col-sm-4 font-weight-bold\">Date limite de candidature : 12\/11\/2022<\/div>\n<\/div>\n<\/div>\n<\/div>\n<\/div>\n<\/div>\n<\/div>\n<\/div>\n<div class=\"set-background-light-gray \">\n<div class=\"mx-auto\">\n<div class=\"row justify-content-between\">\n<div class=\"card col-xl-6 my-2 set-card-white\">\n<div class=\"card-header\"><\/div>\n<div class=\"p-3 card-body\">\n<div class=\"row p-2\">\n<div class=\"col-12 col-sm-8\">MAIRIE D\u2019ENTZHEIM<br \/>\n55 route de Strasbourg<br \/>\n67960 ENTZHEIM<\/div>\n<div><\/div>\n<div><a href=\"http:\/\/www.entzheim.fr\/\">www.entzheim.fr<\/a><\/div>\n<\/div>\n<\/div>\n<\/div>\n<\/div>\n<\/div>\n<\/div>\n<p>L\u2019article <a href=\"https:\/\/popburo.fr\/la-ville-dentzheim-recrute-un-directeur-decole-de-musique-f-h\/\">LA VILLE D\u2019ENTZHEIM recrute un directeur d\u2019\u00e9cole de musique [F\/H]<\/a> est apparu en premier sur <a href=\"https:\/\/popburo.fr\/\">POP B\u00dcRO<\/a>.<\/p>\n","protected":false},"excerpt":{"rendered":"<p>Missions Pilote le projet de l\u2019\u00e9tablissement dans le cadre des sch\u00e9mas p\u00e9dagogiques nationaux et du d\u00e9veloppement culturel de la collectivit\u00e9. Organise et coordonne l\u2019action p\u00e9dagogique et administrative. Impulse les actions et garantit leur coh\u00e9rence, d\u00e9finit des projets innovants en favorisant des partenariats, organise la communication g\u00e9n\u00e9rale de l\u2019\u00e9tablissement. A partir d\u2019une expertise artistique et p\u00e9dagogique, enseigne des pratiques artistiques sp\u00e9cialis\u00e9es. D\u00e9veloppe la curiosit\u00e9 et l\u2019engagement artistique, transmet les r\u00e9pertoires les plus larges possible en inscrivant son activit\u00e9 dans un projet [&hellip;]<\/p>\n","protected":false},"author":0,"featured_media":0,"comment_status":"closed","ping_status":"open","sticky":false,"template":"","format":"standard","meta":{"footnotes":""},"categories":[1],"tags":[],"class_list":["post-3284","post","type-post","status-publish","format-standard","hentry","category-non-classe"],"yoast_head":"<!-- This site is optimized with the Yoast SEO plugin v27.5 - https:\/\/yoast.com\/product\/yoast-seo-wordpress\/ -->\n<title>LA VILLE D\u2019ENTZHEIM recrute un directeur d\u2019\u00e9cole de musique [F\/H] - HIERO STRASBOURG<\/title>\n<meta name=\"robots\" content=\"index, follow, max-snippet:-1, max-image-preview:large, max-video-preview:-1\" \/>\n<link rel=\"canonical\" href=\"https:\/\/hierostrasbourg.com\/index.php\/2022\/07\/19\/la-ville-dentzheim-recrute-un-directeur-decole-de-musique-f-h\/\" \/>\n<meta property=\"og:locale\" content=\"fr_FR\" \/>\n<meta property=\"og:type\" content=\"article\" \/>\n<meta property=\"og:title\" content=\"LA VILLE D\u2019ENTZHEIM recrute un directeur d\u2019\u00e9cole de musique [F\/H] - HIERO STRASBOURG\" \/>\n<meta property=\"og:description\" content=\"Missions Pilote le projet de l\u2019\u00e9tablissement dans le cadre des sch\u00e9mas p\u00e9dagogiques nationaux et du d\u00e9veloppement culturel de la collectivit\u00e9. Organise et coordonne l\u2019action p\u00e9dagogique et administrative. Impulse les actions et garantit leur coh\u00e9rence, d\u00e9finit des projets innovants en favorisant des partenariats, organise la communication g\u00e9n\u00e9rale de l\u2019\u00e9tablissement. A partir d\u2019une expertise artistique et p\u00e9dagogique, enseigne des pratiques artistiques sp\u00e9cialis\u00e9es. D\u00e9veloppe la curiosit\u00e9 et l\u2019engagement artistique, transmet les r\u00e9pertoires les plus larges possible en inscrivant son activit\u00e9 dans un projet [&hellip;]\" \/>\n<meta property=\"og:url\" content=\"https:\/\/hierostrasbourg.com\/index.php\/2022\/07\/19\/la-ville-dentzheim-recrute-un-directeur-decole-de-musique-f-h\/\" \/>\n<meta property=\"og:site_name\" content=\"HIERO STRASBOURG\" \/>\n<meta property=\"article:publisher\" content=\"https:\/\/www.facebook.com\/fedehierostrasbourg\" \/>\n<meta property=\"article:published_time\" content=\"2022-07-18T22:31:56+00:00\" \/>\n<meta name=\"twitter:card\" content=\"summary_large_image\" \/>\n<meta name=\"twitter:creator\" content=\"@hierostrasbourg\" \/>\n<meta name=\"twitter:site\" content=\"@hierostrasbourg\" \/>\n<meta name=\"twitter:label1\" content=\"Dur\u00e9e de lecture estim\u00e9e\" \/>\n\t<meta name=\"twitter:data1\" content=\"1 minute\" \/>\n<script type=\"application\/ld+json\" class=\"yoast-schema-graph\">{\"@context\":\"https:\\\/\\\/schema.org\",\"@graph\":[{\"@type\":\"Article\",\"@id\":\"https:\\\/\\\/hierostrasbourg.com\\\/index.php\\\/2022\\\/07\\\/19\\\/la-ville-dentzheim-recrute-un-directeur-decole-de-musique-f-h\\\/#article\",\"isPartOf\":{\"@id\":\"https:\\\/\\\/hierostrasbourg.com\\\/index.php\\\/2022\\\/07\\\/19\\\/la-ville-dentzheim-recrute-un-directeur-decole-de-musique-f-h\\\/\"},\"author\":{\"name\":\"\",\"@id\":\"\"},\"headline\":\"LA VILLE D\u2019ENTZHEIM recrute un directeur d\u2019\u00e9cole de musique [F\\\/H]\",\"datePublished\":\"2022-07-18T22:31:56+00:00\",\"mainEntityOfPage\":{\"@id\":\"https:\\\/\\\/hierostrasbourg.com\\\/index.php\\\/2022\\\/07\\\/19\\\/la-ville-dentzheim-recrute-un-directeur-decole-de-musique-f-h\\\/\"},\"wordCount\":244,\"publisher\":{\"@id\":\"https:\\\/\\\/hierostrasbourg.com\\\/#organization\"},\"inLanguage\":\"fr-FR\"},{\"@type\":\"WebPage\",\"@id\":\"https:\\\/\\\/hierostrasbourg.com\\\/index.php\\\/2022\\\/07\\\/19\\\/la-ville-dentzheim-recrute-un-directeur-decole-de-musique-f-h\\\/\",\"url\":\"https:\\\/\\\/hierostrasbourg.com\\\/index.php\\\/2022\\\/07\\\/19\\\/la-ville-dentzheim-recrute-un-directeur-decole-de-musique-f-h\\\/\",\"name\":\"LA VILLE D\u2019ENTZHEIM recrute un directeur d\u2019\u00e9cole de musique [F\\\/H] - HIERO STRASBOURG\",\"isPartOf\":{\"@id\":\"https:\\\/\\\/hierostrasbourg.com\\\/#website\"},\"datePublished\":\"2022-07-18T22:31:56+00:00\",\"breadcrumb\":{\"@id\":\"https:\\\/\\\/hierostrasbourg.com\\\/index.php\\\/2022\\\/07\\\/19\\\/la-ville-dentzheim-recrute-un-directeur-decole-de-musique-f-h\\\/#breadcrumb\"},\"inLanguage\":\"fr-FR\",\"potentialAction\":[{\"@type\":\"ReadAction\",\"target\":[\"https:\\\/\\\/hierostrasbourg.com\\\/index.php\\\/2022\\\/07\\\/19\\\/la-ville-dentzheim-recrute-un-directeur-decole-de-musique-f-h\\\/\"]}]},{\"@type\":\"BreadcrumbList\",\"@id\":\"https:\\\/\\\/hierostrasbourg.com\\\/index.php\\\/2022\\\/07\\\/19\\\/la-ville-dentzheim-recrute-un-directeur-decole-de-musique-f-h\\\/#breadcrumb\",\"itemListElement\":[{\"@type\":\"ListItem\",\"position\":1,\"name\":\"Accueil\",\"item\":\"https:\\\/\\\/hierostrasbourg.com\\\/\"},{\"@type\":\"ListItem\",\"position\":2,\"name\":\"LA VILLE D\u2019ENTZHEIM recrute un directeur d\u2019\u00e9cole de musique [F\\\/H]\"}]},{\"@type\":\"WebSite\",\"@id\":\"https:\\\/\\\/hierostrasbourg.com\\\/#website\",\"url\":\"https:\\\/\\\/hierostrasbourg.com\\\/\",\"name\":\"HIERO STRASBOURG\",\"description\":\"Centre de Ressources Musiques Actuelles\",\"publisher\":{\"@id\":\"https:\\\/\\\/hierostrasbourg.com\\\/#organization\"},\"potentialAction\":[{\"@type\":\"SearchAction\",\"target\":{\"@type\":\"EntryPoint\",\"urlTemplate\":\"https:\\\/\\\/hierostrasbourg.com\\\/?s={search_term_string}\"},\"query-input\":{\"@type\":\"PropertyValueSpecification\",\"valueRequired\":true,\"valueName\":\"search_term_string\"}}],\"inLanguage\":\"fr-FR\"},{\"@type\":\"Organization\",\"@id\":\"https:\\\/\\\/hierostrasbourg.com\\\/#organization\",\"name\":\"F\u00e9d\u00e9ration Hi\u00e9ro Strasbourg\",\"url\":\"https:\\\/\\\/hierostrasbourg.com\\\/\",\"logo\":{\"@type\":\"ImageObject\",\"inLanguage\":\"fr-FR\",\"@id\":\"https:\\\/\\\/hierostrasbourg.com\\\/#\\\/schema\\\/logo\\\/image\\\/\",\"url\":\"https:\\\/\\\/hierostrasbourg.com\\\/wp-content\\\/uploads\\\/2026\\\/04\\\/logo-hiero-strasbourg.jpg\",\"contentUrl\":\"https:\\\/\\\/hierostrasbourg.com\\\/wp-content\\\/uploads\\\/2026\\\/04\\\/logo-hiero-strasbourg.jpg\",\"width\":204,\"height\":192,\"caption\":\"F\u00e9d\u00e9ration Hi\u00e9ro Strasbourg\"},\"image\":{\"@id\":\"https:\\\/\\\/hierostrasbourg.com\\\/#\\\/schema\\\/logo\\\/image\\\/\"},\"sameAs\":[\"https:\\\/\\\/www.facebook.com\\\/fedehierostrasbourg\",\"https:\\\/\\\/x.com\\\/hierostrasbourg\"]}]}<\/script>\n<!-- \/ Yoast SEO plugin. -->","yoast_head_json":{"title":"LA VILLE D\u2019ENTZHEIM recrute un directeur d\u2019\u00e9cole de musique [F\/H] - HIERO STRASBOURG","robots":{"index":"index","follow":"follow","max-snippet":"max-snippet:-1","max-image-preview":"max-image-preview:large","max-video-preview":"max-video-preview:-1"},"canonical":"https:\/\/hierostrasbourg.com\/index.php\/2022\/07\/19\/la-ville-dentzheim-recrute-un-directeur-decole-de-musique-f-h\/","og_locale":"fr_FR","og_type":"article","og_title":"LA VILLE D\u2019ENTZHEIM recrute un directeur d\u2019\u00e9cole de musique [F\/H] - HIERO STRASBOURG","og_description":"Missions Pilote le projet de l\u2019\u00e9tablissement dans le cadre des sch\u00e9mas p\u00e9dagogiques nationaux et du d\u00e9veloppement culturel de la collectivit\u00e9. Organise et coordonne l\u2019action p\u00e9dagogique et administrative. Impulse les actions et garantit leur coh\u00e9rence, d\u00e9finit des projets innovants en favorisant des partenariats, organise la communication g\u00e9n\u00e9rale de l\u2019\u00e9tablissement. A partir d\u2019une expertise artistique et p\u00e9dagogique, enseigne des pratiques artistiques sp\u00e9cialis\u00e9es. D\u00e9veloppe la curiosit\u00e9 et l\u2019engagement artistique, transmet les r\u00e9pertoires les plus larges possible en inscrivant son activit\u00e9 dans un projet [&hellip;]","og_url":"https:\/\/hierostrasbourg.com\/index.php\/2022\/07\/19\/la-ville-dentzheim-recrute-un-directeur-decole-de-musique-f-h\/","og_site_name":"HIERO STRASBOURG","article_publisher":"https:\/\/www.facebook.com\/fedehierostrasbourg","article_published_time":"2022-07-18T22:31:56+00:00","twitter_card":"summary_large_image","twitter_creator":"@hierostrasbourg","twitter_site":"@hierostrasbourg","twitter_misc":{"Dur\u00e9e de lecture estim\u00e9e":"1 minute"},"schema":{"@context":"https:\/\/schema.org","@graph":[{"@type":"Article","@id":"https:\/\/hierostrasbourg.com\/index.php\/2022\/07\/19\/la-ville-dentzheim-recrute-un-directeur-decole-de-musique-f-h\/#article","isPartOf":{"@id":"https:\/\/hierostrasbourg.com\/index.php\/2022\/07\/19\/la-ville-dentzheim-recrute-un-directeur-decole-de-musique-f-h\/"},"author":{"name":"","@id":""},"headline":"LA VILLE D\u2019ENTZHEIM recrute un directeur d\u2019\u00e9cole de musique [F\/H]","datePublished":"2022-07-18T22:31:56+00:00","mainEntityOfPage":{"@id":"https:\/\/hierostrasbourg.com\/index.php\/2022\/07\/19\/la-ville-dentzheim-recrute-un-directeur-decole-de-musique-f-h\/"},"wordCount":244,"publisher":{"@id":"https:\/\/hierostrasbourg.com\/#organization"},"inLanguage":"fr-FR"},{"@type":"WebPage","@id":"https:\/\/hierostrasbourg.com\/index.php\/2022\/07\/19\/la-ville-dentzheim-recrute-un-directeur-decole-de-musique-f-h\/","url":"https:\/\/hierostrasbourg.com\/index.php\/2022\/07\/19\/la-ville-dentzheim-recrute-un-directeur-decole-de-musique-f-h\/","name":"LA VILLE D\u2019ENTZHEIM recrute un directeur d\u2019\u00e9cole de musique [F\/H] - HIERO STRASBOURG","isPartOf":{"@id":"https:\/\/hierostrasbourg.com\/#website"},"datePublished":"2022-07-18T22:31:56+00:00","breadcrumb":{"@id":"https:\/\/hierostrasbourg.com\/index.php\/2022\/07\/19\/la-ville-dentzheim-recrute-un-directeur-decole-de-musique-f-h\/#breadcrumb"},"inLanguage":"fr-FR","potentialAction":[{"@type":"ReadAction","target":["https:\/\/hierostrasbourg.com\/index.php\/2022\/07\/19\/la-ville-dentzheim-recrute-un-directeur-decole-de-musique-f-h\/"]}]},{"@type":"BreadcrumbList","@id":"https:\/\/hierostrasbourg.com\/index.php\/2022\/07\/19\/la-ville-dentzheim-recrute-un-directeur-decole-de-musique-f-h\/#breadcrumb","itemListElement":[{"@type":"ListItem","position":1,"name":"Accueil","item":"https:\/\/hierostrasbourg.com\/"},{"@type":"ListItem","position":2,"name":"LA VILLE D\u2019ENTZHEIM recrute un directeur d\u2019\u00e9cole de musique [F\/H]"}]},{"@type":"WebSite","@id":"https:\/\/hierostrasbourg.com\/#website","url":"https:\/\/hierostrasbourg.com\/","name":"HIERO STRASBOURG","description":"Centre de Ressources Musiques Actuelles","publisher":{"@id":"https:\/\/hierostrasbourg.com\/#organization"},"potentialAction":[{"@type":"SearchAction","target":{"@type":"EntryPoint","urlTemplate":"https:\/\/hierostrasbourg.com\/?s={search_term_string}"},"query-input":{"@type":"PropertyValueSpecification","valueRequired":true,"valueName":"search_term_string"}}],"inLanguage":"fr-FR"},{"@type":"Organization","@id":"https:\/\/hierostrasbourg.com\/#organization","name":"F\u00e9d\u00e9ration Hi\u00e9ro Strasbourg","url":"https:\/\/hierostrasbourg.com\/","logo":{"@type":"ImageObject","inLanguage":"fr-FR","@id":"https:\/\/hierostrasbourg.com\/#\/schema\/logo\/image\/","url":"https:\/\/hierostrasbourg.com\/wp-content\/uploads\/2026\/04\/logo-hiero-strasbourg.jpg","contentUrl":"https:\/\/hierostrasbourg.com\/wp-content\/uploads\/2026\/04\/logo-hiero-strasbourg.jpg","width":204,"height":192,"caption":"F\u00e9d\u00e9ration Hi\u00e9ro Strasbourg"},"image":{"@id":"https:\/\/hierostrasbourg.com\/#\/schema\/logo\/image\/"},"sameAs":["https:\/\/www.facebook.com\/fedehierostrasbourg","https:\/\/x.com\/hierostrasbourg"]}]}},"_links":{"self":[{"href":"https:\/\/hierostrasbourg.com\/index.php\/wp-json\/wp\/v2\/posts\/3284","targetHints":{"allow":["GET"]}}],"collection":[{"href":"https:\/\/hierostrasbourg.com\/index.php\/wp-json\/wp\/v2\/posts"}],"about":[{"href":"https:\/\/hierostrasbourg.com\/index.php\/wp-json\/wp\/v2\/types\/post"}],"replies":[{"embeddable":true,"href":"https:\/\/hierostrasbourg.com\/index.php\/wp-json\/wp\/v2\/comments?post=3284"}],"version-history":[{"count":0,"href":"https:\/\/hierostrasbourg.com\/index.php\/wp-json\/wp\/v2\/posts\/3284\/revisions"}],"wp:attachment":[{"href":"https:\/\/hierostrasbourg.com\/index.php\/wp-json\/wp\/v2\/media?parent=3284"}],"wp:term":[{"taxonomy":"category","embeddable":true,"href":"https:\/\/hierostrasbourg.com\/index.php\/wp-json\/wp\/v2\/categories?post=3284"},{"taxonomy":"post_tag","embeddable":true,"href":"https:\/\/hierostrasbourg.com\/index.php\/wp-json\/wp\/v2\/tags?post=3284"}],"curies":[{"name":"wp","href":"https:\/\/api.w.org\/{rel}","templated":true}]}}