{"id":3274,"date":"2022-07-18T10:32:19","date_gmt":"2022-07-18T08:32:19","guid":{"rendered":"https:\/\/hierostrasbourg.com\/index.php\/2022\/07\/18\/lespace-rohan-saverne-recrute-un-charge-daccueil-et-de-billetterie-f-h\/"},"modified":"2022-07-18T10:32:19","modified_gmt":"2022-07-18T08:32:19","slug":"lespace-rohan-saverne-recrute-un-charge-daccueil-et-de-billetterie-f-h","status":"publish","type":"post","link":"https:\/\/hierostrasbourg.com\/index.php\/2022\/07\/18\/lespace-rohan-saverne-recrute-un-charge-daccueil-et-de-billetterie-f-h\/","title":{"rendered":"L\u2019ESPACE ROHAN [Saverne] recrute un charg\u00e9 d\u2019accueil et de billetterie [F\/H]"},"content":{"rendered":"<h2>FICHE DE POSTE<\/h2>\n<p>Temps de travail : Temps plein<br \/>\nFonction du responsable hi\u00e9rarchique : Directeur de l\u2019Espace Rohan et des Affaires Culturelles de la Ville de Saverne<br \/>\nSous statut associatif, l\u2019Espace Rohan et la Direction de la Culture sont bas\u00e9s au Ch\u00e2teau des Rohan, \u00e0 Saverne, ville-centre d\u2019un bassin de vie de pr\u00e8s de 120 000 habitants. Le Relais culturel et la Direction de la Culture g\u00e8rent :<\/p>\n<p>Une saison culturelle qui propose de septembre \u00e0 fin avril une quarantaine de spectacles pluridisciplinaires<br \/>\nLe festival jeune public Mon Mouton Est Un Lion, qui a lieu en mai de chaque ann\u00e9e en salle, en rue et dans les \u00e9tablissements scolaires, et qui est aujourd\u2019hui un \u00e9v\u00e9nement d\u2019envergure \u00e0 l\u2019\u00e9chelle de la R\u00e9gion Grand Est<br \/>\nLa mise en \u0153uvre de la politique culturelle de la Ville de Saverne<\/p>\n<h2>ACTIVIT\u00c9S PRINCIPALES<\/h2>\n<p>Assurer l\u2019accueil physique et t\u00e9l\u00e9phonique des publics, informer et conseiller avec efficacit\u00e9 et courtoisie, selon un planning d\u2019ouverture de l\u2019accueil ainsi que les jours de repr\u00e9sentations<br \/>\nVendre des billets sur place et par t\u00e9l\u00e9phone, g\u00e9rer le service aux usagers de la billetterie en ligne, d\u00e9terminer par spectacle les contingents de places mis \u00e0 la vente, g\u00e9rer les invitations et les m\u00e9c\u00e8nes<br \/>\nParticiper \u00e0 la r\u00e9flexion et \u00e0 la mise en \u0153uvre de la politique tarifaire<br \/>\nVeiller au bon fonctionnement du logiciel de billetterie, assurer le suivi de la maintenance et des d\u00e9veloppements<br \/>\nParam\u00e9trer les nouveaux tarifs, repr\u00e9sentations, \u00e9v\u00e9nements, mettre \u00e0 jour les \u00e9l\u00e9ments de communication associ\u00e9s<br \/>\nPr\u00e9parer le contr\u00f4le du soir (vendus et invitations) et le contr\u00f4le d\u2019acc\u00e8s<br \/>\nEtablir des rapports de caisse et diverses statistiques<br \/>\n\u00catre responsable de la tenue fid\u00e8le et exacte de sa caisse quotidienne<br \/>\nSuivre les dispositifs institutionnels tels que Pass Culture, Jeun\u2019Est, etc.<br \/>\nG\u00e9rer les demandes et faire le suivi des inscriptions scolaires<br \/>\nSuivre et actualiser les fichiers de Relations Publiques<\/p>\n<h2>CONDITIONS D\u2019EXERCICE<\/h2>\n<p>Grande disponibilit\u00e9 (en soir\u00e9e, le week-end, quelques jours f\u00e9ri\u00e9s tout au long de la saison culturelle ainsi que durant le festival Mon Mouton Est Un Lion)<br \/>\nTravail en horaires sp\u00e9cifiques lors des manifestations<br \/>\nCDI avec annualisation du temps de travail<br \/>\nR\u00e9mun\u00e9ration selon grille CCNEAC et exp\u00e9rience + 13\u00e8me mois<\/p>\n<h2>COMP\u00c9TENCES<\/h2>\n<h4>Savoir<\/h4>\n<p>Titulaire d\u2019une formation sup\u00e9rieure<br \/>\nAisance informatique et exp\u00e9rience avec un logiciel de billetterie souhait\u00e9e<br \/>\nConnaissance du milieu culturel appr\u00e9ci\u00e9e<br \/>\nPermis B souhait\u00e9<\/p>\n<h4>Savoir faire<\/h4>\n<p>Organiser et planifier son travail<br \/>\nPrendre des initiatives<br \/>\nTravailler en transversalit\u00e9<br \/>\nAisance r\u00e9dactionnelle et orale<br \/>\nAisance avec les nouvelles technologies<\/p>\n<h4>Savoir \u00eatre<\/h4>\n<p>Sens du service au public<br \/>\nEsprit d\u2019\u00e9quipe<br \/>\nP\u00e9dagogie et sens de l\u2019\u00e9coute<br \/>\nQualit\u00e9s relationnelles<br \/>\nAutonomie et polyvalence<br \/>\nRigueur et organisation<\/p>\n<p>Date souhait\u00e9e de prise de fonction : 1er octobre 2022 \/ Date limite de candidature : 31 ao\u00fbt 2022<br \/>\nContact recruteur : Denis Woelffel, Directeur de l\u2019Espace Rohan directeur@espace-rohan.org<\/p>\n<p>L\u2019article <a href=\"https:\/\/popburo.fr\/lespace-rohan-saverne-recrute-un-charge-daccueil-et-de-billetterie-f-h\/\">L\u2019ESPACE ROHAN [Saverne] recrute un charg\u00e9 d\u2019accueil et de billetterie [F\/H]<\/a> est apparu en premier sur <a href=\"https:\/\/popburo.fr\/\">POP B\u00dcRO<\/a>.<\/p>\n","protected":false},"excerpt":{"rendered":"<p>FICHE DE POSTE Temps de travail : Temps plein Fonction du responsable hi\u00e9rarchique : Directeur de l\u2019Espace Rohan et des Affaires Culturelles de la Ville de Saverne Sous statut associatif, l\u2019Espace Rohan et la Direction de la Culture sont bas\u00e9s au Ch\u00e2teau des Rohan, \u00e0 Saverne, ville-centre d\u2019un bassin de vie de pr\u00e8s de 120 000 habitants. Le Relais culturel et la Direction de la Culture g\u00e8rent : Une saison culturelle qui propose de septembre \u00e0 fin avril une quarantaine [&hellip;]<\/p>\n","protected":false},"author":0,"featured_media":0,"comment_status":"closed","ping_status":"open","sticky":false,"template":"","format":"standard","meta":{"footnotes":""},"categories":[1],"tags":[],"class_list":["post-3274","post","type-post","status-publish","format-standard","hentry","category-non-classe"],"yoast_head":"<!-- This site is optimized with the Yoast SEO plugin v27.5 - https:\/\/yoast.com\/product\/yoast-seo-wordpress\/ -->\n<title>L\u2019ESPACE ROHAN [Saverne] recrute un charg\u00e9 d\u2019accueil et de billetterie [F\/H] - HIERO STRASBOURG<\/title>\n<meta name=\"robots\" content=\"index, follow, max-snippet:-1, max-image-preview:large, max-video-preview:-1\" \/>\n<link rel=\"canonical\" href=\"https:\/\/hierostrasbourg.com\/index.php\/2022\/07\/18\/lespace-rohan-saverne-recrute-un-charge-daccueil-et-de-billetterie-f-h\/\" \/>\n<meta property=\"og:locale\" content=\"fr_FR\" \/>\n<meta property=\"og:type\" content=\"article\" \/>\n<meta property=\"og:title\" content=\"L\u2019ESPACE ROHAN [Saverne] recrute un charg\u00e9 d\u2019accueil et de billetterie [F\/H] - HIERO STRASBOURG\" \/>\n<meta property=\"og:description\" content=\"FICHE DE POSTE Temps de travail : Temps plein Fonction du responsable hi\u00e9rarchique : Directeur de l\u2019Espace Rohan et des Affaires Culturelles de la Ville de Saverne Sous statut associatif, l\u2019Espace Rohan et la Direction de la Culture sont bas\u00e9s au Ch\u00e2teau des Rohan, \u00e0 Saverne, ville-centre d\u2019un bassin de vie de pr\u00e8s de 120 000 habitants. Le Relais culturel et la Direction de la Culture g\u00e8rent : Une saison culturelle qui propose de septembre \u00e0 fin avril une quarantaine [&hellip;]\" \/>\n<meta property=\"og:url\" content=\"https:\/\/hierostrasbourg.com\/index.php\/2022\/07\/18\/lespace-rohan-saverne-recrute-un-charge-daccueil-et-de-billetterie-f-h\/\" \/>\n<meta property=\"og:site_name\" content=\"HIERO STRASBOURG\" \/>\n<meta property=\"article:publisher\" content=\"https:\/\/www.facebook.com\/fedehierostrasbourg\" \/>\n<meta property=\"article:published_time\" content=\"2022-07-18T08:32:19+00:00\" \/>\n<meta name=\"twitter:card\" content=\"summary_large_image\" \/>\n<meta name=\"twitter:creator\" content=\"@hierostrasbourg\" \/>\n<meta name=\"twitter:site\" content=\"@hierostrasbourg\" \/>\n<meta name=\"twitter:label1\" content=\"Dur\u00e9e de lecture estim\u00e9e\" \/>\n\t<meta name=\"twitter:data1\" content=\"3 minutes\" \/>\n<script type=\"application\/ld+json\" class=\"yoast-schema-graph\">{\"@context\":\"https:\\\/\\\/schema.org\",\"@graph\":[{\"@type\":\"Article\",\"@id\":\"https:\\\/\\\/hierostrasbourg.com\\\/index.php\\\/2022\\\/07\\\/18\\\/lespace-rohan-saverne-recrute-un-charge-daccueil-et-de-billetterie-f-h\\\/#article\",\"isPartOf\":{\"@id\":\"https:\\\/\\\/hierostrasbourg.com\\\/index.php\\\/2022\\\/07\\\/18\\\/lespace-rohan-saverne-recrute-un-charge-daccueil-et-de-billetterie-f-h\\\/\"},\"author\":{\"name\":\"\",\"@id\":\"\"},\"headline\":\"L\u2019ESPACE ROHAN [Saverne] recrute un charg\u00e9 d\u2019accueil et de billetterie [F\\\/H]\",\"datePublished\":\"2022-07-18T08:32:19+00:00\",\"mainEntityOfPage\":{\"@id\":\"https:\\\/\\\/hierostrasbourg.com\\\/index.php\\\/2022\\\/07\\\/18\\\/lespace-rohan-saverne-recrute-un-charge-daccueil-et-de-billetterie-f-h\\\/\"},\"wordCount\":538,\"publisher\":{\"@id\":\"https:\\\/\\\/hierostrasbourg.com\\\/#organization\"},\"inLanguage\":\"fr-FR\"},{\"@type\":\"WebPage\",\"@id\":\"https:\\\/\\\/hierostrasbourg.com\\\/index.php\\\/2022\\\/07\\\/18\\\/lespace-rohan-saverne-recrute-un-charge-daccueil-et-de-billetterie-f-h\\\/\",\"url\":\"https:\\\/\\\/hierostrasbourg.com\\\/index.php\\\/2022\\\/07\\\/18\\\/lespace-rohan-saverne-recrute-un-charge-daccueil-et-de-billetterie-f-h\\\/\",\"name\":\"L\u2019ESPACE ROHAN [Saverne] recrute un charg\u00e9 d\u2019accueil et de billetterie [F\\\/H] - HIERO STRASBOURG\",\"isPartOf\":{\"@id\":\"https:\\\/\\\/hierostrasbourg.com\\\/#website\"},\"datePublished\":\"2022-07-18T08:32:19+00:00\",\"breadcrumb\":{\"@id\":\"https:\\\/\\\/hierostrasbourg.com\\\/index.php\\\/2022\\\/07\\\/18\\\/lespace-rohan-saverne-recrute-un-charge-daccueil-et-de-billetterie-f-h\\\/#breadcrumb\"},\"inLanguage\":\"fr-FR\",\"potentialAction\":[{\"@type\":\"ReadAction\",\"target\":[\"https:\\\/\\\/hierostrasbourg.com\\\/index.php\\\/2022\\\/07\\\/18\\\/lespace-rohan-saverne-recrute-un-charge-daccueil-et-de-billetterie-f-h\\\/\"]}]},{\"@type\":\"BreadcrumbList\",\"@id\":\"https:\\\/\\\/hierostrasbourg.com\\\/index.php\\\/2022\\\/07\\\/18\\\/lespace-rohan-saverne-recrute-un-charge-daccueil-et-de-billetterie-f-h\\\/#breadcrumb\",\"itemListElement\":[{\"@type\":\"ListItem\",\"position\":1,\"name\":\"Accueil\",\"item\":\"https:\\\/\\\/hierostrasbourg.com\\\/\"},{\"@type\":\"ListItem\",\"position\":2,\"name\":\"L\u2019ESPACE ROHAN [Saverne] recrute un charg\u00e9 d\u2019accueil et de billetterie [F\\\/H]\"}]},{\"@type\":\"WebSite\",\"@id\":\"https:\\\/\\\/hierostrasbourg.com\\\/#website\",\"url\":\"https:\\\/\\\/hierostrasbourg.com\\\/\",\"name\":\"HIERO STRASBOURG\",\"description\":\"Centre de Ressources Musiques Actuelles\",\"publisher\":{\"@id\":\"https:\\\/\\\/hierostrasbourg.com\\\/#organization\"},\"potentialAction\":[{\"@type\":\"SearchAction\",\"target\":{\"@type\":\"EntryPoint\",\"urlTemplate\":\"https:\\\/\\\/hierostrasbourg.com\\\/?s={search_term_string}\"},\"query-input\":{\"@type\":\"PropertyValueSpecification\",\"valueRequired\":true,\"valueName\":\"search_term_string\"}}],\"inLanguage\":\"fr-FR\"},{\"@type\":\"Organization\",\"@id\":\"https:\\\/\\\/hierostrasbourg.com\\\/#organization\",\"name\":\"F\u00e9d\u00e9ration Hi\u00e9ro Strasbourg\",\"url\":\"https:\\\/\\\/hierostrasbourg.com\\\/\",\"logo\":{\"@type\":\"ImageObject\",\"inLanguage\":\"fr-FR\",\"@id\":\"https:\\\/\\\/hierostrasbourg.com\\\/#\\\/schema\\\/logo\\\/image\\\/\",\"url\":\"https:\\\/\\\/hierostrasbourg.com\\\/wp-content\\\/uploads\\\/2026\\\/04\\\/logo-hiero-strasbourg.jpg\",\"contentUrl\":\"https:\\\/\\\/hierostrasbourg.com\\\/wp-content\\\/uploads\\\/2026\\\/04\\\/logo-hiero-strasbourg.jpg\",\"width\":204,\"height\":192,\"caption\":\"F\u00e9d\u00e9ration Hi\u00e9ro Strasbourg\"},\"image\":{\"@id\":\"https:\\\/\\\/hierostrasbourg.com\\\/#\\\/schema\\\/logo\\\/image\\\/\"},\"sameAs\":[\"https:\\\/\\\/www.facebook.com\\\/fedehierostrasbourg\",\"https:\\\/\\\/x.com\\\/hierostrasbourg\"]}]}<\/script>\n<!-- \/ Yoast SEO plugin. -->","yoast_head_json":{"title":"L\u2019ESPACE ROHAN [Saverne] recrute un charg\u00e9 d\u2019accueil et de billetterie [F\/H] - HIERO STRASBOURG","robots":{"index":"index","follow":"follow","max-snippet":"max-snippet:-1","max-image-preview":"max-image-preview:large","max-video-preview":"max-video-preview:-1"},"canonical":"https:\/\/hierostrasbourg.com\/index.php\/2022\/07\/18\/lespace-rohan-saverne-recrute-un-charge-daccueil-et-de-billetterie-f-h\/","og_locale":"fr_FR","og_type":"article","og_title":"L\u2019ESPACE ROHAN [Saverne] recrute un charg\u00e9 d\u2019accueil et de billetterie [F\/H] - HIERO STRASBOURG","og_description":"FICHE DE POSTE Temps de travail : Temps plein Fonction du responsable hi\u00e9rarchique : Directeur de l\u2019Espace Rohan et des Affaires Culturelles de la Ville de Saverne Sous statut associatif, l\u2019Espace Rohan et la Direction de la Culture sont bas\u00e9s au Ch\u00e2teau des Rohan, \u00e0 Saverne, ville-centre d\u2019un bassin de vie de pr\u00e8s de 120 000 habitants. Le Relais culturel et la Direction de la Culture g\u00e8rent : Une saison culturelle qui propose de septembre \u00e0 fin avril une quarantaine [&hellip;]","og_url":"https:\/\/hierostrasbourg.com\/index.php\/2022\/07\/18\/lespace-rohan-saverne-recrute-un-charge-daccueil-et-de-billetterie-f-h\/","og_site_name":"HIERO STRASBOURG","article_publisher":"https:\/\/www.facebook.com\/fedehierostrasbourg","article_published_time":"2022-07-18T08:32:19+00:00","twitter_card":"summary_large_image","twitter_creator":"@hierostrasbourg","twitter_site":"@hierostrasbourg","twitter_misc":{"Dur\u00e9e de lecture estim\u00e9e":"3 minutes"},"schema":{"@context":"https:\/\/schema.org","@graph":[{"@type":"Article","@id":"https:\/\/hierostrasbourg.com\/index.php\/2022\/07\/18\/lespace-rohan-saverne-recrute-un-charge-daccueil-et-de-billetterie-f-h\/#article","isPartOf":{"@id":"https:\/\/hierostrasbourg.com\/index.php\/2022\/07\/18\/lespace-rohan-saverne-recrute-un-charge-daccueil-et-de-billetterie-f-h\/"},"author":{"name":"","@id":""},"headline":"L\u2019ESPACE ROHAN [Saverne] recrute un charg\u00e9 d\u2019accueil et de billetterie [F\/H]","datePublished":"2022-07-18T08:32:19+00:00","mainEntityOfPage":{"@id":"https:\/\/hierostrasbourg.com\/index.php\/2022\/07\/18\/lespace-rohan-saverne-recrute-un-charge-daccueil-et-de-billetterie-f-h\/"},"wordCount":538,"publisher":{"@id":"https:\/\/hierostrasbourg.com\/#organization"},"inLanguage":"fr-FR"},{"@type":"WebPage","@id":"https:\/\/hierostrasbourg.com\/index.php\/2022\/07\/18\/lespace-rohan-saverne-recrute-un-charge-daccueil-et-de-billetterie-f-h\/","url":"https:\/\/hierostrasbourg.com\/index.php\/2022\/07\/18\/lespace-rohan-saverne-recrute-un-charge-daccueil-et-de-billetterie-f-h\/","name":"L\u2019ESPACE ROHAN [Saverne] recrute un charg\u00e9 d\u2019accueil et de billetterie [F\/H] - HIERO STRASBOURG","isPartOf":{"@id":"https:\/\/hierostrasbourg.com\/#website"},"datePublished":"2022-07-18T08:32:19+00:00","breadcrumb":{"@id":"https:\/\/hierostrasbourg.com\/index.php\/2022\/07\/18\/lespace-rohan-saverne-recrute-un-charge-daccueil-et-de-billetterie-f-h\/#breadcrumb"},"inLanguage":"fr-FR","potentialAction":[{"@type":"ReadAction","target":["https:\/\/hierostrasbourg.com\/index.php\/2022\/07\/18\/lespace-rohan-saverne-recrute-un-charge-daccueil-et-de-billetterie-f-h\/"]}]},{"@type":"BreadcrumbList","@id":"https:\/\/hierostrasbourg.com\/index.php\/2022\/07\/18\/lespace-rohan-saverne-recrute-un-charge-daccueil-et-de-billetterie-f-h\/#breadcrumb","itemListElement":[{"@type":"ListItem","position":1,"name":"Accueil","item":"https:\/\/hierostrasbourg.com\/"},{"@type":"ListItem","position":2,"name":"L\u2019ESPACE ROHAN [Saverne] recrute un charg\u00e9 d\u2019accueil et de billetterie [F\/H]"}]},{"@type":"WebSite","@id":"https:\/\/hierostrasbourg.com\/#website","url":"https:\/\/hierostrasbourg.com\/","name":"HIERO STRASBOURG","description":"Centre de Ressources Musiques Actuelles","publisher":{"@id":"https:\/\/hierostrasbourg.com\/#organization"},"potentialAction":[{"@type":"SearchAction","target":{"@type":"EntryPoint","urlTemplate":"https:\/\/hierostrasbourg.com\/?s={search_term_string}"},"query-input":{"@type":"PropertyValueSpecification","valueRequired":true,"valueName":"search_term_string"}}],"inLanguage":"fr-FR"},{"@type":"Organization","@id":"https:\/\/hierostrasbourg.com\/#organization","name":"F\u00e9d\u00e9ration Hi\u00e9ro Strasbourg","url":"https:\/\/hierostrasbourg.com\/","logo":{"@type":"ImageObject","inLanguage":"fr-FR","@id":"https:\/\/hierostrasbourg.com\/#\/schema\/logo\/image\/","url":"https:\/\/hierostrasbourg.com\/wp-content\/uploads\/2026\/04\/logo-hiero-strasbourg.jpg","contentUrl":"https:\/\/hierostrasbourg.com\/wp-content\/uploads\/2026\/04\/logo-hiero-strasbourg.jpg","width":204,"height":192,"caption":"F\u00e9d\u00e9ration Hi\u00e9ro Strasbourg"},"image":{"@id":"https:\/\/hierostrasbourg.com\/#\/schema\/logo\/image\/"},"sameAs":["https:\/\/www.facebook.com\/fedehierostrasbourg","https:\/\/x.com\/hierostrasbourg"]}]}},"_links":{"self":[{"href":"https:\/\/hierostrasbourg.com\/index.php\/wp-json\/wp\/v2\/posts\/3274","targetHints":{"allow":["GET"]}}],"collection":[{"href":"https:\/\/hierostrasbourg.com\/index.php\/wp-json\/wp\/v2\/posts"}],"about":[{"href":"https:\/\/hierostrasbourg.com\/index.php\/wp-json\/wp\/v2\/types\/post"}],"replies":[{"embeddable":true,"href":"https:\/\/hierostrasbourg.com\/index.php\/wp-json\/wp\/v2\/comments?post=3274"}],"version-history":[{"count":0,"href":"https:\/\/hierostrasbourg.com\/index.php\/wp-json\/wp\/v2\/posts\/3274\/revisions"}],"wp:attachment":[{"href":"https:\/\/hierostrasbourg.com\/index.php\/wp-json\/wp\/v2\/media?parent=3274"}],"wp:term":[{"taxonomy":"category","embeddable":true,"href":"https:\/\/hierostrasbourg.com\/index.php\/wp-json\/wp\/v2\/categories?post=3274"},{"taxonomy":"post_tag","embeddable":true,"href":"https:\/\/hierostrasbourg.com\/index.php\/wp-json\/wp\/v2\/tags?post=3274"}],"curies":[{"name":"wp","href":"https:\/\/api.w.org\/{rel}","templated":true}]}}