{"id":3250,"date":"2022-07-17T12:34:07","date_gmt":"2022-07-17T10:34:07","guid":{"rendered":"https:\/\/hierostrasbourg.com\/index.php\/2022\/07\/17\/spectacle-vivant-nous-devons-creer-un-recit-commun-avec-les-publics\/"},"modified":"2022-07-17T12:34:07","modified_gmt":"2022-07-17T10:34:07","slug":"spectacle-vivant-nous-devons-creer-un-recit-commun-avec-les-publics","status":"publish","type":"post","link":"https:\/\/hierostrasbourg.com\/index.php\/2022\/07\/17\/spectacle-vivant-nous-devons-creer-un-recit-commun-avec-les-publics\/","title":{"rendered":"Spectacle vivant: \u00abNous devons cr\u00e9er un r\u00e9cit commun avec les publics\u00bb"},"content":{"rendered":"<p><a href=\"https:\/\/musiquesactuelles.alsace\/spectacle-vivant-nous-devons-creer-un-recit-commun-avec-les-publics\/\" title=\"Spectacle vivant: \u00abNous devons cr\u00e9er un r\u00e9cit commun avec les publics\u00bb\"><\/a><\/p>\n<p>Le spectacle vivant joue-t-il encore son r\u00f4le politique fondateur? Une tribune d\u2019Angeline Barth, pr\u00e9sidente de l\u2019Afdas. Le 12 juillet, en partenariat avec le Festival d\u2019Avignon et Avignon Universit\u00e9, l\u2019Afdas\u00a0organisera\u00a0le premier Forum de l\u2019inclusion \u00e9conomique\u00a0dans la culture et les industries cr\u00e9atives.\u00a0Lib\u00e9ration, partenaire de l\u2019\u00e9v\u00e9nement, publiera sur son site tribunes, reportages et enqu\u00eates sur le sujet. Source \/ Lire la suite : Spectacle vivant: \u00abNous devons cr\u00e9er un r\u00e9cit commun avec les publics\u00bb<\/p>\n<p>L\u2019article <a href=\"https:\/\/musiquesactuelles.alsace\/spectacle-vivant-nous-devons-creer-un-recit-commun-avec-les-publics\/\">Spectacle vivant: \u00abNous devons cr\u00e9er un r\u00e9cit commun avec les publics\u00bb<\/a> est apparu en premier sur <a href=\"https:\/\/musiquesactuelles.alsace\/\">Musiques Actuelles en Alsace<\/a>.<\/p>\n<p>L\u2019article <a href=\"https:\/\/popburo.fr\/spectacle-vivant-nous-devons-creer-un-recit-commun-avec-les-publics-2\/\">Spectacle vivant: \u00abNous devons cr\u00e9er un r\u00e9cit commun avec les publics\u00bb<\/a> est apparu en premier sur <a href=\"https:\/\/popburo.fr\/\">POP B\u00dcRO<\/a>.<\/p>\n","protected":false},"excerpt":{"rendered":"<p>Le spectacle vivant joue-t-il encore son r\u00f4le politique fondateur? Une tribune d\u2019Angeline Barth, pr\u00e9sidente de l\u2019Afdas. Le 12 juillet, en partenariat avec le Festival d\u2019Avignon et Avignon Universit\u00e9, l\u2019Afdas\u00a0organisera\u00a0le premier Forum de l\u2019inclusion \u00e9conomique\u00a0dans la culture et les industries cr\u00e9atives.\u00a0Lib\u00e9ration, partenaire de l\u2019\u00e9v\u00e9nement, publiera sur son site tribunes, reportages et enqu\u00eates sur le sujet. Source \/ Lire la suite : Spectacle vivant: \u00abNous devons cr\u00e9er un r\u00e9cit commun avec les publics\u00bb L\u2019article Spectacle vivant: \u00abNous devons cr\u00e9er un r\u00e9cit commun [&hellip;]<\/p>\n","protected":false},"author":0,"featured_media":0,"comment_status":"closed","ping_status":"open","sticky":false,"template":"","format":"standard","meta":{"footnotes":""},"categories":[1],"tags":[],"class_list":["post-3250","post","type-post","status-publish","format-standard","hentry","category-non-classe"],"yoast_head":"<!-- This site is optimized with the Yoast SEO plugin v27.5 - https:\/\/yoast.com\/product\/yoast-seo-wordpress\/ -->\n<title>Spectacle vivant: \u00abNous devons cr\u00e9er un r\u00e9cit commun avec les publics\u00bb - HIERO STRASBOURG<\/title>\n<meta name=\"robots\" content=\"index, follow, max-snippet:-1, max-image-preview:large, max-video-preview:-1\" \/>\n<link rel=\"canonical\" href=\"https:\/\/hierostrasbourg.com\/index.php\/2022\/07\/17\/spectacle-vivant-nous-devons-creer-un-recit-commun-avec-les-publics\/\" \/>\n<meta property=\"og:locale\" content=\"fr_FR\" \/>\n<meta property=\"og:type\" content=\"article\" \/>\n<meta property=\"og:title\" content=\"Spectacle vivant: \u00abNous devons cr\u00e9er un r\u00e9cit commun avec les publics\u00bb - HIERO STRASBOURG\" \/>\n<meta property=\"og:description\" content=\"Le spectacle vivant joue-t-il encore son r\u00f4le politique fondateur? Une tribune d\u2019Angeline Barth, pr\u00e9sidente de l\u2019Afdas. Le 12 juillet, en partenariat avec le Festival d\u2019Avignon et Avignon Universit\u00e9, l\u2019Afdas\u00a0organisera\u00a0le premier Forum de l\u2019inclusion \u00e9conomique\u00a0dans la culture et les industries cr\u00e9atives.\u00a0Lib\u00e9ration, partenaire de l\u2019\u00e9v\u00e9nement, publiera sur son site tribunes, reportages et enqu\u00eates sur le sujet. Source \/ Lire la suite : Spectacle vivant: \u00abNous devons cr\u00e9er un r\u00e9cit commun avec les publics\u00bb L\u2019article Spectacle vivant: \u00abNous devons cr\u00e9er un r\u00e9cit commun [&hellip;]\" \/>\n<meta property=\"og:url\" content=\"https:\/\/hierostrasbourg.com\/index.php\/2022\/07\/17\/spectacle-vivant-nous-devons-creer-un-recit-commun-avec-les-publics\/\" \/>\n<meta property=\"og:site_name\" content=\"HIERO STRASBOURG\" \/>\n<meta property=\"article:publisher\" content=\"https:\/\/www.facebook.com\/fedehierostrasbourg\" \/>\n<meta property=\"article:published_time\" content=\"2022-07-17T10:34:07+00:00\" \/>\n<meta name=\"twitter:card\" content=\"summary_large_image\" \/>\n<meta name=\"twitter:creator\" content=\"@hierostrasbourg\" \/>\n<meta name=\"twitter:site\" content=\"@hierostrasbourg\" \/>\n<meta name=\"twitter:label1\" content=\"Dur\u00e9e de lecture estim\u00e9e\" \/>\n\t<meta name=\"twitter:data1\" content=\"1 minute\" \/>\n<script type=\"application\/ld+json\" class=\"yoast-schema-graph\">{\"@context\":\"https:\\\/\\\/schema.org\",\"@graph\":[{\"@type\":\"Article\",\"@id\":\"https:\\\/\\\/hierostrasbourg.com\\\/index.php\\\/2022\\\/07\\\/17\\\/spectacle-vivant-nous-devons-creer-un-recit-commun-avec-les-publics\\\/#article\",\"isPartOf\":{\"@id\":\"https:\\\/\\\/hierostrasbourg.com\\\/index.php\\\/2022\\\/07\\\/17\\\/spectacle-vivant-nous-devons-creer-un-recit-commun-avec-les-publics\\\/\"},\"author\":{\"name\":\"\",\"@id\":\"\"},\"headline\":\"Spectacle vivant: \u00abNous devons cr\u00e9er un r\u00e9cit commun avec les publics\u00bb\",\"datePublished\":\"2022-07-17T10:34:07+00:00\",\"mainEntityOfPage\":{\"@id\":\"https:\\\/\\\/hierostrasbourg.com\\\/index.php\\\/2022\\\/07\\\/17\\\/spectacle-vivant-nous-devons-creer-un-recit-commun-avec-les-publics\\\/\"},\"wordCount\":146,\"publisher\":{\"@id\":\"https:\\\/\\\/hierostrasbourg.com\\\/#organization\"},\"inLanguage\":\"fr-FR\"},{\"@type\":\"WebPage\",\"@id\":\"https:\\\/\\\/hierostrasbourg.com\\\/index.php\\\/2022\\\/07\\\/17\\\/spectacle-vivant-nous-devons-creer-un-recit-commun-avec-les-publics\\\/\",\"url\":\"https:\\\/\\\/hierostrasbourg.com\\\/index.php\\\/2022\\\/07\\\/17\\\/spectacle-vivant-nous-devons-creer-un-recit-commun-avec-les-publics\\\/\",\"name\":\"Spectacle vivant: \u00abNous devons cr\u00e9er un r\u00e9cit commun avec les publics\u00bb - HIERO STRASBOURG\",\"isPartOf\":{\"@id\":\"https:\\\/\\\/hierostrasbourg.com\\\/#website\"},\"datePublished\":\"2022-07-17T10:34:07+00:00\",\"breadcrumb\":{\"@id\":\"https:\\\/\\\/hierostrasbourg.com\\\/index.php\\\/2022\\\/07\\\/17\\\/spectacle-vivant-nous-devons-creer-un-recit-commun-avec-les-publics\\\/#breadcrumb\"},\"inLanguage\":\"fr-FR\",\"potentialAction\":[{\"@type\":\"ReadAction\",\"target\":[\"https:\\\/\\\/hierostrasbourg.com\\\/index.php\\\/2022\\\/07\\\/17\\\/spectacle-vivant-nous-devons-creer-un-recit-commun-avec-les-publics\\\/\"]}]},{\"@type\":\"BreadcrumbList\",\"@id\":\"https:\\\/\\\/hierostrasbourg.com\\\/index.php\\\/2022\\\/07\\\/17\\\/spectacle-vivant-nous-devons-creer-un-recit-commun-avec-les-publics\\\/#breadcrumb\",\"itemListElement\":[{\"@type\":\"ListItem\",\"position\":1,\"name\":\"Accueil\",\"item\":\"https:\\\/\\\/hierostrasbourg.com\\\/\"},{\"@type\":\"ListItem\",\"position\":2,\"name\":\"Spectacle vivant: \u00abNous devons cr\u00e9er un r\u00e9cit commun avec les publics\u00bb\"}]},{\"@type\":\"WebSite\",\"@id\":\"https:\\\/\\\/hierostrasbourg.com\\\/#website\",\"url\":\"https:\\\/\\\/hierostrasbourg.com\\\/\",\"name\":\"HIERO STRASBOURG\",\"description\":\"Centre de Ressources Musiques Actuelles\",\"publisher\":{\"@id\":\"https:\\\/\\\/hierostrasbourg.com\\\/#organization\"},\"potentialAction\":[{\"@type\":\"SearchAction\",\"target\":{\"@type\":\"EntryPoint\",\"urlTemplate\":\"https:\\\/\\\/hierostrasbourg.com\\\/?s={search_term_string}\"},\"query-input\":{\"@type\":\"PropertyValueSpecification\",\"valueRequired\":true,\"valueName\":\"search_term_string\"}}],\"inLanguage\":\"fr-FR\"},{\"@type\":\"Organization\",\"@id\":\"https:\\\/\\\/hierostrasbourg.com\\\/#organization\",\"name\":\"F\u00e9d\u00e9ration Hi\u00e9ro Strasbourg\",\"url\":\"https:\\\/\\\/hierostrasbourg.com\\\/\",\"logo\":{\"@type\":\"ImageObject\",\"inLanguage\":\"fr-FR\",\"@id\":\"https:\\\/\\\/hierostrasbourg.com\\\/#\\\/schema\\\/logo\\\/image\\\/\",\"url\":\"https:\\\/\\\/hierostrasbourg.com\\\/wp-content\\\/uploads\\\/2026\\\/04\\\/logo-hiero-strasbourg.jpg\",\"contentUrl\":\"https:\\\/\\\/hierostrasbourg.com\\\/wp-content\\\/uploads\\\/2026\\\/04\\\/logo-hiero-strasbourg.jpg\",\"width\":204,\"height\":192,\"caption\":\"F\u00e9d\u00e9ration Hi\u00e9ro Strasbourg\"},\"image\":{\"@id\":\"https:\\\/\\\/hierostrasbourg.com\\\/#\\\/schema\\\/logo\\\/image\\\/\"},\"sameAs\":[\"https:\\\/\\\/www.facebook.com\\\/fedehierostrasbourg\",\"https:\\\/\\\/x.com\\\/hierostrasbourg\"]}]}<\/script>\n<!-- \/ Yoast SEO plugin. -->","yoast_head_json":{"title":"Spectacle vivant: \u00abNous devons cr\u00e9er un r\u00e9cit commun avec les publics\u00bb - HIERO STRASBOURG","robots":{"index":"index","follow":"follow","max-snippet":"max-snippet:-1","max-image-preview":"max-image-preview:large","max-video-preview":"max-video-preview:-1"},"canonical":"https:\/\/hierostrasbourg.com\/index.php\/2022\/07\/17\/spectacle-vivant-nous-devons-creer-un-recit-commun-avec-les-publics\/","og_locale":"fr_FR","og_type":"article","og_title":"Spectacle vivant: \u00abNous devons cr\u00e9er un r\u00e9cit commun avec les publics\u00bb - HIERO STRASBOURG","og_description":"Le spectacle vivant joue-t-il encore son r\u00f4le politique fondateur? Une tribune d\u2019Angeline Barth, pr\u00e9sidente de l\u2019Afdas. Le 12 juillet, en partenariat avec le Festival d\u2019Avignon et Avignon Universit\u00e9, l\u2019Afdas\u00a0organisera\u00a0le premier Forum de l\u2019inclusion \u00e9conomique\u00a0dans la culture et les industries cr\u00e9atives.\u00a0Lib\u00e9ration, partenaire de l\u2019\u00e9v\u00e9nement, publiera sur son site tribunes, reportages et enqu\u00eates sur le sujet. Source \/ Lire la suite : Spectacle vivant: \u00abNous devons cr\u00e9er un r\u00e9cit commun avec les publics\u00bb L\u2019article Spectacle vivant: \u00abNous devons cr\u00e9er un r\u00e9cit commun [&hellip;]","og_url":"https:\/\/hierostrasbourg.com\/index.php\/2022\/07\/17\/spectacle-vivant-nous-devons-creer-un-recit-commun-avec-les-publics\/","og_site_name":"HIERO STRASBOURG","article_publisher":"https:\/\/www.facebook.com\/fedehierostrasbourg","article_published_time":"2022-07-17T10:34:07+00:00","twitter_card":"summary_large_image","twitter_creator":"@hierostrasbourg","twitter_site":"@hierostrasbourg","twitter_misc":{"Dur\u00e9e de lecture estim\u00e9e":"1 minute"},"schema":{"@context":"https:\/\/schema.org","@graph":[{"@type":"Article","@id":"https:\/\/hierostrasbourg.com\/index.php\/2022\/07\/17\/spectacle-vivant-nous-devons-creer-un-recit-commun-avec-les-publics\/#article","isPartOf":{"@id":"https:\/\/hierostrasbourg.com\/index.php\/2022\/07\/17\/spectacle-vivant-nous-devons-creer-un-recit-commun-avec-les-publics\/"},"author":{"name":"","@id":""},"headline":"Spectacle vivant: \u00abNous devons cr\u00e9er un r\u00e9cit commun avec les publics\u00bb","datePublished":"2022-07-17T10:34:07+00:00","mainEntityOfPage":{"@id":"https:\/\/hierostrasbourg.com\/index.php\/2022\/07\/17\/spectacle-vivant-nous-devons-creer-un-recit-commun-avec-les-publics\/"},"wordCount":146,"publisher":{"@id":"https:\/\/hierostrasbourg.com\/#organization"},"inLanguage":"fr-FR"},{"@type":"WebPage","@id":"https:\/\/hierostrasbourg.com\/index.php\/2022\/07\/17\/spectacle-vivant-nous-devons-creer-un-recit-commun-avec-les-publics\/","url":"https:\/\/hierostrasbourg.com\/index.php\/2022\/07\/17\/spectacle-vivant-nous-devons-creer-un-recit-commun-avec-les-publics\/","name":"Spectacle vivant: \u00abNous devons cr\u00e9er un r\u00e9cit commun avec les publics\u00bb - HIERO STRASBOURG","isPartOf":{"@id":"https:\/\/hierostrasbourg.com\/#website"},"datePublished":"2022-07-17T10:34:07+00:00","breadcrumb":{"@id":"https:\/\/hierostrasbourg.com\/index.php\/2022\/07\/17\/spectacle-vivant-nous-devons-creer-un-recit-commun-avec-les-publics\/#breadcrumb"},"inLanguage":"fr-FR","potentialAction":[{"@type":"ReadAction","target":["https:\/\/hierostrasbourg.com\/index.php\/2022\/07\/17\/spectacle-vivant-nous-devons-creer-un-recit-commun-avec-les-publics\/"]}]},{"@type":"BreadcrumbList","@id":"https:\/\/hierostrasbourg.com\/index.php\/2022\/07\/17\/spectacle-vivant-nous-devons-creer-un-recit-commun-avec-les-publics\/#breadcrumb","itemListElement":[{"@type":"ListItem","position":1,"name":"Accueil","item":"https:\/\/hierostrasbourg.com\/"},{"@type":"ListItem","position":2,"name":"Spectacle vivant: \u00abNous devons cr\u00e9er un r\u00e9cit commun avec les publics\u00bb"}]},{"@type":"WebSite","@id":"https:\/\/hierostrasbourg.com\/#website","url":"https:\/\/hierostrasbourg.com\/","name":"HIERO STRASBOURG","description":"Centre de Ressources Musiques Actuelles","publisher":{"@id":"https:\/\/hierostrasbourg.com\/#organization"},"potentialAction":[{"@type":"SearchAction","target":{"@type":"EntryPoint","urlTemplate":"https:\/\/hierostrasbourg.com\/?s={search_term_string}"},"query-input":{"@type":"PropertyValueSpecification","valueRequired":true,"valueName":"search_term_string"}}],"inLanguage":"fr-FR"},{"@type":"Organization","@id":"https:\/\/hierostrasbourg.com\/#organization","name":"F\u00e9d\u00e9ration Hi\u00e9ro Strasbourg","url":"https:\/\/hierostrasbourg.com\/","logo":{"@type":"ImageObject","inLanguage":"fr-FR","@id":"https:\/\/hierostrasbourg.com\/#\/schema\/logo\/image\/","url":"https:\/\/hierostrasbourg.com\/wp-content\/uploads\/2026\/04\/logo-hiero-strasbourg.jpg","contentUrl":"https:\/\/hierostrasbourg.com\/wp-content\/uploads\/2026\/04\/logo-hiero-strasbourg.jpg","width":204,"height":192,"caption":"F\u00e9d\u00e9ration Hi\u00e9ro Strasbourg"},"image":{"@id":"https:\/\/hierostrasbourg.com\/#\/schema\/logo\/image\/"},"sameAs":["https:\/\/www.facebook.com\/fedehierostrasbourg","https:\/\/x.com\/hierostrasbourg"]}]}},"_links":{"self":[{"href":"https:\/\/hierostrasbourg.com\/index.php\/wp-json\/wp\/v2\/posts\/3250","targetHints":{"allow":["GET"]}}],"collection":[{"href":"https:\/\/hierostrasbourg.com\/index.php\/wp-json\/wp\/v2\/posts"}],"about":[{"href":"https:\/\/hierostrasbourg.com\/index.php\/wp-json\/wp\/v2\/types\/post"}],"replies":[{"embeddable":true,"href":"https:\/\/hierostrasbourg.com\/index.php\/wp-json\/wp\/v2\/comments?post=3250"}],"version-history":[{"count":0,"href":"https:\/\/hierostrasbourg.com\/index.php\/wp-json\/wp\/v2\/posts\/3250\/revisions"}],"wp:attachment":[{"href":"https:\/\/hierostrasbourg.com\/index.php\/wp-json\/wp\/v2\/media?parent=3250"}],"wp:term":[{"taxonomy":"category","embeddable":true,"href":"https:\/\/hierostrasbourg.com\/index.php\/wp-json\/wp\/v2\/categories?post=3250"},{"taxonomy":"post_tag","embeddable":true,"href":"https:\/\/hierostrasbourg.com\/index.php\/wp-json\/wp\/v2\/tags?post=3250"}],"curies":[{"name":"wp","href":"https:\/\/api.w.org\/{rel}","templated":true}]}}