{"id":3243,"date":"2022-07-17T12:34:07","date_gmt":"2022-07-17T10:34:07","guid":{"rendered":"https:\/\/hierostrasbourg.com\/index.php\/2022\/07\/17\/la-carte-collaborative-des-festivals-de-musique-independants-et-ecolos-2\/"},"modified":"2022-07-17T12:34:07","modified_gmt":"2022-07-17T10:34:07","slug":"la-carte-collaborative-des-festivals-de-musique-independants-et-ecolos-2","status":"publish","type":"post","link":"https:\/\/hierostrasbourg.com\/index.php\/2022\/07\/17\/la-carte-collaborative-des-festivals-de-musique-independants-et-ecolos-2\/","title":{"rendered":"La carte collaborative des festivals de musique ind\u00e9pendants et \u00e9colos"},"content":{"rendered":"<p><a href=\"https:\/\/musiquesactuelles.alsace\/la-carte-collaborative-des-festivals-de-musique-independants-et-ecolos\/\" title=\"La carte collaborative des festivals de musique ind\u00e9pendants et \u00e9colos\"><\/a><\/p>\n<p>Cet \u00e9t\u00e9, vous voulez vous \u00e9clater sans faire sa f\u00eate au climat ? Vert a concoct\u00e9 pour vous une carte des festivals ind\u00e9pendants engag\u00e9s, que vous pourrez nous aider \u00e0 compl\u00e9ter. Source \/ Lire la suite : La carte collaborative des festivals de musique ind\u00e9pendants et \u00e9colos<\/p>\n<p>L\u2019article <a href=\"https:\/\/musiquesactuelles.alsace\/la-carte-collaborative-des-festivals-de-musique-independants-et-ecolos\/\">La carte collaborative des festivals de musique ind\u00e9pendants et \u00e9colos<\/a> est apparu en premier sur <a href=\"https:\/\/musiquesactuelles.alsace\/\">Musiques Actuelles en Alsace<\/a>.<\/p>\n<p>L\u2019article <a href=\"https:\/\/popburo.fr\/la-carte-collaborative-des-festivals-de-musique-independants-et-ecolos-2\/\">La carte collaborative des festivals de musique ind\u00e9pendants et \u00e9colos<\/a> est apparu en premier sur <a href=\"https:\/\/popburo.fr\/\">POP B\u00dcRO<\/a>.<\/p>\n","protected":false},"excerpt":{"rendered":"<p>Cet \u00e9t\u00e9, vous voulez vous \u00e9clater sans faire sa f\u00eate au climat ? Vert a concoct\u00e9 pour vous une carte des festivals ind\u00e9pendants engag\u00e9s, que vous pourrez nous aider \u00e0 compl\u00e9ter. Source \/ Lire la suite : La carte collaborative des festivals de musique ind\u00e9pendants et \u00e9colos L\u2019article La carte collaborative des festivals de musique ind\u00e9pendants et \u00e9colos est apparu en premier sur Musiques Actuelles en Alsace. L\u2019article La carte collaborative des festivals de musique ind\u00e9pendants et \u00e9colos est apparu [&hellip;]<\/p>\n","protected":false},"author":0,"featured_media":0,"comment_status":"closed","ping_status":"open","sticky":false,"template":"","format":"standard","meta":{"footnotes":""},"categories":[1],"tags":[],"class_list":["post-3243","post","type-post","status-publish","format-standard","hentry","category-non-classe"],"yoast_head":"<!-- This site is optimized with the Yoast SEO plugin v27.5 - https:\/\/yoast.com\/product\/yoast-seo-wordpress\/ -->\n<title>La carte collaborative des festivals de musique ind\u00e9pendants et \u00e9colos - HIERO STRASBOURG<\/title>\n<meta name=\"robots\" content=\"index, follow, max-snippet:-1, max-image-preview:large, max-video-preview:-1\" \/>\n<link rel=\"canonical\" href=\"https:\/\/hierostrasbourg.com\/index.php\/2022\/07\/17\/la-carte-collaborative-des-festivals-de-musique-independants-et-ecolos-2\/\" \/>\n<meta property=\"og:locale\" content=\"fr_FR\" \/>\n<meta property=\"og:type\" content=\"article\" \/>\n<meta property=\"og:title\" content=\"La carte collaborative des festivals de musique ind\u00e9pendants et \u00e9colos - HIERO STRASBOURG\" \/>\n<meta property=\"og:description\" content=\"Cet \u00e9t\u00e9, vous voulez vous \u00e9clater sans faire sa f\u00eate au climat ? Vert a concoct\u00e9 pour vous une carte des festivals ind\u00e9pendants engag\u00e9s, que vous pourrez nous aider \u00e0 compl\u00e9ter. Source \/ Lire la suite : La carte collaborative des festivals de musique ind\u00e9pendants et \u00e9colos L\u2019article La carte collaborative des festivals de musique ind\u00e9pendants et \u00e9colos est apparu en premier sur Musiques Actuelles en Alsace. L\u2019article La carte collaborative des festivals de musique ind\u00e9pendants et \u00e9colos est apparu [&hellip;]\" \/>\n<meta property=\"og:url\" content=\"https:\/\/hierostrasbourg.com\/index.php\/2022\/07\/17\/la-carte-collaborative-des-festivals-de-musique-independants-et-ecolos-2\/\" \/>\n<meta property=\"og:site_name\" content=\"HIERO STRASBOURG\" \/>\n<meta property=\"article:publisher\" content=\"https:\/\/www.facebook.com\/fedehierostrasbourg\" \/>\n<meta property=\"article:published_time\" content=\"2022-07-17T10:34:07+00:00\" \/>\n<meta name=\"twitter:card\" content=\"summary_large_image\" \/>\n<meta name=\"twitter:creator\" content=\"@hierostrasbourg\" \/>\n<meta name=\"twitter:site\" content=\"@hierostrasbourg\" \/>\n<script type=\"application\/ld+json\" class=\"yoast-schema-graph\">{\"@context\":\"https:\\\/\\\/schema.org\",\"@graph\":[{\"@type\":\"Article\",\"@id\":\"https:\\\/\\\/hierostrasbourg.com\\\/index.php\\\/2022\\\/07\\\/17\\\/la-carte-collaborative-des-festivals-de-musique-independants-et-ecolos-2\\\/#article\",\"isPartOf\":{\"@id\":\"https:\\\/\\\/hierostrasbourg.com\\\/index.php\\\/2022\\\/07\\\/17\\\/la-carte-collaborative-des-festivals-de-musique-independants-et-ecolos-2\\\/\"},\"author\":{\"name\":\"\",\"@id\":\"\"},\"headline\":\"La carte collaborative des festivals de musique ind\u00e9pendants et \u00e9colos\",\"datePublished\":\"2022-07-17T10:34:07+00:00\",\"mainEntityOfPage\":{\"@id\":\"https:\\\/\\\/hierostrasbourg.com\\\/index.php\\\/2022\\\/07\\\/17\\\/la-carte-collaborative-des-festivals-de-musique-independants-et-ecolos-2\\\/\"},\"wordCount\":102,\"publisher\":{\"@id\":\"https:\\\/\\\/hierostrasbourg.com\\\/#organization\"},\"inLanguage\":\"fr-FR\"},{\"@type\":\"WebPage\",\"@id\":\"https:\\\/\\\/hierostrasbourg.com\\\/index.php\\\/2022\\\/07\\\/17\\\/la-carte-collaborative-des-festivals-de-musique-independants-et-ecolos-2\\\/\",\"url\":\"https:\\\/\\\/hierostrasbourg.com\\\/index.php\\\/2022\\\/07\\\/17\\\/la-carte-collaborative-des-festivals-de-musique-independants-et-ecolos-2\\\/\",\"name\":\"La carte collaborative des festivals de musique ind\u00e9pendants et \u00e9colos - HIERO STRASBOURG\",\"isPartOf\":{\"@id\":\"https:\\\/\\\/hierostrasbourg.com\\\/#website\"},\"datePublished\":\"2022-07-17T10:34:07+00:00\",\"breadcrumb\":{\"@id\":\"https:\\\/\\\/hierostrasbourg.com\\\/index.php\\\/2022\\\/07\\\/17\\\/la-carte-collaborative-des-festivals-de-musique-independants-et-ecolos-2\\\/#breadcrumb\"},\"inLanguage\":\"fr-FR\",\"potentialAction\":[{\"@type\":\"ReadAction\",\"target\":[\"https:\\\/\\\/hierostrasbourg.com\\\/index.php\\\/2022\\\/07\\\/17\\\/la-carte-collaborative-des-festivals-de-musique-independants-et-ecolos-2\\\/\"]}]},{\"@type\":\"BreadcrumbList\",\"@id\":\"https:\\\/\\\/hierostrasbourg.com\\\/index.php\\\/2022\\\/07\\\/17\\\/la-carte-collaborative-des-festivals-de-musique-independants-et-ecolos-2\\\/#breadcrumb\",\"itemListElement\":[{\"@type\":\"ListItem\",\"position\":1,\"name\":\"Accueil\",\"item\":\"https:\\\/\\\/hierostrasbourg.com\\\/\"},{\"@type\":\"ListItem\",\"position\":2,\"name\":\"La carte collaborative des festivals de musique ind\u00e9pendants et \u00e9colos\"}]},{\"@type\":\"WebSite\",\"@id\":\"https:\\\/\\\/hierostrasbourg.com\\\/#website\",\"url\":\"https:\\\/\\\/hierostrasbourg.com\\\/\",\"name\":\"HIERO STRASBOURG\",\"description\":\"Centre de Ressources Musiques Actuelles\",\"publisher\":{\"@id\":\"https:\\\/\\\/hierostrasbourg.com\\\/#organization\"},\"potentialAction\":[{\"@type\":\"SearchAction\",\"target\":{\"@type\":\"EntryPoint\",\"urlTemplate\":\"https:\\\/\\\/hierostrasbourg.com\\\/?s={search_term_string}\"},\"query-input\":{\"@type\":\"PropertyValueSpecification\",\"valueRequired\":true,\"valueName\":\"search_term_string\"}}],\"inLanguage\":\"fr-FR\"},{\"@type\":\"Organization\",\"@id\":\"https:\\\/\\\/hierostrasbourg.com\\\/#organization\",\"name\":\"F\u00e9d\u00e9ration Hi\u00e9ro Strasbourg\",\"url\":\"https:\\\/\\\/hierostrasbourg.com\\\/\",\"logo\":{\"@type\":\"ImageObject\",\"inLanguage\":\"fr-FR\",\"@id\":\"https:\\\/\\\/hierostrasbourg.com\\\/#\\\/schema\\\/logo\\\/image\\\/\",\"url\":\"https:\\\/\\\/hierostrasbourg.com\\\/wp-content\\\/uploads\\\/2026\\\/04\\\/logo-hiero-strasbourg.jpg\",\"contentUrl\":\"https:\\\/\\\/hierostrasbourg.com\\\/wp-content\\\/uploads\\\/2026\\\/04\\\/logo-hiero-strasbourg.jpg\",\"width\":204,\"height\":192,\"caption\":\"F\u00e9d\u00e9ration Hi\u00e9ro Strasbourg\"},\"image\":{\"@id\":\"https:\\\/\\\/hierostrasbourg.com\\\/#\\\/schema\\\/logo\\\/image\\\/\"},\"sameAs\":[\"https:\\\/\\\/www.facebook.com\\\/fedehierostrasbourg\",\"https:\\\/\\\/x.com\\\/hierostrasbourg\"]}]}<\/script>\n<!-- \/ Yoast SEO plugin. -->","yoast_head_json":{"title":"La carte collaborative des festivals de musique ind\u00e9pendants et \u00e9colos - HIERO STRASBOURG","robots":{"index":"index","follow":"follow","max-snippet":"max-snippet:-1","max-image-preview":"max-image-preview:large","max-video-preview":"max-video-preview:-1"},"canonical":"https:\/\/hierostrasbourg.com\/index.php\/2022\/07\/17\/la-carte-collaborative-des-festivals-de-musique-independants-et-ecolos-2\/","og_locale":"fr_FR","og_type":"article","og_title":"La carte collaborative des festivals de musique ind\u00e9pendants et \u00e9colos - HIERO STRASBOURG","og_description":"Cet \u00e9t\u00e9, vous voulez vous \u00e9clater sans faire sa f\u00eate au climat ? Vert a concoct\u00e9 pour vous une carte des festivals ind\u00e9pendants engag\u00e9s, que vous pourrez nous aider \u00e0 compl\u00e9ter. Source \/ Lire la suite : La carte collaborative des festivals de musique ind\u00e9pendants et \u00e9colos L\u2019article La carte collaborative des festivals de musique ind\u00e9pendants et \u00e9colos est apparu en premier sur Musiques Actuelles en Alsace. L\u2019article La carte collaborative des festivals de musique ind\u00e9pendants et \u00e9colos est apparu [&hellip;]","og_url":"https:\/\/hierostrasbourg.com\/index.php\/2022\/07\/17\/la-carte-collaborative-des-festivals-de-musique-independants-et-ecolos-2\/","og_site_name":"HIERO STRASBOURG","article_publisher":"https:\/\/www.facebook.com\/fedehierostrasbourg","article_published_time":"2022-07-17T10:34:07+00:00","twitter_card":"summary_large_image","twitter_creator":"@hierostrasbourg","twitter_site":"@hierostrasbourg","schema":{"@context":"https:\/\/schema.org","@graph":[{"@type":"Article","@id":"https:\/\/hierostrasbourg.com\/index.php\/2022\/07\/17\/la-carte-collaborative-des-festivals-de-musique-independants-et-ecolos-2\/#article","isPartOf":{"@id":"https:\/\/hierostrasbourg.com\/index.php\/2022\/07\/17\/la-carte-collaborative-des-festivals-de-musique-independants-et-ecolos-2\/"},"author":{"name":"","@id":""},"headline":"La carte collaborative des festivals de musique ind\u00e9pendants et \u00e9colos","datePublished":"2022-07-17T10:34:07+00:00","mainEntityOfPage":{"@id":"https:\/\/hierostrasbourg.com\/index.php\/2022\/07\/17\/la-carte-collaborative-des-festivals-de-musique-independants-et-ecolos-2\/"},"wordCount":102,"publisher":{"@id":"https:\/\/hierostrasbourg.com\/#organization"},"inLanguage":"fr-FR"},{"@type":"WebPage","@id":"https:\/\/hierostrasbourg.com\/index.php\/2022\/07\/17\/la-carte-collaborative-des-festivals-de-musique-independants-et-ecolos-2\/","url":"https:\/\/hierostrasbourg.com\/index.php\/2022\/07\/17\/la-carte-collaborative-des-festivals-de-musique-independants-et-ecolos-2\/","name":"La carte collaborative des festivals de musique ind\u00e9pendants et \u00e9colos - HIERO STRASBOURG","isPartOf":{"@id":"https:\/\/hierostrasbourg.com\/#website"},"datePublished":"2022-07-17T10:34:07+00:00","breadcrumb":{"@id":"https:\/\/hierostrasbourg.com\/index.php\/2022\/07\/17\/la-carte-collaborative-des-festivals-de-musique-independants-et-ecolos-2\/#breadcrumb"},"inLanguage":"fr-FR","potentialAction":[{"@type":"ReadAction","target":["https:\/\/hierostrasbourg.com\/index.php\/2022\/07\/17\/la-carte-collaborative-des-festivals-de-musique-independants-et-ecolos-2\/"]}]},{"@type":"BreadcrumbList","@id":"https:\/\/hierostrasbourg.com\/index.php\/2022\/07\/17\/la-carte-collaborative-des-festivals-de-musique-independants-et-ecolos-2\/#breadcrumb","itemListElement":[{"@type":"ListItem","position":1,"name":"Accueil","item":"https:\/\/hierostrasbourg.com\/"},{"@type":"ListItem","position":2,"name":"La carte collaborative des festivals de musique ind\u00e9pendants et \u00e9colos"}]},{"@type":"WebSite","@id":"https:\/\/hierostrasbourg.com\/#website","url":"https:\/\/hierostrasbourg.com\/","name":"HIERO STRASBOURG","description":"Centre de Ressources Musiques Actuelles","publisher":{"@id":"https:\/\/hierostrasbourg.com\/#organization"},"potentialAction":[{"@type":"SearchAction","target":{"@type":"EntryPoint","urlTemplate":"https:\/\/hierostrasbourg.com\/?s={search_term_string}"},"query-input":{"@type":"PropertyValueSpecification","valueRequired":true,"valueName":"search_term_string"}}],"inLanguage":"fr-FR"},{"@type":"Organization","@id":"https:\/\/hierostrasbourg.com\/#organization","name":"F\u00e9d\u00e9ration Hi\u00e9ro Strasbourg","url":"https:\/\/hierostrasbourg.com\/","logo":{"@type":"ImageObject","inLanguage":"fr-FR","@id":"https:\/\/hierostrasbourg.com\/#\/schema\/logo\/image\/","url":"https:\/\/hierostrasbourg.com\/wp-content\/uploads\/2026\/04\/logo-hiero-strasbourg.jpg","contentUrl":"https:\/\/hierostrasbourg.com\/wp-content\/uploads\/2026\/04\/logo-hiero-strasbourg.jpg","width":204,"height":192,"caption":"F\u00e9d\u00e9ration Hi\u00e9ro Strasbourg"},"image":{"@id":"https:\/\/hierostrasbourg.com\/#\/schema\/logo\/image\/"},"sameAs":["https:\/\/www.facebook.com\/fedehierostrasbourg","https:\/\/x.com\/hierostrasbourg"]}]}},"_links":{"self":[{"href":"https:\/\/hierostrasbourg.com\/index.php\/wp-json\/wp\/v2\/posts\/3243","targetHints":{"allow":["GET"]}}],"collection":[{"href":"https:\/\/hierostrasbourg.com\/index.php\/wp-json\/wp\/v2\/posts"}],"about":[{"href":"https:\/\/hierostrasbourg.com\/index.php\/wp-json\/wp\/v2\/types\/post"}],"replies":[{"embeddable":true,"href":"https:\/\/hierostrasbourg.com\/index.php\/wp-json\/wp\/v2\/comments?post=3243"}],"version-history":[{"count":0,"href":"https:\/\/hierostrasbourg.com\/index.php\/wp-json\/wp\/v2\/posts\/3243\/revisions"}],"wp:attachment":[{"href":"https:\/\/hierostrasbourg.com\/index.php\/wp-json\/wp\/v2\/media?parent=3243"}],"wp:term":[{"taxonomy":"category","embeddable":true,"href":"https:\/\/hierostrasbourg.com\/index.php\/wp-json\/wp\/v2\/categories?post=3243"},{"taxonomy":"post_tag","embeddable":true,"href":"https:\/\/hierostrasbourg.com\/index.php\/wp-json\/wp\/v2\/tags?post=3243"}],"curies":[{"name":"wp","href":"https:\/\/api.w.org\/{rel}","templated":true}]}}