{"id":3232,"date":"2022-07-17T10:33:32","date_gmt":"2022-07-17T08:33:32","guid":{"rendered":"https:\/\/hierostrasbourg.com\/index.php\/2022\/07\/17\/la-course-au-gigantisme-des-festivals-de-musique-francais-augmente-leur-impact-ecologique-de-maniere-exponentielle-2\/"},"modified":"2022-07-17T10:33:32","modified_gmt":"2022-07-17T08:33:32","slug":"la-course-au-gigantisme-des-festivals-de-musique-francais-augmente-leur-impact-ecologique-de-maniere-exponentielle-2","status":"publish","type":"post","link":"https:\/\/hierostrasbourg.com\/index.php\/2022\/07\/17\/la-course-au-gigantisme-des-festivals-de-musique-francais-augmente-leur-impact-ecologique-de-maniere-exponentielle-2\/","title":{"rendered":"\u00ab La course au gigantisme des festivals de musique fran\u00e7ais augmente leur impact \u00e9cologique de mani\u00e8re exponentielle \u00bb"},"content":{"rendered":"<p><em>Hellfest, Vieilles Charrues, Eurock\u00e9ennes de Belfort\u2026 La croissance des grands festivals n\u2019est plus adapt\u00e9e aux enjeux climatiques et fragilise l\u2019\u00e9cosyst\u00e8me qui les entoure, estiment des consultants et des militants en faveur d\u2019une transition \u00e9cologique du secteur culturel, dans une tribune au \u00ab Monde \u00bb.<\/em><\/p>\n<p>Source \/ Lire la suite : <a href=\"https:\/\/www.lemonde.fr\/idees\/article\/2022\/07\/17\/la-course-au-gigantisme-des-festivals-de-musique-francais-augmente-leur-impact-ecologique-de-maniere-exponentielle_6135070_3232.html\">\u00ab La course au gigantisme des festivals de musique fran\u00e7ais augmente leur impact \u00e9cologique de mani\u00e8re exponentielle \u00bb<\/a><\/p>\n<p>L\u2019article <a href=\"https:\/\/popburo.fr\/la-course-au-gigantisme-des-festivals-de-musique-francais-augmente-leur-impact-ecologique-de-maniere-exponentielle\/\">\u00ab La course au gigantisme des festivals de musique fran\u00e7ais augmente leur impact \u00e9cologique de mani\u00e8re exponentielle \u00bb<\/a> est apparu en premier sur <a href=\"https:\/\/popburo.fr\/\">POP B\u00dcRO<\/a>.<\/p>\n","protected":false},"excerpt":{"rendered":"<p>Hellfest, Vieilles Charrues, Eurock\u00e9ennes de Belfort\u2026 La croissance des grands festivals n\u2019est plus adapt\u00e9e aux enjeux climatiques et fragilise l\u2019\u00e9cosyst\u00e8me qui les entoure, estiment des consultants et des militants en faveur d\u2019une transition \u00e9cologique du secteur culturel, dans une tribune au \u00ab Monde \u00bb. Source \/ Lire la suite : \u00ab La course au gigantisme des festivals de musique fran\u00e7ais augmente leur impact \u00e9cologique de mani\u00e8re exponentielle \u00bb L\u2019article \u00ab La course au gigantisme des festivals de musique fran\u00e7ais augmente [&hellip;]<\/p>\n","protected":false},"author":0,"featured_media":0,"comment_status":"closed","ping_status":"open","sticky":false,"template":"","format":"standard","meta":{"footnotes":""},"categories":[1],"tags":[],"class_list":["post-3232","post","type-post","status-publish","format-standard","hentry","category-non-classe"],"yoast_head":"<!-- This site is optimized with the Yoast SEO plugin v27.5 - https:\/\/yoast.com\/product\/yoast-seo-wordpress\/ -->\n<title>\u00ab La course au gigantisme des festivals de musique fran\u00e7ais augmente leur impact \u00e9cologique de mani\u00e8re exponentielle \u00bb - HIERO STRASBOURG<\/title>\n<meta name=\"robots\" content=\"index, follow, max-snippet:-1, max-image-preview:large, max-video-preview:-1\" \/>\n<link rel=\"canonical\" href=\"https:\/\/hierostrasbourg.com\/index.php\/2022\/07\/17\/la-course-au-gigantisme-des-festivals-de-musique-francais-augmente-leur-impact-ecologique-de-maniere-exponentielle-2\/\" \/>\n<meta property=\"og:locale\" content=\"fr_FR\" \/>\n<meta property=\"og:type\" content=\"article\" \/>\n<meta property=\"og:title\" content=\"\u00ab La course au gigantisme des festivals de musique fran\u00e7ais augmente leur impact \u00e9cologique de mani\u00e8re exponentielle \u00bb - HIERO STRASBOURG\" \/>\n<meta property=\"og:description\" content=\"Hellfest, Vieilles Charrues, Eurock\u00e9ennes de Belfort\u2026 La croissance des grands festivals n\u2019est plus adapt\u00e9e aux enjeux climatiques et fragilise l\u2019\u00e9cosyst\u00e8me qui les entoure, estiment des consultants et des militants en faveur d\u2019une transition \u00e9cologique du secteur culturel, dans une tribune au \u00ab Monde \u00bb. Source \/ Lire la suite : \u00ab La course au gigantisme des festivals de musique fran\u00e7ais augmente leur impact \u00e9cologique de mani\u00e8re exponentielle \u00bb L\u2019article \u00ab La course au gigantisme des festivals de musique fran\u00e7ais augmente [&hellip;]\" \/>\n<meta property=\"og:url\" content=\"https:\/\/hierostrasbourg.com\/index.php\/2022\/07\/17\/la-course-au-gigantisme-des-festivals-de-musique-francais-augmente-leur-impact-ecologique-de-maniere-exponentielle-2\/\" \/>\n<meta property=\"og:site_name\" content=\"HIERO STRASBOURG\" \/>\n<meta property=\"article:publisher\" content=\"https:\/\/www.facebook.com\/fedehierostrasbourg\" \/>\n<meta property=\"article:published_time\" content=\"2022-07-17T08:33:32+00:00\" \/>\n<meta name=\"twitter:card\" content=\"summary_large_image\" \/>\n<meta name=\"twitter:creator\" content=\"@hierostrasbourg\" \/>\n<meta name=\"twitter:site\" content=\"@hierostrasbourg\" \/>\n<script type=\"application\/ld+json\" class=\"yoast-schema-graph\">{\"@context\":\"https:\\\/\\\/schema.org\",\"@graph\":[{\"@type\":\"Article\",\"@id\":\"https:\\\/\\\/hierostrasbourg.com\\\/index.php\\\/2022\\\/07\\\/17\\\/la-course-au-gigantisme-des-festivals-de-musique-francais-augmente-leur-impact-ecologique-de-maniere-exponentielle-2\\\/#article\",\"isPartOf\":{\"@id\":\"https:\\\/\\\/hierostrasbourg.com\\\/index.php\\\/2022\\\/07\\\/17\\\/la-course-au-gigantisme-des-festivals-de-musique-francais-augmente-leur-impact-ecologique-de-maniere-exponentielle-2\\\/\"},\"author\":{\"name\":\"\",\"@id\":\"\"},\"headline\":\"\u00ab La course au gigantisme des festivals de musique fran\u00e7ais augmente leur impact \u00e9cologique de mani\u00e8re exponentielle \u00bb\",\"datePublished\":\"2022-07-17T08:33:32+00:00\",\"mainEntityOfPage\":{\"@id\":\"https:\\\/\\\/hierostrasbourg.com\\\/index.php\\\/2022\\\/07\\\/17\\\/la-course-au-gigantisme-des-festivals-de-musique-francais-augmente-leur-impact-ecologique-de-maniere-exponentielle-2\\\/\"},\"wordCount\":116,\"publisher\":{\"@id\":\"https:\\\/\\\/hierostrasbourg.com\\\/#organization\"},\"inLanguage\":\"fr-FR\"},{\"@type\":\"WebPage\",\"@id\":\"https:\\\/\\\/hierostrasbourg.com\\\/index.php\\\/2022\\\/07\\\/17\\\/la-course-au-gigantisme-des-festivals-de-musique-francais-augmente-leur-impact-ecologique-de-maniere-exponentielle-2\\\/\",\"url\":\"https:\\\/\\\/hierostrasbourg.com\\\/index.php\\\/2022\\\/07\\\/17\\\/la-course-au-gigantisme-des-festivals-de-musique-francais-augmente-leur-impact-ecologique-de-maniere-exponentielle-2\\\/\",\"name\":\"\u00ab La course au gigantisme des festivals de musique fran\u00e7ais augmente leur impact \u00e9cologique de mani\u00e8re exponentielle \u00bb - HIERO STRASBOURG\",\"isPartOf\":{\"@id\":\"https:\\\/\\\/hierostrasbourg.com\\\/#website\"},\"datePublished\":\"2022-07-17T08:33:32+00:00\",\"breadcrumb\":{\"@id\":\"https:\\\/\\\/hierostrasbourg.com\\\/index.php\\\/2022\\\/07\\\/17\\\/la-course-au-gigantisme-des-festivals-de-musique-francais-augmente-leur-impact-ecologique-de-maniere-exponentielle-2\\\/#breadcrumb\"},\"inLanguage\":\"fr-FR\",\"potentialAction\":[{\"@type\":\"ReadAction\",\"target\":[\"https:\\\/\\\/hierostrasbourg.com\\\/index.php\\\/2022\\\/07\\\/17\\\/la-course-au-gigantisme-des-festivals-de-musique-francais-augmente-leur-impact-ecologique-de-maniere-exponentielle-2\\\/\"]}]},{\"@type\":\"BreadcrumbList\",\"@id\":\"https:\\\/\\\/hierostrasbourg.com\\\/index.php\\\/2022\\\/07\\\/17\\\/la-course-au-gigantisme-des-festivals-de-musique-francais-augmente-leur-impact-ecologique-de-maniere-exponentielle-2\\\/#breadcrumb\",\"itemListElement\":[{\"@type\":\"ListItem\",\"position\":1,\"name\":\"Accueil\",\"item\":\"https:\\\/\\\/hierostrasbourg.com\\\/\"},{\"@type\":\"ListItem\",\"position\":2,\"name\":\"\u00ab La course au gigantisme des festivals de musique fran\u00e7ais augmente leur impact \u00e9cologique de mani\u00e8re exponentielle \u00bb\"}]},{\"@type\":\"WebSite\",\"@id\":\"https:\\\/\\\/hierostrasbourg.com\\\/#website\",\"url\":\"https:\\\/\\\/hierostrasbourg.com\\\/\",\"name\":\"HIERO STRASBOURG\",\"description\":\"Centre de Ressources Musiques Actuelles\",\"publisher\":{\"@id\":\"https:\\\/\\\/hierostrasbourg.com\\\/#organization\"},\"potentialAction\":[{\"@type\":\"SearchAction\",\"target\":{\"@type\":\"EntryPoint\",\"urlTemplate\":\"https:\\\/\\\/hierostrasbourg.com\\\/?s={search_term_string}\"},\"query-input\":{\"@type\":\"PropertyValueSpecification\",\"valueRequired\":true,\"valueName\":\"search_term_string\"}}],\"inLanguage\":\"fr-FR\"},{\"@type\":\"Organization\",\"@id\":\"https:\\\/\\\/hierostrasbourg.com\\\/#organization\",\"name\":\"F\u00e9d\u00e9ration Hi\u00e9ro Strasbourg\",\"url\":\"https:\\\/\\\/hierostrasbourg.com\\\/\",\"logo\":{\"@type\":\"ImageObject\",\"inLanguage\":\"fr-FR\",\"@id\":\"https:\\\/\\\/hierostrasbourg.com\\\/#\\\/schema\\\/logo\\\/image\\\/\",\"url\":\"https:\\\/\\\/hierostrasbourg.com\\\/wp-content\\\/uploads\\\/2026\\\/04\\\/logo-hiero-strasbourg.jpg\",\"contentUrl\":\"https:\\\/\\\/hierostrasbourg.com\\\/wp-content\\\/uploads\\\/2026\\\/04\\\/logo-hiero-strasbourg.jpg\",\"width\":204,\"height\":192,\"caption\":\"F\u00e9d\u00e9ration Hi\u00e9ro Strasbourg\"},\"image\":{\"@id\":\"https:\\\/\\\/hierostrasbourg.com\\\/#\\\/schema\\\/logo\\\/image\\\/\"},\"sameAs\":[\"https:\\\/\\\/www.facebook.com\\\/fedehierostrasbourg\",\"https:\\\/\\\/x.com\\\/hierostrasbourg\"]}]}<\/script>\n<!-- \/ Yoast SEO plugin. -->","yoast_head_json":{"title":"\u00ab La course au gigantisme des festivals de musique fran\u00e7ais augmente leur impact \u00e9cologique de mani\u00e8re exponentielle \u00bb - HIERO STRASBOURG","robots":{"index":"index","follow":"follow","max-snippet":"max-snippet:-1","max-image-preview":"max-image-preview:large","max-video-preview":"max-video-preview:-1"},"canonical":"https:\/\/hierostrasbourg.com\/index.php\/2022\/07\/17\/la-course-au-gigantisme-des-festivals-de-musique-francais-augmente-leur-impact-ecologique-de-maniere-exponentielle-2\/","og_locale":"fr_FR","og_type":"article","og_title":"\u00ab La course au gigantisme des festivals de musique fran\u00e7ais augmente leur impact \u00e9cologique de mani\u00e8re exponentielle \u00bb - HIERO STRASBOURG","og_description":"Hellfest, Vieilles Charrues, Eurock\u00e9ennes de Belfort\u2026 La croissance des grands festivals n\u2019est plus adapt\u00e9e aux enjeux climatiques et fragilise l\u2019\u00e9cosyst\u00e8me qui les entoure, estiment des consultants et des militants en faveur d\u2019une transition \u00e9cologique du secteur culturel, dans une tribune au \u00ab Monde \u00bb. Source \/ Lire la suite : \u00ab La course au gigantisme des festivals de musique fran\u00e7ais augmente leur impact \u00e9cologique de mani\u00e8re exponentielle \u00bb L\u2019article \u00ab La course au gigantisme des festivals de musique fran\u00e7ais augmente [&hellip;]","og_url":"https:\/\/hierostrasbourg.com\/index.php\/2022\/07\/17\/la-course-au-gigantisme-des-festivals-de-musique-francais-augmente-leur-impact-ecologique-de-maniere-exponentielle-2\/","og_site_name":"HIERO STRASBOURG","article_publisher":"https:\/\/www.facebook.com\/fedehierostrasbourg","article_published_time":"2022-07-17T08:33:32+00:00","twitter_card":"summary_large_image","twitter_creator":"@hierostrasbourg","twitter_site":"@hierostrasbourg","schema":{"@context":"https:\/\/schema.org","@graph":[{"@type":"Article","@id":"https:\/\/hierostrasbourg.com\/index.php\/2022\/07\/17\/la-course-au-gigantisme-des-festivals-de-musique-francais-augmente-leur-impact-ecologique-de-maniere-exponentielle-2\/#article","isPartOf":{"@id":"https:\/\/hierostrasbourg.com\/index.php\/2022\/07\/17\/la-course-au-gigantisme-des-festivals-de-musique-francais-augmente-leur-impact-ecologique-de-maniere-exponentielle-2\/"},"author":{"name":"","@id":""},"headline":"\u00ab La course au gigantisme des festivals de musique fran\u00e7ais augmente leur impact \u00e9cologique de mani\u00e8re exponentielle \u00bb","datePublished":"2022-07-17T08:33:32+00:00","mainEntityOfPage":{"@id":"https:\/\/hierostrasbourg.com\/index.php\/2022\/07\/17\/la-course-au-gigantisme-des-festivals-de-musique-francais-augmente-leur-impact-ecologique-de-maniere-exponentielle-2\/"},"wordCount":116,"publisher":{"@id":"https:\/\/hierostrasbourg.com\/#organization"},"inLanguage":"fr-FR"},{"@type":"WebPage","@id":"https:\/\/hierostrasbourg.com\/index.php\/2022\/07\/17\/la-course-au-gigantisme-des-festivals-de-musique-francais-augmente-leur-impact-ecologique-de-maniere-exponentielle-2\/","url":"https:\/\/hierostrasbourg.com\/index.php\/2022\/07\/17\/la-course-au-gigantisme-des-festivals-de-musique-francais-augmente-leur-impact-ecologique-de-maniere-exponentielle-2\/","name":"\u00ab La course au gigantisme des festivals de musique fran\u00e7ais augmente leur impact \u00e9cologique de mani\u00e8re exponentielle \u00bb - HIERO STRASBOURG","isPartOf":{"@id":"https:\/\/hierostrasbourg.com\/#website"},"datePublished":"2022-07-17T08:33:32+00:00","breadcrumb":{"@id":"https:\/\/hierostrasbourg.com\/index.php\/2022\/07\/17\/la-course-au-gigantisme-des-festivals-de-musique-francais-augmente-leur-impact-ecologique-de-maniere-exponentielle-2\/#breadcrumb"},"inLanguage":"fr-FR","potentialAction":[{"@type":"ReadAction","target":["https:\/\/hierostrasbourg.com\/index.php\/2022\/07\/17\/la-course-au-gigantisme-des-festivals-de-musique-francais-augmente-leur-impact-ecologique-de-maniere-exponentielle-2\/"]}]},{"@type":"BreadcrumbList","@id":"https:\/\/hierostrasbourg.com\/index.php\/2022\/07\/17\/la-course-au-gigantisme-des-festivals-de-musique-francais-augmente-leur-impact-ecologique-de-maniere-exponentielle-2\/#breadcrumb","itemListElement":[{"@type":"ListItem","position":1,"name":"Accueil","item":"https:\/\/hierostrasbourg.com\/"},{"@type":"ListItem","position":2,"name":"\u00ab La course au gigantisme des festivals de musique fran\u00e7ais augmente leur impact \u00e9cologique de mani\u00e8re exponentielle \u00bb"}]},{"@type":"WebSite","@id":"https:\/\/hierostrasbourg.com\/#website","url":"https:\/\/hierostrasbourg.com\/","name":"HIERO STRASBOURG","description":"Centre de Ressources Musiques Actuelles","publisher":{"@id":"https:\/\/hierostrasbourg.com\/#organization"},"potentialAction":[{"@type":"SearchAction","target":{"@type":"EntryPoint","urlTemplate":"https:\/\/hierostrasbourg.com\/?s={search_term_string}"},"query-input":{"@type":"PropertyValueSpecification","valueRequired":true,"valueName":"search_term_string"}}],"inLanguage":"fr-FR"},{"@type":"Organization","@id":"https:\/\/hierostrasbourg.com\/#organization","name":"F\u00e9d\u00e9ration Hi\u00e9ro Strasbourg","url":"https:\/\/hierostrasbourg.com\/","logo":{"@type":"ImageObject","inLanguage":"fr-FR","@id":"https:\/\/hierostrasbourg.com\/#\/schema\/logo\/image\/","url":"https:\/\/hierostrasbourg.com\/wp-content\/uploads\/2026\/04\/logo-hiero-strasbourg.jpg","contentUrl":"https:\/\/hierostrasbourg.com\/wp-content\/uploads\/2026\/04\/logo-hiero-strasbourg.jpg","width":204,"height":192,"caption":"F\u00e9d\u00e9ration Hi\u00e9ro Strasbourg"},"image":{"@id":"https:\/\/hierostrasbourg.com\/#\/schema\/logo\/image\/"},"sameAs":["https:\/\/www.facebook.com\/fedehierostrasbourg","https:\/\/x.com\/hierostrasbourg"]}]}},"_links":{"self":[{"href":"https:\/\/hierostrasbourg.com\/index.php\/wp-json\/wp\/v2\/posts\/3232","targetHints":{"allow":["GET"]}}],"collection":[{"href":"https:\/\/hierostrasbourg.com\/index.php\/wp-json\/wp\/v2\/posts"}],"about":[{"href":"https:\/\/hierostrasbourg.com\/index.php\/wp-json\/wp\/v2\/types\/post"}],"replies":[{"embeddable":true,"href":"https:\/\/hierostrasbourg.com\/index.php\/wp-json\/wp\/v2\/comments?post=3232"}],"version-history":[{"count":0,"href":"https:\/\/hierostrasbourg.com\/index.php\/wp-json\/wp\/v2\/posts\/3232\/revisions"}],"wp:attachment":[{"href":"https:\/\/hierostrasbourg.com\/index.php\/wp-json\/wp\/v2\/media?parent=3232"}],"wp:term":[{"taxonomy":"category","embeddable":true,"href":"https:\/\/hierostrasbourg.com\/index.php\/wp-json\/wp\/v2\/categories?post=3232"},{"taxonomy":"post_tag","embeddable":true,"href":"https:\/\/hierostrasbourg.com\/index.php\/wp-json\/wp\/v2\/tags?post=3232"}],"curies":[{"name":"wp","href":"https:\/\/api.w.org\/{rel}","templated":true}]}}