{"id":3229,"date":"2022-07-16T16:35:17","date_gmt":"2022-07-16T14:35:17","guid":{"rendered":"https:\/\/hierostrasbourg.com\/index.php\/2022\/07\/16\/programmes-daccueil-de-formation-et-dechange-pour-les-professionnels-etrangers-de-la-culture-2\/"},"modified":"2022-07-16T16:35:17","modified_gmt":"2022-07-16T14:35:17","slug":"programmes-daccueil-de-formation-et-dechange-pour-les-professionnels-etrangers-de-la-culture-2","status":"publish","type":"post","link":"https:\/\/hierostrasbourg.com\/index.php\/2022\/07\/16\/programmes-daccueil-de-formation-et-dechange-pour-les-professionnels-etrangers-de-la-culture-2\/","title":{"rendered":"Programmes d\u2019accueil, de formation et d\u2019\u00e9change pour les professionnels \u00e9trangers de la culture"},"content":{"rendered":"<p>Le minist\u00e8re de la Culture d\u00e9finit et met en \u0153uvre les actions de l\u2019Etat destin\u00e9es \u00e0 assurer le rayonnement dans le monde de la langue, de la culture et de la cr\u00e9ation artistique fran\u00e7aises et \u00e0 valoriser les cultures \u00e9trang\u00e8res en France et le dialogue interculturel. Parmi les actions engag\u00e9es pour r\u00e9pondre \u00e0 ces objectifs, 2 dispositifs ont \u00e9t\u00e9 cr\u00e9\u00e9s\u00a0: les programmes Courants du monde et les Rencontres Malraux.<\/p>\n<h2>Courants du monde<\/h2>\n<h4>Pourquoi ?<\/h4>\n<p><strong>Labellis\u00e9s \u00ab\u00a0Courants du monde\u00a0\u00bb,<\/strong>\u00a0les programmes d\u2019accueil et de formation destin\u00e9s aux professionnels \u00e9trangers de la culture r\u00e9pondent \u00e0 3 objectifs\u00a0:<\/p>\n<p><strong>partager des politiques publiques<\/strong>\u00a0d\u00e9velopp\u00e9es par le minist\u00e8re ainsi que l\u2019\u00e9cosyst\u00e8me culturel fran\u00e7ais\u00a0;`<br \/>\n<strong>constituer des r\u00e9seaux durables<\/strong>\u00a0d\u2019\u00e9changes entre professionnels du monde entier\u00a0;<br \/>\n<strong>favoriser la naissance de partenariats<\/strong>\u00a0entre structures culturelles fran\u00e7aises et \u00e9trang\u00e8res et entre structures \u00e9trang\u00e8res.<\/p>\n<p>Depuis leur mise en place en 1992, les Courants du monde ont accueilli plus de<strong>\u00a03 500 professionnels<\/strong>\u00a0en provenance du monde entier.<\/p>\n<div class=\"embed-responsive embed-responsive-16by9 video-100\"><\/div>\n<h4>Pour qui ?<\/h4>\n<p>Le minist\u00e8re de la Culture propose\u00a0<strong>3 programmes distincts\u00a0: Itin\u00e9raire Culture, S\u00e9jour Culture et R\u00e9sidence Culture.<\/strong>\u00a0Ils s\u2019adressent \u00e0\u00a0<strong>diff\u00e9rents publics\u00a0:\u00a0<\/strong>responsables culturels de niveau interm\u00e9diaire, responsables culturels confirm\u00e9s et responsables d\u2019\u00e9tablissements charg\u00e9s de d\u00e9velopper des projets avec la France.<\/p>\n<h4>Comment\u00a0?<\/h4>\n<h5><strong>Itin<\/strong><strong>\u00e9raire culture<\/strong><\/h5>\n<p><strong>S\u00e9minaires collectifs\u00a0<\/strong>d\u2019une dur\u00e9e de\u00a0<strong>2 semaines,<\/strong>\u00a0Itin\u00e9raire culture permet d\u2019appr\u00e9hender, \u00e0 travers tables rondes, visites et ateliers, les\u00a0<strong>politiques culturelles.\u00a0<\/strong>Ils rassemblent, \u00e0 Paris et en r\u00e9gion, une\u00a0<strong>quinzaine de responsables culturels de niveau interm\u00e9diaire\u00a0<\/strong>exer\u00e7ant au sein de minist\u00e8res de la culture \u00e9trangers ou de structures culturelles.<\/p>\n<div class=\"encadre clearfix\">\n<p><strong>Exemples de th\u00e9matiques abord\u00e9es<\/strong><\/p>\n<p>Enjeux et mise en \u0153uvre d\u2019une politique des publics \u2013 La culture et l\u2019art dans l\u2019espace public \u2013 Quelle strat\u00e9gie num\u00e9rique pour une structure culturelle\u00a0? \u2013 Cr\u00e9er et coop\u00e9rer dans le monde francophone \u2013 Conception et cr\u00e9ation d\u2019une exposition.<\/p>\n<p>\u00a0<\/p>\n<\/div>\n<h2>Appel \u00e0 candidatures \u00ab R\u00e9sidence culture \u00bb :<\/h2>\n<p><strong>Date limite de candidature : 15 octobre 2022<\/strong><br \/>\nConsulter le cahier des charges<\/p>\n<div class=\"ead-preview\">\n<div class=\"ead-document\">\n<div class=\"ead-iframe-wrapper\"><\/div>\n<div class=\"ead-document-loading\">\n<div class=\"ead-loading-wrap\">\n<div class=\"ead-loading-main\">\n<div class=\"ead-loading\">\n\t\t\t\t\t\t\t<span>En cours de chargement\u2026<\/span>\n\t\t\t\t\t\t<\/div>\n<\/p><\/div>\n<div class=\"ead-loading-foot\">\n<div class=\"ead-loading-foot-title\">\n\t\t\t\t\t\t\t<span>Cela prend trop de temps\u00a0?<\/span>\n\t\t\t\t\t\t<\/div>\n<\/p>\n<div class=\"ead-document-btn ead-reload-btn\">\n\t\t\t\t\t\t\t\t Recharger le document\t\t\t\t\t\t\t<\/div>\n<p>\t\t\t\t\t\t\t<span>|<\/span><br \/>\n\t\t\t\t\t\t\t<a href=\"https:\/\/www.culture.gouv.fr\/Media\/Medias-creation-rapide\/Cahier-des-charges-Residence-culture-2023.pdf\" class=\"ead-document-btn\" target=\"_blank\" rel=\"noopener\"><br \/>\n\t\t\t\t\t\t\t\t Ouvrir dans un nouvel onglet\t\t\t\t\t\t\t<\/a>\n\t\t\t\t\t<\/div>\n<\/p><\/div>\n<\/p><\/div>\n<\/p><\/div>\n<p class=\"embed_download\"><a href=\"https:\/\/www.culture.gouv.fr\/Media\/Medias-creation-rapide\/Cahier-des-charges-Residence-culture-2023.pdf\">\ufeffT\u00e9l\u00e9charger [733.05 KB] <\/a><\/p>\n<\/div>\n<p>Compl\u00e9ter le formulaire<\/p>\n<div class=\"ead-preview\">\n<div class=\"ead-document\">\n<div class=\"ead-iframe-wrapper\"><\/div>\n<div class=\"ead-document-loading\">\n<div class=\"ead-loading-wrap\">\n<div class=\"ead-loading-main\">\n<div class=\"ead-loading\">\n\t\t\t\t\t\t\t<span>En cours de chargement\u2026<\/span>\n\t\t\t\t\t\t<\/div>\n<\/p><\/div>\n<div class=\"ead-loading-foot\">\n<div class=\"ead-loading-foot-title\">\n\t\t\t\t\t\t\t<span>Cela prend trop de temps\u00a0?<\/span>\n\t\t\t\t\t\t<\/div>\n<\/p>\n<div class=\"ead-document-btn ead-reload-btn\">\n\t\t\t\t\t\t\t\t Recharger le document\t\t\t\t\t\t\t<\/div>\n<p>\t\t\t\t\t\t\t<span>|<\/span><br \/>\n\t\t\t\t\t\t\t<a href=\"https:\/\/www.culture.gouv.fr\/Media\/Medias-creation-rapide\/Formulaire-FR-residence-culture-2023.pdf\" class=\"ead-document-btn\" target=\"_blank\" rel=\"noopener\"><br \/>\n\t\t\t\t\t\t\t\t Ouvrir dans un nouvel onglet\t\t\t\t\t\t\t<\/a>\n\t\t\t\t\t<\/div>\n<\/p><\/div>\n<\/p><\/div>\n<\/p><\/div>\n<p class=\"embed_download\"><a href=\"https:\/\/www.culture.gouv.fr\/Media\/Medias-creation-rapide\/Formulaire-FR-residence-culture-2023.pdf\">\ufeffT\u00e9l\u00e9charger [166.45 KB] <\/a><\/p>\n<\/div>\n<h2>Appel \u00e0 candidatures \u00ab Parcours de collections \u00bb<\/h2>\n<p><strong>Date limite de candidature : 15 octobre 2022<\/strong><br \/>\nConsulter la pr\u00e9sentation<\/p>\n<div class=\"ead-preview\">\n<div class=\"ead-document\">\n<div class=\"ead-iframe-wrapper\"><\/div>\n<div class=\"ead-document-loading\">\n<div class=\"ead-loading-wrap\">\n<div class=\"ead-loading-main\">\n<div class=\"ead-loading\">\n\t\t\t\t\t\t\t<span>En cours de chargement\u2026<\/span>\n\t\t\t\t\t\t<\/div>\n<\/p><\/div>\n<div class=\"ead-loading-foot\">\n<div class=\"ead-loading-foot-title\">\n\t\t\t\t\t\t\t<span>Cela prend trop de temps\u00a0?<\/span>\n\t\t\t\t\t\t<\/div>\n<\/p>\n<div class=\"ead-document-btn ead-reload-btn\">\n\t\t\t\t\t\t\t\t Recharger le document\t\t\t\t\t\t\t<\/div>\n<p>\t\t\t\t\t\t\t<span>|<\/span><br \/>\n\t\t\t\t\t\t\t<a href=\"https:\/\/docs.google.com\/viewer?url=https%3A%2F%2Fwww.culture.gouv.fr%2FMedia%2FMedias-creation-rapide%2FPresentation-Parcours-de-collections-2023&amp;hl=en\" class=\"ead-document-btn\" target=\"_blank\" rel=\"noopener\"><br \/>\n\t\t\t\t\t\t\t\t Ouvrir dans un nouvel onglet\t\t\t\t\t\t\t<\/a>\n\t\t\t\t\t<\/div>\n<\/p><\/div>\n<\/p><\/div>\n<\/p><\/div>\n<p class=\"embed_download\"><a href=\"https:\/\/www.culture.gouv.fr\/Media\/Medias-creation-rapide\/Presentation-Parcours-de-collections-2023\">\ufeffT\u00e9l\u00e9charger [113.11 KB] <\/a><\/p>\n<\/div>\n<p>Consulter le cahier des charges<\/p>\n<div class=\"ead-preview\">\n<div class=\"ead-document\">\n<div class=\"ead-iframe-wrapper\"><\/div>\n<div class=\"ead-document-loading\">\n<div class=\"ead-loading-wrap\">\n<div class=\"ead-loading-main\">\n<div class=\"ead-loading\">\n\t\t\t\t\t\t\t<span>En cours de chargement\u2026<\/span>\n\t\t\t\t\t\t<\/div>\n<\/p><\/div>\n<div class=\"ead-loading-foot\">\n<div class=\"ead-loading-foot-title\">\n\t\t\t\t\t\t\t<span>Cela prend trop de temps\u00a0?<\/span>\n\t\t\t\t\t\t<\/div>\n<\/p>\n<div class=\"ead-document-btn ead-reload-btn\">\n\t\t\t\t\t\t\t\t Recharger le document\t\t\t\t\t\t\t<\/div>\n<p>\t\t\t\t\t\t\t<span>|<\/span><br \/>\n\t\t\t\t\t\t\t<a href=\"https:\/\/docs.google.com\/viewer?url=https%3A%2F%2Fwww.culture.gouv.fr%2FMedia%2FMedias-creation-rapide%2FCahier-des-charges-Parcours-de-collection-2023&amp;hl=en\" class=\"ead-document-btn\" target=\"_blank\" rel=\"noopener\"><br \/>\n\t\t\t\t\t\t\t\t Ouvrir dans un nouvel onglet\t\t\t\t\t\t\t<\/a>\n\t\t\t\t\t<\/div>\n<\/p><\/div>\n<\/p><\/div>\n<\/p><\/div>\n<p class=\"embed_download\"><a href=\"https:\/\/www.culture.gouv.fr\/Media\/Medias-creation-rapide\/Cahier-des-charges-Parcours-de-collection-2023\">\ufeffT\u00e9l\u00e9charger [431.87 KB] <\/a><\/p>\n<\/div>\n<p>Compl\u00e9ter le formulaire<\/p>\n<div class=\"ead-preview\">\n<div class=\"ead-document\">\n<div class=\"ead-iframe-wrapper\"><\/div>\n<div class=\"ead-document-loading\">\n<div class=\"ead-loading-wrap\">\n<div class=\"ead-loading-main\">\n<div class=\"ead-loading\">\n\t\t\t\t\t\t\t<span>En cours de chargement\u2026<\/span>\n\t\t\t\t\t\t<\/div>\n<\/p><\/div>\n<div class=\"ead-loading-foot\">\n<div class=\"ead-loading-foot-title\">\n\t\t\t\t\t\t\t<span>Cela prend trop de temps\u00a0?<\/span>\n\t\t\t\t\t\t<\/div>\n<\/p>\n<div class=\"ead-document-btn ead-reload-btn\">\n\t\t\t\t\t\t\t\t Recharger le document\t\t\t\t\t\t\t<\/div>\n<p>\t\t\t\t\t\t\t<span>|<\/span><br \/>\n\t\t\t\t\t\t\t<a href=\"https:\/\/www.culture.gouv.fr\/Media\/Medias-creation-rapide\/Formulaire-FR-residence-culture-2023.pdf\" class=\"ead-document-btn\" target=\"_blank\" rel=\"noopener\"><br \/>\n\t\t\t\t\t\t\t\t Ouvrir dans un nouvel onglet\t\t\t\t\t\t\t<\/a>\n\t\t\t\t\t<\/div>\n<\/p><\/div>\n<\/p><\/div>\n<\/p><\/div>\n<p class=\"embed_download\"><a href=\"https:\/\/www.culture.gouv.fr\/Media\/Medias-creation-rapide\/Formulaire-FR-residence-culture-2023.pdf\">\ufeffT\u00e9l\u00e9charger [166.45 KB] <\/a><\/p>\n<\/div>\n<p>Pour aller plus loin,\u00a0d\u00e9couvrez 2 programmes d\u2019une \u00e9dition pr\u00e9c\u00e9dente de Courants du monde :<\/p>\n<div class=\"\">\n<div class=\"embeded-file\">\n<div class=\"file-wrapper\">\n<div class=\"file-description\">\n<div class=\"ead-preview\">\n<div class=\"ead-document\">\n<div class=\"ead-iframe-wrapper\"><\/div>\n<div class=\"ead-document-loading\">\n<div class=\"ead-loading-wrap\">\n<div class=\"ead-loading-main\">\n<div class=\"ead-loading\">\n\t\t\t\t\t\t\t<span>En cours de chargement\u2026<\/span>\n\t\t\t\t\t\t<\/div>\n<\/p><\/div>\n<div class=\"ead-loading-foot\">\n<div class=\"ead-loading-foot-title\">\n\t\t\t\t\t\t\t<span>Cela prend trop de temps\u00a0?<\/span>\n\t\t\t\t\t\t<\/div>\n<\/p>\n<div class=\"ead-document-btn ead-reload-btn\">\n\t\t\t\t\t\t\t\t Recharger le document\t\t\t\t\t\t\t<\/div>\n<p>\t\t\t\t\t\t\t<span>|<\/span><br \/>\n\t\t\t\t\t\t\t<a href=\"https:\/\/www.culture.gouv.fr\/Media\/Medias-creation-rapide\/CourantsArtsNumerique10-2019.pdf\" class=\"ead-document-btn\" target=\"_blank\" rel=\"noopener\"><br \/>\n\t\t\t\t\t\t\t\t Ouvrir dans un nouvel onglet\t\t\t\t\t\t\t<\/a>\n\t\t\t\t\t<\/div>\n<\/p><\/div>\n<\/p><\/div>\n<\/p><\/div>\n<p class=\"embed_download\"><a href=\"https:\/\/www.culture.gouv.fr\/Media\/Medias-creation-rapide\/CourantsArtsNumerique10-2019.pdf\">\ufeffT\u00e9l\u00e9charger [3.85 MB] <\/a><\/p>\n<\/div>\n<\/div>\n<\/div>\n<div>\n<div class=\"ead-preview\">\n<div class=\"ead-document\">\n<div class=\"ead-iframe-wrapper\"><\/div>\n<div class=\"ead-document-loading\">\n<div class=\"ead-loading-wrap\">\n<div class=\"ead-loading-main\">\n<div class=\"ead-loading\">\n\t\t\t\t\t\t\t<span>En cours de chargement\u2026<\/span>\n\t\t\t\t\t\t<\/div>\n<\/p><\/div>\n<div class=\"ead-loading-foot\">\n<div class=\"ead-loading-foot-title\">\n\t\t\t\t\t\t\t<span>Cela prend trop de temps\u00a0?<\/span>\n\t\t\t\t\t\t<\/div>\n<\/p>\n<div class=\"ead-document-btn ead-reload-btn\">\n\t\t\t\t\t\t\t\t Recharger le document\t\t\t\t\t\t\t<\/div>\n<p>\t\t\t\t\t\t\t<span>|<\/span><br \/>\n\t\t\t\t\t\t\t<a href=\"https:\/\/www.culture.gouv.fr\/Media\/Medias-creation-rapide\/CourantsArt-Francophonie-10-2019.pdf\" class=\"ead-document-btn\" target=\"_blank\" rel=\"noopener\"><br \/>\n\t\t\t\t\t\t\t\t Ouvrir dans un nouvel onglet\t\t\t\t\t\t\t<\/a>\n\t\t\t\t\t<\/div>\n<\/p><\/div>\n<\/p><\/div>\n<\/p><\/div>\n<p class=\"embed_download\"><a href=\"https:\/\/www.culture.gouv.fr\/Media\/Medias-creation-rapide\/CourantsArt-Francophonie-10-2019.pdf\">\ufeffT\u00e9l\u00e9charger [4.88 MB] <\/a><\/p>\n<\/div>\n<\/div>\n<\/div>\n<\/div>\n<div><\/div>\n<div>\n<h2>S\u00e9jour culture<\/h2>\n<p><strong>S\u00e9jours individualis\u00e9s\u00a0<\/strong>d\u2019une dur\u00e9e de\u00a0<strong>2 semaines,\u00a0<\/strong><em>S\u00e9jour culture<\/em>\u00a0permet \u00e0 des\u00a0<strong>responsables culturels confirm\u00e9s<\/strong>\u00a0de b\u00e9n\u00e9ficier de conf\u00e9rences, rencontres et rendez-vous leur fournissant \u00e0 la fois un contenu th\u00e9orique (connaissances) et pratique (outils pertinents et utiles) dans le cadre de leurs fonctions pour la r\u00e9alisation de leur projet professionnel.<\/p>\n<p>A noter\u00a0: Itin\u00e9raire culture et S\u00e9jour culture sont organis\u00e9s\u00a0<strong>2 fois par an\u00a0:\u00a0<\/strong>une session pour les<strong>\u00a0professionnels francophones<\/strong>\u00a0est organis\u00e9e \u00e0 l\u2019automne et une session au printemps pour les\u00a0<strong>professionnels non francophones.<\/strong><\/p>\n<h5><\/h5>\n<h2>R\u00e9sidence culture<\/h2>\n<p><strong>Immersion de 1 \u00e0 3 mois\u00a0<\/strong>au sein d\u2019\u00e9quipes administratives et scientifiques de structures culturelles fran\u00e7aises.\u00a0R\u00e9sidence culture a pour objectif de favoriser le d\u00e9veloppement de projets de coop\u00e9ration concrets et la construction de r\u00e9seaux durables d\u2019\u00e9changes. Il s\u2019adresse \u00e0 des\u00a0<strong>professionnels exer\u00e7ant des responsabilit\u00e9s aussi bien de gestion que de management, de d\u00e9veloppement des publics, etc. dans leur \u00e9tablissement d\u2019origine\u00a0<\/strong>et d\u00e9sireux de d\u00e9velopper un projet professionnel concret avec l\u2019\u00e9tablissement d\u2019accueil en France.<\/p>\n<p><em>A noter\u00a0:\u00a0<\/em>les artistes, \u00e9tudiants, enseignants et chercheurs ne sont pas \u00e9ligibles aux programmes Courants du monde ni les agents du r\u00e9seau culturel fran\u00e7ais \u00e0 l\u2019\u00e9tranger (services culturels des ambassades, alliances fran\u00e7aises) qui b\u00e9n\u00e9ficient d\u2019autres formation propos\u00e9s par l\u2019Institut fran\u00e7ais.<\/p>\n<p>\u00a0<\/p>\n<h2>Parcours de collections<\/h2>\n<p>Dans le cadre de Courants du monde et de sa d\u00e9clinaison R\u00e9sidence Culture, le minist\u00e8re de la Culture propose depuis 2022, un nouveau programme appel\u00e9\u00a0<em>Parcours de collections<\/em>. L\u2019appel \u00e0 candidatures est ouvert jusqu\u2019au 15 octobre 2022. Il a pour objectifs de mettre en place et de d\u00e9velopper des \u00e9tudes conjointes sur l\u2019histoire et le parcours de certains objets et collections conserv\u00e9s en France notamment conna\u00eetre la mani\u00e8re pr\u00e9cise et document\u00e9e dont ils sont entr\u00e9s dans ces collections. Il est d\u00e9di\u00e9 de mani\u00e8re prioritaire, bien que non exclusive, au continent africain.<\/p>\n<p>\u00a0<\/p>\n<div class=\"embed-responsive embed-responsive-16by9 video-100\"><\/div>\n<div><\/div>\n<div class=\"caption-video no-content-in-figcaption caption-100\">\n<div class=\"caption-copyright\"><\/div>\n<\/div>\n<\/div>\n<p>D\u00e9couvrez plus en d\u00e9tails les 3 programmes de Courants du monde\u00a0en t\u00e9l\u00e9chargeant ici la fiche de pr\u00e9sentation :<\/p>\n<div class=\" ez-embed-type-image\">\n<div class=\"story\">\n<div class=\"ead-preview\">\n<div class=\"ead-document\">\n<div class=\"ead-iframe-wrapper\"><\/div>\n<div class=\"ead-document-loading\">\n<div class=\"ead-loading-wrap\">\n<div class=\"ead-loading-main\">\n<div class=\"ead-loading\">\n\t\t\t\t\t\t\t<span>En cours de chargement\u2026<\/span>\n\t\t\t\t\t\t<\/div>\n<\/p><\/div>\n<div class=\"ead-loading-foot\">\n<div class=\"ead-loading-foot-title\">\n\t\t\t\t\t\t\t<span>Cela prend trop de temps\u00a0?<\/span>\n\t\t\t\t\t\t<\/div>\n<\/p>\n<div class=\"ead-document-btn ead-reload-btn\">\n\t\t\t\t\t\t\t\t Recharger le document\t\t\t\t\t\t\t<\/div>\n<p>\t\t\t\t\t\t\t<span>|<\/span><br \/>\n\t\t\t\t\t\t\t<a href=\"https:\/\/www.culture.gouv.fr\/Media\/Medias-creation-rapide\/CourantsduMonde_plaquette-en-langue-francaise.pdf\" class=\"ead-document-btn\" target=\"_blank\" rel=\"noopener\"><br \/>\n\t\t\t\t\t\t\t\t Ouvrir dans un nouvel onglet\t\t\t\t\t\t\t<\/a>\n\t\t\t\t\t<\/div>\n<\/p><\/div>\n<\/p><\/div>\n<\/p><\/div>\n<p class=\"embed_download\"><a href=\"https:\/\/www.culture.gouv.fr\/Media\/Medias-creation-rapide\/CourantsduMonde_plaquette-en-langue-francaise.pdf\">\ufeffT\u00e9l\u00e9charger [2.18 MB] <\/a><\/p>\n<\/div>\n<\/div>\n<\/div>\n<div><\/div>\n<div>\n<h4>Et apr\u00e8s ?<\/h4>\n<p>Le minist\u00e8re de la Culture souhaite\u00a0<strong>maintenir un lien\u00a0<\/strong>avec les participants aux programmes Courants du monde et faciliter \u00e9galement les \u00e9changes entre ces professionnels. C\u2019est pour r\u00e9pondre \u00e0 cette volont\u00e9 qu\u2019une plateforme Alumni a \u00e9t\u00e9 mise en place. Ce r\u00e9seau est accessible \u00e0 tout participant d\u00e8s le retour dans le pays d\u2019origine.<\/p>\n<div class=\"encadre clearfix\">\n<h3>Contacts\u00a0:<\/h3>\n<p><strong>Renseignements\u00a0:<\/strong><a href=\"mailto:contact-international@culture.gouv.fr\" target=\"_blank\" rel=\"noopener\">contact-international@culture.gouv.fr<\/a><br \/><strong>Programme Itin\u00e9raire culture\u00a0:<\/strong>\u00a0Isabelle Hurdubae,\u00a0<a href=\"mailto:isabelle.hurdubae@culture.gouv.fr\" target=\"_blank\" rel=\"noopener\">isabelle.hurdubae@culture.gouv.fr<\/a><br \/><strong>Programme S\u00e9jour culture\u00a0<\/strong>:\u00a0Fabienne Br\u00fctt,\u00a0<a href=\"mailto:fabienne.brutt@culture.gouv.fr\" target=\"_blank\" rel=\"noopener\">fabienne.brutt@culture.gouv.fr<\/a><br \/><strong>Programme R\u00e9sidence\u00a0culture\u00a0:<\/strong>\u00a0Fabienne Br\u00fctt,\u00a0<a href=\"mailto:fabienne.brutt@culture.gouv.fr\" target=\"_blank\" rel=\"noopener\">fabienne.brutt@culture.gouv.fr<\/a><br \/><strong>Programme Parcours collections :<\/strong>\u00a0Fabienne Br\u00fctt,\u00a0<a href=\"mailto:fabienne.brutt@culture.gouv.fr\" target=\"_blank\" rel=\"noopener\">fabienne.brutt@culture.gouv.fr<\/a><\/p>\n<\/div>\n<h2>Rencontres Malraux<\/h2>\n<h4>Pourquoi ?<\/h4>\n<p>L\u2019exp\u00e9rience fran\u00e7aise en mati\u00e8re de politiques culturelles et de gestion culturelle suscite l\u2019int\u00e9r\u00eat de nombreux pays partenaires.\u00a0<strong>L\u2019\u00e9change d\u2019exp\u00e9rience\u00a0<\/strong>entre professionnels de diff\u00e9rents horizons g\u00e9ographiques est une\u00a0<strong>source d\u2019inspirations<\/strong>\u00a0pour\u00a0<strong>repenser les pratiques et les cadres existants.\u00a0<\/strong>C\u2019est ce constat qui a conduit le minist\u00e8re fran\u00e7ais de la Culture \u00e0 cr\u00e9er en 1994 les\u00a0<strong>Rencontres Malraux,\u00a0s\u00e9minaires de r\u00e9flexion \u00e0 l\u2019\u00e9tranger.<\/strong><\/p>\n<h4>Pour qui\u00a0?<\/h4>\n<p>Les\u00a0<strong>Rencontres Malraux<\/strong>\u00a0s\u2019adressent principalement \u00e0 des<strong>\u00a0responsables institutionnels\u00a0<\/strong>(minist\u00e8res de la culture ou structures apparent\u00e9es, \u00e9tablissements culturels concourant \u00e0 la\u00a0<strong>mise en \u0153uvre des politiques culturelles<\/strong>\u00a0\u00e0 l\u2019\u00e9chelle nationale ou r\u00e9gionale). Ce programme mobilise, pour la partie fran\u00e7aise, des experts du minist\u00e8re de la Culture, de ses \u00e9tablissements publics, de structures culturelles partenaires, d\u2019autres minist\u00e8res ou de collectivit\u00e9s territoriales.<\/p>\n<h4>Comment\u00a0?<\/h4>\n<p>Les\u00a0<em>Rencontres Malraux<\/em>\u00a0sont le plus souvent<strong>\u00a0mises en \u0153uvre conjointement avec des pays engag\u00e9s dans de profondes r\u00e9formes de leurs politiques culturelles\u00a0<\/strong>(cr\u00e9ation d\u2019un minist\u00e8re de la Culture, r\u00e9organisation de l\u2019administration culturelle dans une phase de transition, r\u00e9flexion sur la r\u00e9orientation des politiques culturelles, cr\u00e9ation de nouveaux \u00e9quipements culturels, etc.).<br \/><strong>Organis\u00e9es \u00e0 la demande du pays tiers<\/strong>\u00a0(minist\u00e8re de la culture ou institution nationale assimil\u00e9e), ces rencontres constituent des\u00a0<strong>\u00e9tapes cl\u00e9s pour la structuration de partenariats. \u00a0<\/strong><br \/>\nD\u2019une dur\u00e9e de\u00a0<strong>2 \u00e0 3 jours,\u00a0<\/strong>elles se pr\u00e9sentent sous forme de<strong>\u00a0conf\u00e9rences, d\u00e9bats et ateliers\u00a0<\/strong>associant\u00a0<strong>sp\u00e9cialistes fran\u00e7ais et du pays invitant<\/strong>\u00a0(responsables politiques et administratifs, professionnels, universitaires). Les th\u00e8mes sont propos\u00e9s par les autorit\u00e9s du pays h\u00f4te et le programme \u00e9tabli ensuite d\u2019un commun accord.<\/p>\n<div class=\"encadre clearfix\">\n<h3><strong>Exemples de t<\/strong><strong>h\u00e9matiques abord\u00e9es<\/strong><\/h3>\n<p><strong>Enjeux transversaux\u00a0:\u00a0<\/strong>Missions et organisation d\u2019un minist\u00e8re de la culture \u2013 D\u00e9centralisation culturelle \u2013 Financement des politiques culturelles \u2013 L\u00e9gislation culturelle \u2013 Politique des publics dans les grands \u00e9quipements culturels.<\/p>\n<p><strong>Enjeux sectoriels\u00a0:<\/strong>\u00a0Soutien \u00e0 la cr\u00e9ation cin\u00e9matographique et audiovisuelle \u2013 Formation aux m\u00e9tiers du patrimoine \u2013 Enjeux du num\u00e9rique pour la cr\u00e9ation artistique \u2013 D\u00e9veloppement urbain et mise en valeur du patrimoine b\u00e2ti.<br \/>\nEn\u00a0<strong>2019<\/strong>, le minist\u00e8re de la Culture a organis\u00e9 un s\u00e9minaire sur\u00a0<strong>l\u2019art dans l\u2019espace public en Inde<\/strong>\u00a0et un s\u00e9minaire sur le\u00a0<strong>tourisme culturel \u00e0 Cuba.<\/strong><\/p>\n<\/div>\n<\/div>\n<p>L\u2019article <a href=\"https:\/\/popburo.fr\/programmes-daccueil-de-formation-et-dechange-pour-les-professionnels-etrangers-de-la-culture\/\">Programmes d\u2019accueil, de formation et d\u2019\u00e9change pour les professionnels \u00e9trangers de la culture<\/a> est apparu en premier sur <a href=\"https:\/\/popburo.fr\/\">POP B\u00dcRO<\/a>.<\/p>\n","protected":false},"excerpt":{"rendered":"<p>Le minist\u00e8re de la Culture d\u00e9finit et met en \u0153uvre les actions de l\u2019Etat destin\u00e9es \u00e0 assurer le rayonnement dans le monde de la langue, de la culture et de la cr\u00e9ation artistique fran\u00e7aises et \u00e0 valoriser les cultures \u00e9trang\u00e8res en France et le dialogue interculturel. Parmi les actions engag\u00e9es pour r\u00e9pondre \u00e0 ces objectifs, 2 dispositifs ont \u00e9t\u00e9 cr\u00e9\u00e9s\u00a0: les programmes Courants du monde et les Rencontres Malraux. Courants du monde Pourquoi ? Labellis\u00e9s \u00ab\u00a0Courants du monde\u00a0\u00bb,\u00a0les programmes d\u2019accueil [&hellip;]<\/p>\n","protected":false},"author":0,"featured_media":0,"comment_status":"closed","ping_status":"open","sticky":false,"template":"","format":"standard","meta":{"footnotes":""},"categories":[1],"tags":[],"class_list":["post-3229","post","type-post","status-publish","format-standard","hentry","category-non-classe"],"yoast_head":"<!-- This site is optimized with the Yoast SEO plugin v27.5 - https:\/\/yoast.com\/product\/yoast-seo-wordpress\/ -->\n<title>Programmes d\u2019accueil, de formation et d\u2019\u00e9change pour les professionnels \u00e9trangers de la culture - HIERO STRASBOURG<\/title>\n<meta name=\"robots\" content=\"index, follow, max-snippet:-1, max-image-preview:large, max-video-preview:-1\" \/>\n<link rel=\"canonical\" href=\"https:\/\/hierostrasbourg.com\/index.php\/2022\/07\/16\/programmes-daccueil-de-formation-et-dechange-pour-les-professionnels-etrangers-de-la-culture-2\/\" \/>\n<meta property=\"og:locale\" content=\"fr_FR\" \/>\n<meta property=\"og:type\" content=\"article\" \/>\n<meta property=\"og:title\" content=\"Programmes d\u2019accueil, de formation et d\u2019\u00e9change pour les professionnels \u00e9trangers de la culture - HIERO STRASBOURG\" \/>\n<meta property=\"og:description\" content=\"Le minist\u00e8re de la Culture d\u00e9finit et met en \u0153uvre les actions de l\u2019Etat destin\u00e9es \u00e0 assurer le rayonnement dans le monde de la langue, de la culture et de la cr\u00e9ation artistique fran\u00e7aises et \u00e0 valoriser les cultures \u00e9trang\u00e8res en France et le dialogue interculturel. Parmi les actions engag\u00e9es pour r\u00e9pondre \u00e0 ces objectifs, 2 dispositifs ont \u00e9t\u00e9 cr\u00e9\u00e9s\u00a0: les programmes Courants du monde et les Rencontres Malraux. Courants du monde Pourquoi ? Labellis\u00e9s \u00ab\u00a0Courants du monde\u00a0\u00bb,\u00a0les programmes d\u2019accueil [&hellip;]\" \/>\n<meta property=\"og:url\" content=\"https:\/\/hierostrasbourg.com\/index.php\/2022\/07\/16\/programmes-daccueil-de-formation-et-dechange-pour-les-professionnels-etrangers-de-la-culture-2\/\" \/>\n<meta property=\"og:site_name\" content=\"HIERO STRASBOURG\" \/>\n<meta property=\"article:publisher\" content=\"https:\/\/www.facebook.com\/fedehierostrasbourg\" \/>\n<meta property=\"article:published_time\" content=\"2022-07-16T14:35:17+00:00\" \/>\n<meta name=\"twitter:card\" content=\"summary_large_image\" \/>\n<meta name=\"twitter:creator\" content=\"@hierostrasbourg\" \/>\n<meta name=\"twitter:site\" content=\"@hierostrasbourg\" \/>\n<meta name=\"twitter:label1\" content=\"Dur\u00e9e de lecture estim\u00e9e\" \/>\n\t<meta name=\"twitter:data1\" content=\"7 minutes\" \/>\n<script type=\"application\/ld+json\" class=\"yoast-schema-graph\">{\"@context\":\"https:\\\/\\\/schema.org\",\"@graph\":[{\"@type\":\"Article\",\"@id\":\"https:\\\/\\\/hierostrasbourg.com\\\/index.php\\\/2022\\\/07\\\/16\\\/programmes-daccueil-de-formation-et-dechange-pour-les-professionnels-etrangers-de-la-culture-2\\\/#article\",\"isPartOf\":{\"@id\":\"https:\\\/\\\/hierostrasbourg.com\\\/index.php\\\/2022\\\/07\\\/16\\\/programmes-daccueil-de-formation-et-dechange-pour-les-professionnels-etrangers-de-la-culture-2\\\/\"},\"author\":{\"name\":\"\",\"@id\":\"\"},\"headline\":\"Programmes d\u2019accueil, de formation et d\u2019\u00e9change pour les professionnels \u00e9trangers de la culture\",\"datePublished\":\"2022-07-16T14:35:17+00:00\",\"mainEntityOfPage\":{\"@id\":\"https:\\\/\\\/hierostrasbourg.com\\\/index.php\\\/2022\\\/07\\\/16\\\/programmes-daccueil-de-formation-et-dechange-pour-les-professionnels-etrangers-de-la-culture-2\\\/\"},\"wordCount\":1475,\"publisher\":{\"@id\":\"https:\\\/\\\/hierostrasbourg.com\\\/#organization\"},\"inLanguage\":\"fr-FR\"},{\"@type\":\"WebPage\",\"@id\":\"https:\\\/\\\/hierostrasbourg.com\\\/index.php\\\/2022\\\/07\\\/16\\\/programmes-daccueil-de-formation-et-dechange-pour-les-professionnels-etrangers-de-la-culture-2\\\/\",\"url\":\"https:\\\/\\\/hierostrasbourg.com\\\/index.php\\\/2022\\\/07\\\/16\\\/programmes-daccueil-de-formation-et-dechange-pour-les-professionnels-etrangers-de-la-culture-2\\\/\",\"name\":\"Programmes d\u2019accueil, de formation et d\u2019\u00e9change pour les professionnels \u00e9trangers de la culture - HIERO STRASBOURG\",\"isPartOf\":{\"@id\":\"https:\\\/\\\/hierostrasbourg.com\\\/#website\"},\"datePublished\":\"2022-07-16T14:35:17+00:00\",\"breadcrumb\":{\"@id\":\"https:\\\/\\\/hierostrasbourg.com\\\/index.php\\\/2022\\\/07\\\/16\\\/programmes-daccueil-de-formation-et-dechange-pour-les-professionnels-etrangers-de-la-culture-2\\\/#breadcrumb\"},\"inLanguage\":\"fr-FR\",\"potentialAction\":[{\"@type\":\"ReadAction\",\"target\":[\"https:\\\/\\\/hierostrasbourg.com\\\/index.php\\\/2022\\\/07\\\/16\\\/programmes-daccueil-de-formation-et-dechange-pour-les-professionnels-etrangers-de-la-culture-2\\\/\"]}]},{\"@type\":\"BreadcrumbList\",\"@id\":\"https:\\\/\\\/hierostrasbourg.com\\\/index.php\\\/2022\\\/07\\\/16\\\/programmes-daccueil-de-formation-et-dechange-pour-les-professionnels-etrangers-de-la-culture-2\\\/#breadcrumb\",\"itemListElement\":[{\"@type\":\"ListItem\",\"position\":1,\"name\":\"Accueil\",\"item\":\"https:\\\/\\\/hierostrasbourg.com\\\/\"},{\"@type\":\"ListItem\",\"position\":2,\"name\":\"Programmes d\u2019accueil, de formation et d\u2019\u00e9change pour les professionnels \u00e9trangers de la culture\"}]},{\"@type\":\"WebSite\",\"@id\":\"https:\\\/\\\/hierostrasbourg.com\\\/#website\",\"url\":\"https:\\\/\\\/hierostrasbourg.com\\\/\",\"name\":\"HIERO STRASBOURG\",\"description\":\"Centre de Ressources Musiques Actuelles\",\"publisher\":{\"@id\":\"https:\\\/\\\/hierostrasbourg.com\\\/#organization\"},\"potentialAction\":[{\"@type\":\"SearchAction\",\"target\":{\"@type\":\"EntryPoint\",\"urlTemplate\":\"https:\\\/\\\/hierostrasbourg.com\\\/?s={search_term_string}\"},\"query-input\":{\"@type\":\"PropertyValueSpecification\",\"valueRequired\":true,\"valueName\":\"search_term_string\"}}],\"inLanguage\":\"fr-FR\"},{\"@type\":\"Organization\",\"@id\":\"https:\\\/\\\/hierostrasbourg.com\\\/#organization\",\"name\":\"F\u00e9d\u00e9ration Hi\u00e9ro Strasbourg\",\"url\":\"https:\\\/\\\/hierostrasbourg.com\\\/\",\"logo\":{\"@type\":\"ImageObject\",\"inLanguage\":\"fr-FR\",\"@id\":\"https:\\\/\\\/hierostrasbourg.com\\\/#\\\/schema\\\/logo\\\/image\\\/\",\"url\":\"https:\\\/\\\/hierostrasbourg.com\\\/wp-content\\\/uploads\\\/2026\\\/04\\\/logo-hiero-strasbourg.jpg\",\"contentUrl\":\"https:\\\/\\\/hierostrasbourg.com\\\/wp-content\\\/uploads\\\/2026\\\/04\\\/logo-hiero-strasbourg.jpg\",\"width\":204,\"height\":192,\"caption\":\"F\u00e9d\u00e9ration Hi\u00e9ro Strasbourg\"},\"image\":{\"@id\":\"https:\\\/\\\/hierostrasbourg.com\\\/#\\\/schema\\\/logo\\\/image\\\/\"},\"sameAs\":[\"https:\\\/\\\/www.facebook.com\\\/fedehierostrasbourg\",\"https:\\\/\\\/x.com\\\/hierostrasbourg\"]}]}<\/script>\n<!-- \/ Yoast SEO plugin. -->","yoast_head_json":{"title":"Programmes d\u2019accueil, de formation et d\u2019\u00e9change pour les professionnels \u00e9trangers de la culture - HIERO STRASBOURG","robots":{"index":"index","follow":"follow","max-snippet":"max-snippet:-1","max-image-preview":"max-image-preview:large","max-video-preview":"max-video-preview:-1"},"canonical":"https:\/\/hierostrasbourg.com\/index.php\/2022\/07\/16\/programmes-daccueil-de-formation-et-dechange-pour-les-professionnels-etrangers-de-la-culture-2\/","og_locale":"fr_FR","og_type":"article","og_title":"Programmes d\u2019accueil, de formation et d\u2019\u00e9change pour les professionnels \u00e9trangers de la culture - HIERO STRASBOURG","og_description":"Le minist\u00e8re de la Culture d\u00e9finit et met en \u0153uvre les actions de l\u2019Etat destin\u00e9es \u00e0 assurer le rayonnement dans le monde de la langue, de la culture et de la cr\u00e9ation artistique fran\u00e7aises et \u00e0 valoriser les cultures \u00e9trang\u00e8res en France et le dialogue interculturel. Parmi les actions engag\u00e9es pour r\u00e9pondre \u00e0 ces objectifs, 2 dispositifs ont \u00e9t\u00e9 cr\u00e9\u00e9s\u00a0: les programmes Courants du monde et les Rencontres Malraux. Courants du monde Pourquoi ? Labellis\u00e9s \u00ab\u00a0Courants du monde\u00a0\u00bb,\u00a0les programmes d\u2019accueil [&hellip;]","og_url":"https:\/\/hierostrasbourg.com\/index.php\/2022\/07\/16\/programmes-daccueil-de-formation-et-dechange-pour-les-professionnels-etrangers-de-la-culture-2\/","og_site_name":"HIERO STRASBOURG","article_publisher":"https:\/\/www.facebook.com\/fedehierostrasbourg","article_published_time":"2022-07-16T14:35:17+00:00","twitter_card":"summary_large_image","twitter_creator":"@hierostrasbourg","twitter_site":"@hierostrasbourg","twitter_misc":{"Dur\u00e9e de lecture estim\u00e9e":"7 minutes"},"schema":{"@context":"https:\/\/schema.org","@graph":[{"@type":"Article","@id":"https:\/\/hierostrasbourg.com\/index.php\/2022\/07\/16\/programmes-daccueil-de-formation-et-dechange-pour-les-professionnels-etrangers-de-la-culture-2\/#article","isPartOf":{"@id":"https:\/\/hierostrasbourg.com\/index.php\/2022\/07\/16\/programmes-daccueil-de-formation-et-dechange-pour-les-professionnels-etrangers-de-la-culture-2\/"},"author":{"name":"","@id":""},"headline":"Programmes d\u2019accueil, de formation et d\u2019\u00e9change pour les professionnels \u00e9trangers de la culture","datePublished":"2022-07-16T14:35:17+00:00","mainEntityOfPage":{"@id":"https:\/\/hierostrasbourg.com\/index.php\/2022\/07\/16\/programmes-daccueil-de-formation-et-dechange-pour-les-professionnels-etrangers-de-la-culture-2\/"},"wordCount":1475,"publisher":{"@id":"https:\/\/hierostrasbourg.com\/#organization"},"inLanguage":"fr-FR"},{"@type":"WebPage","@id":"https:\/\/hierostrasbourg.com\/index.php\/2022\/07\/16\/programmes-daccueil-de-formation-et-dechange-pour-les-professionnels-etrangers-de-la-culture-2\/","url":"https:\/\/hierostrasbourg.com\/index.php\/2022\/07\/16\/programmes-daccueil-de-formation-et-dechange-pour-les-professionnels-etrangers-de-la-culture-2\/","name":"Programmes d\u2019accueil, de formation et d\u2019\u00e9change pour les professionnels \u00e9trangers de la culture - HIERO STRASBOURG","isPartOf":{"@id":"https:\/\/hierostrasbourg.com\/#website"},"datePublished":"2022-07-16T14:35:17+00:00","breadcrumb":{"@id":"https:\/\/hierostrasbourg.com\/index.php\/2022\/07\/16\/programmes-daccueil-de-formation-et-dechange-pour-les-professionnels-etrangers-de-la-culture-2\/#breadcrumb"},"inLanguage":"fr-FR","potentialAction":[{"@type":"ReadAction","target":["https:\/\/hierostrasbourg.com\/index.php\/2022\/07\/16\/programmes-daccueil-de-formation-et-dechange-pour-les-professionnels-etrangers-de-la-culture-2\/"]}]},{"@type":"BreadcrumbList","@id":"https:\/\/hierostrasbourg.com\/index.php\/2022\/07\/16\/programmes-daccueil-de-formation-et-dechange-pour-les-professionnels-etrangers-de-la-culture-2\/#breadcrumb","itemListElement":[{"@type":"ListItem","position":1,"name":"Accueil","item":"https:\/\/hierostrasbourg.com\/"},{"@type":"ListItem","position":2,"name":"Programmes d\u2019accueil, de formation et d\u2019\u00e9change pour les professionnels \u00e9trangers de la culture"}]},{"@type":"WebSite","@id":"https:\/\/hierostrasbourg.com\/#website","url":"https:\/\/hierostrasbourg.com\/","name":"HIERO STRASBOURG","description":"Centre de Ressources Musiques Actuelles","publisher":{"@id":"https:\/\/hierostrasbourg.com\/#organization"},"potentialAction":[{"@type":"SearchAction","target":{"@type":"EntryPoint","urlTemplate":"https:\/\/hierostrasbourg.com\/?s={search_term_string}"},"query-input":{"@type":"PropertyValueSpecification","valueRequired":true,"valueName":"search_term_string"}}],"inLanguage":"fr-FR"},{"@type":"Organization","@id":"https:\/\/hierostrasbourg.com\/#organization","name":"F\u00e9d\u00e9ration Hi\u00e9ro Strasbourg","url":"https:\/\/hierostrasbourg.com\/","logo":{"@type":"ImageObject","inLanguage":"fr-FR","@id":"https:\/\/hierostrasbourg.com\/#\/schema\/logo\/image\/","url":"https:\/\/hierostrasbourg.com\/wp-content\/uploads\/2026\/04\/logo-hiero-strasbourg.jpg","contentUrl":"https:\/\/hierostrasbourg.com\/wp-content\/uploads\/2026\/04\/logo-hiero-strasbourg.jpg","width":204,"height":192,"caption":"F\u00e9d\u00e9ration Hi\u00e9ro Strasbourg"},"image":{"@id":"https:\/\/hierostrasbourg.com\/#\/schema\/logo\/image\/"},"sameAs":["https:\/\/www.facebook.com\/fedehierostrasbourg","https:\/\/x.com\/hierostrasbourg"]}]}},"_links":{"self":[{"href":"https:\/\/hierostrasbourg.com\/index.php\/wp-json\/wp\/v2\/posts\/3229","targetHints":{"allow":["GET"]}}],"collection":[{"href":"https:\/\/hierostrasbourg.com\/index.php\/wp-json\/wp\/v2\/posts"}],"about":[{"href":"https:\/\/hierostrasbourg.com\/index.php\/wp-json\/wp\/v2\/types\/post"}],"replies":[{"embeddable":true,"href":"https:\/\/hierostrasbourg.com\/index.php\/wp-json\/wp\/v2\/comments?post=3229"}],"version-history":[{"count":0,"href":"https:\/\/hierostrasbourg.com\/index.php\/wp-json\/wp\/v2\/posts\/3229\/revisions"}],"wp:attachment":[{"href":"https:\/\/hierostrasbourg.com\/index.php\/wp-json\/wp\/v2\/media?parent=3229"}],"wp:term":[{"taxonomy":"category","embeddable":true,"href":"https:\/\/hierostrasbourg.com\/index.php\/wp-json\/wp\/v2\/categories?post=3229"},{"taxonomy":"post_tag","embeddable":true,"href":"https:\/\/hierostrasbourg.com\/index.php\/wp-json\/wp\/v2\/tags?post=3229"}],"curies":[{"name":"wp","href":"https:\/\/api.w.org\/{rel}","templated":true}]}}