{"id":3228,"date":"2022-07-16T16:35:17","date_gmt":"2022-07-16T14:35:17","guid":{"rendered":"https:\/\/hierostrasbourg.com\/index.php\/2022\/07\/16\/programmes-daccueil-de-formation-et-dechange-pour-les-professionnels-etrangers-de-la-culture\/"},"modified":"2022-07-16T16:35:17","modified_gmt":"2022-07-16T14:35:17","slug":"programmes-daccueil-de-formation-et-dechange-pour-les-professionnels-etrangers-de-la-culture","status":"publish","type":"post","link":"https:\/\/hierostrasbourg.com\/index.php\/2022\/07\/16\/programmes-daccueil-de-formation-et-dechange-pour-les-professionnels-etrangers-de-la-culture\/","title":{"rendered":"Programmes d\u2019accueil, de formation et d\u2019\u00e9change pour les professionnels \u00e9trangers de la culture"},"content":{"rendered":"<p><a href=\"https:\/\/musiquesactuelles.alsace\/programmes-daccueil-de-formation-et-dechange-pour-les-professionnels-etrangers-de-la-culture\/\" title=\"Programmes d\u2019accueil, de formation et d\u2019\u00e9change pour les professionnels \u00e9trangers de la culture\"><\/a><\/p>\n<p>Le minist\u00e8re de la Culture d\u00e9finit et met en \u0153uvre les actions de l\u2019Etat destin\u00e9es \u00e0 assurer le rayonnement dans le monde de la langue, de la culture et de la cr\u00e9ation artistique fran\u00e7aises et \u00e0 valoriser les cultures \u00e9trang\u00e8res en France et le dialogue interculturel. Parmi les actions engag\u00e9es pour r\u00e9pondre \u00e0 ces objectifs, 2 dispositifs ont \u00e9t\u00e9 cr\u00e9\u00e9s\u00a0: les programmes Courants du monde et les Rencontres Malraux. Courants du monde Pourquoi ? Labellis\u00e9s \u00ab\u00a0Courants du monde\u00a0\u00bb,\u00a0les programmes d\u2019accueil [\u2026]<\/p>\n<p>L\u2019article <a href=\"https:\/\/musiquesactuelles.alsace\/programmes-daccueil-de-formation-et-dechange-pour-les-professionnels-etrangers-de-la-culture\/\">Programmes d\u2019accueil, de formation et d\u2019\u00e9change pour les professionnels \u00e9trangers de la culture<\/a> est apparu en premier sur <a href=\"https:\/\/musiquesactuelles.alsace\/\">Musiques Actuelles en Alsace<\/a>.<\/p>\n<p>L\u2019article <a href=\"https:\/\/popburo.fr\/programmes-daccueil-de-formation-et-dechange-pour-les-professionnels-etrangers-de-la-culture-2\/\">Programmes d\u2019accueil, de formation et d\u2019\u00e9change pour les professionnels \u00e9trangers de la culture<\/a> est apparu en premier sur <a href=\"https:\/\/popburo.fr\/\">POP B\u00dcRO<\/a>.<\/p>\n","protected":false},"excerpt":{"rendered":"<p>Le minist\u00e8re de la Culture d\u00e9finit et met en \u0153uvre les actions de l\u2019Etat destin\u00e9es \u00e0 assurer le rayonnement dans le monde de la langue, de la culture et de la cr\u00e9ation artistique fran\u00e7aises et \u00e0 valoriser les cultures \u00e9trang\u00e8res en France et le dialogue interculturel. Parmi les actions engag\u00e9es pour r\u00e9pondre \u00e0 ces objectifs, 2 dispositifs ont \u00e9t\u00e9 cr\u00e9\u00e9s\u00a0: les programmes Courants du monde et les Rencontres Malraux. Courants du monde Pourquoi ? Labellis\u00e9s \u00ab\u00a0Courants du monde\u00a0\u00bb,\u00a0les programmes d\u2019accueil [&hellip;]<\/p>\n","protected":false},"author":0,"featured_media":0,"comment_status":"closed","ping_status":"open","sticky":false,"template":"","format":"standard","meta":{"footnotes":""},"categories":[1],"tags":[],"class_list":["post-3228","post","type-post","status-publish","format-standard","hentry","category-non-classe"],"yoast_head":"<!-- This site is optimized with the Yoast SEO plugin v27.5 - https:\/\/yoast.com\/product\/yoast-seo-wordpress\/ -->\n<title>Programmes d\u2019accueil, de formation et d\u2019\u00e9change pour les professionnels \u00e9trangers de la culture - HIERO STRASBOURG<\/title>\n<meta name=\"robots\" content=\"index, follow, max-snippet:-1, max-image-preview:large, max-video-preview:-1\" \/>\n<link rel=\"canonical\" href=\"https:\/\/hierostrasbourg.com\/index.php\/2022\/07\/16\/programmes-daccueil-de-formation-et-dechange-pour-les-professionnels-etrangers-de-la-culture\/\" \/>\n<meta property=\"og:locale\" content=\"fr_FR\" \/>\n<meta property=\"og:type\" content=\"article\" \/>\n<meta property=\"og:title\" content=\"Programmes d\u2019accueil, de formation et d\u2019\u00e9change pour les professionnels \u00e9trangers de la culture - HIERO STRASBOURG\" \/>\n<meta property=\"og:description\" content=\"Le minist\u00e8re de la Culture d\u00e9finit et met en \u0153uvre les actions de l\u2019Etat destin\u00e9es \u00e0 assurer le rayonnement dans le monde de la langue, de la culture et de la cr\u00e9ation artistique fran\u00e7aises et \u00e0 valoriser les cultures \u00e9trang\u00e8res en France et le dialogue interculturel. Parmi les actions engag\u00e9es pour r\u00e9pondre \u00e0 ces objectifs, 2 dispositifs ont \u00e9t\u00e9 cr\u00e9\u00e9s\u00a0: les programmes Courants du monde et les Rencontres Malraux. Courants du monde Pourquoi ? Labellis\u00e9s \u00ab\u00a0Courants du monde\u00a0\u00bb,\u00a0les programmes d\u2019accueil [&hellip;]\" \/>\n<meta property=\"og:url\" content=\"https:\/\/hierostrasbourg.com\/index.php\/2022\/07\/16\/programmes-daccueil-de-formation-et-dechange-pour-les-professionnels-etrangers-de-la-culture\/\" \/>\n<meta property=\"og:site_name\" content=\"HIERO STRASBOURG\" \/>\n<meta property=\"article:publisher\" content=\"https:\/\/www.facebook.com\/fedehierostrasbourg\" \/>\n<meta property=\"article:published_time\" content=\"2022-07-16T14:35:17+00:00\" \/>\n<meta name=\"twitter:card\" content=\"summary_large_image\" \/>\n<meta name=\"twitter:creator\" content=\"@hierostrasbourg\" \/>\n<meta name=\"twitter:site\" content=\"@hierostrasbourg\" \/>\n<meta name=\"twitter:label1\" content=\"Dur\u00e9e de lecture estim\u00e9e\" \/>\n\t<meta name=\"twitter:data1\" content=\"1 minute\" \/>\n<script type=\"application\/ld+json\" class=\"yoast-schema-graph\">{\"@context\":\"https:\\\/\\\/schema.org\",\"@graph\":[{\"@type\":\"Article\",\"@id\":\"https:\\\/\\\/hierostrasbourg.com\\\/index.php\\\/2022\\\/07\\\/16\\\/programmes-daccueil-de-formation-et-dechange-pour-les-professionnels-etrangers-de-la-culture\\\/#article\",\"isPartOf\":{\"@id\":\"https:\\\/\\\/hierostrasbourg.com\\\/index.php\\\/2022\\\/07\\\/16\\\/programmes-daccueil-de-formation-et-dechange-pour-les-professionnels-etrangers-de-la-culture\\\/\"},\"author\":{\"name\":\"\",\"@id\":\"\"},\"headline\":\"Programmes d\u2019accueil, de formation et d\u2019\u00e9change pour les professionnels \u00e9trangers de la culture\",\"datePublished\":\"2022-07-16T14:35:17+00:00\",\"mainEntityOfPage\":{\"@id\":\"https:\\\/\\\/hierostrasbourg.com\\\/index.php\\\/2022\\\/07\\\/16\\\/programmes-daccueil-de-formation-et-dechange-pour-les-professionnels-etrangers-de-la-culture\\\/\"},\"wordCount\":154,\"publisher\":{\"@id\":\"https:\\\/\\\/hierostrasbourg.com\\\/#organization\"},\"inLanguage\":\"fr-FR\"},{\"@type\":\"WebPage\",\"@id\":\"https:\\\/\\\/hierostrasbourg.com\\\/index.php\\\/2022\\\/07\\\/16\\\/programmes-daccueil-de-formation-et-dechange-pour-les-professionnels-etrangers-de-la-culture\\\/\",\"url\":\"https:\\\/\\\/hierostrasbourg.com\\\/index.php\\\/2022\\\/07\\\/16\\\/programmes-daccueil-de-formation-et-dechange-pour-les-professionnels-etrangers-de-la-culture\\\/\",\"name\":\"Programmes d\u2019accueil, de formation et d\u2019\u00e9change pour les professionnels \u00e9trangers de la culture - HIERO STRASBOURG\",\"isPartOf\":{\"@id\":\"https:\\\/\\\/hierostrasbourg.com\\\/#website\"},\"datePublished\":\"2022-07-16T14:35:17+00:00\",\"breadcrumb\":{\"@id\":\"https:\\\/\\\/hierostrasbourg.com\\\/index.php\\\/2022\\\/07\\\/16\\\/programmes-daccueil-de-formation-et-dechange-pour-les-professionnels-etrangers-de-la-culture\\\/#breadcrumb\"},\"inLanguage\":\"fr-FR\",\"potentialAction\":[{\"@type\":\"ReadAction\",\"target\":[\"https:\\\/\\\/hierostrasbourg.com\\\/index.php\\\/2022\\\/07\\\/16\\\/programmes-daccueil-de-formation-et-dechange-pour-les-professionnels-etrangers-de-la-culture\\\/\"]}]},{\"@type\":\"BreadcrumbList\",\"@id\":\"https:\\\/\\\/hierostrasbourg.com\\\/index.php\\\/2022\\\/07\\\/16\\\/programmes-daccueil-de-formation-et-dechange-pour-les-professionnels-etrangers-de-la-culture\\\/#breadcrumb\",\"itemListElement\":[{\"@type\":\"ListItem\",\"position\":1,\"name\":\"Accueil\",\"item\":\"https:\\\/\\\/hierostrasbourg.com\\\/\"},{\"@type\":\"ListItem\",\"position\":2,\"name\":\"Programmes d\u2019accueil, de formation et d\u2019\u00e9change pour les professionnels \u00e9trangers de la culture\"}]},{\"@type\":\"WebSite\",\"@id\":\"https:\\\/\\\/hierostrasbourg.com\\\/#website\",\"url\":\"https:\\\/\\\/hierostrasbourg.com\\\/\",\"name\":\"HIERO STRASBOURG\",\"description\":\"Centre de Ressources Musiques Actuelles\",\"publisher\":{\"@id\":\"https:\\\/\\\/hierostrasbourg.com\\\/#organization\"},\"potentialAction\":[{\"@type\":\"SearchAction\",\"target\":{\"@type\":\"EntryPoint\",\"urlTemplate\":\"https:\\\/\\\/hierostrasbourg.com\\\/?s={search_term_string}\"},\"query-input\":{\"@type\":\"PropertyValueSpecification\",\"valueRequired\":true,\"valueName\":\"search_term_string\"}}],\"inLanguage\":\"fr-FR\"},{\"@type\":\"Organization\",\"@id\":\"https:\\\/\\\/hierostrasbourg.com\\\/#organization\",\"name\":\"F\u00e9d\u00e9ration Hi\u00e9ro Strasbourg\",\"url\":\"https:\\\/\\\/hierostrasbourg.com\\\/\",\"logo\":{\"@type\":\"ImageObject\",\"inLanguage\":\"fr-FR\",\"@id\":\"https:\\\/\\\/hierostrasbourg.com\\\/#\\\/schema\\\/logo\\\/image\\\/\",\"url\":\"https:\\\/\\\/hierostrasbourg.com\\\/wp-content\\\/uploads\\\/2026\\\/04\\\/logo-hiero-strasbourg.jpg\",\"contentUrl\":\"https:\\\/\\\/hierostrasbourg.com\\\/wp-content\\\/uploads\\\/2026\\\/04\\\/logo-hiero-strasbourg.jpg\",\"width\":204,\"height\":192,\"caption\":\"F\u00e9d\u00e9ration Hi\u00e9ro Strasbourg\"},\"image\":{\"@id\":\"https:\\\/\\\/hierostrasbourg.com\\\/#\\\/schema\\\/logo\\\/image\\\/\"},\"sameAs\":[\"https:\\\/\\\/www.facebook.com\\\/fedehierostrasbourg\",\"https:\\\/\\\/x.com\\\/hierostrasbourg\"]}]}<\/script>\n<!-- \/ Yoast SEO plugin. -->","yoast_head_json":{"title":"Programmes d\u2019accueil, de formation et d\u2019\u00e9change pour les professionnels \u00e9trangers de la culture - HIERO STRASBOURG","robots":{"index":"index","follow":"follow","max-snippet":"max-snippet:-1","max-image-preview":"max-image-preview:large","max-video-preview":"max-video-preview:-1"},"canonical":"https:\/\/hierostrasbourg.com\/index.php\/2022\/07\/16\/programmes-daccueil-de-formation-et-dechange-pour-les-professionnels-etrangers-de-la-culture\/","og_locale":"fr_FR","og_type":"article","og_title":"Programmes d\u2019accueil, de formation et d\u2019\u00e9change pour les professionnels \u00e9trangers de la culture - HIERO STRASBOURG","og_description":"Le minist\u00e8re de la Culture d\u00e9finit et met en \u0153uvre les actions de l\u2019Etat destin\u00e9es \u00e0 assurer le rayonnement dans le monde de la langue, de la culture et de la cr\u00e9ation artistique fran\u00e7aises et \u00e0 valoriser les cultures \u00e9trang\u00e8res en France et le dialogue interculturel. Parmi les actions engag\u00e9es pour r\u00e9pondre \u00e0 ces objectifs, 2 dispositifs ont \u00e9t\u00e9 cr\u00e9\u00e9s\u00a0: les programmes Courants du monde et les Rencontres Malraux. Courants du monde Pourquoi ? Labellis\u00e9s \u00ab\u00a0Courants du monde\u00a0\u00bb,\u00a0les programmes d\u2019accueil [&hellip;]","og_url":"https:\/\/hierostrasbourg.com\/index.php\/2022\/07\/16\/programmes-daccueil-de-formation-et-dechange-pour-les-professionnels-etrangers-de-la-culture\/","og_site_name":"HIERO STRASBOURG","article_publisher":"https:\/\/www.facebook.com\/fedehierostrasbourg","article_published_time":"2022-07-16T14:35:17+00:00","twitter_card":"summary_large_image","twitter_creator":"@hierostrasbourg","twitter_site":"@hierostrasbourg","twitter_misc":{"Dur\u00e9e de lecture estim\u00e9e":"1 minute"},"schema":{"@context":"https:\/\/schema.org","@graph":[{"@type":"Article","@id":"https:\/\/hierostrasbourg.com\/index.php\/2022\/07\/16\/programmes-daccueil-de-formation-et-dechange-pour-les-professionnels-etrangers-de-la-culture\/#article","isPartOf":{"@id":"https:\/\/hierostrasbourg.com\/index.php\/2022\/07\/16\/programmes-daccueil-de-formation-et-dechange-pour-les-professionnels-etrangers-de-la-culture\/"},"author":{"name":"","@id":""},"headline":"Programmes d\u2019accueil, de formation et d\u2019\u00e9change pour les professionnels \u00e9trangers de la culture","datePublished":"2022-07-16T14:35:17+00:00","mainEntityOfPage":{"@id":"https:\/\/hierostrasbourg.com\/index.php\/2022\/07\/16\/programmes-daccueil-de-formation-et-dechange-pour-les-professionnels-etrangers-de-la-culture\/"},"wordCount":154,"publisher":{"@id":"https:\/\/hierostrasbourg.com\/#organization"},"inLanguage":"fr-FR"},{"@type":"WebPage","@id":"https:\/\/hierostrasbourg.com\/index.php\/2022\/07\/16\/programmes-daccueil-de-formation-et-dechange-pour-les-professionnels-etrangers-de-la-culture\/","url":"https:\/\/hierostrasbourg.com\/index.php\/2022\/07\/16\/programmes-daccueil-de-formation-et-dechange-pour-les-professionnels-etrangers-de-la-culture\/","name":"Programmes d\u2019accueil, de formation et d\u2019\u00e9change pour les professionnels \u00e9trangers de la culture - HIERO STRASBOURG","isPartOf":{"@id":"https:\/\/hierostrasbourg.com\/#website"},"datePublished":"2022-07-16T14:35:17+00:00","breadcrumb":{"@id":"https:\/\/hierostrasbourg.com\/index.php\/2022\/07\/16\/programmes-daccueil-de-formation-et-dechange-pour-les-professionnels-etrangers-de-la-culture\/#breadcrumb"},"inLanguage":"fr-FR","potentialAction":[{"@type":"ReadAction","target":["https:\/\/hierostrasbourg.com\/index.php\/2022\/07\/16\/programmes-daccueil-de-formation-et-dechange-pour-les-professionnels-etrangers-de-la-culture\/"]}]},{"@type":"BreadcrumbList","@id":"https:\/\/hierostrasbourg.com\/index.php\/2022\/07\/16\/programmes-daccueil-de-formation-et-dechange-pour-les-professionnels-etrangers-de-la-culture\/#breadcrumb","itemListElement":[{"@type":"ListItem","position":1,"name":"Accueil","item":"https:\/\/hierostrasbourg.com\/"},{"@type":"ListItem","position":2,"name":"Programmes d\u2019accueil, de formation et d\u2019\u00e9change pour les professionnels \u00e9trangers de la culture"}]},{"@type":"WebSite","@id":"https:\/\/hierostrasbourg.com\/#website","url":"https:\/\/hierostrasbourg.com\/","name":"HIERO STRASBOURG","description":"Centre de Ressources Musiques Actuelles","publisher":{"@id":"https:\/\/hierostrasbourg.com\/#organization"},"potentialAction":[{"@type":"SearchAction","target":{"@type":"EntryPoint","urlTemplate":"https:\/\/hierostrasbourg.com\/?s={search_term_string}"},"query-input":{"@type":"PropertyValueSpecification","valueRequired":true,"valueName":"search_term_string"}}],"inLanguage":"fr-FR"},{"@type":"Organization","@id":"https:\/\/hierostrasbourg.com\/#organization","name":"F\u00e9d\u00e9ration Hi\u00e9ro Strasbourg","url":"https:\/\/hierostrasbourg.com\/","logo":{"@type":"ImageObject","inLanguage":"fr-FR","@id":"https:\/\/hierostrasbourg.com\/#\/schema\/logo\/image\/","url":"https:\/\/hierostrasbourg.com\/wp-content\/uploads\/2026\/04\/logo-hiero-strasbourg.jpg","contentUrl":"https:\/\/hierostrasbourg.com\/wp-content\/uploads\/2026\/04\/logo-hiero-strasbourg.jpg","width":204,"height":192,"caption":"F\u00e9d\u00e9ration Hi\u00e9ro Strasbourg"},"image":{"@id":"https:\/\/hierostrasbourg.com\/#\/schema\/logo\/image\/"},"sameAs":["https:\/\/www.facebook.com\/fedehierostrasbourg","https:\/\/x.com\/hierostrasbourg"]}]}},"_links":{"self":[{"href":"https:\/\/hierostrasbourg.com\/index.php\/wp-json\/wp\/v2\/posts\/3228","targetHints":{"allow":["GET"]}}],"collection":[{"href":"https:\/\/hierostrasbourg.com\/index.php\/wp-json\/wp\/v2\/posts"}],"about":[{"href":"https:\/\/hierostrasbourg.com\/index.php\/wp-json\/wp\/v2\/types\/post"}],"replies":[{"embeddable":true,"href":"https:\/\/hierostrasbourg.com\/index.php\/wp-json\/wp\/v2\/comments?post=3228"}],"version-history":[{"count":0,"href":"https:\/\/hierostrasbourg.com\/index.php\/wp-json\/wp\/v2\/posts\/3228\/revisions"}],"wp:attachment":[{"href":"https:\/\/hierostrasbourg.com\/index.php\/wp-json\/wp\/v2\/media?parent=3228"}],"wp:term":[{"taxonomy":"category","embeddable":true,"href":"https:\/\/hierostrasbourg.com\/index.php\/wp-json\/wp\/v2\/categories?post=3228"},{"taxonomy":"post_tag","embeddable":true,"href":"https:\/\/hierostrasbourg.com\/index.php\/wp-json\/wp\/v2\/tags?post=3228"}],"curies":[{"name":"wp","href":"https:\/\/api.w.org\/{rel}","templated":true}]}}