{"id":3225,"date":"2022-07-15T23:32:42","date_gmt":"2022-07-15T21:32:42","guid":{"rendered":"https:\/\/hierostrasbourg.com\/index.php\/2022\/07\/15\/la-sacem-reclame-des-droits-dauteur-aux-proprietaires-de-location-saisonniere-2\/"},"modified":"2022-07-15T23:32:42","modified_gmt":"2022-07-15T21:32:42","slug":"la-sacem-reclame-des-droits-dauteur-aux-proprietaires-de-location-saisonniere-2","status":"publish","type":"post","link":"https:\/\/hierostrasbourg.com\/index.php\/2022\/07\/15\/la-sacem-reclame-des-droits-dauteur-aux-proprietaires-de-location-saisonniere-2\/","title":{"rendered":"La Sacem r\u00e9clame des droits d\u2019auteur aux propri\u00e9taires de location saisonni\u00e8re"},"content":{"rendered":"<p><em>Des propri\u00e9taires de maison en location saisonni\u00e8re ont re\u00e7u des courriers de la Sacem qui leur r\u00e9clament 223 euros par an, rapporte \u00ab Le Parisien<\/em><br \/><em>\u00bb<\/em><br \/><em>Les propri\u00e9taires de logement en location saisonni\u00e8re ont d\u2019abord cru \u00e0 une arnaque. Nombre d\u2019entre eux ont re\u00e7u des lettres de la Sacem depuis le d\u00e9but de l\u2019ann\u00e9e. La Soci\u00e9t\u00e9 des auteurs, compositeurs et \u00e9diteurs de musique r\u00e9clame des droits d\u2019auteur \u00e0 ces propri\u00e9taires de maison ou d\u2019appartement, relaie, vendredi 15 juillet, Le Parisien. Un forfait annuel leur est en effet demand\u00e9..<\/em><\/p>\n<p>Source \/ Lire la suite :<a href=\"https:\/\/www.lepoint.fr\/economie\/la-sacem-reclame-des-droits-d-auteur-aux-proprietaires-de-location-saisonniere-15-07-2022-2483409_28.php#xtor=CS2-238\" target=\"_blank\" rel=\"noopener\"> La Sacem r\u00e9clame des droits d\u2019auteur aux propri\u00e9taires de location saisonni\u00e8re<\/a><\/p>\n<p>L\u2019article <a href=\"https:\/\/popburo.fr\/la-sacem-reclame-des-droits-dauteur-aux-proprietaires-de-location-saisonniere\/\">La Sacem r\u00e9clame des droits d\u2019auteur aux propri\u00e9taires de location saisonni\u00e8re<\/a> est apparu en premier sur <a href=\"https:\/\/popburo.fr\/\">POP B\u00dcRO<\/a>.<\/p>\n","protected":false},"excerpt":{"rendered":"<p>Des propri\u00e9taires de maison en location saisonni\u00e8re ont re\u00e7u des courriers de la Sacem qui leur r\u00e9clament 223 euros par an, rapporte \u00ab Le Parisien\u00bbLes propri\u00e9taires de logement en location saisonni\u00e8re ont d\u2019abord cru \u00e0 une arnaque. Nombre d\u2019entre eux ont re\u00e7u des lettres de la Sacem depuis le d\u00e9but de l\u2019ann\u00e9e. La Soci\u00e9t\u00e9 des auteurs, compositeurs et \u00e9diteurs de musique r\u00e9clame des droits d\u2019auteur \u00e0 ces propri\u00e9taires de maison ou d\u2019appartement, relaie, vendredi 15 juillet, Le Parisien. Un forfait [&hellip;]<\/p>\n","protected":false},"author":0,"featured_media":0,"comment_status":"closed","ping_status":"open","sticky":false,"template":"","format":"standard","meta":{"footnotes":""},"categories":[1],"tags":[],"class_list":["post-3225","post","type-post","status-publish","format-standard","hentry","category-non-classe"],"yoast_head":"<!-- This site is optimized with the Yoast SEO plugin v27.5 - https:\/\/yoast.com\/product\/yoast-seo-wordpress\/ -->\n<title>La Sacem r\u00e9clame des droits d\u2019auteur aux propri\u00e9taires de location saisonni\u00e8re - HIERO STRASBOURG<\/title>\n<meta name=\"robots\" content=\"index, follow, max-snippet:-1, max-image-preview:large, max-video-preview:-1\" \/>\n<link rel=\"canonical\" href=\"https:\/\/hierostrasbourg.com\/index.php\/2022\/07\/15\/la-sacem-reclame-des-droits-dauteur-aux-proprietaires-de-location-saisonniere-2\/\" \/>\n<meta property=\"og:locale\" content=\"fr_FR\" \/>\n<meta property=\"og:type\" content=\"article\" \/>\n<meta property=\"og:title\" content=\"La Sacem r\u00e9clame des droits d\u2019auteur aux propri\u00e9taires de location saisonni\u00e8re - HIERO STRASBOURG\" \/>\n<meta property=\"og:description\" content=\"Des propri\u00e9taires de maison en location saisonni\u00e8re ont re\u00e7u des courriers de la Sacem qui leur r\u00e9clament 223 euros par an, rapporte \u00ab Le Parisien\u00bbLes propri\u00e9taires de logement en location saisonni\u00e8re ont d\u2019abord cru \u00e0 une arnaque. Nombre d\u2019entre eux ont re\u00e7u des lettres de la Sacem depuis le d\u00e9but de l\u2019ann\u00e9e. La Soci\u00e9t\u00e9 des auteurs, compositeurs et \u00e9diteurs de musique r\u00e9clame des droits d\u2019auteur \u00e0 ces propri\u00e9taires de maison ou d\u2019appartement, relaie, vendredi 15 juillet, Le Parisien. Un forfait [&hellip;]\" \/>\n<meta property=\"og:url\" content=\"https:\/\/hierostrasbourg.com\/index.php\/2022\/07\/15\/la-sacem-reclame-des-droits-dauteur-aux-proprietaires-de-location-saisonniere-2\/\" \/>\n<meta property=\"og:site_name\" content=\"HIERO STRASBOURG\" \/>\n<meta property=\"article:publisher\" content=\"https:\/\/www.facebook.com\/fedehierostrasbourg\" \/>\n<meta property=\"article:published_time\" content=\"2022-07-15T21:32:42+00:00\" \/>\n<meta name=\"twitter:card\" content=\"summary_large_image\" \/>\n<meta name=\"twitter:creator\" content=\"@hierostrasbourg\" \/>\n<meta name=\"twitter:site\" content=\"@hierostrasbourg\" \/>\n<meta name=\"twitter:label1\" content=\"Dur\u00e9e de lecture estim\u00e9e\" \/>\n\t<meta name=\"twitter:data1\" content=\"1 minute\" \/>\n<script type=\"application\/ld+json\" class=\"yoast-schema-graph\">{\"@context\":\"https:\\\/\\\/schema.org\",\"@graph\":[{\"@type\":\"Article\",\"@id\":\"https:\\\/\\\/hierostrasbourg.com\\\/index.php\\\/2022\\\/07\\\/15\\\/la-sacem-reclame-des-droits-dauteur-aux-proprietaires-de-location-saisonniere-2\\\/#article\",\"isPartOf\":{\"@id\":\"https:\\\/\\\/hierostrasbourg.com\\\/index.php\\\/2022\\\/07\\\/15\\\/la-sacem-reclame-des-droits-dauteur-aux-proprietaires-de-location-saisonniere-2\\\/\"},\"author\":{\"name\":\"\",\"@id\":\"\"},\"headline\":\"La Sacem r\u00e9clame des droits d\u2019auteur aux propri\u00e9taires de location saisonni\u00e8re\",\"datePublished\":\"2022-07-15T21:32:42+00:00\",\"mainEntityOfPage\":{\"@id\":\"https:\\\/\\\/hierostrasbourg.com\\\/index.php\\\/2022\\\/07\\\/15\\\/la-sacem-reclame-des-droits-dauteur-aux-proprietaires-de-location-saisonniere-2\\\/\"},\"wordCount\":158,\"publisher\":{\"@id\":\"https:\\\/\\\/hierostrasbourg.com\\\/#organization\"},\"inLanguage\":\"fr-FR\"},{\"@type\":\"WebPage\",\"@id\":\"https:\\\/\\\/hierostrasbourg.com\\\/index.php\\\/2022\\\/07\\\/15\\\/la-sacem-reclame-des-droits-dauteur-aux-proprietaires-de-location-saisonniere-2\\\/\",\"url\":\"https:\\\/\\\/hierostrasbourg.com\\\/index.php\\\/2022\\\/07\\\/15\\\/la-sacem-reclame-des-droits-dauteur-aux-proprietaires-de-location-saisonniere-2\\\/\",\"name\":\"La Sacem r\u00e9clame des droits d\u2019auteur aux propri\u00e9taires de location saisonni\u00e8re - HIERO STRASBOURG\",\"isPartOf\":{\"@id\":\"https:\\\/\\\/hierostrasbourg.com\\\/#website\"},\"datePublished\":\"2022-07-15T21:32:42+00:00\",\"breadcrumb\":{\"@id\":\"https:\\\/\\\/hierostrasbourg.com\\\/index.php\\\/2022\\\/07\\\/15\\\/la-sacem-reclame-des-droits-dauteur-aux-proprietaires-de-location-saisonniere-2\\\/#breadcrumb\"},\"inLanguage\":\"fr-FR\",\"potentialAction\":[{\"@type\":\"ReadAction\",\"target\":[\"https:\\\/\\\/hierostrasbourg.com\\\/index.php\\\/2022\\\/07\\\/15\\\/la-sacem-reclame-des-droits-dauteur-aux-proprietaires-de-location-saisonniere-2\\\/\"]}]},{\"@type\":\"BreadcrumbList\",\"@id\":\"https:\\\/\\\/hierostrasbourg.com\\\/index.php\\\/2022\\\/07\\\/15\\\/la-sacem-reclame-des-droits-dauteur-aux-proprietaires-de-location-saisonniere-2\\\/#breadcrumb\",\"itemListElement\":[{\"@type\":\"ListItem\",\"position\":1,\"name\":\"Accueil\",\"item\":\"https:\\\/\\\/hierostrasbourg.com\\\/\"},{\"@type\":\"ListItem\",\"position\":2,\"name\":\"La Sacem r\u00e9clame des droits d\u2019auteur aux propri\u00e9taires de location saisonni\u00e8re\"}]},{\"@type\":\"WebSite\",\"@id\":\"https:\\\/\\\/hierostrasbourg.com\\\/#website\",\"url\":\"https:\\\/\\\/hierostrasbourg.com\\\/\",\"name\":\"HIERO STRASBOURG\",\"description\":\"Centre de Ressources Musiques Actuelles\",\"publisher\":{\"@id\":\"https:\\\/\\\/hierostrasbourg.com\\\/#organization\"},\"potentialAction\":[{\"@type\":\"SearchAction\",\"target\":{\"@type\":\"EntryPoint\",\"urlTemplate\":\"https:\\\/\\\/hierostrasbourg.com\\\/?s={search_term_string}\"},\"query-input\":{\"@type\":\"PropertyValueSpecification\",\"valueRequired\":true,\"valueName\":\"search_term_string\"}}],\"inLanguage\":\"fr-FR\"},{\"@type\":\"Organization\",\"@id\":\"https:\\\/\\\/hierostrasbourg.com\\\/#organization\",\"name\":\"F\u00e9d\u00e9ration Hi\u00e9ro Strasbourg\",\"url\":\"https:\\\/\\\/hierostrasbourg.com\\\/\",\"logo\":{\"@type\":\"ImageObject\",\"inLanguage\":\"fr-FR\",\"@id\":\"https:\\\/\\\/hierostrasbourg.com\\\/#\\\/schema\\\/logo\\\/image\\\/\",\"url\":\"https:\\\/\\\/hierostrasbourg.com\\\/wp-content\\\/uploads\\\/2026\\\/04\\\/logo-hiero-strasbourg.jpg\",\"contentUrl\":\"https:\\\/\\\/hierostrasbourg.com\\\/wp-content\\\/uploads\\\/2026\\\/04\\\/logo-hiero-strasbourg.jpg\",\"width\":204,\"height\":192,\"caption\":\"F\u00e9d\u00e9ration Hi\u00e9ro Strasbourg\"},\"image\":{\"@id\":\"https:\\\/\\\/hierostrasbourg.com\\\/#\\\/schema\\\/logo\\\/image\\\/\"},\"sameAs\":[\"https:\\\/\\\/www.facebook.com\\\/fedehierostrasbourg\",\"https:\\\/\\\/x.com\\\/hierostrasbourg\"]}]}<\/script>\n<!-- \/ Yoast SEO plugin. -->","yoast_head_json":{"title":"La Sacem r\u00e9clame des droits d\u2019auteur aux propri\u00e9taires de location saisonni\u00e8re - HIERO STRASBOURG","robots":{"index":"index","follow":"follow","max-snippet":"max-snippet:-1","max-image-preview":"max-image-preview:large","max-video-preview":"max-video-preview:-1"},"canonical":"https:\/\/hierostrasbourg.com\/index.php\/2022\/07\/15\/la-sacem-reclame-des-droits-dauteur-aux-proprietaires-de-location-saisonniere-2\/","og_locale":"fr_FR","og_type":"article","og_title":"La Sacem r\u00e9clame des droits d\u2019auteur aux propri\u00e9taires de location saisonni\u00e8re - HIERO STRASBOURG","og_description":"Des propri\u00e9taires de maison en location saisonni\u00e8re ont re\u00e7u des courriers de la Sacem qui leur r\u00e9clament 223 euros par an, rapporte \u00ab Le Parisien\u00bbLes propri\u00e9taires de logement en location saisonni\u00e8re ont d\u2019abord cru \u00e0 une arnaque. Nombre d\u2019entre eux ont re\u00e7u des lettres de la Sacem depuis le d\u00e9but de l\u2019ann\u00e9e. La Soci\u00e9t\u00e9 des auteurs, compositeurs et \u00e9diteurs de musique r\u00e9clame des droits d\u2019auteur \u00e0 ces propri\u00e9taires de maison ou d\u2019appartement, relaie, vendredi 15 juillet, Le Parisien. Un forfait [&hellip;]","og_url":"https:\/\/hierostrasbourg.com\/index.php\/2022\/07\/15\/la-sacem-reclame-des-droits-dauteur-aux-proprietaires-de-location-saisonniere-2\/","og_site_name":"HIERO STRASBOURG","article_publisher":"https:\/\/www.facebook.com\/fedehierostrasbourg","article_published_time":"2022-07-15T21:32:42+00:00","twitter_card":"summary_large_image","twitter_creator":"@hierostrasbourg","twitter_site":"@hierostrasbourg","twitter_misc":{"Dur\u00e9e de lecture estim\u00e9e":"1 minute"},"schema":{"@context":"https:\/\/schema.org","@graph":[{"@type":"Article","@id":"https:\/\/hierostrasbourg.com\/index.php\/2022\/07\/15\/la-sacem-reclame-des-droits-dauteur-aux-proprietaires-de-location-saisonniere-2\/#article","isPartOf":{"@id":"https:\/\/hierostrasbourg.com\/index.php\/2022\/07\/15\/la-sacem-reclame-des-droits-dauteur-aux-proprietaires-de-location-saisonniere-2\/"},"author":{"name":"","@id":""},"headline":"La Sacem r\u00e9clame des droits d\u2019auteur aux propri\u00e9taires de location saisonni\u00e8re","datePublished":"2022-07-15T21:32:42+00:00","mainEntityOfPage":{"@id":"https:\/\/hierostrasbourg.com\/index.php\/2022\/07\/15\/la-sacem-reclame-des-droits-dauteur-aux-proprietaires-de-location-saisonniere-2\/"},"wordCount":158,"publisher":{"@id":"https:\/\/hierostrasbourg.com\/#organization"},"inLanguage":"fr-FR"},{"@type":"WebPage","@id":"https:\/\/hierostrasbourg.com\/index.php\/2022\/07\/15\/la-sacem-reclame-des-droits-dauteur-aux-proprietaires-de-location-saisonniere-2\/","url":"https:\/\/hierostrasbourg.com\/index.php\/2022\/07\/15\/la-sacem-reclame-des-droits-dauteur-aux-proprietaires-de-location-saisonniere-2\/","name":"La Sacem r\u00e9clame des droits d\u2019auteur aux propri\u00e9taires de location saisonni\u00e8re - HIERO STRASBOURG","isPartOf":{"@id":"https:\/\/hierostrasbourg.com\/#website"},"datePublished":"2022-07-15T21:32:42+00:00","breadcrumb":{"@id":"https:\/\/hierostrasbourg.com\/index.php\/2022\/07\/15\/la-sacem-reclame-des-droits-dauteur-aux-proprietaires-de-location-saisonniere-2\/#breadcrumb"},"inLanguage":"fr-FR","potentialAction":[{"@type":"ReadAction","target":["https:\/\/hierostrasbourg.com\/index.php\/2022\/07\/15\/la-sacem-reclame-des-droits-dauteur-aux-proprietaires-de-location-saisonniere-2\/"]}]},{"@type":"BreadcrumbList","@id":"https:\/\/hierostrasbourg.com\/index.php\/2022\/07\/15\/la-sacem-reclame-des-droits-dauteur-aux-proprietaires-de-location-saisonniere-2\/#breadcrumb","itemListElement":[{"@type":"ListItem","position":1,"name":"Accueil","item":"https:\/\/hierostrasbourg.com\/"},{"@type":"ListItem","position":2,"name":"La Sacem r\u00e9clame des droits d\u2019auteur aux propri\u00e9taires de location saisonni\u00e8re"}]},{"@type":"WebSite","@id":"https:\/\/hierostrasbourg.com\/#website","url":"https:\/\/hierostrasbourg.com\/","name":"HIERO STRASBOURG","description":"Centre de Ressources Musiques Actuelles","publisher":{"@id":"https:\/\/hierostrasbourg.com\/#organization"},"potentialAction":[{"@type":"SearchAction","target":{"@type":"EntryPoint","urlTemplate":"https:\/\/hierostrasbourg.com\/?s={search_term_string}"},"query-input":{"@type":"PropertyValueSpecification","valueRequired":true,"valueName":"search_term_string"}}],"inLanguage":"fr-FR"},{"@type":"Organization","@id":"https:\/\/hierostrasbourg.com\/#organization","name":"F\u00e9d\u00e9ration Hi\u00e9ro Strasbourg","url":"https:\/\/hierostrasbourg.com\/","logo":{"@type":"ImageObject","inLanguage":"fr-FR","@id":"https:\/\/hierostrasbourg.com\/#\/schema\/logo\/image\/","url":"https:\/\/hierostrasbourg.com\/wp-content\/uploads\/2026\/04\/logo-hiero-strasbourg.jpg","contentUrl":"https:\/\/hierostrasbourg.com\/wp-content\/uploads\/2026\/04\/logo-hiero-strasbourg.jpg","width":204,"height":192,"caption":"F\u00e9d\u00e9ration Hi\u00e9ro Strasbourg"},"image":{"@id":"https:\/\/hierostrasbourg.com\/#\/schema\/logo\/image\/"},"sameAs":["https:\/\/www.facebook.com\/fedehierostrasbourg","https:\/\/x.com\/hierostrasbourg"]}]}},"_links":{"self":[{"href":"https:\/\/hierostrasbourg.com\/index.php\/wp-json\/wp\/v2\/posts\/3225","targetHints":{"allow":["GET"]}}],"collection":[{"href":"https:\/\/hierostrasbourg.com\/index.php\/wp-json\/wp\/v2\/posts"}],"about":[{"href":"https:\/\/hierostrasbourg.com\/index.php\/wp-json\/wp\/v2\/types\/post"}],"replies":[{"embeddable":true,"href":"https:\/\/hierostrasbourg.com\/index.php\/wp-json\/wp\/v2\/comments?post=3225"}],"version-history":[{"count":0,"href":"https:\/\/hierostrasbourg.com\/index.php\/wp-json\/wp\/v2\/posts\/3225\/revisions"}],"wp:attachment":[{"href":"https:\/\/hierostrasbourg.com\/index.php\/wp-json\/wp\/v2\/media?parent=3225"}],"wp:term":[{"taxonomy":"category","embeddable":true,"href":"https:\/\/hierostrasbourg.com\/index.php\/wp-json\/wp\/v2\/categories?post=3225"},{"taxonomy":"post_tag","embeddable":true,"href":"https:\/\/hierostrasbourg.com\/index.php\/wp-json\/wp\/v2\/tags?post=3225"}],"curies":[{"name":"wp","href":"https:\/\/api.w.org\/{rel}","templated":true}]}}