{"id":3221,"date":"2022-07-15T14:32:17","date_gmt":"2022-07-15T12:32:17","guid":{"rendered":"https:\/\/hierostrasbourg.com\/index.php\/2022\/07\/15\/tot-ou-tart-recrute-une-charge-de-mission-formation-et-accompagnement-f-h-2\/"},"modified":"2022-07-15T14:32:17","modified_gmt":"2022-07-15T12:32:17","slug":"tot-ou-tart-recrute-une-charge-de-mission-formation-et-accompagnement-f-h-2","status":"publish","type":"post","link":"https:\/\/hierostrasbourg.com\/index.php\/2022\/07\/15\/tot-ou-tart-recrute-une-charge-de-mission-formation-et-accompagnement-f-h-2\/","title":{"rendered":"T\u00d4T OU T\u2019ART recrute une charg\u00e9 de mission formation et accompagnement\u00a0[F\/H]"},"content":{"rendered":"<p>T\u00d4T OU T\u2019ART est un r\u00e9seau Alsacien, centre de ressources culture et solidarit\u00e9, qui permet la rencontre et la collaboration des professionnels et des b\u00e9n\u00e9voles de l\u2019action sociale et de la culture.<\/p>\n<p>Il accompagne :<\/p>\n<p>les professionnels des structures (m\u00e9dico)sociales et d\u2019insertion \u00e0 se saisir des pratiques culturelles comme levier d\u2019inclusion des personnes en difficult\u00e9<br \/>\nles professionnels des structures culturelles dans leurs missions de d\u00e9mocratisation et de contribuer \u00e0 une d\u00e9mocratie culturelle<\/p>\n<h2>R\u00e9sum\u00e9 du poste<\/h2>\n<p>Afin de favoriser la collaboration entre les deux secteurs, sous l\u2019autorit\u00e9 de la direction, vous \u00eates responsable des actions d\u2019accompagnement dont l\u2019objectif est la mont\u00e9e en comp\u00e9tences des professionnels et b\u00e9n\u00e9voles de la culture et de l\u2019action sociale.<\/p>\n<p>Vous travaillez au d\u00e9veloppement des contenus et ressources \u00e0 destination des professionnels qui mobilisent les pratiques artistiques et culturelles dans l\u2019\u00e9mancipation et l\u2019\u00e9panouissement des personnes les plus fragiles.<\/p>\n<p>Vous capitalisez votre travail autour de la formation et de l\u2019animation de la th\u00e9matique culture et solidarit\u00e9, en identifiant les manques en outils, publications et \u00e9tudes et vous collaborez avec le milieu culturel, m\u00e9dico-social, d\u2019insertion et de la recherche universitaire pour pallier ces manques.<\/p>\n<h2>Missions<\/h2>\n<h4>Strat\u00e9gie et d\u00e9veloppement<\/h4>\n<p>Suivant les orientations du CA et de la direction, vous participez \u00e0 l\u2019\u00e9laboration de la strat\u00e9gie et vous coordonnez le d\u00e9veloppement du p\u00f4le Formation et ressources de l\u2019association<br \/>\nSur le sujet Culture et Solidarit\u00e9, vous continuez le recensement des formations existantes et des besoins, dans le r\u00e9seau\u00a0et en dehors.<br \/>\nVous identifiez des th\u00e9matiques transversales int\u00e9ressant les membres du r\u00e9seau, \u00e0 d\u00e9cliner en formations, outils, rencontres, publications\u2026<br \/>\nVous \u00e9laborez une programmation de formations\u00a0continues, en pr\u00e9sentiel et num\u00e9rique<br \/>\nVous f\u00e9d\u00e9rez un cercle de formateurs<br \/>\nVous d\u00e9veloppez, organisez et participez \u00e0 l\u2019animation des formations sur-mesure au sein des structures du r\u00e9seau<\/p>\n<h4>Communication et diffusion<\/h4>\n<p>En lien avec la Commission Formation et le reste de l\u2019\u00e9quipe, vous assurez la diffusion de ces formations au sein du r\u00e9seau et \u00e0 l\u2019ext\u00e9rieur<br \/>\nVous contribuez \u00e0 la valorisation de l\u2019impact de la culture dans l\u2019accompagnement des publics en difficult\u00e9 sociale \u00e0 travers l\u2019\u00e9laboration de contenu \u00e0 inclure dans des documents de communication, \u00e0 destination des partenaires, financeurs, futurs membres du r\u00e9seau, etc.<\/p>\n<h4>Op\u00e9rationnel, administratif<\/h4>\n<p>Vous assurez le suivi administratif et l\u2019\u00e9valuation des sessions de formation et des formateurs, vous identifiez les indicateurs et assurez le suivi statistique<br \/>\nVous coordonnez des rencontres et des projets d\u2019exp\u00e9rimentation o\u00f9 la culture est un outil d\u2019insertion sociale et professionnelle<br \/>\nVous mettez en \u0153uvre une veille constante sur le th\u00e8me culture et solidarit\u00e9, et animez un groupe de r\u00e9flexion compos\u00e9 de praticiens et d\u2019interlocuteurs du monde professionnel et acad\u00e9mique.<br \/>\nVous g\u00e9rez le fond documentaire (livres, jeux, revues\u2026) en le mettant \u00e0 disposition des membres sur le site Internet<br \/>\nVous enrichissez et mettez r\u00e9guli\u00e8rement\u00a0\u00e0 jour la base de donn\u00e9es documentaires\u00a0num\u00e9rique et physique<br \/>\nVous coordonnez des journ\u00e9es d\u2019\u00e9tudes ou d\u2019information avec les partenaires et vous proposez du contenu lors des diff\u00e9rents temps de rencontres professionnelles du r\u00e9seau (forum de rentr\u00e9e, rencontres r\u00e9f\u00e9rents\u2026).<\/p>\n<h2>Connaissances et comp\u00e9tences techniques<\/h2>\n<p>Int\u00e9r\u00eat pour l\u2019action sociale, m\u00e9dico-sociale, l\u2019insertion et l\u2019action culturelle<br \/>\nConnaissance des acteurs des secteurs social, m\u00e9dico-social, insertion et\/ou culturel<br \/>\nConnaissance de la r\u00e8glementation et des financements de la formation professionnelle<br \/>\nComp\u00e9tences en ing\u00e9nierie de formation et dans l\u2019animation d\u2019un cercle de formateurs<br \/>\nAisance en informatique : outils bureautiques, word, excel (graphiques, tableaux crois\u00e9s dynamiques) et logiciels de formation, outils de partage de documents en ligne<\/p>\n<h2>Comp\u00e9tences g\u00e9n\u00e9rales<\/h2>\n<p>Aisance pour l\u2019animation<br \/>\nAutonomie et capacit\u00e9 d\u2019initiative<br \/>\nBon sens de l\u2019organisation<br \/>\nAisance relationnelle<br \/>\nCapacit\u00e9s r\u00e9dactionnelles et esprit de synth\u00e8se<br \/>\nEsprit d\u2019\u00e9quipe<\/p>\n<h2>Lieu de travail<\/h2>\n<p>Si\u00e8ge de l\u2019association et d\u00e9placements \u00e0 pr\u00e9voir en Alsace<br \/>\nObservations compl\u00e9mentaires<br \/>\nDisponibilit\u00e9 en soir\u00e9e\/week-end parfois n\u00e9cessaire selon l\u2019actualit\u00e9 associative et le suivi des projets<\/p>\n<h2>R\u00e9mun\u00e9ration<\/h2>\n<p>Groupe F\u00a0de la Convention Collective Nationale de l\u2019Animation Coefficient 350<\/p>\n<h2>Profil recherch\u00e9<\/h2>\n<p>Dipl\u00f4mes souhait\u00e9s Bac + 5 ou BAC+2\/3 avec exp\u00e9rience<br \/>\nFormation\u00a0compl\u00e9mentaire\u00a0: Permis B<br \/>\nExp\u00e9riences\u00a0souhait\u00e9es : exp\u00e9rience dans le secteur social, dans l\u2019animation d\u2019un r\u00e9seau ou dans la formation continue.<\/p>\n<h2>CANDIDATURE<\/h2>\n<p>Merci d\u2019adresser vos candidatures (CV + lettre de motivation) par courriel uniquement avant le 28 ao\u00fbt 2022 \u00e0 l\u2019attention de C\u00e9cile HAEFFELE, directrice de l\u2019association.<\/p>\n<p>contact@totoutart.org \/ renseignements t\u00e9l\u00e9phoniques 03 88 13 43 30<br \/>\nEntretiens le mardi 6 et le lundi 12 septembre 2022<\/p>\n<p>Prise de poste souhait\u00e9e le 1er octobre 2022<\/p>\n<p>L\u2019article <a href=\"https:\/\/popburo.fr\/tot-ou-tart-recrute-une-charge-de-mission-formation-et-accompagnement-f-h\/\">T\u00d4T OU T\u2019ART recrute une charg\u00e9 de mission formation et accompagnement\u00a0[F\/H]<\/a> est apparu en premier sur <a href=\"https:\/\/popburo.fr\/\">POP B\u00dcRO<\/a>.<\/p>\n","protected":false},"excerpt":{"rendered":"<p>T\u00d4T OU T\u2019ART est un r\u00e9seau Alsacien, centre de ressources culture et solidarit\u00e9, qui permet la rencontre et la collaboration des professionnels et des b\u00e9n\u00e9voles de l\u2019action sociale et de la culture. Il accompagne : les professionnels des structures (m\u00e9dico)sociales et d\u2019insertion \u00e0 se saisir des pratiques culturelles comme levier d\u2019inclusion des personnes en difficult\u00e9 les professionnels des structures culturelles dans leurs missions de d\u00e9mocratisation et de contribuer \u00e0 une d\u00e9mocratie culturelle R\u00e9sum\u00e9 du poste Afin de favoriser la collaboration [&hellip;]<\/p>\n","protected":false},"author":0,"featured_media":0,"comment_status":"closed","ping_status":"open","sticky":false,"template":"","format":"standard","meta":{"footnotes":""},"categories":[1],"tags":[],"class_list":["post-3221","post","type-post","status-publish","format-standard","hentry","category-non-classe"],"yoast_head":"<!-- This site is optimized with the Yoast SEO plugin v27.5 - https:\/\/yoast.com\/product\/yoast-seo-wordpress\/ -->\n<title>T\u00d4T OU T\u2019ART recrute une charg\u00e9 de mission formation et accompagnement\u00a0[F\/H] - HIERO STRASBOURG<\/title>\n<meta name=\"robots\" content=\"index, follow, max-snippet:-1, max-image-preview:large, max-video-preview:-1\" \/>\n<link rel=\"canonical\" href=\"https:\/\/hierostrasbourg.com\/index.php\/2022\/07\/15\/tot-ou-tart-recrute-une-charge-de-mission-formation-et-accompagnement-f-h-2\/\" \/>\n<meta property=\"og:locale\" content=\"fr_FR\" \/>\n<meta property=\"og:type\" content=\"article\" \/>\n<meta property=\"og:title\" content=\"T\u00d4T OU T\u2019ART recrute une charg\u00e9 de mission formation et accompagnement\u00a0[F\/H] - HIERO STRASBOURG\" \/>\n<meta property=\"og:description\" content=\"T\u00d4T OU T\u2019ART est un r\u00e9seau Alsacien, centre de ressources culture et solidarit\u00e9, qui permet la rencontre et la collaboration des professionnels et des b\u00e9n\u00e9voles de l\u2019action sociale et de la culture. Il accompagne : les professionnels des structures (m\u00e9dico)sociales et d\u2019insertion \u00e0 se saisir des pratiques culturelles comme levier d\u2019inclusion des personnes en difficult\u00e9 les professionnels des structures culturelles dans leurs missions de d\u00e9mocratisation et de contribuer \u00e0 une d\u00e9mocratie culturelle R\u00e9sum\u00e9 du poste Afin de favoriser la collaboration [&hellip;]\" \/>\n<meta property=\"og:url\" content=\"https:\/\/hierostrasbourg.com\/index.php\/2022\/07\/15\/tot-ou-tart-recrute-une-charge-de-mission-formation-et-accompagnement-f-h-2\/\" \/>\n<meta property=\"og:site_name\" content=\"HIERO STRASBOURG\" \/>\n<meta property=\"article:publisher\" content=\"https:\/\/www.facebook.com\/fedehierostrasbourg\" \/>\n<meta property=\"article:published_time\" content=\"2022-07-15T12:32:17+00:00\" \/>\n<meta name=\"twitter:card\" content=\"summary_large_image\" \/>\n<meta name=\"twitter:creator\" content=\"@hierostrasbourg\" \/>\n<meta name=\"twitter:site\" content=\"@hierostrasbourg\" \/>\n<meta name=\"twitter:label1\" content=\"Dur\u00e9e de lecture estim\u00e9e\" \/>\n\t<meta name=\"twitter:data1\" content=\"4 minutes\" \/>\n<script type=\"application\/ld+json\" class=\"yoast-schema-graph\">{\"@context\":\"https:\\\/\\\/schema.org\",\"@graph\":[{\"@type\":\"Article\",\"@id\":\"https:\\\/\\\/hierostrasbourg.com\\\/index.php\\\/2022\\\/07\\\/15\\\/tot-ou-tart-recrute-une-charge-de-mission-formation-et-accompagnement-f-h-2\\\/#article\",\"isPartOf\":{\"@id\":\"https:\\\/\\\/hierostrasbourg.com\\\/index.php\\\/2022\\\/07\\\/15\\\/tot-ou-tart-recrute-une-charge-de-mission-formation-et-accompagnement-f-h-2\\\/\"},\"author\":{\"name\":\"\",\"@id\":\"\"},\"headline\":\"T\u00d4T OU T\u2019ART recrute une charg\u00e9 de mission formation et accompagnement\u00a0[F\\\/H]\",\"datePublished\":\"2022-07-15T12:32:17+00:00\",\"mainEntityOfPage\":{\"@id\":\"https:\\\/\\\/hierostrasbourg.com\\\/index.php\\\/2022\\\/07\\\/15\\\/tot-ou-tart-recrute-une-charge-de-mission-formation-et-accompagnement-f-h-2\\\/\"},\"wordCount\":847,\"publisher\":{\"@id\":\"https:\\\/\\\/hierostrasbourg.com\\\/#organization\"},\"inLanguage\":\"fr-FR\"},{\"@type\":\"WebPage\",\"@id\":\"https:\\\/\\\/hierostrasbourg.com\\\/index.php\\\/2022\\\/07\\\/15\\\/tot-ou-tart-recrute-une-charge-de-mission-formation-et-accompagnement-f-h-2\\\/\",\"url\":\"https:\\\/\\\/hierostrasbourg.com\\\/index.php\\\/2022\\\/07\\\/15\\\/tot-ou-tart-recrute-une-charge-de-mission-formation-et-accompagnement-f-h-2\\\/\",\"name\":\"T\u00d4T OU T\u2019ART recrute une charg\u00e9 de mission formation et accompagnement\u00a0[F\\\/H] - HIERO STRASBOURG\",\"isPartOf\":{\"@id\":\"https:\\\/\\\/hierostrasbourg.com\\\/#website\"},\"datePublished\":\"2022-07-15T12:32:17+00:00\",\"breadcrumb\":{\"@id\":\"https:\\\/\\\/hierostrasbourg.com\\\/index.php\\\/2022\\\/07\\\/15\\\/tot-ou-tart-recrute-une-charge-de-mission-formation-et-accompagnement-f-h-2\\\/#breadcrumb\"},\"inLanguage\":\"fr-FR\",\"potentialAction\":[{\"@type\":\"ReadAction\",\"target\":[\"https:\\\/\\\/hierostrasbourg.com\\\/index.php\\\/2022\\\/07\\\/15\\\/tot-ou-tart-recrute-une-charge-de-mission-formation-et-accompagnement-f-h-2\\\/\"]}]},{\"@type\":\"BreadcrumbList\",\"@id\":\"https:\\\/\\\/hierostrasbourg.com\\\/index.php\\\/2022\\\/07\\\/15\\\/tot-ou-tart-recrute-une-charge-de-mission-formation-et-accompagnement-f-h-2\\\/#breadcrumb\",\"itemListElement\":[{\"@type\":\"ListItem\",\"position\":1,\"name\":\"Accueil\",\"item\":\"https:\\\/\\\/hierostrasbourg.com\\\/\"},{\"@type\":\"ListItem\",\"position\":2,\"name\":\"T\u00d4T OU T\u2019ART recrute une charg\u00e9 de mission formation et accompagnement\u00a0[F\\\/H]\"}]},{\"@type\":\"WebSite\",\"@id\":\"https:\\\/\\\/hierostrasbourg.com\\\/#website\",\"url\":\"https:\\\/\\\/hierostrasbourg.com\\\/\",\"name\":\"HIERO STRASBOURG\",\"description\":\"Centre de Ressources Musiques Actuelles\",\"publisher\":{\"@id\":\"https:\\\/\\\/hierostrasbourg.com\\\/#organization\"},\"potentialAction\":[{\"@type\":\"SearchAction\",\"target\":{\"@type\":\"EntryPoint\",\"urlTemplate\":\"https:\\\/\\\/hierostrasbourg.com\\\/?s={search_term_string}\"},\"query-input\":{\"@type\":\"PropertyValueSpecification\",\"valueRequired\":true,\"valueName\":\"search_term_string\"}}],\"inLanguage\":\"fr-FR\"},{\"@type\":\"Organization\",\"@id\":\"https:\\\/\\\/hierostrasbourg.com\\\/#organization\",\"name\":\"F\u00e9d\u00e9ration Hi\u00e9ro Strasbourg\",\"url\":\"https:\\\/\\\/hierostrasbourg.com\\\/\",\"logo\":{\"@type\":\"ImageObject\",\"inLanguage\":\"fr-FR\",\"@id\":\"https:\\\/\\\/hierostrasbourg.com\\\/#\\\/schema\\\/logo\\\/image\\\/\",\"url\":\"https:\\\/\\\/hierostrasbourg.com\\\/wp-content\\\/uploads\\\/2026\\\/04\\\/logo-hiero-strasbourg.jpg\",\"contentUrl\":\"https:\\\/\\\/hierostrasbourg.com\\\/wp-content\\\/uploads\\\/2026\\\/04\\\/logo-hiero-strasbourg.jpg\",\"width\":204,\"height\":192,\"caption\":\"F\u00e9d\u00e9ration Hi\u00e9ro Strasbourg\"},\"image\":{\"@id\":\"https:\\\/\\\/hierostrasbourg.com\\\/#\\\/schema\\\/logo\\\/image\\\/\"},\"sameAs\":[\"https:\\\/\\\/www.facebook.com\\\/fedehierostrasbourg\",\"https:\\\/\\\/x.com\\\/hierostrasbourg\"]}]}<\/script>\n<!-- \/ Yoast SEO plugin. -->","yoast_head_json":{"title":"T\u00d4T OU T\u2019ART recrute une charg\u00e9 de mission formation et accompagnement\u00a0[F\/H] - HIERO STRASBOURG","robots":{"index":"index","follow":"follow","max-snippet":"max-snippet:-1","max-image-preview":"max-image-preview:large","max-video-preview":"max-video-preview:-1"},"canonical":"https:\/\/hierostrasbourg.com\/index.php\/2022\/07\/15\/tot-ou-tart-recrute-une-charge-de-mission-formation-et-accompagnement-f-h-2\/","og_locale":"fr_FR","og_type":"article","og_title":"T\u00d4T OU T\u2019ART recrute une charg\u00e9 de mission formation et accompagnement\u00a0[F\/H] - HIERO STRASBOURG","og_description":"T\u00d4T OU T\u2019ART est un r\u00e9seau Alsacien, centre de ressources culture et solidarit\u00e9, qui permet la rencontre et la collaboration des professionnels et des b\u00e9n\u00e9voles de l\u2019action sociale et de la culture. Il accompagne : les professionnels des structures (m\u00e9dico)sociales et d\u2019insertion \u00e0 se saisir des pratiques culturelles comme levier d\u2019inclusion des personnes en difficult\u00e9 les professionnels des structures culturelles dans leurs missions de d\u00e9mocratisation et de contribuer \u00e0 une d\u00e9mocratie culturelle R\u00e9sum\u00e9 du poste Afin de favoriser la collaboration [&hellip;]","og_url":"https:\/\/hierostrasbourg.com\/index.php\/2022\/07\/15\/tot-ou-tart-recrute-une-charge-de-mission-formation-et-accompagnement-f-h-2\/","og_site_name":"HIERO STRASBOURG","article_publisher":"https:\/\/www.facebook.com\/fedehierostrasbourg","article_published_time":"2022-07-15T12:32:17+00:00","twitter_card":"summary_large_image","twitter_creator":"@hierostrasbourg","twitter_site":"@hierostrasbourg","twitter_misc":{"Dur\u00e9e de lecture estim\u00e9e":"4 minutes"},"schema":{"@context":"https:\/\/schema.org","@graph":[{"@type":"Article","@id":"https:\/\/hierostrasbourg.com\/index.php\/2022\/07\/15\/tot-ou-tart-recrute-une-charge-de-mission-formation-et-accompagnement-f-h-2\/#article","isPartOf":{"@id":"https:\/\/hierostrasbourg.com\/index.php\/2022\/07\/15\/tot-ou-tart-recrute-une-charge-de-mission-formation-et-accompagnement-f-h-2\/"},"author":{"name":"","@id":""},"headline":"T\u00d4T OU T\u2019ART recrute une charg\u00e9 de mission formation et accompagnement\u00a0[F\/H]","datePublished":"2022-07-15T12:32:17+00:00","mainEntityOfPage":{"@id":"https:\/\/hierostrasbourg.com\/index.php\/2022\/07\/15\/tot-ou-tart-recrute-une-charge-de-mission-formation-et-accompagnement-f-h-2\/"},"wordCount":847,"publisher":{"@id":"https:\/\/hierostrasbourg.com\/#organization"},"inLanguage":"fr-FR"},{"@type":"WebPage","@id":"https:\/\/hierostrasbourg.com\/index.php\/2022\/07\/15\/tot-ou-tart-recrute-une-charge-de-mission-formation-et-accompagnement-f-h-2\/","url":"https:\/\/hierostrasbourg.com\/index.php\/2022\/07\/15\/tot-ou-tart-recrute-une-charge-de-mission-formation-et-accompagnement-f-h-2\/","name":"T\u00d4T OU T\u2019ART recrute une charg\u00e9 de mission formation et accompagnement\u00a0[F\/H] - HIERO STRASBOURG","isPartOf":{"@id":"https:\/\/hierostrasbourg.com\/#website"},"datePublished":"2022-07-15T12:32:17+00:00","breadcrumb":{"@id":"https:\/\/hierostrasbourg.com\/index.php\/2022\/07\/15\/tot-ou-tart-recrute-une-charge-de-mission-formation-et-accompagnement-f-h-2\/#breadcrumb"},"inLanguage":"fr-FR","potentialAction":[{"@type":"ReadAction","target":["https:\/\/hierostrasbourg.com\/index.php\/2022\/07\/15\/tot-ou-tart-recrute-une-charge-de-mission-formation-et-accompagnement-f-h-2\/"]}]},{"@type":"BreadcrumbList","@id":"https:\/\/hierostrasbourg.com\/index.php\/2022\/07\/15\/tot-ou-tart-recrute-une-charge-de-mission-formation-et-accompagnement-f-h-2\/#breadcrumb","itemListElement":[{"@type":"ListItem","position":1,"name":"Accueil","item":"https:\/\/hierostrasbourg.com\/"},{"@type":"ListItem","position":2,"name":"T\u00d4T OU T\u2019ART recrute une charg\u00e9 de mission formation et accompagnement\u00a0[F\/H]"}]},{"@type":"WebSite","@id":"https:\/\/hierostrasbourg.com\/#website","url":"https:\/\/hierostrasbourg.com\/","name":"HIERO STRASBOURG","description":"Centre de Ressources Musiques Actuelles","publisher":{"@id":"https:\/\/hierostrasbourg.com\/#organization"},"potentialAction":[{"@type":"SearchAction","target":{"@type":"EntryPoint","urlTemplate":"https:\/\/hierostrasbourg.com\/?s={search_term_string}"},"query-input":{"@type":"PropertyValueSpecification","valueRequired":true,"valueName":"search_term_string"}}],"inLanguage":"fr-FR"},{"@type":"Organization","@id":"https:\/\/hierostrasbourg.com\/#organization","name":"F\u00e9d\u00e9ration Hi\u00e9ro Strasbourg","url":"https:\/\/hierostrasbourg.com\/","logo":{"@type":"ImageObject","inLanguage":"fr-FR","@id":"https:\/\/hierostrasbourg.com\/#\/schema\/logo\/image\/","url":"https:\/\/hierostrasbourg.com\/wp-content\/uploads\/2026\/04\/logo-hiero-strasbourg.jpg","contentUrl":"https:\/\/hierostrasbourg.com\/wp-content\/uploads\/2026\/04\/logo-hiero-strasbourg.jpg","width":204,"height":192,"caption":"F\u00e9d\u00e9ration Hi\u00e9ro Strasbourg"},"image":{"@id":"https:\/\/hierostrasbourg.com\/#\/schema\/logo\/image\/"},"sameAs":["https:\/\/www.facebook.com\/fedehierostrasbourg","https:\/\/x.com\/hierostrasbourg"]}]}},"_links":{"self":[{"href":"https:\/\/hierostrasbourg.com\/index.php\/wp-json\/wp\/v2\/posts\/3221","targetHints":{"allow":["GET"]}}],"collection":[{"href":"https:\/\/hierostrasbourg.com\/index.php\/wp-json\/wp\/v2\/posts"}],"about":[{"href":"https:\/\/hierostrasbourg.com\/index.php\/wp-json\/wp\/v2\/types\/post"}],"replies":[{"embeddable":true,"href":"https:\/\/hierostrasbourg.com\/index.php\/wp-json\/wp\/v2\/comments?post=3221"}],"version-history":[{"count":0,"href":"https:\/\/hierostrasbourg.com\/index.php\/wp-json\/wp\/v2\/posts\/3221\/revisions"}],"wp:attachment":[{"href":"https:\/\/hierostrasbourg.com\/index.php\/wp-json\/wp\/v2\/media?parent=3221"}],"wp:term":[{"taxonomy":"category","embeddable":true,"href":"https:\/\/hierostrasbourg.com\/index.php\/wp-json\/wp\/v2\/categories?post=3221"},{"taxonomy":"post_tag","embeddable":true,"href":"https:\/\/hierostrasbourg.com\/index.php\/wp-json\/wp\/v2\/tags?post=3221"}],"curies":[{"name":"wp","href":"https:\/\/api.w.org\/{rel}","templated":true}]}}