{"id":3208,"date":"2022-07-12T00:31:50","date_gmt":"2022-07-11T22:31:50","guid":{"rendered":"https:\/\/hierostrasbourg.com\/index.php\/2022\/07\/12\/la-ville-de-colmar-recrute-un-charge-de-mission-culture-f-h\/"},"modified":"2022-07-12T00:31:50","modified_gmt":"2022-07-11T22:31:50","slug":"la-ville-de-colmar-recrute-un-charge-de-mission-culture-f-h","status":"publish","type":"post","link":"https:\/\/hierostrasbourg.com\/index.php\/2022\/07\/12\/la-ville-de-colmar-recrute-un-charge-de-mission-culture-f-h\/","title":{"rendered":"LA VILLE DE COLMAR recrute un charg\u00e9 de mission culture [F\/H]"},"content":{"rendered":"<h2>Missions<\/h2>\n<p>Riche d\u2019un patrimoine exceptionnellement pr\u00e9serv\u00e9 et de nombreux \u00e9tablissements culturels et artistiques, la Ville de Colmar m\u00e8ne depuis plusieurs d\u00e9cennies une politique ambitieuse en faveur de la culture, levier essentiel de son d\u00e9veloppement et de sa qualit\u00e9 de vie.<br \/>\nAu sein de la Direction de la Culture (200 agents et 13 \u00e9quipements) en tant que charg\u00e9(e) de mission culture, vous \u00eates en charge des dossiers relatifs aux domaines de l\u2019\u00e9ducation artistique, de la cr\u00e9ation professionnelle ou en voie de professionnalisation et de la diffusion artistique (arts visuels, spectacle vivant\u2026) dans un esprit de transversalit\u00e9 et d\u2019innovation.<\/p>\n<p>Sous l\u2019autorit\u00e9 de la Directrice de la Culture et en lien avec les charg\u00e9s de mission, vous \u00eates le\/la r\u00e9f\u00e9rent(e) en mati\u00e8re d\u2019enseignement artistique, de diffusion et de cr\u00e9ation en accompagnant les acteurs publics et priv\u00e9s dans leurs projets.<\/p>\n<p>Vos missions seront les suivantes :<\/p>\n<p>coordination et accompagnement des structures d\u2019enseignement artistique, de cr\u00e9ation et de diffusion partenaires ou en r\u00e9gie : Centre Dramatique National, orchestres, Op\u00e9ra studio (Op\u00e9ra du Rhin), Conservatoire, Ecole d\u2019arts plastiques et spectacle vivant (Th\u00e9\u00e2tre municipal et Salle Europe) : suivi des conventions et des chantiers en cours,<br \/>\nImpulsion de projets en faveur de la cr\u00e9ation ou de la transmission, recherche de financements : appels \u00e0 projets, veille professionnelle.<\/p>\n<p>Liste des activit\u00e9s non exhaustive qui peut varier fonction des besoins et des obligations du service<\/p>\n<h2>Profils recherch\u00e9s<\/h2>\n<p>Cadre d\u2019emplois des attach\u00e9s territoriaux (fili\u00e8re administrative ou culturelle)<br \/>\nFormation sup\u00e9rieure dans le domaine culturel ou administratif ou exp\u00e9rience \u00e9quivalente<br \/>\nExpertise transversale dans le domaine culturel (arts visuels, spectacle vivant)<\/p>\n<h4>Savoirs et savoir-faire :<\/h4>\n<p>Bonne culture g\u00e9n\u00e9rale<br \/>\nManagement de projet<br \/>\nBonnes capacit\u00e9s r\u00e9dactionnelles et relationnelles<br \/>\nMa\u00eetrise de l\u2019environnement territorial, du cadre r\u00e9glementaire du fonctionnement des collectivit\u00e9s<\/p>\n<p>Qualit\u00e9s<\/p>\n<p>Sens des responsabilit\u00e9s, sens de l\u2019organisation, rigueur et autonomie<br \/>\nEsprit d\u2019initiative, d\u2019analyse et de synth\u00e8se<br \/>\nCr\u00e9ativit\u00e9, curiosit\u00e9, disponibilit\u00e9 et adaptabilit\u00e9<br \/>\nEsprit collaboratif, pro actif, force de proposition<\/p>\n<p>Conditions de travail : 38 h 30 sur 5 jours travaill\u00e9s avec RTT, t\u00e9l\u00e9travail partiel possible<\/p>\n<p>Temps de travail : 35h00 hebdomadaire<br \/>\nPoste \u00e0 pourvoir le 01\/09\/2022<br \/>\nDate limite de candidature 11\/08\/2022<\/p>\n<p>Un contractuel peut \u00eatre recrut\u00e9 sur ce poste si aucune candidature d\u2019un fonctionnaire ne convient, et car les besoins des services et la nature des fonctions le justifient. Le contrat propos\u00e9 ne peut exc\u00e9der trois ans, renouvelable dans la limite d\u2019une dur\u00e9e maximale de six ans.<\/p>\n<p>COMMUNE DE COLMAR<br \/>\n1 place de la mairie \u2013 bp 50528<br \/>\n68021 Colmar<\/p>\n<p>Les candidatures accompagn\u00e9es d\u2019un curriculum vitae sont \u00e0 adresser sur la plateforme <a href=\"https:\/\/eservices.portail.colmar.fr\/\">Colmar &amp; Moi<\/a> :<\/p>\n<p>L\u2019article <a href=\"https:\/\/popburo.fr\/la-ville-de-colmar-recrute-un-charge-de-mission-culture-f-h\/\">LA VILLE DE COLMAR recrute un charg\u00e9 de mission culture [F\/H]<\/a> est apparu en premier sur <a href=\"https:\/\/popburo.fr\/\">POP B\u00dcRO<\/a>.<\/p>\n","protected":false},"excerpt":{"rendered":"<p>Missions Riche d\u2019un patrimoine exceptionnellement pr\u00e9serv\u00e9 et de nombreux \u00e9tablissements culturels et artistiques, la Ville de Colmar m\u00e8ne depuis plusieurs d\u00e9cennies une politique ambitieuse en faveur de la culture, levier essentiel de son d\u00e9veloppement et de sa qualit\u00e9 de vie. Au sein de la Direction de la Culture (200 agents et 13 \u00e9quipements) en tant que charg\u00e9(e) de mission culture, vous \u00eates en charge des dossiers relatifs aux domaines de l\u2019\u00e9ducation artistique, de la cr\u00e9ation professionnelle ou en voie de [&hellip;]<\/p>\n","protected":false},"author":0,"featured_media":0,"comment_status":"closed","ping_status":"open","sticky":false,"template":"","format":"standard","meta":{"footnotes":""},"categories":[1],"tags":[],"class_list":["post-3208","post","type-post","status-publish","format-standard","hentry","category-non-classe"],"yoast_head":"<!-- This site is optimized with the Yoast SEO plugin v27.5 - https:\/\/yoast.com\/product\/yoast-seo-wordpress\/ -->\n<title>LA VILLE DE COLMAR recrute un charg\u00e9 de mission culture [F\/H] - HIERO STRASBOURG<\/title>\n<meta name=\"robots\" content=\"index, follow, max-snippet:-1, max-image-preview:large, max-video-preview:-1\" \/>\n<link rel=\"canonical\" href=\"https:\/\/hierostrasbourg.com\/index.php\/2022\/07\/12\/la-ville-de-colmar-recrute-un-charge-de-mission-culture-f-h\/\" \/>\n<meta property=\"og:locale\" content=\"fr_FR\" \/>\n<meta property=\"og:type\" content=\"article\" \/>\n<meta property=\"og:title\" content=\"LA VILLE DE COLMAR recrute un charg\u00e9 de mission culture [F\/H] - HIERO STRASBOURG\" \/>\n<meta property=\"og:description\" content=\"Missions Riche d\u2019un patrimoine exceptionnellement pr\u00e9serv\u00e9 et de nombreux \u00e9tablissements culturels et artistiques, la Ville de Colmar m\u00e8ne depuis plusieurs d\u00e9cennies une politique ambitieuse en faveur de la culture, levier essentiel de son d\u00e9veloppement et de sa qualit\u00e9 de vie. Au sein de la Direction de la Culture (200 agents et 13 \u00e9quipements) en tant que charg\u00e9(e) de mission culture, vous \u00eates en charge des dossiers relatifs aux domaines de l\u2019\u00e9ducation artistique, de la cr\u00e9ation professionnelle ou en voie de [&hellip;]\" \/>\n<meta property=\"og:url\" content=\"https:\/\/hierostrasbourg.com\/index.php\/2022\/07\/12\/la-ville-de-colmar-recrute-un-charge-de-mission-culture-f-h\/\" \/>\n<meta property=\"og:site_name\" content=\"HIERO STRASBOURG\" \/>\n<meta property=\"article:publisher\" content=\"https:\/\/www.facebook.com\/fedehierostrasbourg\" \/>\n<meta property=\"article:published_time\" content=\"2022-07-11T22:31:50+00:00\" \/>\n<meta name=\"twitter:card\" content=\"summary_large_image\" \/>\n<meta name=\"twitter:creator\" content=\"@hierostrasbourg\" \/>\n<meta name=\"twitter:site\" content=\"@hierostrasbourg\" \/>\n<meta name=\"twitter:label1\" content=\"Dur\u00e9e de lecture estim\u00e9e\" \/>\n\t<meta name=\"twitter:data1\" content=\"2 minutes\" \/>\n<script type=\"application\/ld+json\" class=\"yoast-schema-graph\">{\"@context\":\"https:\\\/\\\/schema.org\",\"@graph\":[{\"@type\":\"Article\",\"@id\":\"https:\\\/\\\/hierostrasbourg.com\\\/index.php\\\/2022\\\/07\\\/12\\\/la-ville-de-colmar-recrute-un-charge-de-mission-culture-f-h\\\/#article\",\"isPartOf\":{\"@id\":\"https:\\\/\\\/hierostrasbourg.com\\\/index.php\\\/2022\\\/07\\\/12\\\/la-ville-de-colmar-recrute-un-charge-de-mission-culture-f-h\\\/\"},\"author\":{\"name\":\"\",\"@id\":\"\"},\"headline\":\"LA VILLE DE COLMAR recrute un charg\u00e9 de mission culture [F\\\/H]\",\"datePublished\":\"2022-07-11T22:31:50+00:00\",\"mainEntityOfPage\":{\"@id\":\"https:\\\/\\\/hierostrasbourg.com\\\/index.php\\\/2022\\\/07\\\/12\\\/la-ville-de-colmar-recrute-un-charge-de-mission-culture-f-h\\\/\"},\"wordCount\":489,\"publisher\":{\"@id\":\"https:\\\/\\\/hierostrasbourg.com\\\/#organization\"},\"inLanguage\":\"fr-FR\"},{\"@type\":\"WebPage\",\"@id\":\"https:\\\/\\\/hierostrasbourg.com\\\/index.php\\\/2022\\\/07\\\/12\\\/la-ville-de-colmar-recrute-un-charge-de-mission-culture-f-h\\\/\",\"url\":\"https:\\\/\\\/hierostrasbourg.com\\\/index.php\\\/2022\\\/07\\\/12\\\/la-ville-de-colmar-recrute-un-charge-de-mission-culture-f-h\\\/\",\"name\":\"LA VILLE DE COLMAR recrute un charg\u00e9 de mission culture [F\\\/H] - HIERO STRASBOURG\",\"isPartOf\":{\"@id\":\"https:\\\/\\\/hierostrasbourg.com\\\/#website\"},\"datePublished\":\"2022-07-11T22:31:50+00:00\",\"breadcrumb\":{\"@id\":\"https:\\\/\\\/hierostrasbourg.com\\\/index.php\\\/2022\\\/07\\\/12\\\/la-ville-de-colmar-recrute-un-charge-de-mission-culture-f-h\\\/#breadcrumb\"},\"inLanguage\":\"fr-FR\",\"potentialAction\":[{\"@type\":\"ReadAction\",\"target\":[\"https:\\\/\\\/hierostrasbourg.com\\\/index.php\\\/2022\\\/07\\\/12\\\/la-ville-de-colmar-recrute-un-charge-de-mission-culture-f-h\\\/\"]}]},{\"@type\":\"BreadcrumbList\",\"@id\":\"https:\\\/\\\/hierostrasbourg.com\\\/index.php\\\/2022\\\/07\\\/12\\\/la-ville-de-colmar-recrute-un-charge-de-mission-culture-f-h\\\/#breadcrumb\",\"itemListElement\":[{\"@type\":\"ListItem\",\"position\":1,\"name\":\"Accueil\",\"item\":\"https:\\\/\\\/hierostrasbourg.com\\\/\"},{\"@type\":\"ListItem\",\"position\":2,\"name\":\"LA VILLE DE COLMAR recrute un charg\u00e9 de mission culture [F\\\/H]\"}]},{\"@type\":\"WebSite\",\"@id\":\"https:\\\/\\\/hierostrasbourg.com\\\/#website\",\"url\":\"https:\\\/\\\/hierostrasbourg.com\\\/\",\"name\":\"HIERO STRASBOURG\",\"description\":\"Centre de Ressources Musiques Actuelles\",\"publisher\":{\"@id\":\"https:\\\/\\\/hierostrasbourg.com\\\/#organization\"},\"potentialAction\":[{\"@type\":\"SearchAction\",\"target\":{\"@type\":\"EntryPoint\",\"urlTemplate\":\"https:\\\/\\\/hierostrasbourg.com\\\/?s={search_term_string}\"},\"query-input\":{\"@type\":\"PropertyValueSpecification\",\"valueRequired\":true,\"valueName\":\"search_term_string\"}}],\"inLanguage\":\"fr-FR\"},{\"@type\":\"Organization\",\"@id\":\"https:\\\/\\\/hierostrasbourg.com\\\/#organization\",\"name\":\"F\u00e9d\u00e9ration Hi\u00e9ro Strasbourg\",\"url\":\"https:\\\/\\\/hierostrasbourg.com\\\/\",\"logo\":{\"@type\":\"ImageObject\",\"inLanguage\":\"fr-FR\",\"@id\":\"https:\\\/\\\/hierostrasbourg.com\\\/#\\\/schema\\\/logo\\\/image\\\/\",\"url\":\"https:\\\/\\\/hierostrasbourg.com\\\/wp-content\\\/uploads\\\/2026\\\/04\\\/logo-hiero-strasbourg.jpg\",\"contentUrl\":\"https:\\\/\\\/hierostrasbourg.com\\\/wp-content\\\/uploads\\\/2026\\\/04\\\/logo-hiero-strasbourg.jpg\",\"width\":204,\"height\":192,\"caption\":\"F\u00e9d\u00e9ration Hi\u00e9ro Strasbourg\"},\"image\":{\"@id\":\"https:\\\/\\\/hierostrasbourg.com\\\/#\\\/schema\\\/logo\\\/image\\\/\"},\"sameAs\":[\"https:\\\/\\\/www.facebook.com\\\/fedehierostrasbourg\",\"https:\\\/\\\/x.com\\\/hierostrasbourg\"]}]}<\/script>\n<!-- \/ Yoast SEO plugin. -->","yoast_head_json":{"title":"LA VILLE DE COLMAR recrute un charg\u00e9 de mission culture [F\/H] - HIERO STRASBOURG","robots":{"index":"index","follow":"follow","max-snippet":"max-snippet:-1","max-image-preview":"max-image-preview:large","max-video-preview":"max-video-preview:-1"},"canonical":"https:\/\/hierostrasbourg.com\/index.php\/2022\/07\/12\/la-ville-de-colmar-recrute-un-charge-de-mission-culture-f-h\/","og_locale":"fr_FR","og_type":"article","og_title":"LA VILLE DE COLMAR recrute un charg\u00e9 de mission culture [F\/H] - HIERO STRASBOURG","og_description":"Missions Riche d\u2019un patrimoine exceptionnellement pr\u00e9serv\u00e9 et de nombreux \u00e9tablissements culturels et artistiques, la Ville de Colmar m\u00e8ne depuis plusieurs d\u00e9cennies une politique ambitieuse en faveur de la culture, levier essentiel de son d\u00e9veloppement et de sa qualit\u00e9 de vie. Au sein de la Direction de la Culture (200 agents et 13 \u00e9quipements) en tant que charg\u00e9(e) de mission culture, vous \u00eates en charge des dossiers relatifs aux domaines de l\u2019\u00e9ducation artistique, de la cr\u00e9ation professionnelle ou en voie de [&hellip;]","og_url":"https:\/\/hierostrasbourg.com\/index.php\/2022\/07\/12\/la-ville-de-colmar-recrute-un-charge-de-mission-culture-f-h\/","og_site_name":"HIERO STRASBOURG","article_publisher":"https:\/\/www.facebook.com\/fedehierostrasbourg","article_published_time":"2022-07-11T22:31:50+00:00","twitter_card":"summary_large_image","twitter_creator":"@hierostrasbourg","twitter_site":"@hierostrasbourg","twitter_misc":{"Dur\u00e9e de lecture estim\u00e9e":"2 minutes"},"schema":{"@context":"https:\/\/schema.org","@graph":[{"@type":"Article","@id":"https:\/\/hierostrasbourg.com\/index.php\/2022\/07\/12\/la-ville-de-colmar-recrute-un-charge-de-mission-culture-f-h\/#article","isPartOf":{"@id":"https:\/\/hierostrasbourg.com\/index.php\/2022\/07\/12\/la-ville-de-colmar-recrute-un-charge-de-mission-culture-f-h\/"},"author":{"name":"","@id":""},"headline":"LA VILLE DE COLMAR recrute un charg\u00e9 de mission culture [F\/H]","datePublished":"2022-07-11T22:31:50+00:00","mainEntityOfPage":{"@id":"https:\/\/hierostrasbourg.com\/index.php\/2022\/07\/12\/la-ville-de-colmar-recrute-un-charge-de-mission-culture-f-h\/"},"wordCount":489,"publisher":{"@id":"https:\/\/hierostrasbourg.com\/#organization"},"inLanguage":"fr-FR"},{"@type":"WebPage","@id":"https:\/\/hierostrasbourg.com\/index.php\/2022\/07\/12\/la-ville-de-colmar-recrute-un-charge-de-mission-culture-f-h\/","url":"https:\/\/hierostrasbourg.com\/index.php\/2022\/07\/12\/la-ville-de-colmar-recrute-un-charge-de-mission-culture-f-h\/","name":"LA VILLE DE COLMAR recrute un charg\u00e9 de mission culture [F\/H] - HIERO STRASBOURG","isPartOf":{"@id":"https:\/\/hierostrasbourg.com\/#website"},"datePublished":"2022-07-11T22:31:50+00:00","breadcrumb":{"@id":"https:\/\/hierostrasbourg.com\/index.php\/2022\/07\/12\/la-ville-de-colmar-recrute-un-charge-de-mission-culture-f-h\/#breadcrumb"},"inLanguage":"fr-FR","potentialAction":[{"@type":"ReadAction","target":["https:\/\/hierostrasbourg.com\/index.php\/2022\/07\/12\/la-ville-de-colmar-recrute-un-charge-de-mission-culture-f-h\/"]}]},{"@type":"BreadcrumbList","@id":"https:\/\/hierostrasbourg.com\/index.php\/2022\/07\/12\/la-ville-de-colmar-recrute-un-charge-de-mission-culture-f-h\/#breadcrumb","itemListElement":[{"@type":"ListItem","position":1,"name":"Accueil","item":"https:\/\/hierostrasbourg.com\/"},{"@type":"ListItem","position":2,"name":"LA VILLE DE COLMAR recrute un charg\u00e9 de mission culture [F\/H]"}]},{"@type":"WebSite","@id":"https:\/\/hierostrasbourg.com\/#website","url":"https:\/\/hierostrasbourg.com\/","name":"HIERO STRASBOURG","description":"Centre de Ressources Musiques Actuelles","publisher":{"@id":"https:\/\/hierostrasbourg.com\/#organization"},"potentialAction":[{"@type":"SearchAction","target":{"@type":"EntryPoint","urlTemplate":"https:\/\/hierostrasbourg.com\/?s={search_term_string}"},"query-input":{"@type":"PropertyValueSpecification","valueRequired":true,"valueName":"search_term_string"}}],"inLanguage":"fr-FR"},{"@type":"Organization","@id":"https:\/\/hierostrasbourg.com\/#organization","name":"F\u00e9d\u00e9ration Hi\u00e9ro Strasbourg","url":"https:\/\/hierostrasbourg.com\/","logo":{"@type":"ImageObject","inLanguage":"fr-FR","@id":"https:\/\/hierostrasbourg.com\/#\/schema\/logo\/image\/","url":"https:\/\/hierostrasbourg.com\/wp-content\/uploads\/2026\/04\/logo-hiero-strasbourg.jpg","contentUrl":"https:\/\/hierostrasbourg.com\/wp-content\/uploads\/2026\/04\/logo-hiero-strasbourg.jpg","width":204,"height":192,"caption":"F\u00e9d\u00e9ration Hi\u00e9ro Strasbourg"},"image":{"@id":"https:\/\/hierostrasbourg.com\/#\/schema\/logo\/image\/"},"sameAs":["https:\/\/www.facebook.com\/fedehierostrasbourg","https:\/\/x.com\/hierostrasbourg"]}]}},"_links":{"self":[{"href":"https:\/\/hierostrasbourg.com\/index.php\/wp-json\/wp\/v2\/posts\/3208","targetHints":{"allow":["GET"]}}],"collection":[{"href":"https:\/\/hierostrasbourg.com\/index.php\/wp-json\/wp\/v2\/posts"}],"about":[{"href":"https:\/\/hierostrasbourg.com\/index.php\/wp-json\/wp\/v2\/types\/post"}],"replies":[{"embeddable":true,"href":"https:\/\/hierostrasbourg.com\/index.php\/wp-json\/wp\/v2\/comments?post=3208"}],"version-history":[{"count":0,"href":"https:\/\/hierostrasbourg.com\/index.php\/wp-json\/wp\/v2\/posts\/3208\/revisions"}],"wp:attachment":[{"href":"https:\/\/hierostrasbourg.com\/index.php\/wp-json\/wp\/v2\/media?parent=3208"}],"wp:term":[{"taxonomy":"category","embeddable":true,"href":"https:\/\/hierostrasbourg.com\/index.php\/wp-json\/wp\/v2\/categories?post=3208"},{"taxonomy":"post_tag","embeddable":true,"href":"https:\/\/hierostrasbourg.com\/index.php\/wp-json\/wp\/v2\/tags?post=3208"}],"curies":[{"name":"wp","href":"https:\/\/api.w.org\/{rel}","templated":true}]}}