{"id":3207,"date":"2022-07-10T17:34:25","date_gmt":"2022-07-10T15:34:25","guid":{"rendered":"https:\/\/hierostrasbourg.com\/index.php\/2022\/07\/10\/humeur-les-festivals-dete-battent-leur-plein-avec-en-tete-daffiche-la-covid-2\/"},"modified":"2022-07-10T17:34:25","modified_gmt":"2022-07-10T15:34:25","slug":"humeur-les-festivals-dete-battent-leur-plein-avec-en-tete-daffiche-la-covid-2","status":"publish","type":"post","link":"https:\/\/hierostrasbourg.com\/index.php\/2022\/07\/10\/humeur-les-festivals-dete-battent-leur-plein-avec-en-tete-daffiche-la-covid-2\/","title":{"rendered":"Humeur: Les festivals d\u2019\u00e9t\u00e9 battent leur plein avec, en t\u00eate d\u2019affiche, la Covid"},"content":{"rendered":"<p><a href=\"https:\/\/musiquesactuelles.alsace\/humeur-les-festivals-dete-battent-leur-plein-avec-en-tete-daffiche-la-covid\/\" title=\"Humeur: Les festivals d\u2019\u00e9t\u00e9 battent leur plein avec, en t\u00eate d\u2019affiche, la Covid\"><\/a><\/p>\n<p>Punis durant deux ans, les fans de festivals ont enfin pu ressortir tout leur attirail. Du bob \u00e0 la tente en passant par les bacs de bi\u00e8re et la cr\u00e8me solaire. Werchter et Couleur Caf\u00e9 ont donn\u00e9 le coup d\u2019envoi d\u2019un \u00e9t\u00e9 o\u00f9 le mot f\u00eate va enclencher la surmultipli\u00e9e. Le manque a cr\u00e9\u00e9 une \u00e9norme envie. Au point qu\u2019ils font tous le plein. Source \/ Lire la suite : Humeur: Les festivals d\u2019\u00e9t\u00e9 battent leur plein avec, en t\u00eate [\u2026]<\/p>\n<p>L\u2019article <a href=\"https:\/\/musiquesactuelles.alsace\/humeur-les-festivals-dete-battent-leur-plein-avec-en-tete-daffiche-la-covid\/\">Humeur: Les festivals d\u2019\u00e9t\u00e9 battent leur plein avec, en t\u00eate d\u2019affiche, la Covid<\/a> est apparu en premier sur <a href=\"https:\/\/musiquesactuelles.alsace\/\">Musiques Actuelles en Alsace<\/a>.<\/p>\n<p>L\u2019article <a href=\"https:\/\/popburo.fr\/humeur-les-festivals-dete-battent-leur-plein-avec-en-tete-daffiche-la-covid-2\/\">Humeur: Les festivals d\u2019\u00e9t\u00e9 battent leur plein avec, en t\u00eate d\u2019affiche, la Covid<\/a> est apparu en premier sur <a href=\"https:\/\/popburo.fr\/\">POP B\u00dcRO<\/a>.<\/p>\n","protected":false},"excerpt":{"rendered":"<p>Punis durant deux ans, les fans de festivals ont enfin pu ressortir tout leur attirail. Du bob \u00e0 la tente en passant par les bacs de bi\u00e8re et la cr\u00e8me solaire. Werchter et Couleur Caf\u00e9 ont donn\u00e9 le coup d\u2019envoi d\u2019un \u00e9t\u00e9 o\u00f9 le mot f\u00eate va enclencher la surmultipli\u00e9e. Le manque a cr\u00e9\u00e9 une \u00e9norme envie. Au point qu\u2019ils font tous le plein. Source \/ Lire la suite : Humeur: Les festivals d\u2019\u00e9t\u00e9 battent leur plein avec, en t\u00eate [&hellip;]<\/p>\n","protected":false},"author":0,"featured_media":0,"comment_status":"closed","ping_status":"open","sticky":false,"template":"","format":"standard","meta":{"footnotes":""},"categories":[1],"tags":[],"class_list":["post-3207","post","type-post","status-publish","format-standard","hentry","category-non-classe"],"yoast_head":"<!-- This site is optimized with the Yoast SEO plugin v27.5 - https:\/\/yoast.com\/product\/yoast-seo-wordpress\/ -->\n<title>Humeur: Les festivals d\u2019\u00e9t\u00e9 battent leur plein avec, en t\u00eate d\u2019affiche, la Covid - HIERO STRASBOURG<\/title>\n<meta name=\"robots\" content=\"index, follow, max-snippet:-1, max-image-preview:large, max-video-preview:-1\" \/>\n<link rel=\"canonical\" href=\"https:\/\/hierostrasbourg.com\/index.php\/2022\/07\/10\/humeur-les-festivals-dete-battent-leur-plein-avec-en-tete-daffiche-la-covid-2\/\" \/>\n<meta property=\"og:locale\" content=\"fr_FR\" \/>\n<meta property=\"og:type\" content=\"article\" \/>\n<meta property=\"og:title\" content=\"Humeur: Les festivals d\u2019\u00e9t\u00e9 battent leur plein avec, en t\u00eate d\u2019affiche, la Covid - HIERO STRASBOURG\" \/>\n<meta property=\"og:description\" content=\"Punis durant deux ans, les fans de festivals ont enfin pu ressortir tout leur attirail. Du bob \u00e0 la tente en passant par les bacs de bi\u00e8re et la cr\u00e8me solaire. Werchter et Couleur Caf\u00e9 ont donn\u00e9 le coup d\u2019envoi d\u2019un \u00e9t\u00e9 o\u00f9 le mot f\u00eate va enclencher la surmultipli\u00e9e. Le manque a cr\u00e9\u00e9 une \u00e9norme envie. Au point qu\u2019ils font tous le plein. Source \/ Lire la suite : Humeur: Les festivals d\u2019\u00e9t\u00e9 battent leur plein avec, en t\u00eate [&hellip;]\" \/>\n<meta property=\"og:url\" content=\"https:\/\/hierostrasbourg.com\/index.php\/2022\/07\/10\/humeur-les-festivals-dete-battent-leur-plein-avec-en-tete-daffiche-la-covid-2\/\" \/>\n<meta property=\"og:site_name\" content=\"HIERO STRASBOURG\" \/>\n<meta property=\"article:publisher\" content=\"https:\/\/www.facebook.com\/fedehierostrasbourg\" \/>\n<meta property=\"article:published_time\" content=\"2022-07-10T15:34:25+00:00\" \/>\n<meta name=\"twitter:card\" content=\"summary_large_image\" \/>\n<meta name=\"twitter:creator\" content=\"@hierostrasbourg\" \/>\n<meta name=\"twitter:site\" content=\"@hierostrasbourg\" \/>\n<meta name=\"twitter:label1\" content=\"Dur\u00e9e de lecture estim\u00e9e\" \/>\n\t<meta name=\"twitter:data1\" content=\"1 minute\" \/>\n<script type=\"application\/ld+json\" class=\"yoast-schema-graph\">{\"@context\":\"https:\\\/\\\/schema.org\",\"@graph\":[{\"@type\":\"Article\",\"@id\":\"https:\\\/\\\/hierostrasbourg.com\\\/index.php\\\/2022\\\/07\\\/10\\\/humeur-les-festivals-dete-battent-leur-plein-avec-en-tete-daffiche-la-covid-2\\\/#article\",\"isPartOf\":{\"@id\":\"https:\\\/\\\/hierostrasbourg.com\\\/index.php\\\/2022\\\/07\\\/10\\\/humeur-les-festivals-dete-battent-leur-plein-avec-en-tete-daffiche-la-covid-2\\\/\"},\"author\":{\"name\":\"\",\"@id\":\"\"},\"headline\":\"Humeur: Les festivals d\u2019\u00e9t\u00e9 battent leur plein avec, en t\u00eate d\u2019affiche, la Covid\",\"datePublished\":\"2022-07-10T15:34:25+00:00\",\"mainEntityOfPage\":{\"@id\":\"https:\\\/\\\/hierostrasbourg.com\\\/index.php\\\/2022\\\/07\\\/10\\\/humeur-les-festivals-dete-battent-leur-plein-avec-en-tete-daffiche-la-covid-2\\\/\"},\"wordCount\":155,\"publisher\":{\"@id\":\"https:\\\/\\\/hierostrasbourg.com\\\/#organization\"},\"inLanguage\":\"fr-FR\"},{\"@type\":\"WebPage\",\"@id\":\"https:\\\/\\\/hierostrasbourg.com\\\/index.php\\\/2022\\\/07\\\/10\\\/humeur-les-festivals-dete-battent-leur-plein-avec-en-tete-daffiche-la-covid-2\\\/\",\"url\":\"https:\\\/\\\/hierostrasbourg.com\\\/index.php\\\/2022\\\/07\\\/10\\\/humeur-les-festivals-dete-battent-leur-plein-avec-en-tete-daffiche-la-covid-2\\\/\",\"name\":\"Humeur: Les festivals d\u2019\u00e9t\u00e9 battent leur plein avec, en t\u00eate d\u2019affiche, la Covid - HIERO STRASBOURG\",\"isPartOf\":{\"@id\":\"https:\\\/\\\/hierostrasbourg.com\\\/#website\"},\"datePublished\":\"2022-07-10T15:34:25+00:00\",\"breadcrumb\":{\"@id\":\"https:\\\/\\\/hierostrasbourg.com\\\/index.php\\\/2022\\\/07\\\/10\\\/humeur-les-festivals-dete-battent-leur-plein-avec-en-tete-daffiche-la-covid-2\\\/#breadcrumb\"},\"inLanguage\":\"fr-FR\",\"potentialAction\":[{\"@type\":\"ReadAction\",\"target\":[\"https:\\\/\\\/hierostrasbourg.com\\\/index.php\\\/2022\\\/07\\\/10\\\/humeur-les-festivals-dete-battent-leur-plein-avec-en-tete-daffiche-la-covid-2\\\/\"]}]},{\"@type\":\"BreadcrumbList\",\"@id\":\"https:\\\/\\\/hierostrasbourg.com\\\/index.php\\\/2022\\\/07\\\/10\\\/humeur-les-festivals-dete-battent-leur-plein-avec-en-tete-daffiche-la-covid-2\\\/#breadcrumb\",\"itemListElement\":[{\"@type\":\"ListItem\",\"position\":1,\"name\":\"Accueil\",\"item\":\"https:\\\/\\\/hierostrasbourg.com\\\/\"},{\"@type\":\"ListItem\",\"position\":2,\"name\":\"Humeur: Les festivals d\u2019\u00e9t\u00e9 battent leur plein avec, en t\u00eate d\u2019affiche, la Covid\"}]},{\"@type\":\"WebSite\",\"@id\":\"https:\\\/\\\/hierostrasbourg.com\\\/#website\",\"url\":\"https:\\\/\\\/hierostrasbourg.com\\\/\",\"name\":\"HIERO STRASBOURG\",\"description\":\"Centre de Ressources Musiques Actuelles\",\"publisher\":{\"@id\":\"https:\\\/\\\/hierostrasbourg.com\\\/#organization\"},\"potentialAction\":[{\"@type\":\"SearchAction\",\"target\":{\"@type\":\"EntryPoint\",\"urlTemplate\":\"https:\\\/\\\/hierostrasbourg.com\\\/?s={search_term_string}\"},\"query-input\":{\"@type\":\"PropertyValueSpecification\",\"valueRequired\":true,\"valueName\":\"search_term_string\"}}],\"inLanguage\":\"fr-FR\"},{\"@type\":\"Organization\",\"@id\":\"https:\\\/\\\/hierostrasbourg.com\\\/#organization\",\"name\":\"F\u00e9d\u00e9ration Hi\u00e9ro Strasbourg\",\"url\":\"https:\\\/\\\/hierostrasbourg.com\\\/\",\"logo\":{\"@type\":\"ImageObject\",\"inLanguage\":\"fr-FR\",\"@id\":\"https:\\\/\\\/hierostrasbourg.com\\\/#\\\/schema\\\/logo\\\/image\\\/\",\"url\":\"https:\\\/\\\/hierostrasbourg.com\\\/wp-content\\\/uploads\\\/2026\\\/04\\\/logo-hiero-strasbourg.jpg\",\"contentUrl\":\"https:\\\/\\\/hierostrasbourg.com\\\/wp-content\\\/uploads\\\/2026\\\/04\\\/logo-hiero-strasbourg.jpg\",\"width\":204,\"height\":192,\"caption\":\"F\u00e9d\u00e9ration Hi\u00e9ro Strasbourg\"},\"image\":{\"@id\":\"https:\\\/\\\/hierostrasbourg.com\\\/#\\\/schema\\\/logo\\\/image\\\/\"},\"sameAs\":[\"https:\\\/\\\/www.facebook.com\\\/fedehierostrasbourg\",\"https:\\\/\\\/x.com\\\/hierostrasbourg\"]}]}<\/script>\n<!-- \/ Yoast SEO plugin. -->","yoast_head_json":{"title":"Humeur: Les festivals d\u2019\u00e9t\u00e9 battent leur plein avec, en t\u00eate d\u2019affiche, la Covid - HIERO STRASBOURG","robots":{"index":"index","follow":"follow","max-snippet":"max-snippet:-1","max-image-preview":"max-image-preview:large","max-video-preview":"max-video-preview:-1"},"canonical":"https:\/\/hierostrasbourg.com\/index.php\/2022\/07\/10\/humeur-les-festivals-dete-battent-leur-plein-avec-en-tete-daffiche-la-covid-2\/","og_locale":"fr_FR","og_type":"article","og_title":"Humeur: Les festivals d\u2019\u00e9t\u00e9 battent leur plein avec, en t\u00eate d\u2019affiche, la Covid - HIERO STRASBOURG","og_description":"Punis durant deux ans, les fans de festivals ont enfin pu ressortir tout leur attirail. Du bob \u00e0 la tente en passant par les bacs de bi\u00e8re et la cr\u00e8me solaire. Werchter et Couleur Caf\u00e9 ont donn\u00e9 le coup d\u2019envoi d\u2019un \u00e9t\u00e9 o\u00f9 le mot f\u00eate va enclencher la surmultipli\u00e9e. Le manque a cr\u00e9\u00e9 une \u00e9norme envie. Au point qu\u2019ils font tous le plein. Source \/ Lire la suite : Humeur: Les festivals d\u2019\u00e9t\u00e9 battent leur plein avec, en t\u00eate [&hellip;]","og_url":"https:\/\/hierostrasbourg.com\/index.php\/2022\/07\/10\/humeur-les-festivals-dete-battent-leur-plein-avec-en-tete-daffiche-la-covid-2\/","og_site_name":"HIERO STRASBOURG","article_publisher":"https:\/\/www.facebook.com\/fedehierostrasbourg","article_published_time":"2022-07-10T15:34:25+00:00","twitter_card":"summary_large_image","twitter_creator":"@hierostrasbourg","twitter_site":"@hierostrasbourg","twitter_misc":{"Dur\u00e9e de lecture estim\u00e9e":"1 minute"},"schema":{"@context":"https:\/\/schema.org","@graph":[{"@type":"Article","@id":"https:\/\/hierostrasbourg.com\/index.php\/2022\/07\/10\/humeur-les-festivals-dete-battent-leur-plein-avec-en-tete-daffiche-la-covid-2\/#article","isPartOf":{"@id":"https:\/\/hierostrasbourg.com\/index.php\/2022\/07\/10\/humeur-les-festivals-dete-battent-leur-plein-avec-en-tete-daffiche-la-covid-2\/"},"author":{"name":"","@id":""},"headline":"Humeur: Les festivals d\u2019\u00e9t\u00e9 battent leur plein avec, en t\u00eate d\u2019affiche, la Covid","datePublished":"2022-07-10T15:34:25+00:00","mainEntityOfPage":{"@id":"https:\/\/hierostrasbourg.com\/index.php\/2022\/07\/10\/humeur-les-festivals-dete-battent-leur-plein-avec-en-tete-daffiche-la-covid-2\/"},"wordCount":155,"publisher":{"@id":"https:\/\/hierostrasbourg.com\/#organization"},"inLanguage":"fr-FR"},{"@type":"WebPage","@id":"https:\/\/hierostrasbourg.com\/index.php\/2022\/07\/10\/humeur-les-festivals-dete-battent-leur-plein-avec-en-tete-daffiche-la-covid-2\/","url":"https:\/\/hierostrasbourg.com\/index.php\/2022\/07\/10\/humeur-les-festivals-dete-battent-leur-plein-avec-en-tete-daffiche-la-covid-2\/","name":"Humeur: Les festivals d\u2019\u00e9t\u00e9 battent leur plein avec, en t\u00eate d\u2019affiche, la Covid - HIERO STRASBOURG","isPartOf":{"@id":"https:\/\/hierostrasbourg.com\/#website"},"datePublished":"2022-07-10T15:34:25+00:00","breadcrumb":{"@id":"https:\/\/hierostrasbourg.com\/index.php\/2022\/07\/10\/humeur-les-festivals-dete-battent-leur-plein-avec-en-tete-daffiche-la-covid-2\/#breadcrumb"},"inLanguage":"fr-FR","potentialAction":[{"@type":"ReadAction","target":["https:\/\/hierostrasbourg.com\/index.php\/2022\/07\/10\/humeur-les-festivals-dete-battent-leur-plein-avec-en-tete-daffiche-la-covid-2\/"]}]},{"@type":"BreadcrumbList","@id":"https:\/\/hierostrasbourg.com\/index.php\/2022\/07\/10\/humeur-les-festivals-dete-battent-leur-plein-avec-en-tete-daffiche-la-covid-2\/#breadcrumb","itemListElement":[{"@type":"ListItem","position":1,"name":"Accueil","item":"https:\/\/hierostrasbourg.com\/"},{"@type":"ListItem","position":2,"name":"Humeur: Les festivals d\u2019\u00e9t\u00e9 battent leur plein avec, en t\u00eate d\u2019affiche, la Covid"}]},{"@type":"WebSite","@id":"https:\/\/hierostrasbourg.com\/#website","url":"https:\/\/hierostrasbourg.com\/","name":"HIERO STRASBOURG","description":"Centre de Ressources Musiques Actuelles","publisher":{"@id":"https:\/\/hierostrasbourg.com\/#organization"},"potentialAction":[{"@type":"SearchAction","target":{"@type":"EntryPoint","urlTemplate":"https:\/\/hierostrasbourg.com\/?s={search_term_string}"},"query-input":{"@type":"PropertyValueSpecification","valueRequired":true,"valueName":"search_term_string"}}],"inLanguage":"fr-FR"},{"@type":"Organization","@id":"https:\/\/hierostrasbourg.com\/#organization","name":"F\u00e9d\u00e9ration Hi\u00e9ro Strasbourg","url":"https:\/\/hierostrasbourg.com\/","logo":{"@type":"ImageObject","inLanguage":"fr-FR","@id":"https:\/\/hierostrasbourg.com\/#\/schema\/logo\/image\/","url":"https:\/\/hierostrasbourg.com\/wp-content\/uploads\/2026\/04\/logo-hiero-strasbourg.jpg","contentUrl":"https:\/\/hierostrasbourg.com\/wp-content\/uploads\/2026\/04\/logo-hiero-strasbourg.jpg","width":204,"height":192,"caption":"F\u00e9d\u00e9ration Hi\u00e9ro Strasbourg"},"image":{"@id":"https:\/\/hierostrasbourg.com\/#\/schema\/logo\/image\/"},"sameAs":["https:\/\/www.facebook.com\/fedehierostrasbourg","https:\/\/x.com\/hierostrasbourg"]}]}},"_links":{"self":[{"href":"https:\/\/hierostrasbourg.com\/index.php\/wp-json\/wp\/v2\/posts\/3207","targetHints":{"allow":["GET"]}}],"collection":[{"href":"https:\/\/hierostrasbourg.com\/index.php\/wp-json\/wp\/v2\/posts"}],"about":[{"href":"https:\/\/hierostrasbourg.com\/index.php\/wp-json\/wp\/v2\/types\/post"}],"replies":[{"embeddable":true,"href":"https:\/\/hierostrasbourg.com\/index.php\/wp-json\/wp\/v2\/comments?post=3207"}],"version-history":[{"count":0,"href":"https:\/\/hierostrasbourg.com\/index.php\/wp-json\/wp\/v2\/posts\/3207\/revisions"}],"wp:attachment":[{"href":"https:\/\/hierostrasbourg.com\/index.php\/wp-json\/wp\/v2\/media?parent=3207"}],"wp:term":[{"taxonomy":"category","embeddable":true,"href":"https:\/\/hierostrasbourg.com\/index.php\/wp-json\/wp\/v2\/categories?post=3207"},{"taxonomy":"post_tag","embeddable":true,"href":"https:\/\/hierostrasbourg.com\/index.php\/wp-json\/wp\/v2\/tags?post=3207"}],"curies":[{"name":"wp","href":"https:\/\/api.w.org\/{rel}","templated":true}]}}