{"id":3201,"date":"2022-07-09T19:31:48","date_gmt":"2022-07-09T17:31:48","guid":{"rendered":"https:\/\/hierostrasbourg.com\/index.php\/2022\/07\/09\/la-ministre-de-la-culture-optimiste-sur-la-frequentation-des-cinemas-et-des-spectacles-2\/"},"modified":"2022-07-09T19:31:48","modified_gmt":"2022-07-09T17:31:48","slug":"la-ministre-de-la-culture-optimiste-sur-la-frequentation-des-cinemas-et-des-spectacles-2","status":"publish","type":"post","link":"https:\/\/hierostrasbourg.com\/index.php\/2022\/07\/09\/la-ministre-de-la-culture-optimiste-sur-la-frequentation-des-cinemas-et-des-spectacles-2\/","title":{"rendered":"La ministre de la Culture optimiste sur la fr\u00e9quentation des cin\u00e9mas et des spectacles"},"content":{"rendered":"<p><em>Selon Rima Abdul Malak, le public serait petit \u00e0 petit en train de retrouver ses habitudes de l\u2019avant-pand\u00e9mie. Malgr\u00e9 la nouvelle vague, aucune restriction des lieux de culture n\u2019a \u00e9t\u00e9 \u00e9voqu\u00e9e.<\/em><\/p>\n<p>Source \/ Lire la suite : <a href=\"https:\/\/www.lefigaro.fr\/culture\/la-ministre-de-la-culture-optimiste-sur-la-frequentation-des-cinemas-et-des-spectacles-20220709\" target=\"_blank\" rel=\"noopener\">La ministre de la Culture optimiste sur la fr\u00e9quentation des cin\u00e9mas et des spectacles<\/a><\/p>\n<p>L\u2019article <a href=\"https:\/\/popburo.fr\/la-ministre-de-la-culture-optimiste-sur-la-frequentation-des-cinemas-et-des-spectacles\/\">La ministre de la Culture optimiste sur la fr\u00e9quentation des cin\u00e9mas et des spectacles<\/a> est apparu en premier sur <a href=\"https:\/\/popburo.fr\/\">POP B\u00dcRO<\/a>.<\/p>\n","protected":false},"excerpt":{"rendered":"<p>Selon Rima Abdul Malak, le public serait petit \u00e0 petit en train de retrouver ses habitudes de l\u2019avant-pand\u00e9mie. Malgr\u00e9 la nouvelle vague, aucune restriction des lieux de culture n\u2019a \u00e9t\u00e9 \u00e9voqu\u00e9e. Source \/ Lire la suite : La ministre de la Culture optimiste sur la fr\u00e9quentation des cin\u00e9mas et des spectacles L\u2019article La ministre de la Culture optimiste sur la fr\u00e9quentation des cin\u00e9mas et des spectacles est apparu en premier sur POP B\u00dcRO.<\/p>\n","protected":false},"author":0,"featured_media":0,"comment_status":"closed","ping_status":"open","sticky":false,"template":"","format":"standard","meta":{"footnotes":""},"categories":[1],"tags":[],"class_list":["post-3201","post","type-post","status-publish","format-standard","hentry","category-non-classe"],"yoast_head":"<!-- This site is optimized with the Yoast SEO plugin v27.5 - https:\/\/yoast.com\/product\/yoast-seo-wordpress\/ -->\n<title>La ministre de la Culture optimiste sur la fr\u00e9quentation des cin\u00e9mas et des spectacles - HIERO STRASBOURG<\/title>\n<meta name=\"robots\" content=\"index, follow, max-snippet:-1, max-image-preview:large, max-video-preview:-1\" \/>\n<link rel=\"canonical\" href=\"https:\/\/hierostrasbourg.com\/index.php\/2022\/07\/09\/la-ministre-de-la-culture-optimiste-sur-la-frequentation-des-cinemas-et-des-spectacles-2\/\" \/>\n<meta property=\"og:locale\" content=\"fr_FR\" \/>\n<meta property=\"og:type\" content=\"article\" \/>\n<meta property=\"og:title\" content=\"La ministre de la Culture optimiste sur la fr\u00e9quentation des cin\u00e9mas et des spectacles - HIERO STRASBOURG\" \/>\n<meta property=\"og:description\" content=\"Selon Rima Abdul Malak, le public serait petit \u00e0 petit en train de retrouver ses habitudes de l\u2019avant-pand\u00e9mie. Malgr\u00e9 la nouvelle vague, aucune restriction des lieux de culture n\u2019a \u00e9t\u00e9 \u00e9voqu\u00e9e. Source \/ Lire la suite : La ministre de la Culture optimiste sur la fr\u00e9quentation des cin\u00e9mas et des spectacles L\u2019article La ministre de la Culture optimiste sur la fr\u00e9quentation des cin\u00e9mas et des spectacles est apparu en premier sur POP B\u00dcRO.\" \/>\n<meta property=\"og:url\" content=\"https:\/\/hierostrasbourg.com\/index.php\/2022\/07\/09\/la-ministre-de-la-culture-optimiste-sur-la-frequentation-des-cinemas-et-des-spectacles-2\/\" \/>\n<meta property=\"og:site_name\" content=\"HIERO STRASBOURG\" \/>\n<meta property=\"article:publisher\" content=\"https:\/\/www.facebook.com\/fedehierostrasbourg\" \/>\n<meta property=\"article:published_time\" content=\"2022-07-09T17:31:48+00:00\" \/>\n<meta name=\"twitter:card\" content=\"summary_large_image\" \/>\n<meta name=\"twitter:creator\" content=\"@hierostrasbourg\" \/>\n<meta name=\"twitter:site\" content=\"@hierostrasbourg\" \/>\n<script type=\"application\/ld+json\" class=\"yoast-schema-graph\">{\"@context\":\"https:\\\/\\\/schema.org\",\"@graph\":[{\"@type\":\"Article\",\"@id\":\"https:\\\/\\\/hierostrasbourg.com\\\/index.php\\\/2022\\\/07\\\/09\\\/la-ministre-de-la-culture-optimiste-sur-la-frequentation-des-cinemas-et-des-spectacles-2\\\/#article\",\"isPartOf\":{\"@id\":\"https:\\\/\\\/hierostrasbourg.com\\\/index.php\\\/2022\\\/07\\\/09\\\/la-ministre-de-la-culture-optimiste-sur-la-frequentation-des-cinemas-et-des-spectacles-2\\\/\"},\"author\":{\"name\":\"\",\"@id\":\"\"},\"headline\":\"La ministre de la Culture optimiste sur la fr\u00e9quentation des cin\u00e9mas et des spectacles\",\"datePublished\":\"2022-07-09T17:31:48+00:00\",\"mainEntityOfPage\":{\"@id\":\"https:\\\/\\\/hierostrasbourg.com\\\/index.php\\\/2022\\\/07\\\/09\\\/la-ministre-de-la-culture-optimiste-sur-la-frequentation-des-cinemas-et-des-spectacles-2\\\/\"},\"wordCount\":96,\"publisher\":{\"@id\":\"https:\\\/\\\/hierostrasbourg.com\\\/#organization\"},\"inLanguage\":\"fr-FR\"},{\"@type\":\"WebPage\",\"@id\":\"https:\\\/\\\/hierostrasbourg.com\\\/index.php\\\/2022\\\/07\\\/09\\\/la-ministre-de-la-culture-optimiste-sur-la-frequentation-des-cinemas-et-des-spectacles-2\\\/\",\"url\":\"https:\\\/\\\/hierostrasbourg.com\\\/index.php\\\/2022\\\/07\\\/09\\\/la-ministre-de-la-culture-optimiste-sur-la-frequentation-des-cinemas-et-des-spectacles-2\\\/\",\"name\":\"La ministre de la Culture optimiste sur la fr\u00e9quentation des cin\u00e9mas et des spectacles - HIERO STRASBOURG\",\"isPartOf\":{\"@id\":\"https:\\\/\\\/hierostrasbourg.com\\\/#website\"},\"datePublished\":\"2022-07-09T17:31:48+00:00\",\"breadcrumb\":{\"@id\":\"https:\\\/\\\/hierostrasbourg.com\\\/index.php\\\/2022\\\/07\\\/09\\\/la-ministre-de-la-culture-optimiste-sur-la-frequentation-des-cinemas-et-des-spectacles-2\\\/#breadcrumb\"},\"inLanguage\":\"fr-FR\",\"potentialAction\":[{\"@type\":\"ReadAction\",\"target\":[\"https:\\\/\\\/hierostrasbourg.com\\\/index.php\\\/2022\\\/07\\\/09\\\/la-ministre-de-la-culture-optimiste-sur-la-frequentation-des-cinemas-et-des-spectacles-2\\\/\"]}]},{\"@type\":\"BreadcrumbList\",\"@id\":\"https:\\\/\\\/hierostrasbourg.com\\\/index.php\\\/2022\\\/07\\\/09\\\/la-ministre-de-la-culture-optimiste-sur-la-frequentation-des-cinemas-et-des-spectacles-2\\\/#breadcrumb\",\"itemListElement\":[{\"@type\":\"ListItem\",\"position\":1,\"name\":\"Accueil\",\"item\":\"https:\\\/\\\/hierostrasbourg.com\\\/\"},{\"@type\":\"ListItem\",\"position\":2,\"name\":\"La ministre de la Culture optimiste sur la fr\u00e9quentation des cin\u00e9mas et des spectacles\"}]},{\"@type\":\"WebSite\",\"@id\":\"https:\\\/\\\/hierostrasbourg.com\\\/#website\",\"url\":\"https:\\\/\\\/hierostrasbourg.com\\\/\",\"name\":\"HIERO STRASBOURG\",\"description\":\"Centre de Ressources Musiques Actuelles\",\"publisher\":{\"@id\":\"https:\\\/\\\/hierostrasbourg.com\\\/#organization\"},\"potentialAction\":[{\"@type\":\"SearchAction\",\"target\":{\"@type\":\"EntryPoint\",\"urlTemplate\":\"https:\\\/\\\/hierostrasbourg.com\\\/?s={search_term_string}\"},\"query-input\":{\"@type\":\"PropertyValueSpecification\",\"valueRequired\":true,\"valueName\":\"search_term_string\"}}],\"inLanguage\":\"fr-FR\"},{\"@type\":\"Organization\",\"@id\":\"https:\\\/\\\/hierostrasbourg.com\\\/#organization\",\"name\":\"F\u00e9d\u00e9ration Hi\u00e9ro Strasbourg\",\"url\":\"https:\\\/\\\/hierostrasbourg.com\\\/\",\"logo\":{\"@type\":\"ImageObject\",\"inLanguage\":\"fr-FR\",\"@id\":\"https:\\\/\\\/hierostrasbourg.com\\\/#\\\/schema\\\/logo\\\/image\\\/\",\"url\":\"https:\\\/\\\/hierostrasbourg.com\\\/wp-content\\\/uploads\\\/2026\\\/04\\\/logo-hiero-strasbourg.jpg\",\"contentUrl\":\"https:\\\/\\\/hierostrasbourg.com\\\/wp-content\\\/uploads\\\/2026\\\/04\\\/logo-hiero-strasbourg.jpg\",\"width\":204,\"height\":192,\"caption\":\"F\u00e9d\u00e9ration Hi\u00e9ro Strasbourg\"},\"image\":{\"@id\":\"https:\\\/\\\/hierostrasbourg.com\\\/#\\\/schema\\\/logo\\\/image\\\/\"},\"sameAs\":[\"https:\\\/\\\/www.facebook.com\\\/fedehierostrasbourg\",\"https:\\\/\\\/x.com\\\/hierostrasbourg\"]}]}<\/script>\n<!-- \/ Yoast SEO plugin. -->","yoast_head_json":{"title":"La ministre de la Culture optimiste sur la fr\u00e9quentation des cin\u00e9mas et des spectacles - HIERO STRASBOURG","robots":{"index":"index","follow":"follow","max-snippet":"max-snippet:-1","max-image-preview":"max-image-preview:large","max-video-preview":"max-video-preview:-1"},"canonical":"https:\/\/hierostrasbourg.com\/index.php\/2022\/07\/09\/la-ministre-de-la-culture-optimiste-sur-la-frequentation-des-cinemas-et-des-spectacles-2\/","og_locale":"fr_FR","og_type":"article","og_title":"La ministre de la Culture optimiste sur la fr\u00e9quentation des cin\u00e9mas et des spectacles - HIERO STRASBOURG","og_description":"Selon Rima Abdul Malak, le public serait petit \u00e0 petit en train de retrouver ses habitudes de l\u2019avant-pand\u00e9mie. Malgr\u00e9 la nouvelle vague, aucune restriction des lieux de culture n\u2019a \u00e9t\u00e9 \u00e9voqu\u00e9e. Source \/ Lire la suite : La ministre de la Culture optimiste sur la fr\u00e9quentation des cin\u00e9mas et des spectacles L\u2019article La ministre de la Culture optimiste sur la fr\u00e9quentation des cin\u00e9mas et des spectacles est apparu en premier sur POP B\u00dcRO.","og_url":"https:\/\/hierostrasbourg.com\/index.php\/2022\/07\/09\/la-ministre-de-la-culture-optimiste-sur-la-frequentation-des-cinemas-et-des-spectacles-2\/","og_site_name":"HIERO STRASBOURG","article_publisher":"https:\/\/www.facebook.com\/fedehierostrasbourg","article_published_time":"2022-07-09T17:31:48+00:00","twitter_card":"summary_large_image","twitter_creator":"@hierostrasbourg","twitter_site":"@hierostrasbourg","schema":{"@context":"https:\/\/schema.org","@graph":[{"@type":"Article","@id":"https:\/\/hierostrasbourg.com\/index.php\/2022\/07\/09\/la-ministre-de-la-culture-optimiste-sur-la-frequentation-des-cinemas-et-des-spectacles-2\/#article","isPartOf":{"@id":"https:\/\/hierostrasbourg.com\/index.php\/2022\/07\/09\/la-ministre-de-la-culture-optimiste-sur-la-frequentation-des-cinemas-et-des-spectacles-2\/"},"author":{"name":"","@id":""},"headline":"La ministre de la Culture optimiste sur la fr\u00e9quentation des cin\u00e9mas et des spectacles","datePublished":"2022-07-09T17:31:48+00:00","mainEntityOfPage":{"@id":"https:\/\/hierostrasbourg.com\/index.php\/2022\/07\/09\/la-ministre-de-la-culture-optimiste-sur-la-frequentation-des-cinemas-et-des-spectacles-2\/"},"wordCount":96,"publisher":{"@id":"https:\/\/hierostrasbourg.com\/#organization"},"inLanguage":"fr-FR"},{"@type":"WebPage","@id":"https:\/\/hierostrasbourg.com\/index.php\/2022\/07\/09\/la-ministre-de-la-culture-optimiste-sur-la-frequentation-des-cinemas-et-des-spectacles-2\/","url":"https:\/\/hierostrasbourg.com\/index.php\/2022\/07\/09\/la-ministre-de-la-culture-optimiste-sur-la-frequentation-des-cinemas-et-des-spectacles-2\/","name":"La ministre de la Culture optimiste sur la fr\u00e9quentation des cin\u00e9mas et des spectacles - HIERO STRASBOURG","isPartOf":{"@id":"https:\/\/hierostrasbourg.com\/#website"},"datePublished":"2022-07-09T17:31:48+00:00","breadcrumb":{"@id":"https:\/\/hierostrasbourg.com\/index.php\/2022\/07\/09\/la-ministre-de-la-culture-optimiste-sur-la-frequentation-des-cinemas-et-des-spectacles-2\/#breadcrumb"},"inLanguage":"fr-FR","potentialAction":[{"@type":"ReadAction","target":["https:\/\/hierostrasbourg.com\/index.php\/2022\/07\/09\/la-ministre-de-la-culture-optimiste-sur-la-frequentation-des-cinemas-et-des-spectacles-2\/"]}]},{"@type":"BreadcrumbList","@id":"https:\/\/hierostrasbourg.com\/index.php\/2022\/07\/09\/la-ministre-de-la-culture-optimiste-sur-la-frequentation-des-cinemas-et-des-spectacles-2\/#breadcrumb","itemListElement":[{"@type":"ListItem","position":1,"name":"Accueil","item":"https:\/\/hierostrasbourg.com\/"},{"@type":"ListItem","position":2,"name":"La ministre de la Culture optimiste sur la fr\u00e9quentation des cin\u00e9mas et des spectacles"}]},{"@type":"WebSite","@id":"https:\/\/hierostrasbourg.com\/#website","url":"https:\/\/hierostrasbourg.com\/","name":"HIERO STRASBOURG","description":"Centre de Ressources Musiques Actuelles","publisher":{"@id":"https:\/\/hierostrasbourg.com\/#organization"},"potentialAction":[{"@type":"SearchAction","target":{"@type":"EntryPoint","urlTemplate":"https:\/\/hierostrasbourg.com\/?s={search_term_string}"},"query-input":{"@type":"PropertyValueSpecification","valueRequired":true,"valueName":"search_term_string"}}],"inLanguage":"fr-FR"},{"@type":"Organization","@id":"https:\/\/hierostrasbourg.com\/#organization","name":"F\u00e9d\u00e9ration Hi\u00e9ro Strasbourg","url":"https:\/\/hierostrasbourg.com\/","logo":{"@type":"ImageObject","inLanguage":"fr-FR","@id":"https:\/\/hierostrasbourg.com\/#\/schema\/logo\/image\/","url":"https:\/\/hierostrasbourg.com\/wp-content\/uploads\/2026\/04\/logo-hiero-strasbourg.jpg","contentUrl":"https:\/\/hierostrasbourg.com\/wp-content\/uploads\/2026\/04\/logo-hiero-strasbourg.jpg","width":204,"height":192,"caption":"F\u00e9d\u00e9ration Hi\u00e9ro Strasbourg"},"image":{"@id":"https:\/\/hierostrasbourg.com\/#\/schema\/logo\/image\/"},"sameAs":["https:\/\/www.facebook.com\/fedehierostrasbourg","https:\/\/x.com\/hierostrasbourg"]}]}},"_links":{"self":[{"href":"https:\/\/hierostrasbourg.com\/index.php\/wp-json\/wp\/v2\/posts\/3201","targetHints":{"allow":["GET"]}}],"collection":[{"href":"https:\/\/hierostrasbourg.com\/index.php\/wp-json\/wp\/v2\/posts"}],"about":[{"href":"https:\/\/hierostrasbourg.com\/index.php\/wp-json\/wp\/v2\/types\/post"}],"replies":[{"embeddable":true,"href":"https:\/\/hierostrasbourg.com\/index.php\/wp-json\/wp\/v2\/comments?post=3201"}],"version-history":[{"count":0,"href":"https:\/\/hierostrasbourg.com\/index.php\/wp-json\/wp\/v2\/posts\/3201\/revisions"}],"wp:attachment":[{"href":"https:\/\/hierostrasbourg.com\/index.php\/wp-json\/wp\/v2\/media?parent=3201"}],"wp:term":[{"taxonomy":"category","embeddable":true,"href":"https:\/\/hierostrasbourg.com\/index.php\/wp-json\/wp\/v2\/categories?post=3201"},{"taxonomy":"post_tag","embeddable":true,"href":"https:\/\/hierostrasbourg.com\/index.php\/wp-json\/wp\/v2\/tags?post=3201"}],"curies":[{"name":"wp","href":"https:\/\/api.w.org\/{rel}","templated":true}]}}