{"id":3197,"date":"2022-07-09T17:34:47","date_gmt":"2022-07-09T15:34:47","guid":{"rendered":"https:\/\/hierostrasbourg.com\/index.php\/2022\/07\/09\/electro-cette-musique-qui-se-vit-dans-un-corps-collectif\/"},"modified":"2022-07-09T17:34:47","modified_gmt":"2022-07-09T15:34:47","slug":"electro-cette-musique-qui-se-vit-dans-un-corps-collectif","status":"publish","type":"post","link":"https:\/\/hierostrasbourg.com\/index.php\/2022\/07\/09\/electro-cette-musique-qui-se-vit-dans-un-corps-collectif\/","title":{"rendered":"\u00c9lectro : cette musique qui se vit dans un corps collectif"},"content":{"rendered":"<p><em>Musicien \u00e9lectro depuis une quinzaine d\u2019ann\u00e9es sous le pseudonyme ANYMAN, Tony Bouilly participe en 2009 \u00e0 la cr\u00e9ation de la premi\u00e8re cha\u00eene t\u00e9l\u00e9vis\u00e9e fran\u00e7aise enti\u00e8rement d\u00e9di\u00e9e \u00e0 son genre musical de pr\u00e9dilection : Clubbing TV. Un d\u00e9veloppement audiovisuel que n\u2019a pas frein\u00e9 la pand\u00e9mie, bien au contraire\u2026<\/em><\/p>\n<p>Source \/ Lire la suite : <a href=\"https:\/\/www.profession-spectacle.com\/emission-tony-bouilly\/\">\u00c9lectro : cette musique qui se vit dans un corps collectif<\/a><\/p>\n<p><span class=\"mce_SELRES_start\">\ufeff<\/span><\/p>\n<p>L\u2019article <a href=\"https:\/\/popburo.fr\/electro-cette-musique-qui-se-vit-dans-un-corps-collectif\/\">\u00c9lectro : cette musique qui se vit dans un corps collectif<\/a> est apparu en premier sur <a href=\"https:\/\/popburo.fr\/\">POP B\u00dcRO<\/a>.<\/p>\n","protected":false},"excerpt":{"rendered":"<p>Musicien \u00e9lectro depuis une quinzaine d\u2019ann\u00e9es sous le pseudonyme ANYMAN, Tony Bouilly participe en 2009 \u00e0 la cr\u00e9ation de la premi\u00e8re cha\u00eene t\u00e9l\u00e9vis\u00e9e fran\u00e7aise enti\u00e8rement d\u00e9di\u00e9e \u00e0 son genre musical de pr\u00e9dilection : Clubbing TV. Un d\u00e9veloppement audiovisuel que n\u2019a pas frein\u00e9 la pand\u00e9mie, bien au contraire\u2026 Source \/ Lire la suite : \u00c9lectro : cette musique qui se vit dans un corps collectif \ufeff L\u2019article \u00c9lectro : cette musique qui se vit dans un corps collectif est apparu en [&hellip;]<\/p>\n","protected":false},"author":0,"featured_media":0,"comment_status":"closed","ping_status":"open","sticky":false,"template":"","format":"standard","meta":{"footnotes":""},"categories":[1],"tags":[],"class_list":["post-3197","post","type-post","status-publish","format-standard","hentry","category-non-classe"],"yoast_head":"<!-- This site is optimized with the Yoast SEO plugin v27.5 - https:\/\/yoast.com\/product\/yoast-seo-wordpress\/ -->\n<title>\u00c9lectro : cette musique qui se vit dans un corps collectif - HIERO STRASBOURG<\/title>\n<meta name=\"robots\" content=\"index, follow, max-snippet:-1, max-image-preview:large, max-video-preview:-1\" \/>\n<link rel=\"canonical\" href=\"https:\/\/hierostrasbourg.com\/index.php\/2022\/07\/09\/electro-cette-musique-qui-se-vit-dans-un-corps-collectif\/\" \/>\n<meta property=\"og:locale\" content=\"fr_FR\" \/>\n<meta property=\"og:type\" content=\"article\" \/>\n<meta property=\"og:title\" content=\"\u00c9lectro : cette musique qui se vit dans un corps collectif - HIERO STRASBOURG\" \/>\n<meta property=\"og:description\" content=\"Musicien \u00e9lectro depuis une quinzaine d\u2019ann\u00e9es sous le pseudonyme ANYMAN, Tony Bouilly participe en 2009 \u00e0 la cr\u00e9ation de la premi\u00e8re cha\u00eene t\u00e9l\u00e9vis\u00e9e fran\u00e7aise enti\u00e8rement d\u00e9di\u00e9e \u00e0 son genre musical de pr\u00e9dilection : Clubbing TV. Un d\u00e9veloppement audiovisuel que n\u2019a pas frein\u00e9 la pand\u00e9mie, bien au contraire\u2026 Source \/ Lire la suite : \u00c9lectro : cette musique qui se vit dans un corps collectif \ufeff L\u2019article \u00c9lectro : cette musique qui se vit dans un corps collectif est apparu en [&hellip;]\" \/>\n<meta property=\"og:url\" content=\"https:\/\/hierostrasbourg.com\/index.php\/2022\/07\/09\/electro-cette-musique-qui-se-vit-dans-un-corps-collectif\/\" \/>\n<meta property=\"og:site_name\" content=\"HIERO STRASBOURG\" \/>\n<meta property=\"article:publisher\" content=\"https:\/\/www.facebook.com\/fedehierostrasbourg\" \/>\n<meta property=\"article:published_time\" content=\"2022-07-09T15:34:47+00:00\" \/>\n<meta name=\"twitter:card\" content=\"summary_large_image\" \/>\n<meta name=\"twitter:creator\" content=\"@hierostrasbourg\" \/>\n<meta name=\"twitter:site\" content=\"@hierostrasbourg\" \/>\n<script type=\"application\/ld+json\" class=\"yoast-schema-graph\">{\"@context\":\"https:\\\/\\\/schema.org\",\"@graph\":[{\"@type\":\"Article\",\"@id\":\"https:\\\/\\\/hierostrasbourg.com\\\/index.php\\\/2022\\\/07\\\/09\\\/electro-cette-musique-qui-se-vit-dans-un-corps-collectif\\\/#article\",\"isPartOf\":{\"@id\":\"https:\\\/\\\/hierostrasbourg.com\\\/index.php\\\/2022\\\/07\\\/09\\\/electro-cette-musique-qui-se-vit-dans-un-corps-collectif\\\/\"},\"author\":{\"name\":\"\",\"@id\":\"\"},\"headline\":\"\u00c9lectro : cette musique qui se vit dans un corps collectif\",\"datePublished\":\"2022-07-09T15:34:47+00:00\",\"mainEntityOfPage\":{\"@id\":\"https:\\\/\\\/hierostrasbourg.com\\\/index.php\\\/2022\\\/07\\\/09\\\/electro-cette-musique-qui-se-vit-dans-un-corps-collectif\\\/\"},\"wordCount\":103,\"publisher\":{\"@id\":\"https:\\\/\\\/hierostrasbourg.com\\\/#organization\"},\"inLanguage\":\"fr-FR\"},{\"@type\":\"WebPage\",\"@id\":\"https:\\\/\\\/hierostrasbourg.com\\\/index.php\\\/2022\\\/07\\\/09\\\/electro-cette-musique-qui-se-vit-dans-un-corps-collectif\\\/\",\"url\":\"https:\\\/\\\/hierostrasbourg.com\\\/index.php\\\/2022\\\/07\\\/09\\\/electro-cette-musique-qui-se-vit-dans-un-corps-collectif\\\/\",\"name\":\"\u00c9lectro : cette musique qui se vit dans un corps collectif - HIERO STRASBOURG\",\"isPartOf\":{\"@id\":\"https:\\\/\\\/hierostrasbourg.com\\\/#website\"},\"datePublished\":\"2022-07-09T15:34:47+00:00\",\"breadcrumb\":{\"@id\":\"https:\\\/\\\/hierostrasbourg.com\\\/index.php\\\/2022\\\/07\\\/09\\\/electro-cette-musique-qui-se-vit-dans-un-corps-collectif\\\/#breadcrumb\"},\"inLanguage\":\"fr-FR\",\"potentialAction\":[{\"@type\":\"ReadAction\",\"target\":[\"https:\\\/\\\/hierostrasbourg.com\\\/index.php\\\/2022\\\/07\\\/09\\\/electro-cette-musique-qui-se-vit-dans-un-corps-collectif\\\/\"]}]},{\"@type\":\"BreadcrumbList\",\"@id\":\"https:\\\/\\\/hierostrasbourg.com\\\/index.php\\\/2022\\\/07\\\/09\\\/electro-cette-musique-qui-se-vit-dans-un-corps-collectif\\\/#breadcrumb\",\"itemListElement\":[{\"@type\":\"ListItem\",\"position\":1,\"name\":\"Accueil\",\"item\":\"https:\\\/\\\/hierostrasbourg.com\\\/\"},{\"@type\":\"ListItem\",\"position\":2,\"name\":\"\u00c9lectro : cette musique qui se vit dans un corps collectif\"}]},{\"@type\":\"WebSite\",\"@id\":\"https:\\\/\\\/hierostrasbourg.com\\\/#website\",\"url\":\"https:\\\/\\\/hierostrasbourg.com\\\/\",\"name\":\"HIERO STRASBOURG\",\"description\":\"Centre de Ressources Musiques Actuelles\",\"publisher\":{\"@id\":\"https:\\\/\\\/hierostrasbourg.com\\\/#organization\"},\"potentialAction\":[{\"@type\":\"SearchAction\",\"target\":{\"@type\":\"EntryPoint\",\"urlTemplate\":\"https:\\\/\\\/hierostrasbourg.com\\\/?s={search_term_string}\"},\"query-input\":{\"@type\":\"PropertyValueSpecification\",\"valueRequired\":true,\"valueName\":\"search_term_string\"}}],\"inLanguage\":\"fr-FR\"},{\"@type\":\"Organization\",\"@id\":\"https:\\\/\\\/hierostrasbourg.com\\\/#organization\",\"name\":\"F\u00e9d\u00e9ration Hi\u00e9ro Strasbourg\",\"url\":\"https:\\\/\\\/hierostrasbourg.com\\\/\",\"logo\":{\"@type\":\"ImageObject\",\"inLanguage\":\"fr-FR\",\"@id\":\"https:\\\/\\\/hierostrasbourg.com\\\/#\\\/schema\\\/logo\\\/image\\\/\",\"url\":\"https:\\\/\\\/hierostrasbourg.com\\\/wp-content\\\/uploads\\\/2026\\\/04\\\/logo-hiero-strasbourg.jpg\",\"contentUrl\":\"https:\\\/\\\/hierostrasbourg.com\\\/wp-content\\\/uploads\\\/2026\\\/04\\\/logo-hiero-strasbourg.jpg\",\"width\":204,\"height\":192,\"caption\":\"F\u00e9d\u00e9ration Hi\u00e9ro Strasbourg\"},\"image\":{\"@id\":\"https:\\\/\\\/hierostrasbourg.com\\\/#\\\/schema\\\/logo\\\/image\\\/\"},\"sameAs\":[\"https:\\\/\\\/www.facebook.com\\\/fedehierostrasbourg\",\"https:\\\/\\\/x.com\\\/hierostrasbourg\"]}]}<\/script>\n<!-- \/ Yoast SEO plugin. -->","yoast_head_json":{"title":"\u00c9lectro : cette musique qui se vit dans un corps collectif - HIERO STRASBOURG","robots":{"index":"index","follow":"follow","max-snippet":"max-snippet:-1","max-image-preview":"max-image-preview:large","max-video-preview":"max-video-preview:-1"},"canonical":"https:\/\/hierostrasbourg.com\/index.php\/2022\/07\/09\/electro-cette-musique-qui-se-vit-dans-un-corps-collectif\/","og_locale":"fr_FR","og_type":"article","og_title":"\u00c9lectro : cette musique qui se vit dans un corps collectif - HIERO STRASBOURG","og_description":"Musicien \u00e9lectro depuis une quinzaine d\u2019ann\u00e9es sous le pseudonyme ANYMAN, Tony Bouilly participe en 2009 \u00e0 la cr\u00e9ation de la premi\u00e8re cha\u00eene t\u00e9l\u00e9vis\u00e9e fran\u00e7aise enti\u00e8rement d\u00e9di\u00e9e \u00e0 son genre musical de pr\u00e9dilection : Clubbing TV. Un d\u00e9veloppement audiovisuel que n\u2019a pas frein\u00e9 la pand\u00e9mie, bien au contraire\u2026 Source \/ Lire la suite : \u00c9lectro : cette musique qui se vit dans un corps collectif \ufeff L\u2019article \u00c9lectro : cette musique qui se vit dans un corps collectif est apparu en [&hellip;]","og_url":"https:\/\/hierostrasbourg.com\/index.php\/2022\/07\/09\/electro-cette-musique-qui-se-vit-dans-un-corps-collectif\/","og_site_name":"HIERO STRASBOURG","article_publisher":"https:\/\/www.facebook.com\/fedehierostrasbourg","article_published_time":"2022-07-09T15:34:47+00:00","twitter_card":"summary_large_image","twitter_creator":"@hierostrasbourg","twitter_site":"@hierostrasbourg","schema":{"@context":"https:\/\/schema.org","@graph":[{"@type":"Article","@id":"https:\/\/hierostrasbourg.com\/index.php\/2022\/07\/09\/electro-cette-musique-qui-se-vit-dans-un-corps-collectif\/#article","isPartOf":{"@id":"https:\/\/hierostrasbourg.com\/index.php\/2022\/07\/09\/electro-cette-musique-qui-se-vit-dans-un-corps-collectif\/"},"author":{"name":"","@id":""},"headline":"\u00c9lectro : cette musique qui se vit dans un corps collectif","datePublished":"2022-07-09T15:34:47+00:00","mainEntityOfPage":{"@id":"https:\/\/hierostrasbourg.com\/index.php\/2022\/07\/09\/electro-cette-musique-qui-se-vit-dans-un-corps-collectif\/"},"wordCount":103,"publisher":{"@id":"https:\/\/hierostrasbourg.com\/#organization"},"inLanguage":"fr-FR"},{"@type":"WebPage","@id":"https:\/\/hierostrasbourg.com\/index.php\/2022\/07\/09\/electro-cette-musique-qui-se-vit-dans-un-corps-collectif\/","url":"https:\/\/hierostrasbourg.com\/index.php\/2022\/07\/09\/electro-cette-musique-qui-se-vit-dans-un-corps-collectif\/","name":"\u00c9lectro : cette musique qui se vit dans un corps collectif - HIERO STRASBOURG","isPartOf":{"@id":"https:\/\/hierostrasbourg.com\/#website"},"datePublished":"2022-07-09T15:34:47+00:00","breadcrumb":{"@id":"https:\/\/hierostrasbourg.com\/index.php\/2022\/07\/09\/electro-cette-musique-qui-se-vit-dans-un-corps-collectif\/#breadcrumb"},"inLanguage":"fr-FR","potentialAction":[{"@type":"ReadAction","target":["https:\/\/hierostrasbourg.com\/index.php\/2022\/07\/09\/electro-cette-musique-qui-se-vit-dans-un-corps-collectif\/"]}]},{"@type":"BreadcrumbList","@id":"https:\/\/hierostrasbourg.com\/index.php\/2022\/07\/09\/electro-cette-musique-qui-se-vit-dans-un-corps-collectif\/#breadcrumb","itemListElement":[{"@type":"ListItem","position":1,"name":"Accueil","item":"https:\/\/hierostrasbourg.com\/"},{"@type":"ListItem","position":2,"name":"\u00c9lectro : cette musique qui se vit dans un corps collectif"}]},{"@type":"WebSite","@id":"https:\/\/hierostrasbourg.com\/#website","url":"https:\/\/hierostrasbourg.com\/","name":"HIERO STRASBOURG","description":"Centre de Ressources Musiques Actuelles","publisher":{"@id":"https:\/\/hierostrasbourg.com\/#organization"},"potentialAction":[{"@type":"SearchAction","target":{"@type":"EntryPoint","urlTemplate":"https:\/\/hierostrasbourg.com\/?s={search_term_string}"},"query-input":{"@type":"PropertyValueSpecification","valueRequired":true,"valueName":"search_term_string"}}],"inLanguage":"fr-FR"},{"@type":"Organization","@id":"https:\/\/hierostrasbourg.com\/#organization","name":"F\u00e9d\u00e9ration Hi\u00e9ro Strasbourg","url":"https:\/\/hierostrasbourg.com\/","logo":{"@type":"ImageObject","inLanguage":"fr-FR","@id":"https:\/\/hierostrasbourg.com\/#\/schema\/logo\/image\/","url":"https:\/\/hierostrasbourg.com\/wp-content\/uploads\/2026\/04\/logo-hiero-strasbourg.jpg","contentUrl":"https:\/\/hierostrasbourg.com\/wp-content\/uploads\/2026\/04\/logo-hiero-strasbourg.jpg","width":204,"height":192,"caption":"F\u00e9d\u00e9ration Hi\u00e9ro Strasbourg"},"image":{"@id":"https:\/\/hierostrasbourg.com\/#\/schema\/logo\/image\/"},"sameAs":["https:\/\/www.facebook.com\/fedehierostrasbourg","https:\/\/x.com\/hierostrasbourg"]}]}},"_links":{"self":[{"href":"https:\/\/hierostrasbourg.com\/index.php\/wp-json\/wp\/v2\/posts\/3197","targetHints":{"allow":["GET"]}}],"collection":[{"href":"https:\/\/hierostrasbourg.com\/index.php\/wp-json\/wp\/v2\/posts"}],"about":[{"href":"https:\/\/hierostrasbourg.com\/index.php\/wp-json\/wp\/v2\/types\/post"}],"replies":[{"embeddable":true,"href":"https:\/\/hierostrasbourg.com\/index.php\/wp-json\/wp\/v2\/comments?post=3197"}],"version-history":[{"count":0,"href":"https:\/\/hierostrasbourg.com\/index.php\/wp-json\/wp\/v2\/posts\/3197\/revisions"}],"wp:attachment":[{"href":"https:\/\/hierostrasbourg.com\/index.php\/wp-json\/wp\/v2\/media?parent=3197"}],"wp:term":[{"taxonomy":"category","embeddable":true,"href":"https:\/\/hierostrasbourg.com\/index.php\/wp-json\/wp\/v2\/categories?post=3197"},{"taxonomy":"post_tag","embeddable":true,"href":"https:\/\/hierostrasbourg.com\/index.php\/wp-json\/wp\/v2\/tags?post=3197"}],"curies":[{"name":"wp","href":"https:\/\/api.w.org\/{rel}","templated":true}]}}