{"id":3193,"date":"2022-07-09T00:35:12","date_gmt":"2022-07-08T22:35:12","guid":{"rendered":"https:\/\/hierostrasbourg.com\/index.php\/2022\/07\/09\/peut-on-parler-dun-retour-en-grace-du-cd-2\/"},"modified":"2022-07-09T00:35:12","modified_gmt":"2022-07-08T22:35:12","slug":"peut-on-parler-dun-retour-en-grace-du-cd-2","status":"publish","type":"post","link":"https:\/\/hierostrasbourg.com\/index.php\/2022\/07\/09\/peut-on-parler-dun-retour-en-grace-du-cd-2\/","title":{"rendered":"Peut-on parler d\u2019un retour en gr\u00e2ce du CD ?"},"content":{"rendered":"<p><a href=\"https:\/\/musiquesactuelles.alsace\/peut-on-parler-dun-retour-en-grace-du-cd\/\" title=\"Peut-on parler d\u2019un retour en gr\u00e2ce du CD ?\"><\/a><\/p>\n<p>Dans les ann\u00e9es 2000, la d\u00e9mocratisation d\u2019Internet semblait avoir sonn\u00e9 le glas de l\u2019objet CD : les plateformes de t\u00e9l\u00e9chargement puis de streaming se sont en effet impos\u00e9es avec succ\u00e8s sur le march\u00e9 de la musique. Mais, en 2021, pour la premi\u00e8re fois depuis 20 ans, la F\u00e9d\u00e9ration internationale de l\u2019industrie phonographique a enregistr\u00e9 une croissance des revenus li\u00e9s \u00e0 l\u2019industrie physique. \u00c0 l\u2019image du vinyle, le compact disc serait-il en train de faire son retour ? Source \/ Lire [\u2026]<\/p>\n<p>L\u2019article <a href=\"https:\/\/musiquesactuelles.alsace\/peut-on-parler-dun-retour-en-grace-du-cd\/\">Peut-on parler d\u2019un retour en gr\u00e2ce du CD ?<\/a> est apparu en premier sur <a href=\"https:\/\/musiquesactuelles.alsace\/\">Musiques Actuelles en Alsace<\/a>.<\/p>\n<p>L\u2019article <a href=\"https:\/\/popburo.fr\/peut-on-parler-dun-retour-en-grace-du-cd-2\/\">Peut-on parler d\u2019un retour en gr\u00e2ce du CD ?<\/a> est apparu en premier sur <a href=\"https:\/\/popburo.fr\/\">POP B\u00dcRO<\/a>.<\/p>\n","protected":false},"excerpt":{"rendered":"<p>Dans les ann\u00e9es 2000, la d\u00e9mocratisation d\u2019Internet semblait avoir sonn\u00e9 le glas de l\u2019objet CD : les plateformes de t\u00e9l\u00e9chargement puis de streaming se sont en effet impos\u00e9es avec succ\u00e8s sur le march\u00e9 de la musique. Mais, en 2021, pour la premi\u00e8re fois depuis 20 ans, la F\u00e9d\u00e9ration internationale de l\u2019industrie phonographique a enregistr\u00e9 une croissance des revenus li\u00e9s \u00e0 l\u2019industrie physique. \u00c0 l\u2019image du vinyle, le compact disc serait-il en train de faire son retour ? Source \/ Lire [&hellip;]<\/p>\n","protected":false},"author":0,"featured_media":0,"comment_status":"closed","ping_status":"open","sticky":false,"template":"","format":"standard","meta":{"footnotes":""},"categories":[1],"tags":[],"class_list":["post-3193","post","type-post","status-publish","format-standard","hentry","category-non-classe"],"yoast_head":"<!-- This site is optimized with the Yoast SEO plugin v27.5 - https:\/\/yoast.com\/product\/yoast-seo-wordpress\/ -->\n<title>Peut-on parler d\u2019un retour en gr\u00e2ce du CD ? - HIERO STRASBOURG<\/title>\n<meta name=\"robots\" content=\"index, follow, max-snippet:-1, max-image-preview:large, max-video-preview:-1\" \/>\n<link rel=\"canonical\" href=\"https:\/\/hierostrasbourg.com\/index.php\/2022\/07\/09\/peut-on-parler-dun-retour-en-grace-du-cd-2\/\" \/>\n<meta property=\"og:locale\" content=\"fr_FR\" \/>\n<meta property=\"og:type\" content=\"article\" \/>\n<meta property=\"og:title\" content=\"Peut-on parler d\u2019un retour en gr\u00e2ce du CD ? - HIERO STRASBOURG\" \/>\n<meta property=\"og:description\" content=\"Dans les ann\u00e9es 2000, la d\u00e9mocratisation d\u2019Internet semblait avoir sonn\u00e9 le glas de l\u2019objet CD : les plateformes de t\u00e9l\u00e9chargement puis de streaming se sont en effet impos\u00e9es avec succ\u00e8s sur le march\u00e9 de la musique. Mais, en 2021, pour la premi\u00e8re fois depuis 20 ans, la F\u00e9d\u00e9ration internationale de l\u2019industrie phonographique a enregistr\u00e9 une croissance des revenus li\u00e9s \u00e0 l\u2019industrie physique. \u00c0 l\u2019image du vinyle, le compact disc serait-il en train de faire son retour ? Source \/ Lire [&hellip;]\" \/>\n<meta property=\"og:url\" content=\"https:\/\/hierostrasbourg.com\/index.php\/2022\/07\/09\/peut-on-parler-dun-retour-en-grace-du-cd-2\/\" \/>\n<meta property=\"og:site_name\" content=\"HIERO STRASBOURG\" \/>\n<meta property=\"article:publisher\" content=\"https:\/\/www.facebook.com\/fedehierostrasbourg\" \/>\n<meta property=\"article:published_time\" content=\"2022-07-08T22:35:12+00:00\" \/>\n<meta name=\"twitter:card\" content=\"summary_large_image\" \/>\n<meta name=\"twitter:creator\" content=\"@hierostrasbourg\" \/>\n<meta name=\"twitter:site\" content=\"@hierostrasbourg\" \/>\n<meta name=\"twitter:label1\" content=\"Dur\u00e9e de lecture estim\u00e9e\" \/>\n\t<meta name=\"twitter:data1\" content=\"1 minute\" \/>\n<script type=\"application\/ld+json\" class=\"yoast-schema-graph\">{\"@context\":\"https:\\\/\\\/schema.org\",\"@graph\":[{\"@type\":\"Article\",\"@id\":\"https:\\\/\\\/hierostrasbourg.com\\\/index.php\\\/2022\\\/07\\\/09\\\/peut-on-parler-dun-retour-en-grace-du-cd-2\\\/#article\",\"isPartOf\":{\"@id\":\"https:\\\/\\\/hierostrasbourg.com\\\/index.php\\\/2022\\\/07\\\/09\\\/peut-on-parler-dun-retour-en-grace-du-cd-2\\\/\"},\"author\":{\"name\":\"\",\"@id\":\"\"},\"headline\":\"Peut-on parler d\u2019un retour en gr\u00e2ce du CD ?\",\"datePublished\":\"2022-07-08T22:35:12+00:00\",\"mainEntityOfPage\":{\"@id\":\"https:\\\/\\\/hierostrasbourg.com\\\/index.php\\\/2022\\\/07\\\/09\\\/peut-on-parler-dun-retour-en-grace-du-cd-2\\\/\"},\"wordCount\":138,\"publisher\":{\"@id\":\"https:\\\/\\\/hierostrasbourg.com\\\/#organization\"},\"inLanguage\":\"fr-FR\"},{\"@type\":\"WebPage\",\"@id\":\"https:\\\/\\\/hierostrasbourg.com\\\/index.php\\\/2022\\\/07\\\/09\\\/peut-on-parler-dun-retour-en-grace-du-cd-2\\\/\",\"url\":\"https:\\\/\\\/hierostrasbourg.com\\\/index.php\\\/2022\\\/07\\\/09\\\/peut-on-parler-dun-retour-en-grace-du-cd-2\\\/\",\"name\":\"Peut-on parler d\u2019un retour en gr\u00e2ce du CD ? - HIERO STRASBOURG\",\"isPartOf\":{\"@id\":\"https:\\\/\\\/hierostrasbourg.com\\\/#website\"},\"datePublished\":\"2022-07-08T22:35:12+00:00\",\"breadcrumb\":{\"@id\":\"https:\\\/\\\/hierostrasbourg.com\\\/index.php\\\/2022\\\/07\\\/09\\\/peut-on-parler-dun-retour-en-grace-du-cd-2\\\/#breadcrumb\"},\"inLanguage\":\"fr-FR\",\"potentialAction\":[{\"@type\":\"ReadAction\",\"target\":[\"https:\\\/\\\/hierostrasbourg.com\\\/index.php\\\/2022\\\/07\\\/09\\\/peut-on-parler-dun-retour-en-grace-du-cd-2\\\/\"]}]},{\"@type\":\"BreadcrumbList\",\"@id\":\"https:\\\/\\\/hierostrasbourg.com\\\/index.php\\\/2022\\\/07\\\/09\\\/peut-on-parler-dun-retour-en-grace-du-cd-2\\\/#breadcrumb\",\"itemListElement\":[{\"@type\":\"ListItem\",\"position\":1,\"name\":\"Accueil\",\"item\":\"https:\\\/\\\/hierostrasbourg.com\\\/\"},{\"@type\":\"ListItem\",\"position\":2,\"name\":\"Peut-on parler d\u2019un retour en gr\u00e2ce du CD ?\"}]},{\"@type\":\"WebSite\",\"@id\":\"https:\\\/\\\/hierostrasbourg.com\\\/#website\",\"url\":\"https:\\\/\\\/hierostrasbourg.com\\\/\",\"name\":\"HIERO STRASBOURG\",\"description\":\"Centre de Ressources Musiques Actuelles\",\"publisher\":{\"@id\":\"https:\\\/\\\/hierostrasbourg.com\\\/#organization\"},\"potentialAction\":[{\"@type\":\"SearchAction\",\"target\":{\"@type\":\"EntryPoint\",\"urlTemplate\":\"https:\\\/\\\/hierostrasbourg.com\\\/?s={search_term_string}\"},\"query-input\":{\"@type\":\"PropertyValueSpecification\",\"valueRequired\":true,\"valueName\":\"search_term_string\"}}],\"inLanguage\":\"fr-FR\"},{\"@type\":\"Organization\",\"@id\":\"https:\\\/\\\/hierostrasbourg.com\\\/#organization\",\"name\":\"F\u00e9d\u00e9ration Hi\u00e9ro Strasbourg\",\"url\":\"https:\\\/\\\/hierostrasbourg.com\\\/\",\"logo\":{\"@type\":\"ImageObject\",\"inLanguage\":\"fr-FR\",\"@id\":\"https:\\\/\\\/hierostrasbourg.com\\\/#\\\/schema\\\/logo\\\/image\\\/\",\"url\":\"https:\\\/\\\/hierostrasbourg.com\\\/wp-content\\\/uploads\\\/2026\\\/04\\\/logo-hiero-strasbourg.jpg\",\"contentUrl\":\"https:\\\/\\\/hierostrasbourg.com\\\/wp-content\\\/uploads\\\/2026\\\/04\\\/logo-hiero-strasbourg.jpg\",\"width\":204,\"height\":192,\"caption\":\"F\u00e9d\u00e9ration Hi\u00e9ro Strasbourg\"},\"image\":{\"@id\":\"https:\\\/\\\/hierostrasbourg.com\\\/#\\\/schema\\\/logo\\\/image\\\/\"},\"sameAs\":[\"https:\\\/\\\/www.facebook.com\\\/fedehierostrasbourg\",\"https:\\\/\\\/x.com\\\/hierostrasbourg\"]}]}<\/script>\n<!-- \/ Yoast SEO plugin. -->","yoast_head_json":{"title":"Peut-on parler d\u2019un retour en gr\u00e2ce du CD ? - HIERO STRASBOURG","robots":{"index":"index","follow":"follow","max-snippet":"max-snippet:-1","max-image-preview":"max-image-preview:large","max-video-preview":"max-video-preview:-1"},"canonical":"https:\/\/hierostrasbourg.com\/index.php\/2022\/07\/09\/peut-on-parler-dun-retour-en-grace-du-cd-2\/","og_locale":"fr_FR","og_type":"article","og_title":"Peut-on parler d\u2019un retour en gr\u00e2ce du CD ? - HIERO STRASBOURG","og_description":"Dans les ann\u00e9es 2000, la d\u00e9mocratisation d\u2019Internet semblait avoir sonn\u00e9 le glas de l\u2019objet CD : les plateformes de t\u00e9l\u00e9chargement puis de streaming se sont en effet impos\u00e9es avec succ\u00e8s sur le march\u00e9 de la musique. Mais, en 2021, pour la premi\u00e8re fois depuis 20 ans, la F\u00e9d\u00e9ration internationale de l\u2019industrie phonographique a enregistr\u00e9 une croissance des revenus li\u00e9s \u00e0 l\u2019industrie physique. \u00c0 l\u2019image du vinyle, le compact disc serait-il en train de faire son retour ? Source \/ Lire [&hellip;]","og_url":"https:\/\/hierostrasbourg.com\/index.php\/2022\/07\/09\/peut-on-parler-dun-retour-en-grace-du-cd-2\/","og_site_name":"HIERO STRASBOURG","article_publisher":"https:\/\/www.facebook.com\/fedehierostrasbourg","article_published_time":"2022-07-08T22:35:12+00:00","twitter_card":"summary_large_image","twitter_creator":"@hierostrasbourg","twitter_site":"@hierostrasbourg","twitter_misc":{"Dur\u00e9e de lecture estim\u00e9e":"1 minute"},"schema":{"@context":"https:\/\/schema.org","@graph":[{"@type":"Article","@id":"https:\/\/hierostrasbourg.com\/index.php\/2022\/07\/09\/peut-on-parler-dun-retour-en-grace-du-cd-2\/#article","isPartOf":{"@id":"https:\/\/hierostrasbourg.com\/index.php\/2022\/07\/09\/peut-on-parler-dun-retour-en-grace-du-cd-2\/"},"author":{"name":"","@id":""},"headline":"Peut-on parler d\u2019un retour en gr\u00e2ce du CD ?","datePublished":"2022-07-08T22:35:12+00:00","mainEntityOfPage":{"@id":"https:\/\/hierostrasbourg.com\/index.php\/2022\/07\/09\/peut-on-parler-dun-retour-en-grace-du-cd-2\/"},"wordCount":138,"publisher":{"@id":"https:\/\/hierostrasbourg.com\/#organization"},"inLanguage":"fr-FR"},{"@type":"WebPage","@id":"https:\/\/hierostrasbourg.com\/index.php\/2022\/07\/09\/peut-on-parler-dun-retour-en-grace-du-cd-2\/","url":"https:\/\/hierostrasbourg.com\/index.php\/2022\/07\/09\/peut-on-parler-dun-retour-en-grace-du-cd-2\/","name":"Peut-on parler d\u2019un retour en gr\u00e2ce du CD ? - HIERO STRASBOURG","isPartOf":{"@id":"https:\/\/hierostrasbourg.com\/#website"},"datePublished":"2022-07-08T22:35:12+00:00","breadcrumb":{"@id":"https:\/\/hierostrasbourg.com\/index.php\/2022\/07\/09\/peut-on-parler-dun-retour-en-grace-du-cd-2\/#breadcrumb"},"inLanguage":"fr-FR","potentialAction":[{"@type":"ReadAction","target":["https:\/\/hierostrasbourg.com\/index.php\/2022\/07\/09\/peut-on-parler-dun-retour-en-grace-du-cd-2\/"]}]},{"@type":"BreadcrumbList","@id":"https:\/\/hierostrasbourg.com\/index.php\/2022\/07\/09\/peut-on-parler-dun-retour-en-grace-du-cd-2\/#breadcrumb","itemListElement":[{"@type":"ListItem","position":1,"name":"Accueil","item":"https:\/\/hierostrasbourg.com\/"},{"@type":"ListItem","position":2,"name":"Peut-on parler d\u2019un retour en gr\u00e2ce du CD ?"}]},{"@type":"WebSite","@id":"https:\/\/hierostrasbourg.com\/#website","url":"https:\/\/hierostrasbourg.com\/","name":"HIERO STRASBOURG","description":"Centre de Ressources Musiques Actuelles","publisher":{"@id":"https:\/\/hierostrasbourg.com\/#organization"},"potentialAction":[{"@type":"SearchAction","target":{"@type":"EntryPoint","urlTemplate":"https:\/\/hierostrasbourg.com\/?s={search_term_string}"},"query-input":{"@type":"PropertyValueSpecification","valueRequired":true,"valueName":"search_term_string"}}],"inLanguage":"fr-FR"},{"@type":"Organization","@id":"https:\/\/hierostrasbourg.com\/#organization","name":"F\u00e9d\u00e9ration Hi\u00e9ro Strasbourg","url":"https:\/\/hierostrasbourg.com\/","logo":{"@type":"ImageObject","inLanguage":"fr-FR","@id":"https:\/\/hierostrasbourg.com\/#\/schema\/logo\/image\/","url":"https:\/\/hierostrasbourg.com\/wp-content\/uploads\/2026\/04\/logo-hiero-strasbourg.jpg","contentUrl":"https:\/\/hierostrasbourg.com\/wp-content\/uploads\/2026\/04\/logo-hiero-strasbourg.jpg","width":204,"height":192,"caption":"F\u00e9d\u00e9ration Hi\u00e9ro Strasbourg"},"image":{"@id":"https:\/\/hierostrasbourg.com\/#\/schema\/logo\/image\/"},"sameAs":["https:\/\/www.facebook.com\/fedehierostrasbourg","https:\/\/x.com\/hierostrasbourg"]}]}},"_links":{"self":[{"href":"https:\/\/hierostrasbourg.com\/index.php\/wp-json\/wp\/v2\/posts\/3193","targetHints":{"allow":["GET"]}}],"collection":[{"href":"https:\/\/hierostrasbourg.com\/index.php\/wp-json\/wp\/v2\/posts"}],"about":[{"href":"https:\/\/hierostrasbourg.com\/index.php\/wp-json\/wp\/v2\/types\/post"}],"replies":[{"embeddable":true,"href":"https:\/\/hierostrasbourg.com\/index.php\/wp-json\/wp\/v2\/comments?post=3193"}],"version-history":[{"count":0,"href":"https:\/\/hierostrasbourg.com\/index.php\/wp-json\/wp\/v2\/posts\/3193\/revisions"}],"wp:attachment":[{"href":"https:\/\/hierostrasbourg.com\/index.php\/wp-json\/wp\/v2\/media?parent=3193"}],"wp:term":[{"taxonomy":"category","embeddable":true,"href":"https:\/\/hierostrasbourg.com\/index.php\/wp-json\/wp\/v2\/categories?post=3193"},{"taxonomy":"post_tag","embeddable":true,"href":"https:\/\/hierostrasbourg.com\/index.php\/wp-json\/wp\/v2\/tags?post=3193"}],"curies":[{"name":"wp","href":"https:\/\/api.w.org\/{rel}","templated":true}]}}