{"id":3179,"date":"2022-07-08T22:31:32","date_gmt":"2022-07-08T20:31:32","guid":{"rendered":"https:\/\/hierostrasbourg.com\/index.php\/2022\/07\/08\/riposte-europeenne-contre-la-reponse-graduee\/"},"modified":"2022-07-08T22:31:32","modified_gmt":"2022-07-08T20:31:32","slug":"riposte-europeenne-contre-la-reponse-graduee","status":"publish","type":"post","link":"https:\/\/hierostrasbourg.com\/index.php\/2022\/07\/08\/riposte-europeenne-contre-la-reponse-graduee\/","title":{"rendered":"Riposte europ\u00e9enne contre la r\u00e9ponse gradu\u00e9e"},"content":{"rendered":"<p><em>Si la Hadopi de 2009 est morte depuis le 1er janvier 2022, l\u2019envoi d\u2019avertissements est d\u00e9sormais dans les cordes de l\u2019ARCOM. Seulement, la r\u00e9gulation europ\u00e9enne pourrait d\u00e9capiter le r\u00e9gime fran\u00e7ais. Une audience est organis\u00e9e demain devant la justice europ\u00e9enne.<\/em><\/p>\n<p>Source \/ Lire la suite : <a href=\"https:\/\/www.nextinpact.com\/article\/69553\/riposte-europeenne-contre-reponse-graduee\" target=\"_blank\" rel=\"noopener\">Riposte europ\u00e9enne contre la r\u00e9ponse gradu\u00e9e<\/a><\/p>\n<p>L\u2019article <a href=\"https:\/\/popburo.fr\/riposte-europeenne-contre-la-reponse-graduee\/\">Riposte europ\u00e9enne contre la r\u00e9ponse gradu\u00e9e<\/a> est apparu en premier sur <a href=\"https:\/\/popburo.fr\/\">POP B\u00dcRO<\/a>.<\/p>\n","protected":false},"excerpt":{"rendered":"<p>Si la Hadopi de 2009 est morte depuis le 1er janvier 2022, l\u2019envoi d\u2019avertissements est d\u00e9sormais dans les cordes de l\u2019ARCOM. Seulement, la r\u00e9gulation europ\u00e9enne pourrait d\u00e9capiter le r\u00e9gime fran\u00e7ais. Une audience est organis\u00e9e demain devant la justice europ\u00e9enne. Source \/ Lire la suite : Riposte europ\u00e9enne contre la r\u00e9ponse gradu\u00e9e L\u2019article Riposte europ\u00e9enne contre la r\u00e9ponse gradu\u00e9e est apparu en premier sur POP B\u00dcRO.<\/p>\n","protected":false},"author":0,"featured_media":0,"comment_status":"closed","ping_status":"open","sticky":false,"template":"","format":"standard","meta":{"footnotes":""},"categories":[1],"tags":[],"class_list":["post-3179","post","type-post","status-publish","format-standard","hentry","category-non-classe"],"yoast_head":"<!-- This site is optimized with the Yoast SEO plugin v27.5 - https:\/\/yoast.com\/product\/yoast-seo-wordpress\/ -->\n<title>Riposte europ\u00e9enne contre la r\u00e9ponse gradu\u00e9e - HIERO STRASBOURG<\/title>\n<meta name=\"robots\" content=\"index, follow, max-snippet:-1, max-image-preview:large, max-video-preview:-1\" \/>\n<link rel=\"canonical\" href=\"https:\/\/hierostrasbourg.com\/index.php\/2022\/07\/08\/riposte-europeenne-contre-la-reponse-graduee\/\" \/>\n<meta property=\"og:locale\" content=\"fr_FR\" \/>\n<meta property=\"og:type\" content=\"article\" \/>\n<meta property=\"og:title\" content=\"Riposte europ\u00e9enne contre la r\u00e9ponse gradu\u00e9e - HIERO STRASBOURG\" \/>\n<meta property=\"og:description\" content=\"Si la Hadopi de 2009 est morte depuis le 1er janvier 2022, l\u2019envoi d\u2019avertissements est d\u00e9sormais dans les cordes de l\u2019ARCOM. Seulement, la r\u00e9gulation europ\u00e9enne pourrait d\u00e9capiter le r\u00e9gime fran\u00e7ais. Une audience est organis\u00e9e demain devant la justice europ\u00e9enne. Source \/ Lire la suite : Riposte europ\u00e9enne contre la r\u00e9ponse gradu\u00e9e L\u2019article Riposte europ\u00e9enne contre la r\u00e9ponse gradu\u00e9e est apparu en premier sur POP B\u00dcRO.\" \/>\n<meta property=\"og:url\" content=\"https:\/\/hierostrasbourg.com\/index.php\/2022\/07\/08\/riposte-europeenne-contre-la-reponse-graduee\/\" \/>\n<meta property=\"og:site_name\" content=\"HIERO STRASBOURG\" \/>\n<meta property=\"article:publisher\" content=\"https:\/\/www.facebook.com\/fedehierostrasbourg\" \/>\n<meta property=\"article:published_time\" content=\"2022-07-08T20:31:32+00:00\" \/>\n<meta name=\"twitter:card\" content=\"summary_large_image\" \/>\n<meta name=\"twitter:creator\" content=\"@hierostrasbourg\" \/>\n<meta name=\"twitter:site\" content=\"@hierostrasbourg\" \/>\n<script type=\"application\/ld+json\" class=\"yoast-schema-graph\">{\"@context\":\"https:\\\/\\\/schema.org\",\"@graph\":[{\"@type\":\"Article\",\"@id\":\"https:\\\/\\\/hierostrasbourg.com\\\/index.php\\\/2022\\\/07\\\/08\\\/riposte-europeenne-contre-la-reponse-graduee\\\/#article\",\"isPartOf\":{\"@id\":\"https:\\\/\\\/hierostrasbourg.com\\\/index.php\\\/2022\\\/07\\\/08\\\/riposte-europeenne-contre-la-reponse-graduee\\\/\"},\"author\":{\"name\":\"\",\"@id\":\"\"},\"headline\":\"Riposte europ\u00e9enne contre la r\u00e9ponse gradu\u00e9e\",\"datePublished\":\"2022-07-08T20:31:32+00:00\",\"mainEntityOfPage\":{\"@id\":\"https:\\\/\\\/hierostrasbourg.com\\\/index.php\\\/2022\\\/07\\\/08\\\/riposte-europeenne-contre-la-reponse-graduee\\\/\"},\"wordCount\":89,\"publisher\":{\"@id\":\"https:\\\/\\\/hierostrasbourg.com\\\/#organization\"},\"inLanguage\":\"fr-FR\"},{\"@type\":\"WebPage\",\"@id\":\"https:\\\/\\\/hierostrasbourg.com\\\/index.php\\\/2022\\\/07\\\/08\\\/riposte-europeenne-contre-la-reponse-graduee\\\/\",\"url\":\"https:\\\/\\\/hierostrasbourg.com\\\/index.php\\\/2022\\\/07\\\/08\\\/riposte-europeenne-contre-la-reponse-graduee\\\/\",\"name\":\"Riposte europ\u00e9enne contre la r\u00e9ponse gradu\u00e9e - HIERO STRASBOURG\",\"isPartOf\":{\"@id\":\"https:\\\/\\\/hierostrasbourg.com\\\/#website\"},\"datePublished\":\"2022-07-08T20:31:32+00:00\",\"breadcrumb\":{\"@id\":\"https:\\\/\\\/hierostrasbourg.com\\\/index.php\\\/2022\\\/07\\\/08\\\/riposte-europeenne-contre-la-reponse-graduee\\\/#breadcrumb\"},\"inLanguage\":\"fr-FR\",\"potentialAction\":[{\"@type\":\"ReadAction\",\"target\":[\"https:\\\/\\\/hierostrasbourg.com\\\/index.php\\\/2022\\\/07\\\/08\\\/riposte-europeenne-contre-la-reponse-graduee\\\/\"]}]},{\"@type\":\"BreadcrumbList\",\"@id\":\"https:\\\/\\\/hierostrasbourg.com\\\/index.php\\\/2022\\\/07\\\/08\\\/riposte-europeenne-contre-la-reponse-graduee\\\/#breadcrumb\",\"itemListElement\":[{\"@type\":\"ListItem\",\"position\":1,\"name\":\"Accueil\",\"item\":\"https:\\\/\\\/hierostrasbourg.com\\\/\"},{\"@type\":\"ListItem\",\"position\":2,\"name\":\"Riposte europ\u00e9enne contre la r\u00e9ponse gradu\u00e9e\"}]},{\"@type\":\"WebSite\",\"@id\":\"https:\\\/\\\/hierostrasbourg.com\\\/#website\",\"url\":\"https:\\\/\\\/hierostrasbourg.com\\\/\",\"name\":\"HIERO STRASBOURG\",\"description\":\"Centre de Ressources Musiques Actuelles\",\"publisher\":{\"@id\":\"https:\\\/\\\/hierostrasbourg.com\\\/#organization\"},\"potentialAction\":[{\"@type\":\"SearchAction\",\"target\":{\"@type\":\"EntryPoint\",\"urlTemplate\":\"https:\\\/\\\/hierostrasbourg.com\\\/?s={search_term_string}\"},\"query-input\":{\"@type\":\"PropertyValueSpecification\",\"valueRequired\":true,\"valueName\":\"search_term_string\"}}],\"inLanguage\":\"fr-FR\"},{\"@type\":\"Organization\",\"@id\":\"https:\\\/\\\/hierostrasbourg.com\\\/#organization\",\"name\":\"F\u00e9d\u00e9ration Hi\u00e9ro Strasbourg\",\"url\":\"https:\\\/\\\/hierostrasbourg.com\\\/\",\"logo\":{\"@type\":\"ImageObject\",\"inLanguage\":\"fr-FR\",\"@id\":\"https:\\\/\\\/hierostrasbourg.com\\\/#\\\/schema\\\/logo\\\/image\\\/\",\"url\":\"https:\\\/\\\/hierostrasbourg.com\\\/wp-content\\\/uploads\\\/2026\\\/04\\\/logo-hiero-strasbourg.jpg\",\"contentUrl\":\"https:\\\/\\\/hierostrasbourg.com\\\/wp-content\\\/uploads\\\/2026\\\/04\\\/logo-hiero-strasbourg.jpg\",\"width\":204,\"height\":192,\"caption\":\"F\u00e9d\u00e9ration Hi\u00e9ro Strasbourg\"},\"image\":{\"@id\":\"https:\\\/\\\/hierostrasbourg.com\\\/#\\\/schema\\\/logo\\\/image\\\/\"},\"sameAs\":[\"https:\\\/\\\/www.facebook.com\\\/fedehierostrasbourg\",\"https:\\\/\\\/x.com\\\/hierostrasbourg\"]}]}<\/script>\n<!-- \/ Yoast SEO plugin. -->","yoast_head_json":{"title":"Riposte europ\u00e9enne contre la r\u00e9ponse gradu\u00e9e - HIERO STRASBOURG","robots":{"index":"index","follow":"follow","max-snippet":"max-snippet:-1","max-image-preview":"max-image-preview:large","max-video-preview":"max-video-preview:-1"},"canonical":"https:\/\/hierostrasbourg.com\/index.php\/2022\/07\/08\/riposte-europeenne-contre-la-reponse-graduee\/","og_locale":"fr_FR","og_type":"article","og_title":"Riposte europ\u00e9enne contre la r\u00e9ponse gradu\u00e9e - HIERO STRASBOURG","og_description":"Si la Hadopi de 2009 est morte depuis le 1er janvier 2022, l\u2019envoi d\u2019avertissements est d\u00e9sormais dans les cordes de l\u2019ARCOM. Seulement, la r\u00e9gulation europ\u00e9enne pourrait d\u00e9capiter le r\u00e9gime fran\u00e7ais. Une audience est organis\u00e9e demain devant la justice europ\u00e9enne. Source \/ Lire la suite : Riposte europ\u00e9enne contre la r\u00e9ponse gradu\u00e9e L\u2019article Riposte europ\u00e9enne contre la r\u00e9ponse gradu\u00e9e est apparu en premier sur POP B\u00dcRO.","og_url":"https:\/\/hierostrasbourg.com\/index.php\/2022\/07\/08\/riposte-europeenne-contre-la-reponse-graduee\/","og_site_name":"HIERO STRASBOURG","article_publisher":"https:\/\/www.facebook.com\/fedehierostrasbourg","article_published_time":"2022-07-08T20:31:32+00:00","twitter_card":"summary_large_image","twitter_creator":"@hierostrasbourg","twitter_site":"@hierostrasbourg","schema":{"@context":"https:\/\/schema.org","@graph":[{"@type":"Article","@id":"https:\/\/hierostrasbourg.com\/index.php\/2022\/07\/08\/riposte-europeenne-contre-la-reponse-graduee\/#article","isPartOf":{"@id":"https:\/\/hierostrasbourg.com\/index.php\/2022\/07\/08\/riposte-europeenne-contre-la-reponse-graduee\/"},"author":{"name":"","@id":""},"headline":"Riposte europ\u00e9enne contre la r\u00e9ponse gradu\u00e9e","datePublished":"2022-07-08T20:31:32+00:00","mainEntityOfPage":{"@id":"https:\/\/hierostrasbourg.com\/index.php\/2022\/07\/08\/riposte-europeenne-contre-la-reponse-graduee\/"},"wordCount":89,"publisher":{"@id":"https:\/\/hierostrasbourg.com\/#organization"},"inLanguage":"fr-FR"},{"@type":"WebPage","@id":"https:\/\/hierostrasbourg.com\/index.php\/2022\/07\/08\/riposte-europeenne-contre-la-reponse-graduee\/","url":"https:\/\/hierostrasbourg.com\/index.php\/2022\/07\/08\/riposte-europeenne-contre-la-reponse-graduee\/","name":"Riposte europ\u00e9enne contre la r\u00e9ponse gradu\u00e9e - HIERO STRASBOURG","isPartOf":{"@id":"https:\/\/hierostrasbourg.com\/#website"},"datePublished":"2022-07-08T20:31:32+00:00","breadcrumb":{"@id":"https:\/\/hierostrasbourg.com\/index.php\/2022\/07\/08\/riposte-europeenne-contre-la-reponse-graduee\/#breadcrumb"},"inLanguage":"fr-FR","potentialAction":[{"@type":"ReadAction","target":["https:\/\/hierostrasbourg.com\/index.php\/2022\/07\/08\/riposte-europeenne-contre-la-reponse-graduee\/"]}]},{"@type":"BreadcrumbList","@id":"https:\/\/hierostrasbourg.com\/index.php\/2022\/07\/08\/riposte-europeenne-contre-la-reponse-graduee\/#breadcrumb","itemListElement":[{"@type":"ListItem","position":1,"name":"Accueil","item":"https:\/\/hierostrasbourg.com\/"},{"@type":"ListItem","position":2,"name":"Riposte europ\u00e9enne contre la r\u00e9ponse gradu\u00e9e"}]},{"@type":"WebSite","@id":"https:\/\/hierostrasbourg.com\/#website","url":"https:\/\/hierostrasbourg.com\/","name":"HIERO STRASBOURG","description":"Centre de Ressources Musiques Actuelles","publisher":{"@id":"https:\/\/hierostrasbourg.com\/#organization"},"potentialAction":[{"@type":"SearchAction","target":{"@type":"EntryPoint","urlTemplate":"https:\/\/hierostrasbourg.com\/?s={search_term_string}"},"query-input":{"@type":"PropertyValueSpecification","valueRequired":true,"valueName":"search_term_string"}}],"inLanguage":"fr-FR"},{"@type":"Organization","@id":"https:\/\/hierostrasbourg.com\/#organization","name":"F\u00e9d\u00e9ration Hi\u00e9ro Strasbourg","url":"https:\/\/hierostrasbourg.com\/","logo":{"@type":"ImageObject","inLanguage":"fr-FR","@id":"https:\/\/hierostrasbourg.com\/#\/schema\/logo\/image\/","url":"https:\/\/hierostrasbourg.com\/wp-content\/uploads\/2026\/04\/logo-hiero-strasbourg.jpg","contentUrl":"https:\/\/hierostrasbourg.com\/wp-content\/uploads\/2026\/04\/logo-hiero-strasbourg.jpg","width":204,"height":192,"caption":"F\u00e9d\u00e9ration Hi\u00e9ro Strasbourg"},"image":{"@id":"https:\/\/hierostrasbourg.com\/#\/schema\/logo\/image\/"},"sameAs":["https:\/\/www.facebook.com\/fedehierostrasbourg","https:\/\/x.com\/hierostrasbourg"]}]}},"_links":{"self":[{"href":"https:\/\/hierostrasbourg.com\/index.php\/wp-json\/wp\/v2\/posts\/3179","targetHints":{"allow":["GET"]}}],"collection":[{"href":"https:\/\/hierostrasbourg.com\/index.php\/wp-json\/wp\/v2\/posts"}],"about":[{"href":"https:\/\/hierostrasbourg.com\/index.php\/wp-json\/wp\/v2\/types\/post"}],"replies":[{"embeddable":true,"href":"https:\/\/hierostrasbourg.com\/index.php\/wp-json\/wp\/v2\/comments?post=3179"}],"version-history":[{"count":0,"href":"https:\/\/hierostrasbourg.com\/index.php\/wp-json\/wp\/v2\/posts\/3179\/revisions"}],"wp:attachment":[{"href":"https:\/\/hierostrasbourg.com\/index.php\/wp-json\/wp\/v2\/media?parent=3179"}],"wp:term":[{"taxonomy":"category","embeddable":true,"href":"https:\/\/hierostrasbourg.com\/index.php\/wp-json\/wp\/v2\/categories?post=3179"},{"taxonomy":"post_tag","embeddable":true,"href":"https:\/\/hierostrasbourg.com\/index.php\/wp-json\/wp\/v2\/tags?post=3179"}],"curies":[{"name":"wp","href":"https:\/\/api.w.org\/{rel}","templated":true}]}}