{"id":3149,"date":"2022-07-04T23:34:14","date_gmt":"2022-07-04T21:34:14","guid":{"rendered":"https:\/\/hierostrasbourg.com\/index.php\/2022\/07\/04\/artenreel-recrute-un-charge-de-de-communication-en-alternance-f-h\/"},"modified":"2022-07-04T23:34:14","modified_gmt":"2022-07-04T21:34:14","slug":"artenreel-recrute-un-charge-de-de-communication-en-alternance-f-h","status":"publish","type":"post","link":"https:\/\/hierostrasbourg.com\/index.php\/2022\/07\/04\/artenreel-recrute-un-charge-de-de-communication-en-alternance-f-h\/","title":{"rendered":"ARTENR\u00c9EL recrute un charg\u00e9 de de communication en alternance [F\/H]"},"content":{"rendered":"<p>La Coop\u00e9rative Artenr\u00e9el recherche un\u2022e alternant\u2022e en communication. Artenr\u00e9el \u00ab Coop\u00e9rative d\u00e9di\u00e9e \u00e0 l\u2019entrepreneuriat culturel et cr\u00e9atif \u00bb en r\u00e9gion Grand-Est.<\/p>\n<p>\u00c0 la jonction du secteur Culturel et du secteur de l\u2019Economie Sociale et Solidaire, Artenr\u00e9el accompagne des porteur\u00b7ses de projets en r\u00e9gion Grand-Est dans la structuration et le d\u00e9veloppement de leurs projets artistiques et culturels. Artenr\u00e9el permet \u00e0 chacun de trouver son \u00e9quilibre dans sa dimension professionnelle, personnelle et citoyenne via :<\/p>\n<p>Le dispositif Info Conseil Culture [ICC] : ICC s\u2019adresse \u00e0 tout porteur\u00b7se de projets qui souhaite obtenir des informations et des conseils sur son activit\u00e9 et son environnement professionnel. L\u2019accompagnement propos\u00e9 est adapt\u00e9 aux besoins des artistes et est enti\u00e8rement gratuit. ICC remplit \u00e9galement la mission de r\u00e9f\u00e9rent RSA en lien avec la Collectivit\u00e9 Europ\u00e9enne d\u2019Alsace pour l\u2019accompagnement de porteur\u00b7ses de projets artistiques et culturel\u00b7les, sur le d\u00e9partement du Haut-Rhin.<br \/>\nLe mod\u00e8le de Coop\u00e9rative d\u2019Activit\u00e9 et d\u2019Emploi [CAE] : la CAE Artenr\u00e9el s\u2019adresse aux artistes, cr\u00e9atif\u00b7ves, professionnel\u00b7les du secteur culturel qui souhaitent d\u00e9velopper leurs activit\u00e9s au sein d\u2019une entreprise collective et b\u00e9n\u00e9ficier d\u2019un accompagnement personnalis\u00e9. Plut\u00f4t que de cr\u00e9er sa propre entreprise, le porteur\u00b7se de projet cr\u00e9\u00e9 son emploi salari\u00e9 dans une entreprise coop\u00e9rative qu\u2019il partage avec d\u2019autres entrepreneur\u00b7ses du secteur artistique et culturel et dans laquelle il ou elle a vocation \u00e0 devenir associ\u00e9.<\/p>\n<p>Ceux-ci trouvent dans la CAE Culture une mani\u00e8re in\u00e9dite et originale d\u2019entreprendre en collectif favorisant la s\u00e9curisation des parcours individuels, la mutualisation des ressources et de nouvelles coop\u00e9rations sur le territoire.<\/p>\n<p>La coop\u00e9rative accueille une grande vari\u00e9t\u00e9 de secteurs d\u2019activit\u00e9s : Arts Visuels, Spectacle Vivant, M\u00e9tiers d\u2019art, Audiovisuel, Ecriture\/Edition, Arts Appliqu\u00e9s, Action culturelle<\/p>\n<h2>MISSIONS PRINCIPALES<\/h2>\n<p>L\u2019alternant.e en communication pourrait prendre en charge les missions suivantes, seul.e ou en lien avec des prestataires internes\/externes :<\/p>\n<h4>LA COORDINATION ET L\u2019ANIMATION DE LA COMMUNICATION INTERNE<\/h4>\n<p>Animation interne de la communaut\u00e9 d\u2019entrepreneurs<br \/>\nGestion des contenus \u00e0 travers les diff\u00e9rents canaux de communication interne (intranet, newsletters,\u2026)<\/p>\n<h4>LE GRAPHISME, PAO<\/h4>\n<p>Capacit\u00e9 \u00e0 retravailler diff\u00e9rents supports : print, web, images\u2026<br \/>\nPrise en charge de propositions graphiques en lien avec les CAE (carte de visite, affiches, flyer\u2026)<\/p>\n<h4>LA COORDINATION ET L\u2019ANIMATION DE LA COMMUNICATION EXTERNE<\/h4>\n<p>Animation des r\u00e9seaux sociaux<br \/>\nR\u00e9dactionnel print et web (mises \u00e0 jour web \u2013 WordPress, rapport d\u2019activit\u00e9s,\u2026)<br \/>\nGestion bases de donn\u00e9es partenaires<br \/>\nRelation presse et m\u00e9dia pour promouvoir nos actions (nos missions et les diff\u00e9rents \u00e9v\u00e8nements organis\u00e9s par la communaut\u00e9)<\/p>\n<h2>PROFIL<\/h2>\n<p>Avoir une bonne ma\u00eetrise du fran\u00e7ais et des comp\u00e9tences r\u00e9dactionnelles av\u00e9r\u00e9es<br \/>\nSavoir utiliser les logiciels de PAO (suite ADOBE),<br \/>\nSavoir utiliser les logiciels de bureautique (Tableur Excel, Word\u2026),<br \/>\nCuriosit\u00e9, polyvalence, autonomie, rigueur<\/p>\n<h2>CADRE ET LIEU DE TRAVAIL<\/h2>\n<p>L\u2019alternant s\u2019int\u00e8grera dans l\u2019\u00e9quipe d\u2019Artenr\u00e9el constitu\u00e9e de 6 personnes et travaillera sous l\u2019autorit\u00e9 de sa coordinatrice, d\u2019une tutrice et du g\u00e9rant. Artenr\u00e9el appartenant au groupe Cooproduction, il\/elle sera en relation avec les salari\u00e9\u00b7es des autres coop\u00e9ratives associ\u00e9es. Entreprise : SCOP SARL Artenr\u00e9el Lieu de travail : Strasbourg, quartier Gare jusqu\u2019au mois d\u2019octobre, puis \u00e0 Kal\u00e9idosCOOP dans le quartier du Port du Rhin.<\/p>\n<h2>CANDIDATURE INFOS PRATIQUES<\/h2>\n<p>Lettre de motivation et CV \u00e0 envoyer par mail \u00e0 Delphine Rouhaud, Coordinatrice Artenr\u00e9el, \u00e0 l\u2019adresse d.rouhaud@artenreel.coop et EN COPIE \u00e0 direction@artenreel.coop<\/p>\n<h2>INFOS PRATIQUES<\/h2>\n<p>6b rue D\u00e9serte 67000 Strasbourg 03 88 44 50 99 \u2013 06 98 89 48 21 https:\/\/artenreel.fr \/ https:\/\/www.infoconseil-culture.com<\/p>\n<p>L\u2019article <a href=\"https:\/\/popburo.fr\/artenreel-recrute-un-charge-de-de-communication-en-alternance-f-h\/\">ARTENR\u00c9EL recrute un charg\u00e9 de de communication en alternance [F\/H]<\/a> est apparu en premier sur <a href=\"https:\/\/popburo.fr\/\">POP B\u00dcRO<\/a>.<\/p>\n","protected":false},"excerpt":{"rendered":"<p>La Coop\u00e9rative Artenr\u00e9el recherche un\u2022e alternant\u2022e en communication. Artenr\u00e9el \u00ab Coop\u00e9rative d\u00e9di\u00e9e \u00e0 l\u2019entrepreneuriat culturel et cr\u00e9atif \u00bb en r\u00e9gion Grand-Est. \u00c0 la jonction du secteur Culturel et du secteur de l\u2019Economie Sociale et Solidaire, Artenr\u00e9el accompagne des porteur\u00b7ses de projets en r\u00e9gion Grand-Est dans la structuration et le d\u00e9veloppement de leurs projets artistiques et culturels. Artenr\u00e9el permet \u00e0 chacun de trouver son \u00e9quilibre dans sa dimension professionnelle, personnelle et citoyenne via : Le dispositif Info Conseil Culture [ICC] : [&hellip;]<\/p>\n","protected":false},"author":0,"featured_media":0,"comment_status":"closed","ping_status":"open","sticky":false,"template":"","format":"standard","meta":{"footnotes":""},"categories":[1],"tags":[],"class_list":["post-3149","post","type-post","status-publish","format-standard","hentry","category-non-classe"],"yoast_head":"<!-- This site is optimized with the Yoast SEO plugin v27.5 - https:\/\/yoast.com\/product\/yoast-seo-wordpress\/ -->\n<title>ARTENR\u00c9EL recrute un charg\u00e9 de de communication en alternance [F\/H] - HIERO STRASBOURG<\/title>\n<meta name=\"robots\" content=\"index, follow, max-snippet:-1, max-image-preview:large, max-video-preview:-1\" \/>\n<link rel=\"canonical\" href=\"https:\/\/hierostrasbourg.com\/index.php\/2022\/07\/04\/artenreel-recrute-un-charge-de-de-communication-en-alternance-f-h\/\" \/>\n<meta property=\"og:locale\" content=\"fr_FR\" \/>\n<meta property=\"og:type\" content=\"article\" \/>\n<meta property=\"og:title\" content=\"ARTENR\u00c9EL recrute un charg\u00e9 de de communication en alternance [F\/H] - HIERO STRASBOURG\" \/>\n<meta property=\"og:description\" content=\"La Coop\u00e9rative Artenr\u00e9el recherche un\u2022e alternant\u2022e en communication. Artenr\u00e9el \u00ab Coop\u00e9rative d\u00e9di\u00e9e \u00e0 l\u2019entrepreneuriat culturel et cr\u00e9atif \u00bb en r\u00e9gion Grand-Est. \u00c0 la jonction du secteur Culturel et du secteur de l\u2019Economie Sociale et Solidaire, Artenr\u00e9el accompagne des porteur\u00b7ses de projets en r\u00e9gion Grand-Est dans la structuration et le d\u00e9veloppement de leurs projets artistiques et culturels. Artenr\u00e9el permet \u00e0 chacun de trouver son \u00e9quilibre dans sa dimension professionnelle, personnelle et citoyenne via : Le dispositif Info Conseil Culture [ICC] : [&hellip;]\" \/>\n<meta property=\"og:url\" content=\"https:\/\/hierostrasbourg.com\/index.php\/2022\/07\/04\/artenreel-recrute-un-charge-de-de-communication-en-alternance-f-h\/\" \/>\n<meta property=\"og:site_name\" content=\"HIERO STRASBOURG\" \/>\n<meta property=\"article:publisher\" content=\"https:\/\/www.facebook.com\/fedehierostrasbourg\" \/>\n<meta property=\"article:published_time\" content=\"2022-07-04T21:34:14+00:00\" \/>\n<meta name=\"twitter:card\" content=\"summary_large_image\" \/>\n<meta name=\"twitter:creator\" content=\"@hierostrasbourg\" \/>\n<meta name=\"twitter:site\" content=\"@hierostrasbourg\" \/>\n<meta name=\"twitter:label1\" content=\"Dur\u00e9e de lecture estim\u00e9e\" \/>\n\t<meta name=\"twitter:data1\" content=\"3 minutes\" \/>\n<script type=\"application\/ld+json\" class=\"yoast-schema-graph\">{\"@context\":\"https:\\\/\\\/schema.org\",\"@graph\":[{\"@type\":\"Article\",\"@id\":\"https:\\\/\\\/hierostrasbourg.com\\\/index.php\\\/2022\\\/07\\\/04\\\/artenreel-recrute-un-charge-de-de-communication-en-alternance-f-h\\\/#article\",\"isPartOf\":{\"@id\":\"https:\\\/\\\/hierostrasbourg.com\\\/index.php\\\/2022\\\/07\\\/04\\\/artenreel-recrute-un-charge-de-de-communication-en-alternance-f-h\\\/\"},\"author\":{\"name\":\"\",\"@id\":\"\"},\"headline\":\"ARTENR\u00c9EL recrute un charg\u00e9 de de communication en alternance [F\\\/H]\",\"datePublished\":\"2022-07-04T21:34:14+00:00\",\"mainEntityOfPage\":{\"@id\":\"https:\\\/\\\/hierostrasbourg.com\\\/index.php\\\/2022\\\/07\\\/04\\\/artenreel-recrute-un-charge-de-de-communication-en-alternance-f-h\\\/\"},\"wordCount\":656,\"publisher\":{\"@id\":\"https:\\\/\\\/hierostrasbourg.com\\\/#organization\"},\"inLanguage\":\"fr-FR\"},{\"@type\":\"WebPage\",\"@id\":\"https:\\\/\\\/hierostrasbourg.com\\\/index.php\\\/2022\\\/07\\\/04\\\/artenreel-recrute-un-charge-de-de-communication-en-alternance-f-h\\\/\",\"url\":\"https:\\\/\\\/hierostrasbourg.com\\\/index.php\\\/2022\\\/07\\\/04\\\/artenreel-recrute-un-charge-de-de-communication-en-alternance-f-h\\\/\",\"name\":\"ARTENR\u00c9EL recrute un charg\u00e9 de de communication en alternance [F\\\/H] - HIERO STRASBOURG\",\"isPartOf\":{\"@id\":\"https:\\\/\\\/hierostrasbourg.com\\\/#website\"},\"datePublished\":\"2022-07-04T21:34:14+00:00\",\"breadcrumb\":{\"@id\":\"https:\\\/\\\/hierostrasbourg.com\\\/index.php\\\/2022\\\/07\\\/04\\\/artenreel-recrute-un-charge-de-de-communication-en-alternance-f-h\\\/#breadcrumb\"},\"inLanguage\":\"fr-FR\",\"potentialAction\":[{\"@type\":\"ReadAction\",\"target\":[\"https:\\\/\\\/hierostrasbourg.com\\\/index.php\\\/2022\\\/07\\\/04\\\/artenreel-recrute-un-charge-de-de-communication-en-alternance-f-h\\\/\"]}]},{\"@type\":\"BreadcrumbList\",\"@id\":\"https:\\\/\\\/hierostrasbourg.com\\\/index.php\\\/2022\\\/07\\\/04\\\/artenreel-recrute-un-charge-de-de-communication-en-alternance-f-h\\\/#breadcrumb\",\"itemListElement\":[{\"@type\":\"ListItem\",\"position\":1,\"name\":\"Accueil\",\"item\":\"https:\\\/\\\/hierostrasbourg.com\\\/\"},{\"@type\":\"ListItem\",\"position\":2,\"name\":\"ARTENR\u00c9EL recrute un charg\u00e9 de de communication en alternance [F\\\/H]\"}]},{\"@type\":\"WebSite\",\"@id\":\"https:\\\/\\\/hierostrasbourg.com\\\/#website\",\"url\":\"https:\\\/\\\/hierostrasbourg.com\\\/\",\"name\":\"HIERO STRASBOURG\",\"description\":\"Centre de Ressources Musiques Actuelles\",\"publisher\":{\"@id\":\"https:\\\/\\\/hierostrasbourg.com\\\/#organization\"},\"potentialAction\":[{\"@type\":\"SearchAction\",\"target\":{\"@type\":\"EntryPoint\",\"urlTemplate\":\"https:\\\/\\\/hierostrasbourg.com\\\/?s={search_term_string}\"},\"query-input\":{\"@type\":\"PropertyValueSpecification\",\"valueRequired\":true,\"valueName\":\"search_term_string\"}}],\"inLanguage\":\"fr-FR\"},{\"@type\":\"Organization\",\"@id\":\"https:\\\/\\\/hierostrasbourg.com\\\/#organization\",\"name\":\"F\u00e9d\u00e9ration Hi\u00e9ro Strasbourg\",\"url\":\"https:\\\/\\\/hierostrasbourg.com\\\/\",\"logo\":{\"@type\":\"ImageObject\",\"inLanguage\":\"fr-FR\",\"@id\":\"https:\\\/\\\/hierostrasbourg.com\\\/#\\\/schema\\\/logo\\\/image\\\/\",\"url\":\"https:\\\/\\\/hierostrasbourg.com\\\/wp-content\\\/uploads\\\/2026\\\/04\\\/logo-hiero-strasbourg.jpg\",\"contentUrl\":\"https:\\\/\\\/hierostrasbourg.com\\\/wp-content\\\/uploads\\\/2026\\\/04\\\/logo-hiero-strasbourg.jpg\",\"width\":204,\"height\":192,\"caption\":\"F\u00e9d\u00e9ration Hi\u00e9ro Strasbourg\"},\"image\":{\"@id\":\"https:\\\/\\\/hierostrasbourg.com\\\/#\\\/schema\\\/logo\\\/image\\\/\"},\"sameAs\":[\"https:\\\/\\\/www.facebook.com\\\/fedehierostrasbourg\",\"https:\\\/\\\/x.com\\\/hierostrasbourg\"]}]}<\/script>\n<!-- \/ Yoast SEO plugin. -->","yoast_head_json":{"title":"ARTENR\u00c9EL recrute un charg\u00e9 de de communication en alternance [F\/H] - HIERO STRASBOURG","robots":{"index":"index","follow":"follow","max-snippet":"max-snippet:-1","max-image-preview":"max-image-preview:large","max-video-preview":"max-video-preview:-1"},"canonical":"https:\/\/hierostrasbourg.com\/index.php\/2022\/07\/04\/artenreel-recrute-un-charge-de-de-communication-en-alternance-f-h\/","og_locale":"fr_FR","og_type":"article","og_title":"ARTENR\u00c9EL recrute un charg\u00e9 de de communication en alternance [F\/H] - HIERO STRASBOURG","og_description":"La Coop\u00e9rative Artenr\u00e9el recherche un\u2022e alternant\u2022e en communication. Artenr\u00e9el \u00ab Coop\u00e9rative d\u00e9di\u00e9e \u00e0 l\u2019entrepreneuriat culturel et cr\u00e9atif \u00bb en r\u00e9gion Grand-Est. \u00c0 la jonction du secteur Culturel et du secteur de l\u2019Economie Sociale et Solidaire, Artenr\u00e9el accompagne des porteur\u00b7ses de projets en r\u00e9gion Grand-Est dans la structuration et le d\u00e9veloppement de leurs projets artistiques et culturels. Artenr\u00e9el permet \u00e0 chacun de trouver son \u00e9quilibre dans sa dimension professionnelle, personnelle et citoyenne via : Le dispositif Info Conseil Culture [ICC] : [&hellip;]","og_url":"https:\/\/hierostrasbourg.com\/index.php\/2022\/07\/04\/artenreel-recrute-un-charge-de-de-communication-en-alternance-f-h\/","og_site_name":"HIERO STRASBOURG","article_publisher":"https:\/\/www.facebook.com\/fedehierostrasbourg","article_published_time":"2022-07-04T21:34:14+00:00","twitter_card":"summary_large_image","twitter_creator":"@hierostrasbourg","twitter_site":"@hierostrasbourg","twitter_misc":{"Dur\u00e9e de lecture estim\u00e9e":"3 minutes"},"schema":{"@context":"https:\/\/schema.org","@graph":[{"@type":"Article","@id":"https:\/\/hierostrasbourg.com\/index.php\/2022\/07\/04\/artenreel-recrute-un-charge-de-de-communication-en-alternance-f-h\/#article","isPartOf":{"@id":"https:\/\/hierostrasbourg.com\/index.php\/2022\/07\/04\/artenreel-recrute-un-charge-de-de-communication-en-alternance-f-h\/"},"author":{"name":"","@id":""},"headline":"ARTENR\u00c9EL recrute un charg\u00e9 de de communication en alternance [F\/H]","datePublished":"2022-07-04T21:34:14+00:00","mainEntityOfPage":{"@id":"https:\/\/hierostrasbourg.com\/index.php\/2022\/07\/04\/artenreel-recrute-un-charge-de-de-communication-en-alternance-f-h\/"},"wordCount":656,"publisher":{"@id":"https:\/\/hierostrasbourg.com\/#organization"},"inLanguage":"fr-FR"},{"@type":"WebPage","@id":"https:\/\/hierostrasbourg.com\/index.php\/2022\/07\/04\/artenreel-recrute-un-charge-de-de-communication-en-alternance-f-h\/","url":"https:\/\/hierostrasbourg.com\/index.php\/2022\/07\/04\/artenreel-recrute-un-charge-de-de-communication-en-alternance-f-h\/","name":"ARTENR\u00c9EL recrute un charg\u00e9 de de communication en alternance [F\/H] - HIERO STRASBOURG","isPartOf":{"@id":"https:\/\/hierostrasbourg.com\/#website"},"datePublished":"2022-07-04T21:34:14+00:00","breadcrumb":{"@id":"https:\/\/hierostrasbourg.com\/index.php\/2022\/07\/04\/artenreel-recrute-un-charge-de-de-communication-en-alternance-f-h\/#breadcrumb"},"inLanguage":"fr-FR","potentialAction":[{"@type":"ReadAction","target":["https:\/\/hierostrasbourg.com\/index.php\/2022\/07\/04\/artenreel-recrute-un-charge-de-de-communication-en-alternance-f-h\/"]}]},{"@type":"BreadcrumbList","@id":"https:\/\/hierostrasbourg.com\/index.php\/2022\/07\/04\/artenreel-recrute-un-charge-de-de-communication-en-alternance-f-h\/#breadcrumb","itemListElement":[{"@type":"ListItem","position":1,"name":"Accueil","item":"https:\/\/hierostrasbourg.com\/"},{"@type":"ListItem","position":2,"name":"ARTENR\u00c9EL recrute un charg\u00e9 de de communication en alternance [F\/H]"}]},{"@type":"WebSite","@id":"https:\/\/hierostrasbourg.com\/#website","url":"https:\/\/hierostrasbourg.com\/","name":"HIERO STRASBOURG","description":"Centre de Ressources Musiques Actuelles","publisher":{"@id":"https:\/\/hierostrasbourg.com\/#organization"},"potentialAction":[{"@type":"SearchAction","target":{"@type":"EntryPoint","urlTemplate":"https:\/\/hierostrasbourg.com\/?s={search_term_string}"},"query-input":{"@type":"PropertyValueSpecification","valueRequired":true,"valueName":"search_term_string"}}],"inLanguage":"fr-FR"},{"@type":"Organization","@id":"https:\/\/hierostrasbourg.com\/#organization","name":"F\u00e9d\u00e9ration Hi\u00e9ro Strasbourg","url":"https:\/\/hierostrasbourg.com\/","logo":{"@type":"ImageObject","inLanguage":"fr-FR","@id":"https:\/\/hierostrasbourg.com\/#\/schema\/logo\/image\/","url":"https:\/\/hierostrasbourg.com\/wp-content\/uploads\/2026\/04\/logo-hiero-strasbourg.jpg","contentUrl":"https:\/\/hierostrasbourg.com\/wp-content\/uploads\/2026\/04\/logo-hiero-strasbourg.jpg","width":204,"height":192,"caption":"F\u00e9d\u00e9ration Hi\u00e9ro Strasbourg"},"image":{"@id":"https:\/\/hierostrasbourg.com\/#\/schema\/logo\/image\/"},"sameAs":["https:\/\/www.facebook.com\/fedehierostrasbourg","https:\/\/x.com\/hierostrasbourg"]}]}},"_links":{"self":[{"href":"https:\/\/hierostrasbourg.com\/index.php\/wp-json\/wp\/v2\/posts\/3149","targetHints":{"allow":["GET"]}}],"collection":[{"href":"https:\/\/hierostrasbourg.com\/index.php\/wp-json\/wp\/v2\/posts"}],"about":[{"href":"https:\/\/hierostrasbourg.com\/index.php\/wp-json\/wp\/v2\/types\/post"}],"replies":[{"embeddable":true,"href":"https:\/\/hierostrasbourg.com\/index.php\/wp-json\/wp\/v2\/comments?post=3149"}],"version-history":[{"count":0,"href":"https:\/\/hierostrasbourg.com\/index.php\/wp-json\/wp\/v2\/posts\/3149\/revisions"}],"wp:attachment":[{"href":"https:\/\/hierostrasbourg.com\/index.php\/wp-json\/wp\/v2\/media?parent=3149"}],"wp:term":[{"taxonomy":"category","embeddable":true,"href":"https:\/\/hierostrasbourg.com\/index.php\/wp-json\/wp\/v2\/categories?post=3149"},{"taxonomy":"post_tag","embeddable":true,"href":"https:\/\/hierostrasbourg.com\/index.php\/wp-json\/wp\/v2\/tags?post=3149"}],"curies":[{"name":"wp","href":"https:\/\/api.w.org\/{rel}","templated":true}]}}