{"id":3144,"date":"2022-07-03T22:33:06","date_gmt":"2022-07-03T20:33:06","guid":{"rendered":"https:\/\/hierostrasbourg.com\/index.php\/2022\/07\/03\/feminisme-washing-ecologie-de-facade-et-neonazis-acceptes-bienvenue-au-hellfest\/"},"modified":"2022-07-03T22:33:06","modified_gmt":"2022-07-03T20:33:06","slug":"feminisme-washing-ecologie-de-facade-et-neonazis-acceptes-bienvenue-au-hellfest","status":"publish","type":"post","link":"https:\/\/hierostrasbourg.com\/index.php\/2022\/07\/03\/feminisme-washing-ecologie-de-facade-et-neonazis-acceptes-bienvenue-au-hellfest\/","title":{"rendered":"F\u00e9minisme-washing, \u00e9cologie de fa\u00e7ade et n\u00e9onazis accept\u00e9s: bienvenue au Hellfest"},"content":{"rendered":"<p><em>L\u2019\u00e9dition 2022, qui a mobilis\u00e9 plus de 400.000 personnes, a \u00e9t\u00e9 le th\u00e9\u00e2tre d\u2019un d\u00e9calage criant entre la communication du festival et la r\u00e9alit\u00e9.<\/em><br \/><em>Le Hellfest est un \u00e9v\u00e9nement. Et apr\u00e8s un \u00e9v\u00e9nement jug\u00e9 r\u00e9ussi, qui aura rassembl\u00e9 pr\u00e8s de 400.000 personnes, on sabre le champagne. Dimanche 26 juin, neuf jours apr\u00e8s le lancement de cette messe des musiques extr\u00eames, son directeur embl\u00e9matique Ben Barbaud donnait une conf\u00e9rence de presse, exercice classique de fin de festival.<\/em><\/p>\n<p>Source \/ Lire la suite : <a href=\"http:\/\/www.slate.fr\/story\/229970\/hellfest-feminisme-ecologie-facade-neonazis-culture-viol-engagement-militant-politique-festival\">F\u00e9minisme-washing, \u00e9cologie de fa\u00e7ade et n\u00e9onazis accept\u00e9s: bienvenue au Hellfest<\/a><\/p>\n<p>L\u2019article <a href=\"https:\/\/popburo.fr\/feminisme-washing-ecologie-de-facade-et-neonazis-acceptes-bienvenue-au-hellfest\/\">F\u00e9minisme-washing, \u00e9cologie de fa\u00e7ade et n\u00e9onazis accept\u00e9s: bienvenue au Hellfest<\/a> est apparu en premier sur <a href=\"https:\/\/popburo.fr\/\">POP B\u00dcRO<\/a>.<\/p>\n","protected":false},"excerpt":{"rendered":"<p>L\u2019\u00e9dition 2022, qui a mobilis\u00e9 plus de 400.000 personnes, a \u00e9t\u00e9 le th\u00e9\u00e2tre d\u2019un d\u00e9calage criant entre la communication du festival et la r\u00e9alit\u00e9.Le Hellfest est un \u00e9v\u00e9nement. Et apr\u00e8s un \u00e9v\u00e9nement jug\u00e9 r\u00e9ussi, qui aura rassembl\u00e9 pr\u00e8s de 400.000 personnes, on sabre le champagne. Dimanche 26 juin, neuf jours apr\u00e8s le lancement de cette messe des musiques extr\u00eames, son directeur embl\u00e9matique Ben Barbaud donnait une conf\u00e9rence de presse, exercice classique de fin de festival. Source \/ Lire la suite [&hellip;]<\/p>\n","protected":false},"author":0,"featured_media":0,"comment_status":"closed","ping_status":"open","sticky":false,"template":"","format":"standard","meta":{"footnotes":""},"categories":[1],"tags":[],"class_list":["post-3144","post","type-post","status-publish","format-standard","hentry","category-non-classe"],"yoast_head":"<!-- This site is optimized with the Yoast SEO plugin v27.5 - https:\/\/yoast.com\/product\/yoast-seo-wordpress\/ -->\n<title>F\u00e9minisme-washing, \u00e9cologie de fa\u00e7ade et n\u00e9onazis accept\u00e9s: bienvenue au Hellfest - HIERO STRASBOURG<\/title>\n<meta name=\"robots\" content=\"index, follow, max-snippet:-1, max-image-preview:large, max-video-preview:-1\" \/>\n<link rel=\"canonical\" href=\"https:\/\/hierostrasbourg.com\/index.php\/2022\/07\/03\/feminisme-washing-ecologie-de-facade-et-neonazis-acceptes-bienvenue-au-hellfest\/\" \/>\n<meta property=\"og:locale\" content=\"fr_FR\" \/>\n<meta property=\"og:type\" content=\"article\" \/>\n<meta property=\"og:title\" content=\"F\u00e9minisme-washing, \u00e9cologie de fa\u00e7ade et n\u00e9onazis accept\u00e9s: bienvenue au Hellfest - HIERO STRASBOURG\" \/>\n<meta property=\"og:description\" content=\"L\u2019\u00e9dition 2022, qui a mobilis\u00e9 plus de 400.000 personnes, a \u00e9t\u00e9 le th\u00e9\u00e2tre d\u2019un d\u00e9calage criant entre la communication du festival et la r\u00e9alit\u00e9.Le Hellfest est un \u00e9v\u00e9nement. Et apr\u00e8s un \u00e9v\u00e9nement jug\u00e9 r\u00e9ussi, qui aura rassembl\u00e9 pr\u00e8s de 400.000 personnes, on sabre le champagne. Dimanche 26 juin, neuf jours apr\u00e8s le lancement de cette messe des musiques extr\u00eames, son directeur embl\u00e9matique Ben Barbaud donnait une conf\u00e9rence de presse, exercice classique de fin de festival. Source \/ Lire la suite [&hellip;]\" \/>\n<meta property=\"og:url\" content=\"https:\/\/hierostrasbourg.com\/index.php\/2022\/07\/03\/feminisme-washing-ecologie-de-facade-et-neonazis-acceptes-bienvenue-au-hellfest\/\" \/>\n<meta property=\"og:site_name\" content=\"HIERO STRASBOURG\" \/>\n<meta property=\"article:publisher\" content=\"https:\/\/www.facebook.com\/fedehierostrasbourg\" \/>\n<meta property=\"article:published_time\" content=\"2022-07-03T20:33:06+00:00\" \/>\n<meta name=\"twitter:card\" content=\"summary_large_image\" \/>\n<meta name=\"twitter:creator\" content=\"@hierostrasbourg\" \/>\n<meta name=\"twitter:site\" content=\"@hierostrasbourg\" \/>\n<meta name=\"twitter:label1\" content=\"Dur\u00e9e de lecture estim\u00e9e\" \/>\n\t<meta name=\"twitter:data1\" content=\"1 minute\" \/>\n<script type=\"application\/ld+json\" class=\"yoast-schema-graph\">{\"@context\":\"https:\\\/\\\/schema.org\",\"@graph\":[{\"@type\":\"Article\",\"@id\":\"https:\\\/\\\/hierostrasbourg.com\\\/index.php\\\/2022\\\/07\\\/03\\\/feminisme-washing-ecologie-de-facade-et-neonazis-acceptes-bienvenue-au-hellfest\\\/#article\",\"isPartOf\":{\"@id\":\"https:\\\/\\\/hierostrasbourg.com\\\/index.php\\\/2022\\\/07\\\/03\\\/feminisme-washing-ecologie-de-facade-et-neonazis-acceptes-bienvenue-au-hellfest\\\/\"},\"author\":{\"name\":\"\",\"@id\":\"\"},\"headline\":\"F\u00e9minisme-washing, \u00e9cologie de fa\u00e7ade et n\u00e9onazis accept\u00e9s: bienvenue au Hellfest\",\"datePublished\":\"2022-07-03T20:33:06+00:00\",\"mainEntityOfPage\":{\"@id\":\"https:\\\/\\\/hierostrasbourg.com\\\/index.php\\\/2022\\\/07\\\/03\\\/feminisme-washing-ecologie-de-facade-et-neonazis-acceptes-bienvenue-au-hellfest\\\/\"},\"wordCount\":142,\"publisher\":{\"@id\":\"https:\\\/\\\/hierostrasbourg.com\\\/#organization\"},\"inLanguage\":\"fr-FR\"},{\"@type\":\"WebPage\",\"@id\":\"https:\\\/\\\/hierostrasbourg.com\\\/index.php\\\/2022\\\/07\\\/03\\\/feminisme-washing-ecologie-de-facade-et-neonazis-acceptes-bienvenue-au-hellfest\\\/\",\"url\":\"https:\\\/\\\/hierostrasbourg.com\\\/index.php\\\/2022\\\/07\\\/03\\\/feminisme-washing-ecologie-de-facade-et-neonazis-acceptes-bienvenue-au-hellfest\\\/\",\"name\":\"F\u00e9minisme-washing, \u00e9cologie de fa\u00e7ade et n\u00e9onazis accept\u00e9s: bienvenue au Hellfest - HIERO STRASBOURG\",\"isPartOf\":{\"@id\":\"https:\\\/\\\/hierostrasbourg.com\\\/#website\"},\"datePublished\":\"2022-07-03T20:33:06+00:00\",\"breadcrumb\":{\"@id\":\"https:\\\/\\\/hierostrasbourg.com\\\/index.php\\\/2022\\\/07\\\/03\\\/feminisme-washing-ecologie-de-facade-et-neonazis-acceptes-bienvenue-au-hellfest\\\/#breadcrumb\"},\"inLanguage\":\"fr-FR\",\"potentialAction\":[{\"@type\":\"ReadAction\",\"target\":[\"https:\\\/\\\/hierostrasbourg.com\\\/index.php\\\/2022\\\/07\\\/03\\\/feminisme-washing-ecologie-de-facade-et-neonazis-acceptes-bienvenue-au-hellfest\\\/\"]}]},{\"@type\":\"BreadcrumbList\",\"@id\":\"https:\\\/\\\/hierostrasbourg.com\\\/index.php\\\/2022\\\/07\\\/03\\\/feminisme-washing-ecologie-de-facade-et-neonazis-acceptes-bienvenue-au-hellfest\\\/#breadcrumb\",\"itemListElement\":[{\"@type\":\"ListItem\",\"position\":1,\"name\":\"Accueil\",\"item\":\"https:\\\/\\\/hierostrasbourg.com\\\/\"},{\"@type\":\"ListItem\",\"position\":2,\"name\":\"F\u00e9minisme-washing, \u00e9cologie de fa\u00e7ade et n\u00e9onazis accept\u00e9s: bienvenue au Hellfest\"}]},{\"@type\":\"WebSite\",\"@id\":\"https:\\\/\\\/hierostrasbourg.com\\\/#website\",\"url\":\"https:\\\/\\\/hierostrasbourg.com\\\/\",\"name\":\"HIERO STRASBOURG\",\"description\":\"Centre de Ressources Musiques Actuelles\",\"publisher\":{\"@id\":\"https:\\\/\\\/hierostrasbourg.com\\\/#organization\"},\"potentialAction\":[{\"@type\":\"SearchAction\",\"target\":{\"@type\":\"EntryPoint\",\"urlTemplate\":\"https:\\\/\\\/hierostrasbourg.com\\\/?s={search_term_string}\"},\"query-input\":{\"@type\":\"PropertyValueSpecification\",\"valueRequired\":true,\"valueName\":\"search_term_string\"}}],\"inLanguage\":\"fr-FR\"},{\"@type\":\"Organization\",\"@id\":\"https:\\\/\\\/hierostrasbourg.com\\\/#organization\",\"name\":\"F\u00e9d\u00e9ration Hi\u00e9ro Strasbourg\",\"url\":\"https:\\\/\\\/hierostrasbourg.com\\\/\",\"logo\":{\"@type\":\"ImageObject\",\"inLanguage\":\"fr-FR\",\"@id\":\"https:\\\/\\\/hierostrasbourg.com\\\/#\\\/schema\\\/logo\\\/image\\\/\",\"url\":\"https:\\\/\\\/hierostrasbourg.com\\\/wp-content\\\/uploads\\\/2026\\\/04\\\/logo-hiero-strasbourg.jpg\",\"contentUrl\":\"https:\\\/\\\/hierostrasbourg.com\\\/wp-content\\\/uploads\\\/2026\\\/04\\\/logo-hiero-strasbourg.jpg\",\"width\":204,\"height\":192,\"caption\":\"F\u00e9d\u00e9ration Hi\u00e9ro Strasbourg\"},\"image\":{\"@id\":\"https:\\\/\\\/hierostrasbourg.com\\\/#\\\/schema\\\/logo\\\/image\\\/\"},\"sameAs\":[\"https:\\\/\\\/www.facebook.com\\\/fedehierostrasbourg\",\"https:\\\/\\\/x.com\\\/hierostrasbourg\"]}]}<\/script>\n<!-- \/ Yoast SEO plugin. -->","yoast_head_json":{"title":"F\u00e9minisme-washing, \u00e9cologie de fa\u00e7ade et n\u00e9onazis accept\u00e9s: bienvenue au Hellfest - HIERO STRASBOURG","robots":{"index":"index","follow":"follow","max-snippet":"max-snippet:-1","max-image-preview":"max-image-preview:large","max-video-preview":"max-video-preview:-1"},"canonical":"https:\/\/hierostrasbourg.com\/index.php\/2022\/07\/03\/feminisme-washing-ecologie-de-facade-et-neonazis-acceptes-bienvenue-au-hellfest\/","og_locale":"fr_FR","og_type":"article","og_title":"F\u00e9minisme-washing, \u00e9cologie de fa\u00e7ade et n\u00e9onazis accept\u00e9s: bienvenue au Hellfest - HIERO STRASBOURG","og_description":"L\u2019\u00e9dition 2022, qui a mobilis\u00e9 plus de 400.000 personnes, a \u00e9t\u00e9 le th\u00e9\u00e2tre d\u2019un d\u00e9calage criant entre la communication du festival et la r\u00e9alit\u00e9.Le Hellfest est un \u00e9v\u00e9nement. Et apr\u00e8s un \u00e9v\u00e9nement jug\u00e9 r\u00e9ussi, qui aura rassembl\u00e9 pr\u00e8s de 400.000 personnes, on sabre le champagne. Dimanche 26 juin, neuf jours apr\u00e8s le lancement de cette messe des musiques extr\u00eames, son directeur embl\u00e9matique Ben Barbaud donnait une conf\u00e9rence de presse, exercice classique de fin de festival. Source \/ Lire la suite [&hellip;]","og_url":"https:\/\/hierostrasbourg.com\/index.php\/2022\/07\/03\/feminisme-washing-ecologie-de-facade-et-neonazis-acceptes-bienvenue-au-hellfest\/","og_site_name":"HIERO STRASBOURG","article_publisher":"https:\/\/www.facebook.com\/fedehierostrasbourg","article_published_time":"2022-07-03T20:33:06+00:00","twitter_card":"summary_large_image","twitter_creator":"@hierostrasbourg","twitter_site":"@hierostrasbourg","twitter_misc":{"Dur\u00e9e de lecture estim\u00e9e":"1 minute"},"schema":{"@context":"https:\/\/schema.org","@graph":[{"@type":"Article","@id":"https:\/\/hierostrasbourg.com\/index.php\/2022\/07\/03\/feminisme-washing-ecologie-de-facade-et-neonazis-acceptes-bienvenue-au-hellfest\/#article","isPartOf":{"@id":"https:\/\/hierostrasbourg.com\/index.php\/2022\/07\/03\/feminisme-washing-ecologie-de-facade-et-neonazis-acceptes-bienvenue-au-hellfest\/"},"author":{"name":"","@id":""},"headline":"F\u00e9minisme-washing, \u00e9cologie de fa\u00e7ade et n\u00e9onazis accept\u00e9s: bienvenue au Hellfest","datePublished":"2022-07-03T20:33:06+00:00","mainEntityOfPage":{"@id":"https:\/\/hierostrasbourg.com\/index.php\/2022\/07\/03\/feminisme-washing-ecologie-de-facade-et-neonazis-acceptes-bienvenue-au-hellfest\/"},"wordCount":142,"publisher":{"@id":"https:\/\/hierostrasbourg.com\/#organization"},"inLanguage":"fr-FR"},{"@type":"WebPage","@id":"https:\/\/hierostrasbourg.com\/index.php\/2022\/07\/03\/feminisme-washing-ecologie-de-facade-et-neonazis-acceptes-bienvenue-au-hellfest\/","url":"https:\/\/hierostrasbourg.com\/index.php\/2022\/07\/03\/feminisme-washing-ecologie-de-facade-et-neonazis-acceptes-bienvenue-au-hellfest\/","name":"F\u00e9minisme-washing, \u00e9cologie de fa\u00e7ade et n\u00e9onazis accept\u00e9s: bienvenue au Hellfest - HIERO STRASBOURG","isPartOf":{"@id":"https:\/\/hierostrasbourg.com\/#website"},"datePublished":"2022-07-03T20:33:06+00:00","breadcrumb":{"@id":"https:\/\/hierostrasbourg.com\/index.php\/2022\/07\/03\/feminisme-washing-ecologie-de-facade-et-neonazis-acceptes-bienvenue-au-hellfest\/#breadcrumb"},"inLanguage":"fr-FR","potentialAction":[{"@type":"ReadAction","target":["https:\/\/hierostrasbourg.com\/index.php\/2022\/07\/03\/feminisme-washing-ecologie-de-facade-et-neonazis-acceptes-bienvenue-au-hellfest\/"]}]},{"@type":"BreadcrumbList","@id":"https:\/\/hierostrasbourg.com\/index.php\/2022\/07\/03\/feminisme-washing-ecologie-de-facade-et-neonazis-acceptes-bienvenue-au-hellfest\/#breadcrumb","itemListElement":[{"@type":"ListItem","position":1,"name":"Accueil","item":"https:\/\/hierostrasbourg.com\/"},{"@type":"ListItem","position":2,"name":"F\u00e9minisme-washing, \u00e9cologie de fa\u00e7ade et n\u00e9onazis accept\u00e9s: bienvenue au Hellfest"}]},{"@type":"WebSite","@id":"https:\/\/hierostrasbourg.com\/#website","url":"https:\/\/hierostrasbourg.com\/","name":"HIERO STRASBOURG","description":"Centre de Ressources Musiques Actuelles","publisher":{"@id":"https:\/\/hierostrasbourg.com\/#organization"},"potentialAction":[{"@type":"SearchAction","target":{"@type":"EntryPoint","urlTemplate":"https:\/\/hierostrasbourg.com\/?s={search_term_string}"},"query-input":{"@type":"PropertyValueSpecification","valueRequired":true,"valueName":"search_term_string"}}],"inLanguage":"fr-FR"},{"@type":"Organization","@id":"https:\/\/hierostrasbourg.com\/#organization","name":"F\u00e9d\u00e9ration Hi\u00e9ro Strasbourg","url":"https:\/\/hierostrasbourg.com\/","logo":{"@type":"ImageObject","inLanguage":"fr-FR","@id":"https:\/\/hierostrasbourg.com\/#\/schema\/logo\/image\/","url":"https:\/\/hierostrasbourg.com\/wp-content\/uploads\/2026\/04\/logo-hiero-strasbourg.jpg","contentUrl":"https:\/\/hierostrasbourg.com\/wp-content\/uploads\/2026\/04\/logo-hiero-strasbourg.jpg","width":204,"height":192,"caption":"F\u00e9d\u00e9ration Hi\u00e9ro Strasbourg"},"image":{"@id":"https:\/\/hierostrasbourg.com\/#\/schema\/logo\/image\/"},"sameAs":["https:\/\/www.facebook.com\/fedehierostrasbourg","https:\/\/x.com\/hierostrasbourg"]}]}},"_links":{"self":[{"href":"https:\/\/hierostrasbourg.com\/index.php\/wp-json\/wp\/v2\/posts\/3144","targetHints":{"allow":["GET"]}}],"collection":[{"href":"https:\/\/hierostrasbourg.com\/index.php\/wp-json\/wp\/v2\/posts"}],"about":[{"href":"https:\/\/hierostrasbourg.com\/index.php\/wp-json\/wp\/v2\/types\/post"}],"replies":[{"embeddable":true,"href":"https:\/\/hierostrasbourg.com\/index.php\/wp-json\/wp\/v2\/comments?post=3144"}],"version-history":[{"count":0,"href":"https:\/\/hierostrasbourg.com\/index.php\/wp-json\/wp\/v2\/posts\/3144\/revisions"}],"wp:attachment":[{"href":"https:\/\/hierostrasbourg.com\/index.php\/wp-json\/wp\/v2\/media?parent=3144"}],"wp:term":[{"taxonomy":"category","embeddable":true,"href":"https:\/\/hierostrasbourg.com\/index.php\/wp-json\/wp\/v2\/categories?post=3144"},{"taxonomy":"post_tag","embeddable":true,"href":"https:\/\/hierostrasbourg.com\/index.php\/wp-json\/wp\/v2\/tags?post=3144"}],"curies":[{"name":"wp","href":"https:\/\/api.w.org\/{rel}","templated":true}]}}