{"id":3138,"date":"2022-07-03T16:33:28","date_gmt":"2022-07-03T14:33:28","guid":{"rendered":"https:\/\/hierostrasbourg.com\/index.php\/2022\/07\/03\/time-never-stops-caroline-la-douce-rock-strasbourg\/"},"modified":"2022-07-03T16:33:28","modified_gmt":"2022-07-03T14:33:28","slug":"time-never-stops-caroline-la-douce-rock-strasbourg","status":"publish","type":"post","link":"https:\/\/hierostrasbourg.com\/index.php\/2022\/07\/03\/time-never-stops-caroline-la-douce-rock-strasbourg\/","title":{"rendered":"\u201cTime Never Stops\u201d, CAROLINE LA DOUCE [rock \/ Strasbourg]"},"content":{"rendered":"<p><span>autoportrait<\/span><br \/><em>Caroline La douce est une chanteuse pop auteur-compositeur. Elle voyage d\u2019une voix puissante dans un univers d\u2019espoir et de m\u00e9lancolie color\u00e9 par des paroles sur la foi, dieu, l\u2019amour, le diable et la d\u00e9tresse humaine.<\/em><\/p>\n<p><a href=\"https:\/\/www.facebook.com\/caroline.imbs\" target=\"_blank\" rel=\"noopener\">facebook<\/a><br \/><a href=\"https:\/\/www.instagram.com\/carolineladouceofficiel\/\" target=\"_blank\" rel=\"noopener\">instagram<\/a><br \/><a href=\"https:\/\/soundcloud.com\/carolineladouce\" target=\"_blank\" rel=\"noopener\">soundcloud<\/a><\/p>\n<p><span class=\"mce_SELRES_start\">\ufeff<\/span><\/p>\n<p>L\u2019article <a href=\"https:\/\/musiquesactuelles.net\/time-never-stops-caroline-la-douce-rock-strasbourg\/\">\u201cTime Never Stops\u201d, CAROLINE LA DOUCE [rock \/ Strasbourg]<\/a> est apparu en premier sur <a href=\"https:\/\/musiquesactuelles.net\/\">PLATE-FORME MUSIQUES ACTUELLES GRAND EST ALSACE CHAMPAGNE ARDENNE LORRAINE<\/a>.<\/p>\n<p>L\u2019article <a href=\"https:\/\/popburo.fr\/time-never-stops-caroline-la-douce-rock-strasbourg-2\/\">\u201cTime Never Stops\u201d, CAROLINE LA DOUCE [rock \/ Strasbourg]<\/a> est apparu en premier sur <a href=\"https:\/\/popburo.fr\/\">POP B\u00dcRO<\/a>.<\/p>\n","protected":false},"excerpt":{"rendered":"<p>autoportraitCaroline La douce est une chanteuse pop auteur-compositeur. Elle voyage d\u2019une voix puissante dans un univers d\u2019espoir et de m\u00e9lancolie color\u00e9 par des paroles sur la foi, dieu, l\u2019amour, le diable et la d\u00e9tresse humaine. facebookinstagramsoundcloud \ufeff L\u2019article \u201cTime Never Stops\u201d, CAROLINE LA DOUCE [rock \/ Strasbourg] est apparu en premier sur PLATE-FORME MUSIQUES ACTUELLES GRAND EST ALSACE CHAMPAGNE ARDENNE LORRAINE. L\u2019article \u201cTime Never Stops\u201d, CAROLINE LA DOUCE [rock \/ Strasbourg] est apparu en premier sur POP B\u00dcRO.<\/p>\n","protected":false},"author":0,"featured_media":0,"comment_status":"closed","ping_status":"open","sticky":false,"template":"","format":"standard","meta":{"footnotes":""},"categories":[1],"tags":[],"class_list":["post-3138","post","type-post","status-publish","format-standard","hentry","category-non-classe"],"yoast_head":"<!-- This site is optimized with the Yoast SEO plugin v27.5 - https:\/\/yoast.com\/product\/yoast-seo-wordpress\/ -->\n<title>\u201cTime Never Stops\u201d, CAROLINE LA DOUCE [rock \/ Strasbourg] - HIERO STRASBOURG<\/title>\n<meta name=\"robots\" content=\"index, follow, max-snippet:-1, max-image-preview:large, max-video-preview:-1\" \/>\n<link rel=\"canonical\" href=\"https:\/\/hierostrasbourg.com\/index.php\/2022\/07\/03\/time-never-stops-caroline-la-douce-rock-strasbourg\/\" \/>\n<meta property=\"og:locale\" content=\"fr_FR\" \/>\n<meta property=\"og:type\" content=\"article\" \/>\n<meta property=\"og:title\" content=\"\u201cTime Never Stops\u201d, CAROLINE LA DOUCE [rock \/ Strasbourg] - HIERO STRASBOURG\" \/>\n<meta property=\"og:description\" content=\"autoportraitCaroline La douce est une chanteuse pop auteur-compositeur. Elle voyage d\u2019une voix puissante dans un univers d\u2019espoir et de m\u00e9lancolie color\u00e9 par des paroles sur la foi, dieu, l\u2019amour, le diable et la d\u00e9tresse humaine. facebookinstagramsoundcloud \ufeff L\u2019article \u201cTime Never Stops\u201d, CAROLINE LA DOUCE [rock \/ Strasbourg] est apparu en premier sur PLATE-FORME MUSIQUES ACTUELLES GRAND EST ALSACE CHAMPAGNE ARDENNE LORRAINE. L\u2019article \u201cTime Never Stops\u201d, CAROLINE LA DOUCE [rock \/ Strasbourg] est apparu en premier sur POP B\u00dcRO.\" \/>\n<meta property=\"og:url\" content=\"https:\/\/hierostrasbourg.com\/index.php\/2022\/07\/03\/time-never-stops-caroline-la-douce-rock-strasbourg\/\" \/>\n<meta property=\"og:site_name\" content=\"HIERO STRASBOURG\" \/>\n<meta property=\"article:publisher\" content=\"https:\/\/www.facebook.com\/fedehierostrasbourg\" \/>\n<meta property=\"article:published_time\" content=\"2022-07-03T14:33:28+00:00\" \/>\n<meta name=\"twitter:card\" content=\"summary_large_image\" \/>\n<meta name=\"twitter:creator\" content=\"@hierostrasbourg\" \/>\n<meta name=\"twitter:site\" content=\"@hierostrasbourg\" \/>\n<script type=\"application\/ld+json\" class=\"yoast-schema-graph\">{\"@context\":\"https:\\\/\\\/schema.org\",\"@graph\":[{\"@type\":\"Article\",\"@id\":\"https:\\\/\\\/hierostrasbourg.com\\\/index.php\\\/2022\\\/07\\\/03\\\/time-never-stops-caroline-la-douce-rock-strasbourg\\\/#article\",\"isPartOf\":{\"@id\":\"https:\\\/\\\/hierostrasbourg.com\\\/index.php\\\/2022\\\/07\\\/03\\\/time-never-stops-caroline-la-douce-rock-strasbourg\\\/\"},\"author\":{\"name\":\"\",\"@id\":\"\"},\"headline\":\"\u201cTime Never Stops\u201d, CAROLINE LA DOUCE [rock \\\/ Strasbourg]\",\"datePublished\":\"2022-07-03T14:33:28+00:00\",\"mainEntityOfPage\":{\"@id\":\"https:\\\/\\\/hierostrasbourg.com\\\/index.php\\\/2022\\\/07\\\/03\\\/time-never-stops-caroline-la-douce-rock-strasbourg\\\/\"},\"wordCount\":94,\"publisher\":{\"@id\":\"https:\\\/\\\/hierostrasbourg.com\\\/#organization\"},\"inLanguage\":\"fr-FR\"},{\"@type\":\"WebPage\",\"@id\":\"https:\\\/\\\/hierostrasbourg.com\\\/index.php\\\/2022\\\/07\\\/03\\\/time-never-stops-caroline-la-douce-rock-strasbourg\\\/\",\"url\":\"https:\\\/\\\/hierostrasbourg.com\\\/index.php\\\/2022\\\/07\\\/03\\\/time-never-stops-caroline-la-douce-rock-strasbourg\\\/\",\"name\":\"\u201cTime Never Stops\u201d, CAROLINE LA DOUCE [rock \\\/ Strasbourg] - HIERO STRASBOURG\",\"isPartOf\":{\"@id\":\"https:\\\/\\\/hierostrasbourg.com\\\/#website\"},\"datePublished\":\"2022-07-03T14:33:28+00:00\",\"breadcrumb\":{\"@id\":\"https:\\\/\\\/hierostrasbourg.com\\\/index.php\\\/2022\\\/07\\\/03\\\/time-never-stops-caroline-la-douce-rock-strasbourg\\\/#breadcrumb\"},\"inLanguage\":\"fr-FR\",\"potentialAction\":[{\"@type\":\"ReadAction\",\"target\":[\"https:\\\/\\\/hierostrasbourg.com\\\/index.php\\\/2022\\\/07\\\/03\\\/time-never-stops-caroline-la-douce-rock-strasbourg\\\/\"]}]},{\"@type\":\"BreadcrumbList\",\"@id\":\"https:\\\/\\\/hierostrasbourg.com\\\/index.php\\\/2022\\\/07\\\/03\\\/time-never-stops-caroline-la-douce-rock-strasbourg\\\/#breadcrumb\",\"itemListElement\":[{\"@type\":\"ListItem\",\"position\":1,\"name\":\"Accueil\",\"item\":\"https:\\\/\\\/hierostrasbourg.com\\\/\"},{\"@type\":\"ListItem\",\"position\":2,\"name\":\"\u201cTime Never Stops\u201d, CAROLINE LA DOUCE [rock \\\/ Strasbourg]\"}]},{\"@type\":\"WebSite\",\"@id\":\"https:\\\/\\\/hierostrasbourg.com\\\/#website\",\"url\":\"https:\\\/\\\/hierostrasbourg.com\\\/\",\"name\":\"HIERO STRASBOURG\",\"description\":\"Centre de Ressources Musiques Actuelles\",\"publisher\":{\"@id\":\"https:\\\/\\\/hierostrasbourg.com\\\/#organization\"},\"potentialAction\":[{\"@type\":\"SearchAction\",\"target\":{\"@type\":\"EntryPoint\",\"urlTemplate\":\"https:\\\/\\\/hierostrasbourg.com\\\/?s={search_term_string}\"},\"query-input\":{\"@type\":\"PropertyValueSpecification\",\"valueRequired\":true,\"valueName\":\"search_term_string\"}}],\"inLanguage\":\"fr-FR\"},{\"@type\":\"Organization\",\"@id\":\"https:\\\/\\\/hierostrasbourg.com\\\/#organization\",\"name\":\"F\u00e9d\u00e9ration Hi\u00e9ro Strasbourg\",\"url\":\"https:\\\/\\\/hierostrasbourg.com\\\/\",\"logo\":{\"@type\":\"ImageObject\",\"inLanguage\":\"fr-FR\",\"@id\":\"https:\\\/\\\/hierostrasbourg.com\\\/#\\\/schema\\\/logo\\\/image\\\/\",\"url\":\"https:\\\/\\\/hierostrasbourg.com\\\/wp-content\\\/uploads\\\/2026\\\/04\\\/logo-hiero-strasbourg.jpg\",\"contentUrl\":\"https:\\\/\\\/hierostrasbourg.com\\\/wp-content\\\/uploads\\\/2026\\\/04\\\/logo-hiero-strasbourg.jpg\",\"width\":204,\"height\":192,\"caption\":\"F\u00e9d\u00e9ration Hi\u00e9ro Strasbourg\"},\"image\":{\"@id\":\"https:\\\/\\\/hierostrasbourg.com\\\/#\\\/schema\\\/logo\\\/image\\\/\"},\"sameAs\":[\"https:\\\/\\\/www.facebook.com\\\/fedehierostrasbourg\",\"https:\\\/\\\/x.com\\\/hierostrasbourg\"]}]}<\/script>\n<!-- \/ Yoast SEO plugin. -->","yoast_head_json":{"title":"\u201cTime Never Stops\u201d, CAROLINE LA DOUCE [rock \/ Strasbourg] - HIERO STRASBOURG","robots":{"index":"index","follow":"follow","max-snippet":"max-snippet:-1","max-image-preview":"max-image-preview:large","max-video-preview":"max-video-preview:-1"},"canonical":"https:\/\/hierostrasbourg.com\/index.php\/2022\/07\/03\/time-never-stops-caroline-la-douce-rock-strasbourg\/","og_locale":"fr_FR","og_type":"article","og_title":"\u201cTime Never Stops\u201d, CAROLINE LA DOUCE [rock \/ Strasbourg] - HIERO STRASBOURG","og_description":"autoportraitCaroline La douce est une chanteuse pop auteur-compositeur. Elle voyage d\u2019une voix puissante dans un univers d\u2019espoir et de m\u00e9lancolie color\u00e9 par des paroles sur la foi, dieu, l\u2019amour, le diable et la d\u00e9tresse humaine. facebookinstagramsoundcloud \ufeff L\u2019article \u201cTime Never Stops\u201d, CAROLINE LA DOUCE [rock \/ Strasbourg] est apparu en premier sur PLATE-FORME MUSIQUES ACTUELLES GRAND EST ALSACE CHAMPAGNE ARDENNE LORRAINE. L\u2019article \u201cTime Never Stops\u201d, CAROLINE LA DOUCE [rock \/ Strasbourg] est apparu en premier sur POP B\u00dcRO.","og_url":"https:\/\/hierostrasbourg.com\/index.php\/2022\/07\/03\/time-never-stops-caroline-la-douce-rock-strasbourg\/","og_site_name":"HIERO STRASBOURG","article_publisher":"https:\/\/www.facebook.com\/fedehierostrasbourg","article_published_time":"2022-07-03T14:33:28+00:00","twitter_card":"summary_large_image","twitter_creator":"@hierostrasbourg","twitter_site":"@hierostrasbourg","schema":{"@context":"https:\/\/schema.org","@graph":[{"@type":"Article","@id":"https:\/\/hierostrasbourg.com\/index.php\/2022\/07\/03\/time-never-stops-caroline-la-douce-rock-strasbourg\/#article","isPartOf":{"@id":"https:\/\/hierostrasbourg.com\/index.php\/2022\/07\/03\/time-never-stops-caroline-la-douce-rock-strasbourg\/"},"author":{"name":"","@id":""},"headline":"\u201cTime Never Stops\u201d, CAROLINE LA DOUCE [rock \/ Strasbourg]","datePublished":"2022-07-03T14:33:28+00:00","mainEntityOfPage":{"@id":"https:\/\/hierostrasbourg.com\/index.php\/2022\/07\/03\/time-never-stops-caroline-la-douce-rock-strasbourg\/"},"wordCount":94,"publisher":{"@id":"https:\/\/hierostrasbourg.com\/#organization"},"inLanguage":"fr-FR"},{"@type":"WebPage","@id":"https:\/\/hierostrasbourg.com\/index.php\/2022\/07\/03\/time-never-stops-caroline-la-douce-rock-strasbourg\/","url":"https:\/\/hierostrasbourg.com\/index.php\/2022\/07\/03\/time-never-stops-caroline-la-douce-rock-strasbourg\/","name":"\u201cTime Never Stops\u201d, CAROLINE LA DOUCE [rock \/ Strasbourg] - HIERO STRASBOURG","isPartOf":{"@id":"https:\/\/hierostrasbourg.com\/#website"},"datePublished":"2022-07-03T14:33:28+00:00","breadcrumb":{"@id":"https:\/\/hierostrasbourg.com\/index.php\/2022\/07\/03\/time-never-stops-caroline-la-douce-rock-strasbourg\/#breadcrumb"},"inLanguage":"fr-FR","potentialAction":[{"@type":"ReadAction","target":["https:\/\/hierostrasbourg.com\/index.php\/2022\/07\/03\/time-never-stops-caroline-la-douce-rock-strasbourg\/"]}]},{"@type":"BreadcrumbList","@id":"https:\/\/hierostrasbourg.com\/index.php\/2022\/07\/03\/time-never-stops-caroline-la-douce-rock-strasbourg\/#breadcrumb","itemListElement":[{"@type":"ListItem","position":1,"name":"Accueil","item":"https:\/\/hierostrasbourg.com\/"},{"@type":"ListItem","position":2,"name":"\u201cTime Never Stops\u201d, CAROLINE LA DOUCE [rock \/ Strasbourg]"}]},{"@type":"WebSite","@id":"https:\/\/hierostrasbourg.com\/#website","url":"https:\/\/hierostrasbourg.com\/","name":"HIERO STRASBOURG","description":"Centre de Ressources Musiques Actuelles","publisher":{"@id":"https:\/\/hierostrasbourg.com\/#organization"},"potentialAction":[{"@type":"SearchAction","target":{"@type":"EntryPoint","urlTemplate":"https:\/\/hierostrasbourg.com\/?s={search_term_string}"},"query-input":{"@type":"PropertyValueSpecification","valueRequired":true,"valueName":"search_term_string"}}],"inLanguage":"fr-FR"},{"@type":"Organization","@id":"https:\/\/hierostrasbourg.com\/#organization","name":"F\u00e9d\u00e9ration Hi\u00e9ro Strasbourg","url":"https:\/\/hierostrasbourg.com\/","logo":{"@type":"ImageObject","inLanguage":"fr-FR","@id":"https:\/\/hierostrasbourg.com\/#\/schema\/logo\/image\/","url":"https:\/\/hierostrasbourg.com\/wp-content\/uploads\/2026\/04\/logo-hiero-strasbourg.jpg","contentUrl":"https:\/\/hierostrasbourg.com\/wp-content\/uploads\/2026\/04\/logo-hiero-strasbourg.jpg","width":204,"height":192,"caption":"F\u00e9d\u00e9ration Hi\u00e9ro Strasbourg"},"image":{"@id":"https:\/\/hierostrasbourg.com\/#\/schema\/logo\/image\/"},"sameAs":["https:\/\/www.facebook.com\/fedehierostrasbourg","https:\/\/x.com\/hierostrasbourg"]}]}},"_links":{"self":[{"href":"https:\/\/hierostrasbourg.com\/index.php\/wp-json\/wp\/v2\/posts\/3138","targetHints":{"allow":["GET"]}}],"collection":[{"href":"https:\/\/hierostrasbourg.com\/index.php\/wp-json\/wp\/v2\/posts"}],"about":[{"href":"https:\/\/hierostrasbourg.com\/index.php\/wp-json\/wp\/v2\/types\/post"}],"replies":[{"embeddable":true,"href":"https:\/\/hierostrasbourg.com\/index.php\/wp-json\/wp\/v2\/comments?post=3138"}],"version-history":[{"count":0,"href":"https:\/\/hierostrasbourg.com\/index.php\/wp-json\/wp\/v2\/posts\/3138\/revisions"}],"wp:attachment":[{"href":"https:\/\/hierostrasbourg.com\/index.php\/wp-json\/wp\/v2\/media?parent=3138"}],"wp:term":[{"taxonomy":"category","embeddable":true,"href":"https:\/\/hierostrasbourg.com\/index.php\/wp-json\/wp\/v2\/categories?post=3138"},{"taxonomy":"post_tag","embeddable":true,"href":"https:\/\/hierostrasbourg.com\/index.php\/wp-json\/wp\/v2\/tags?post=3138"}],"curies":[{"name":"wp","href":"https:\/\/api.w.org\/{rel}","templated":true}]}}