{"id":3136,"date":"2022-07-03T16:33:28","date_gmt":"2022-07-03T14:33:28","guid":{"rendered":"https:\/\/hierostrasbourg.com\/index.php\/2022\/07\/03\/danse-nouvelle-video-de-pascal-vecca-chanson-strasbourg-3\/"},"modified":"2022-07-03T16:33:28","modified_gmt":"2022-07-03T14:33:28","slug":"danse-nouvelle-video-de-pascal-vecca-chanson-strasbourg-3","status":"publish","type":"post","link":"https:\/\/hierostrasbourg.com\/index.php\/2022\/07\/03\/danse-nouvelle-video-de-pascal-vecca-chanson-strasbourg-3\/","title":{"rendered":"\u201cDanse\u201d, nouvelle vid\u00e9o de PASCAL VECCA [chanson \/ Strasbourg]"},"content":{"rendered":"<p><span>autoportrait<\/span><br \/><em>Pascal VECCA est un crooner, auteur-compositeur-interpr\u00e8te fran\u00e7ais, d\u2019origines italienne, allemande et polonaise, qui partage son temps entre la France (Strasbourg et Paris) et l\u2019Allemagne.<\/em><br \/><em>En 2006, il franchit le pas et met au vestiaire son costume de responsable de communication d\u2019un grand groupe pour tenter l\u2019aventure de la musique, avec, comme bagage, un an de cours de chant et un Everest de passion d\u00e9vorante.<\/em><br \/><em>Artiste aux influences \u00e9clectiques (Daniel Balavoine, A-ha, Queen, Frank Sinatra, Depeche Mode, \u2026), il est un v\u00e9ritable touche-\u00e0-tout musical !<\/em><\/p>\n<p><a href=\"https:\/\/www.pascalvecca.com\/\">www.pascalvecca.com<\/a><\/p>\n<p><span class=\"mce_SELRES_start\">\ufeff<\/span><\/p>\n<p>L\u2019article <a href=\"https:\/\/popburo.fr\/danse-nouvelle-video-de-pascal-vecca-chanson-strasbourg\/\">\u201cDanse\u201d, nouvelle vid\u00e9o de PASCAL VECCA [chanson \/ Strasbourg]<\/a> est apparu en premier sur <a href=\"https:\/\/popburo.fr\/\">POP B\u00dcRO<\/a>.<\/p>\n","protected":false},"excerpt":{"rendered":"<p>autoportraitPascal VECCA est un crooner, auteur-compositeur-interpr\u00e8te fran\u00e7ais, d\u2019origines italienne, allemande et polonaise, qui partage son temps entre la France (Strasbourg et Paris) et l\u2019Allemagne.En 2006, il franchit le pas et met au vestiaire son costume de responsable de communication d\u2019un grand groupe pour tenter l\u2019aventure de la musique, avec, comme bagage, un an de cours de chant et un Everest de passion d\u00e9vorante.Artiste aux influences \u00e9clectiques (Daniel Balavoine, A-ha, Queen, Frank Sinatra, Depeche Mode, \u2026), il est un v\u00e9ritable touche-\u00e0-tout [&hellip;]<\/p>\n","protected":false},"author":0,"featured_media":0,"comment_status":"closed","ping_status":"open","sticky":false,"template":"","format":"standard","meta":{"footnotes":""},"categories":[1],"tags":[],"class_list":["post-3136","post","type-post","status-publish","format-standard","hentry","category-non-classe"],"yoast_head":"<!-- This site is optimized with the Yoast SEO plugin v27.5 - https:\/\/yoast.com\/product\/yoast-seo-wordpress\/ -->\n<title>\u201cDanse\u201d, nouvelle vid\u00e9o de PASCAL VECCA [chanson \/ Strasbourg] - HIERO STRASBOURG<\/title>\n<meta name=\"robots\" content=\"index, follow, max-snippet:-1, max-image-preview:large, max-video-preview:-1\" \/>\n<link rel=\"canonical\" href=\"https:\/\/hierostrasbourg.com\/index.php\/2022\/07\/03\/danse-nouvelle-video-de-pascal-vecca-chanson-strasbourg-3\/\" \/>\n<meta property=\"og:locale\" content=\"fr_FR\" \/>\n<meta property=\"og:type\" content=\"article\" \/>\n<meta property=\"og:title\" content=\"\u201cDanse\u201d, nouvelle vid\u00e9o de PASCAL VECCA [chanson \/ Strasbourg] - HIERO STRASBOURG\" \/>\n<meta property=\"og:description\" content=\"autoportraitPascal VECCA est un crooner, auteur-compositeur-interpr\u00e8te fran\u00e7ais, d\u2019origines italienne, allemande et polonaise, qui partage son temps entre la France (Strasbourg et Paris) et l\u2019Allemagne.En 2006, il franchit le pas et met au vestiaire son costume de responsable de communication d\u2019un grand groupe pour tenter l\u2019aventure de la musique, avec, comme bagage, un an de cours de chant et un Everest de passion d\u00e9vorante.Artiste aux influences \u00e9clectiques (Daniel Balavoine, A-ha, Queen, Frank Sinatra, Depeche Mode, \u2026), il est un v\u00e9ritable touche-\u00e0-tout [&hellip;]\" \/>\n<meta property=\"og:url\" content=\"https:\/\/hierostrasbourg.com\/index.php\/2022\/07\/03\/danse-nouvelle-video-de-pascal-vecca-chanson-strasbourg-3\/\" \/>\n<meta property=\"og:site_name\" content=\"HIERO STRASBOURG\" \/>\n<meta property=\"article:publisher\" content=\"https:\/\/www.facebook.com\/fedehierostrasbourg\" \/>\n<meta property=\"article:published_time\" content=\"2022-07-03T14:33:28+00:00\" \/>\n<meta name=\"twitter:card\" content=\"summary_large_image\" \/>\n<meta name=\"twitter:creator\" content=\"@hierostrasbourg\" \/>\n<meta name=\"twitter:site\" content=\"@hierostrasbourg\" \/>\n<meta name=\"twitter:label1\" content=\"Dur\u00e9e de lecture estim\u00e9e\" \/>\n\t<meta name=\"twitter:data1\" content=\"1 minute\" \/>\n<script type=\"application\/ld+json\" class=\"yoast-schema-graph\">{\"@context\":\"https:\\\/\\\/schema.org\",\"@graph\":[{\"@type\":\"Article\",\"@id\":\"https:\\\/\\\/hierostrasbourg.com\\\/index.php\\\/2022\\\/07\\\/03\\\/danse-nouvelle-video-de-pascal-vecca-chanson-strasbourg-3\\\/#article\",\"isPartOf\":{\"@id\":\"https:\\\/\\\/hierostrasbourg.com\\\/index.php\\\/2022\\\/07\\\/03\\\/danse-nouvelle-video-de-pascal-vecca-chanson-strasbourg-3\\\/\"},\"author\":{\"name\":\"\",\"@id\":\"\"},\"headline\":\"\u201cDanse\u201d, nouvelle vid\u00e9o de PASCAL VECCA [chanson \\\/ Strasbourg]\",\"datePublished\":\"2022-07-03T14:33:28+00:00\",\"mainEntityOfPage\":{\"@id\":\"https:\\\/\\\/hierostrasbourg.com\\\/index.php\\\/2022\\\/07\\\/03\\\/danse-nouvelle-video-de-pascal-vecca-chanson-strasbourg-3\\\/\"},\"wordCount\":122,\"publisher\":{\"@id\":\"https:\\\/\\\/hierostrasbourg.com\\\/#organization\"},\"inLanguage\":\"fr-FR\"},{\"@type\":\"WebPage\",\"@id\":\"https:\\\/\\\/hierostrasbourg.com\\\/index.php\\\/2022\\\/07\\\/03\\\/danse-nouvelle-video-de-pascal-vecca-chanson-strasbourg-3\\\/\",\"url\":\"https:\\\/\\\/hierostrasbourg.com\\\/index.php\\\/2022\\\/07\\\/03\\\/danse-nouvelle-video-de-pascal-vecca-chanson-strasbourg-3\\\/\",\"name\":\"\u201cDanse\u201d, nouvelle vid\u00e9o de PASCAL VECCA [chanson \\\/ Strasbourg] - HIERO STRASBOURG\",\"isPartOf\":{\"@id\":\"https:\\\/\\\/hierostrasbourg.com\\\/#website\"},\"datePublished\":\"2022-07-03T14:33:28+00:00\",\"breadcrumb\":{\"@id\":\"https:\\\/\\\/hierostrasbourg.com\\\/index.php\\\/2022\\\/07\\\/03\\\/danse-nouvelle-video-de-pascal-vecca-chanson-strasbourg-3\\\/#breadcrumb\"},\"inLanguage\":\"fr-FR\",\"potentialAction\":[{\"@type\":\"ReadAction\",\"target\":[\"https:\\\/\\\/hierostrasbourg.com\\\/index.php\\\/2022\\\/07\\\/03\\\/danse-nouvelle-video-de-pascal-vecca-chanson-strasbourg-3\\\/\"]}]},{\"@type\":\"BreadcrumbList\",\"@id\":\"https:\\\/\\\/hierostrasbourg.com\\\/index.php\\\/2022\\\/07\\\/03\\\/danse-nouvelle-video-de-pascal-vecca-chanson-strasbourg-3\\\/#breadcrumb\",\"itemListElement\":[{\"@type\":\"ListItem\",\"position\":1,\"name\":\"Accueil\",\"item\":\"https:\\\/\\\/hierostrasbourg.com\\\/\"},{\"@type\":\"ListItem\",\"position\":2,\"name\":\"\u201cDanse\u201d, nouvelle vid\u00e9o de PASCAL VECCA [chanson \\\/ Strasbourg]\"}]},{\"@type\":\"WebSite\",\"@id\":\"https:\\\/\\\/hierostrasbourg.com\\\/#website\",\"url\":\"https:\\\/\\\/hierostrasbourg.com\\\/\",\"name\":\"HIERO STRASBOURG\",\"description\":\"Centre de Ressources Musiques Actuelles\",\"publisher\":{\"@id\":\"https:\\\/\\\/hierostrasbourg.com\\\/#organization\"},\"potentialAction\":[{\"@type\":\"SearchAction\",\"target\":{\"@type\":\"EntryPoint\",\"urlTemplate\":\"https:\\\/\\\/hierostrasbourg.com\\\/?s={search_term_string}\"},\"query-input\":{\"@type\":\"PropertyValueSpecification\",\"valueRequired\":true,\"valueName\":\"search_term_string\"}}],\"inLanguage\":\"fr-FR\"},{\"@type\":\"Organization\",\"@id\":\"https:\\\/\\\/hierostrasbourg.com\\\/#organization\",\"name\":\"F\u00e9d\u00e9ration Hi\u00e9ro Strasbourg\",\"url\":\"https:\\\/\\\/hierostrasbourg.com\\\/\",\"logo\":{\"@type\":\"ImageObject\",\"inLanguage\":\"fr-FR\",\"@id\":\"https:\\\/\\\/hierostrasbourg.com\\\/#\\\/schema\\\/logo\\\/image\\\/\",\"url\":\"https:\\\/\\\/hierostrasbourg.com\\\/wp-content\\\/uploads\\\/2026\\\/04\\\/logo-hiero-strasbourg.jpg\",\"contentUrl\":\"https:\\\/\\\/hierostrasbourg.com\\\/wp-content\\\/uploads\\\/2026\\\/04\\\/logo-hiero-strasbourg.jpg\",\"width\":204,\"height\":192,\"caption\":\"F\u00e9d\u00e9ration Hi\u00e9ro Strasbourg\"},\"image\":{\"@id\":\"https:\\\/\\\/hierostrasbourg.com\\\/#\\\/schema\\\/logo\\\/image\\\/\"},\"sameAs\":[\"https:\\\/\\\/www.facebook.com\\\/fedehierostrasbourg\",\"https:\\\/\\\/x.com\\\/hierostrasbourg\"]}]}<\/script>\n<!-- \/ Yoast SEO plugin. -->","yoast_head_json":{"title":"\u201cDanse\u201d, nouvelle vid\u00e9o de PASCAL VECCA [chanson \/ Strasbourg] - HIERO STRASBOURG","robots":{"index":"index","follow":"follow","max-snippet":"max-snippet:-1","max-image-preview":"max-image-preview:large","max-video-preview":"max-video-preview:-1"},"canonical":"https:\/\/hierostrasbourg.com\/index.php\/2022\/07\/03\/danse-nouvelle-video-de-pascal-vecca-chanson-strasbourg-3\/","og_locale":"fr_FR","og_type":"article","og_title":"\u201cDanse\u201d, nouvelle vid\u00e9o de PASCAL VECCA [chanson \/ Strasbourg] - HIERO STRASBOURG","og_description":"autoportraitPascal VECCA est un crooner, auteur-compositeur-interpr\u00e8te fran\u00e7ais, d\u2019origines italienne, allemande et polonaise, qui partage son temps entre la France (Strasbourg et Paris) et l\u2019Allemagne.En 2006, il franchit le pas et met au vestiaire son costume de responsable de communication d\u2019un grand groupe pour tenter l\u2019aventure de la musique, avec, comme bagage, un an de cours de chant et un Everest de passion d\u00e9vorante.Artiste aux influences \u00e9clectiques (Daniel Balavoine, A-ha, Queen, Frank Sinatra, Depeche Mode, \u2026), il est un v\u00e9ritable touche-\u00e0-tout [&hellip;]","og_url":"https:\/\/hierostrasbourg.com\/index.php\/2022\/07\/03\/danse-nouvelle-video-de-pascal-vecca-chanson-strasbourg-3\/","og_site_name":"HIERO STRASBOURG","article_publisher":"https:\/\/www.facebook.com\/fedehierostrasbourg","article_published_time":"2022-07-03T14:33:28+00:00","twitter_card":"summary_large_image","twitter_creator":"@hierostrasbourg","twitter_site":"@hierostrasbourg","twitter_misc":{"Dur\u00e9e de lecture estim\u00e9e":"1 minute"},"schema":{"@context":"https:\/\/schema.org","@graph":[{"@type":"Article","@id":"https:\/\/hierostrasbourg.com\/index.php\/2022\/07\/03\/danse-nouvelle-video-de-pascal-vecca-chanson-strasbourg-3\/#article","isPartOf":{"@id":"https:\/\/hierostrasbourg.com\/index.php\/2022\/07\/03\/danse-nouvelle-video-de-pascal-vecca-chanson-strasbourg-3\/"},"author":{"name":"","@id":""},"headline":"\u201cDanse\u201d, nouvelle vid\u00e9o de PASCAL VECCA [chanson \/ Strasbourg]","datePublished":"2022-07-03T14:33:28+00:00","mainEntityOfPage":{"@id":"https:\/\/hierostrasbourg.com\/index.php\/2022\/07\/03\/danse-nouvelle-video-de-pascal-vecca-chanson-strasbourg-3\/"},"wordCount":122,"publisher":{"@id":"https:\/\/hierostrasbourg.com\/#organization"},"inLanguage":"fr-FR"},{"@type":"WebPage","@id":"https:\/\/hierostrasbourg.com\/index.php\/2022\/07\/03\/danse-nouvelle-video-de-pascal-vecca-chanson-strasbourg-3\/","url":"https:\/\/hierostrasbourg.com\/index.php\/2022\/07\/03\/danse-nouvelle-video-de-pascal-vecca-chanson-strasbourg-3\/","name":"\u201cDanse\u201d, nouvelle vid\u00e9o de PASCAL VECCA [chanson \/ Strasbourg] - HIERO STRASBOURG","isPartOf":{"@id":"https:\/\/hierostrasbourg.com\/#website"},"datePublished":"2022-07-03T14:33:28+00:00","breadcrumb":{"@id":"https:\/\/hierostrasbourg.com\/index.php\/2022\/07\/03\/danse-nouvelle-video-de-pascal-vecca-chanson-strasbourg-3\/#breadcrumb"},"inLanguage":"fr-FR","potentialAction":[{"@type":"ReadAction","target":["https:\/\/hierostrasbourg.com\/index.php\/2022\/07\/03\/danse-nouvelle-video-de-pascal-vecca-chanson-strasbourg-3\/"]}]},{"@type":"BreadcrumbList","@id":"https:\/\/hierostrasbourg.com\/index.php\/2022\/07\/03\/danse-nouvelle-video-de-pascal-vecca-chanson-strasbourg-3\/#breadcrumb","itemListElement":[{"@type":"ListItem","position":1,"name":"Accueil","item":"https:\/\/hierostrasbourg.com\/"},{"@type":"ListItem","position":2,"name":"\u201cDanse\u201d, nouvelle vid\u00e9o de PASCAL VECCA [chanson \/ Strasbourg]"}]},{"@type":"WebSite","@id":"https:\/\/hierostrasbourg.com\/#website","url":"https:\/\/hierostrasbourg.com\/","name":"HIERO STRASBOURG","description":"Centre de Ressources Musiques Actuelles","publisher":{"@id":"https:\/\/hierostrasbourg.com\/#organization"},"potentialAction":[{"@type":"SearchAction","target":{"@type":"EntryPoint","urlTemplate":"https:\/\/hierostrasbourg.com\/?s={search_term_string}"},"query-input":{"@type":"PropertyValueSpecification","valueRequired":true,"valueName":"search_term_string"}}],"inLanguage":"fr-FR"},{"@type":"Organization","@id":"https:\/\/hierostrasbourg.com\/#organization","name":"F\u00e9d\u00e9ration Hi\u00e9ro Strasbourg","url":"https:\/\/hierostrasbourg.com\/","logo":{"@type":"ImageObject","inLanguage":"fr-FR","@id":"https:\/\/hierostrasbourg.com\/#\/schema\/logo\/image\/","url":"https:\/\/hierostrasbourg.com\/wp-content\/uploads\/2026\/04\/logo-hiero-strasbourg.jpg","contentUrl":"https:\/\/hierostrasbourg.com\/wp-content\/uploads\/2026\/04\/logo-hiero-strasbourg.jpg","width":204,"height":192,"caption":"F\u00e9d\u00e9ration Hi\u00e9ro Strasbourg"},"image":{"@id":"https:\/\/hierostrasbourg.com\/#\/schema\/logo\/image\/"},"sameAs":["https:\/\/www.facebook.com\/fedehierostrasbourg","https:\/\/x.com\/hierostrasbourg"]}]}},"_links":{"self":[{"href":"https:\/\/hierostrasbourg.com\/index.php\/wp-json\/wp\/v2\/posts\/3136","targetHints":{"allow":["GET"]}}],"collection":[{"href":"https:\/\/hierostrasbourg.com\/index.php\/wp-json\/wp\/v2\/posts"}],"about":[{"href":"https:\/\/hierostrasbourg.com\/index.php\/wp-json\/wp\/v2\/types\/post"}],"replies":[{"embeddable":true,"href":"https:\/\/hierostrasbourg.com\/index.php\/wp-json\/wp\/v2\/comments?post=3136"}],"version-history":[{"count":0,"href":"https:\/\/hierostrasbourg.com\/index.php\/wp-json\/wp\/v2\/posts\/3136\/revisions"}],"wp:attachment":[{"href":"https:\/\/hierostrasbourg.com\/index.php\/wp-json\/wp\/v2\/media?parent=3136"}],"wp:term":[{"taxonomy":"category","embeddable":true,"href":"https:\/\/hierostrasbourg.com\/index.php\/wp-json\/wp\/v2\/categories?post=3136"},{"taxonomy":"post_tag","embeddable":true,"href":"https:\/\/hierostrasbourg.com\/index.php\/wp-json\/wp\/v2\/tags?post=3136"}],"curies":[{"name":"wp","href":"https:\/\/api.w.org\/{rel}","templated":true}]}}