{"id":3127,"date":"2022-07-02T21:33:26","date_gmt":"2022-07-02T19:33:26","guid":{"rendered":"https:\/\/hierostrasbourg.com\/index.php\/2022\/07\/02\/jean-paul-roland-directeur-des-eurockeennes-les-aleas-climatiques-revelent-la-fragilite-des-festivals\/"},"modified":"2022-07-02T21:33:26","modified_gmt":"2022-07-02T19:33:26","slug":"jean-paul-roland-directeur-des-eurockeennes-les-aleas-climatiques-revelent-la-fragilite-des-festivals","status":"publish","type":"post","link":"https:\/\/hierostrasbourg.com\/index.php\/2022\/07\/02\/jean-paul-roland-directeur-des-eurockeennes-les-aleas-climatiques-revelent-la-fragilite-des-festivals\/","title":{"rendered":"Jean-Paul Roland, directeur des Eurock\u00e9ennes : \u201cLes al\u00e9as climatiques r\u00e9v\u00e8lent la fragilit\u00e9 des festivals\u201d"},"content":{"rendered":"<p><a href=\"https:\/\/musiquesactuelles.alsace\/jean-paul-roland-directeur-des-eurockeennes-les-aleas-climatiques-revelent-la-fragilite-des-festivals\/\" title=\"Jean-Paul Roland, directeur des Eurock\u00e9ennes : \u201cLes al\u00e9as climatiques r\u00e9v\u00e8lent la fragilit\u00e9 des festivals\u201d\"><\/a><\/p>\n<p>Les Eurock\u00e9ennes de Belfort se r\u00e9jouissaient de leur retour. Mais l\u2019annulation des deux premi\u00e8res soir\u00e9es, apr\u00e8s un violent orage, est venu s\u2019ajouter aux nombreux d\u00e9fis (Covid, hausse des co\u00fbts, manque de techniciens\u2026) qui p\u00e8sent sur les organisateurs de festivals. Source \/ Lire la suite : Jean-Paul Roland, directeur des Eurock\u00e9ennes : \u201cLes al\u00e9as climatiques r\u00e9v\u00e8lent la fragilit\u00e9 des festivals\u201d<\/p>\n<p>L\u2019article <a href=\"https:\/\/musiquesactuelles.alsace\/jean-paul-roland-directeur-des-eurockeennes-les-aleas-climatiques-revelent-la-fragilite-des-festivals\/\">Jean-Paul Roland, directeur des Eurock\u00e9ennes : \u201cLes al\u00e9as climatiques r\u00e9v\u00e8lent la fragilit\u00e9 des festivals\u201d<\/a> est apparu en premier sur <a href=\"https:\/\/musiquesactuelles.alsace\/\">Musiques Actuelles en Alsace<\/a>.<\/p>\n<p>L\u2019article <a href=\"https:\/\/popburo.fr\/jean-paul-roland-directeur-des-eurockeennes-les-aleas-climatiques-revelent-la-fragilite-des-festivals-2\/\">Jean-Paul Roland, directeur des Eurock\u00e9ennes : \u201cLes al\u00e9as climatiques r\u00e9v\u00e8lent la fragilit\u00e9 des festivals\u201d<\/a> est apparu en premier sur <a href=\"https:\/\/popburo.fr\/\">POP B\u00dcRO<\/a>.<\/p>\n","protected":false},"excerpt":{"rendered":"<p>Les Eurock\u00e9ennes de Belfort se r\u00e9jouissaient de leur retour. Mais l\u2019annulation des deux premi\u00e8res soir\u00e9es, apr\u00e8s un violent orage, est venu s\u2019ajouter aux nombreux d\u00e9fis (Covid, hausse des co\u00fbts, manque de techniciens\u2026) qui p\u00e8sent sur les organisateurs de festivals. Source \/ Lire la suite : Jean-Paul Roland, directeur des Eurock\u00e9ennes : \u201cLes al\u00e9as climatiques r\u00e9v\u00e8lent la fragilit\u00e9 des festivals\u201d L\u2019article Jean-Paul Roland, directeur des Eurock\u00e9ennes : \u201cLes al\u00e9as climatiques r\u00e9v\u00e8lent la fragilit\u00e9 des festivals\u201d est apparu en premier sur Musiques [&hellip;]<\/p>\n","protected":false},"author":0,"featured_media":0,"comment_status":"closed","ping_status":"open","sticky":false,"template":"","format":"standard","meta":{"footnotes":""},"categories":[1],"tags":[],"class_list":["post-3127","post","type-post","status-publish","format-standard","hentry","category-non-classe"],"yoast_head":"<!-- This site is optimized with the Yoast SEO plugin v27.5 - https:\/\/yoast.com\/product\/yoast-seo-wordpress\/ -->\n<title>Jean-Paul Roland, directeur des Eurock\u00e9ennes : \u201cLes al\u00e9as climatiques r\u00e9v\u00e8lent la fragilit\u00e9 des festivals\u201d - HIERO STRASBOURG<\/title>\n<meta name=\"robots\" content=\"index, follow, max-snippet:-1, max-image-preview:large, max-video-preview:-1\" \/>\n<link rel=\"canonical\" href=\"https:\/\/hierostrasbourg.com\/index.php\/2022\/07\/02\/jean-paul-roland-directeur-des-eurockeennes-les-aleas-climatiques-revelent-la-fragilite-des-festivals\/\" \/>\n<meta property=\"og:locale\" content=\"fr_FR\" \/>\n<meta property=\"og:type\" content=\"article\" \/>\n<meta property=\"og:title\" content=\"Jean-Paul Roland, directeur des Eurock\u00e9ennes : \u201cLes al\u00e9as climatiques r\u00e9v\u00e8lent la fragilit\u00e9 des festivals\u201d - HIERO STRASBOURG\" \/>\n<meta property=\"og:description\" content=\"Les Eurock\u00e9ennes de Belfort se r\u00e9jouissaient de leur retour. Mais l\u2019annulation des deux premi\u00e8res soir\u00e9es, apr\u00e8s un violent orage, est venu s\u2019ajouter aux nombreux d\u00e9fis (Covid, hausse des co\u00fbts, manque de techniciens\u2026) qui p\u00e8sent sur les organisateurs de festivals. Source \/ Lire la suite : Jean-Paul Roland, directeur des Eurock\u00e9ennes : \u201cLes al\u00e9as climatiques r\u00e9v\u00e8lent la fragilit\u00e9 des festivals\u201d L\u2019article Jean-Paul Roland, directeur des Eurock\u00e9ennes : \u201cLes al\u00e9as climatiques r\u00e9v\u00e8lent la fragilit\u00e9 des festivals\u201d est apparu en premier sur Musiques [&hellip;]\" \/>\n<meta property=\"og:url\" content=\"https:\/\/hierostrasbourg.com\/index.php\/2022\/07\/02\/jean-paul-roland-directeur-des-eurockeennes-les-aleas-climatiques-revelent-la-fragilite-des-festivals\/\" \/>\n<meta property=\"og:site_name\" content=\"HIERO STRASBOURG\" \/>\n<meta property=\"article:publisher\" content=\"https:\/\/www.facebook.com\/fedehierostrasbourg\" \/>\n<meta property=\"article:published_time\" content=\"2022-07-02T19:33:26+00:00\" \/>\n<meta name=\"twitter:card\" content=\"summary_large_image\" \/>\n<meta name=\"twitter:creator\" content=\"@hierostrasbourg\" \/>\n<meta name=\"twitter:site\" content=\"@hierostrasbourg\" \/>\n<meta name=\"twitter:label1\" content=\"Dur\u00e9e de lecture estim\u00e9e\" \/>\n\t<meta name=\"twitter:data1\" content=\"1 minute\" \/>\n<script type=\"application\/ld+json\" class=\"yoast-schema-graph\">{\"@context\":\"https:\\\/\\\/schema.org\",\"@graph\":[{\"@type\":\"Article\",\"@id\":\"https:\\\/\\\/hierostrasbourg.com\\\/index.php\\\/2022\\\/07\\\/02\\\/jean-paul-roland-directeur-des-eurockeennes-les-aleas-climatiques-revelent-la-fragilite-des-festivals\\\/#article\",\"isPartOf\":{\"@id\":\"https:\\\/\\\/hierostrasbourg.com\\\/index.php\\\/2022\\\/07\\\/02\\\/jean-paul-roland-directeur-des-eurockeennes-les-aleas-climatiques-revelent-la-fragilite-des-festivals\\\/\"},\"author\":{\"name\":\"\",\"@id\":\"\"},\"headline\":\"Jean-Paul Roland, directeur des Eurock\u00e9ennes : \u201cLes al\u00e9as climatiques r\u00e9v\u00e8lent la fragilit\u00e9 des festivals\u201d\",\"datePublished\":\"2022-07-02T19:33:26+00:00\",\"mainEntityOfPage\":{\"@id\":\"https:\\\/\\\/hierostrasbourg.com\\\/index.php\\\/2022\\\/07\\\/02\\\/jean-paul-roland-directeur-des-eurockeennes-les-aleas-climatiques-revelent-la-fragilite-des-festivals\\\/\"},\"wordCount\":142,\"publisher\":{\"@id\":\"https:\\\/\\\/hierostrasbourg.com\\\/#organization\"},\"inLanguage\":\"fr-FR\"},{\"@type\":\"WebPage\",\"@id\":\"https:\\\/\\\/hierostrasbourg.com\\\/index.php\\\/2022\\\/07\\\/02\\\/jean-paul-roland-directeur-des-eurockeennes-les-aleas-climatiques-revelent-la-fragilite-des-festivals\\\/\",\"url\":\"https:\\\/\\\/hierostrasbourg.com\\\/index.php\\\/2022\\\/07\\\/02\\\/jean-paul-roland-directeur-des-eurockeennes-les-aleas-climatiques-revelent-la-fragilite-des-festivals\\\/\",\"name\":\"Jean-Paul Roland, directeur des Eurock\u00e9ennes : \u201cLes al\u00e9as climatiques r\u00e9v\u00e8lent la fragilit\u00e9 des festivals\u201d - HIERO STRASBOURG\",\"isPartOf\":{\"@id\":\"https:\\\/\\\/hierostrasbourg.com\\\/#website\"},\"datePublished\":\"2022-07-02T19:33:26+00:00\",\"breadcrumb\":{\"@id\":\"https:\\\/\\\/hierostrasbourg.com\\\/index.php\\\/2022\\\/07\\\/02\\\/jean-paul-roland-directeur-des-eurockeennes-les-aleas-climatiques-revelent-la-fragilite-des-festivals\\\/#breadcrumb\"},\"inLanguage\":\"fr-FR\",\"potentialAction\":[{\"@type\":\"ReadAction\",\"target\":[\"https:\\\/\\\/hierostrasbourg.com\\\/index.php\\\/2022\\\/07\\\/02\\\/jean-paul-roland-directeur-des-eurockeennes-les-aleas-climatiques-revelent-la-fragilite-des-festivals\\\/\"]}]},{\"@type\":\"BreadcrumbList\",\"@id\":\"https:\\\/\\\/hierostrasbourg.com\\\/index.php\\\/2022\\\/07\\\/02\\\/jean-paul-roland-directeur-des-eurockeennes-les-aleas-climatiques-revelent-la-fragilite-des-festivals\\\/#breadcrumb\",\"itemListElement\":[{\"@type\":\"ListItem\",\"position\":1,\"name\":\"Accueil\",\"item\":\"https:\\\/\\\/hierostrasbourg.com\\\/\"},{\"@type\":\"ListItem\",\"position\":2,\"name\":\"Jean-Paul Roland, directeur des Eurock\u00e9ennes : \u201cLes al\u00e9as climatiques r\u00e9v\u00e8lent la fragilit\u00e9 des festivals\u201d\"}]},{\"@type\":\"WebSite\",\"@id\":\"https:\\\/\\\/hierostrasbourg.com\\\/#website\",\"url\":\"https:\\\/\\\/hierostrasbourg.com\\\/\",\"name\":\"HIERO STRASBOURG\",\"description\":\"Centre de Ressources Musiques Actuelles\",\"publisher\":{\"@id\":\"https:\\\/\\\/hierostrasbourg.com\\\/#organization\"},\"potentialAction\":[{\"@type\":\"SearchAction\",\"target\":{\"@type\":\"EntryPoint\",\"urlTemplate\":\"https:\\\/\\\/hierostrasbourg.com\\\/?s={search_term_string}\"},\"query-input\":{\"@type\":\"PropertyValueSpecification\",\"valueRequired\":true,\"valueName\":\"search_term_string\"}}],\"inLanguage\":\"fr-FR\"},{\"@type\":\"Organization\",\"@id\":\"https:\\\/\\\/hierostrasbourg.com\\\/#organization\",\"name\":\"F\u00e9d\u00e9ration Hi\u00e9ro Strasbourg\",\"url\":\"https:\\\/\\\/hierostrasbourg.com\\\/\",\"logo\":{\"@type\":\"ImageObject\",\"inLanguage\":\"fr-FR\",\"@id\":\"https:\\\/\\\/hierostrasbourg.com\\\/#\\\/schema\\\/logo\\\/image\\\/\",\"url\":\"https:\\\/\\\/hierostrasbourg.com\\\/wp-content\\\/uploads\\\/2026\\\/04\\\/logo-hiero-strasbourg.jpg\",\"contentUrl\":\"https:\\\/\\\/hierostrasbourg.com\\\/wp-content\\\/uploads\\\/2026\\\/04\\\/logo-hiero-strasbourg.jpg\",\"width\":204,\"height\":192,\"caption\":\"F\u00e9d\u00e9ration Hi\u00e9ro Strasbourg\"},\"image\":{\"@id\":\"https:\\\/\\\/hierostrasbourg.com\\\/#\\\/schema\\\/logo\\\/image\\\/\"},\"sameAs\":[\"https:\\\/\\\/www.facebook.com\\\/fedehierostrasbourg\",\"https:\\\/\\\/x.com\\\/hierostrasbourg\"]}]}<\/script>\n<!-- \/ Yoast SEO plugin. -->","yoast_head_json":{"title":"Jean-Paul Roland, directeur des Eurock\u00e9ennes : \u201cLes al\u00e9as climatiques r\u00e9v\u00e8lent la fragilit\u00e9 des festivals\u201d - HIERO STRASBOURG","robots":{"index":"index","follow":"follow","max-snippet":"max-snippet:-1","max-image-preview":"max-image-preview:large","max-video-preview":"max-video-preview:-1"},"canonical":"https:\/\/hierostrasbourg.com\/index.php\/2022\/07\/02\/jean-paul-roland-directeur-des-eurockeennes-les-aleas-climatiques-revelent-la-fragilite-des-festivals\/","og_locale":"fr_FR","og_type":"article","og_title":"Jean-Paul Roland, directeur des Eurock\u00e9ennes : \u201cLes al\u00e9as climatiques r\u00e9v\u00e8lent la fragilit\u00e9 des festivals\u201d - HIERO STRASBOURG","og_description":"Les Eurock\u00e9ennes de Belfort se r\u00e9jouissaient de leur retour. Mais l\u2019annulation des deux premi\u00e8res soir\u00e9es, apr\u00e8s un violent orage, est venu s\u2019ajouter aux nombreux d\u00e9fis (Covid, hausse des co\u00fbts, manque de techniciens\u2026) qui p\u00e8sent sur les organisateurs de festivals. Source \/ Lire la suite : Jean-Paul Roland, directeur des Eurock\u00e9ennes : \u201cLes al\u00e9as climatiques r\u00e9v\u00e8lent la fragilit\u00e9 des festivals\u201d L\u2019article Jean-Paul Roland, directeur des Eurock\u00e9ennes : \u201cLes al\u00e9as climatiques r\u00e9v\u00e8lent la fragilit\u00e9 des festivals\u201d est apparu en premier sur Musiques [&hellip;]","og_url":"https:\/\/hierostrasbourg.com\/index.php\/2022\/07\/02\/jean-paul-roland-directeur-des-eurockeennes-les-aleas-climatiques-revelent-la-fragilite-des-festivals\/","og_site_name":"HIERO STRASBOURG","article_publisher":"https:\/\/www.facebook.com\/fedehierostrasbourg","article_published_time":"2022-07-02T19:33:26+00:00","twitter_card":"summary_large_image","twitter_creator":"@hierostrasbourg","twitter_site":"@hierostrasbourg","twitter_misc":{"Dur\u00e9e de lecture estim\u00e9e":"1 minute"},"schema":{"@context":"https:\/\/schema.org","@graph":[{"@type":"Article","@id":"https:\/\/hierostrasbourg.com\/index.php\/2022\/07\/02\/jean-paul-roland-directeur-des-eurockeennes-les-aleas-climatiques-revelent-la-fragilite-des-festivals\/#article","isPartOf":{"@id":"https:\/\/hierostrasbourg.com\/index.php\/2022\/07\/02\/jean-paul-roland-directeur-des-eurockeennes-les-aleas-climatiques-revelent-la-fragilite-des-festivals\/"},"author":{"name":"","@id":""},"headline":"Jean-Paul Roland, directeur des Eurock\u00e9ennes : \u201cLes al\u00e9as climatiques r\u00e9v\u00e8lent la fragilit\u00e9 des festivals\u201d","datePublished":"2022-07-02T19:33:26+00:00","mainEntityOfPage":{"@id":"https:\/\/hierostrasbourg.com\/index.php\/2022\/07\/02\/jean-paul-roland-directeur-des-eurockeennes-les-aleas-climatiques-revelent-la-fragilite-des-festivals\/"},"wordCount":142,"publisher":{"@id":"https:\/\/hierostrasbourg.com\/#organization"},"inLanguage":"fr-FR"},{"@type":"WebPage","@id":"https:\/\/hierostrasbourg.com\/index.php\/2022\/07\/02\/jean-paul-roland-directeur-des-eurockeennes-les-aleas-climatiques-revelent-la-fragilite-des-festivals\/","url":"https:\/\/hierostrasbourg.com\/index.php\/2022\/07\/02\/jean-paul-roland-directeur-des-eurockeennes-les-aleas-climatiques-revelent-la-fragilite-des-festivals\/","name":"Jean-Paul Roland, directeur des Eurock\u00e9ennes : \u201cLes al\u00e9as climatiques r\u00e9v\u00e8lent la fragilit\u00e9 des festivals\u201d - HIERO STRASBOURG","isPartOf":{"@id":"https:\/\/hierostrasbourg.com\/#website"},"datePublished":"2022-07-02T19:33:26+00:00","breadcrumb":{"@id":"https:\/\/hierostrasbourg.com\/index.php\/2022\/07\/02\/jean-paul-roland-directeur-des-eurockeennes-les-aleas-climatiques-revelent-la-fragilite-des-festivals\/#breadcrumb"},"inLanguage":"fr-FR","potentialAction":[{"@type":"ReadAction","target":["https:\/\/hierostrasbourg.com\/index.php\/2022\/07\/02\/jean-paul-roland-directeur-des-eurockeennes-les-aleas-climatiques-revelent-la-fragilite-des-festivals\/"]}]},{"@type":"BreadcrumbList","@id":"https:\/\/hierostrasbourg.com\/index.php\/2022\/07\/02\/jean-paul-roland-directeur-des-eurockeennes-les-aleas-climatiques-revelent-la-fragilite-des-festivals\/#breadcrumb","itemListElement":[{"@type":"ListItem","position":1,"name":"Accueil","item":"https:\/\/hierostrasbourg.com\/"},{"@type":"ListItem","position":2,"name":"Jean-Paul Roland, directeur des Eurock\u00e9ennes : \u201cLes al\u00e9as climatiques r\u00e9v\u00e8lent la fragilit\u00e9 des festivals\u201d"}]},{"@type":"WebSite","@id":"https:\/\/hierostrasbourg.com\/#website","url":"https:\/\/hierostrasbourg.com\/","name":"HIERO STRASBOURG","description":"Centre de Ressources Musiques Actuelles","publisher":{"@id":"https:\/\/hierostrasbourg.com\/#organization"},"potentialAction":[{"@type":"SearchAction","target":{"@type":"EntryPoint","urlTemplate":"https:\/\/hierostrasbourg.com\/?s={search_term_string}"},"query-input":{"@type":"PropertyValueSpecification","valueRequired":true,"valueName":"search_term_string"}}],"inLanguage":"fr-FR"},{"@type":"Organization","@id":"https:\/\/hierostrasbourg.com\/#organization","name":"F\u00e9d\u00e9ration Hi\u00e9ro Strasbourg","url":"https:\/\/hierostrasbourg.com\/","logo":{"@type":"ImageObject","inLanguage":"fr-FR","@id":"https:\/\/hierostrasbourg.com\/#\/schema\/logo\/image\/","url":"https:\/\/hierostrasbourg.com\/wp-content\/uploads\/2026\/04\/logo-hiero-strasbourg.jpg","contentUrl":"https:\/\/hierostrasbourg.com\/wp-content\/uploads\/2026\/04\/logo-hiero-strasbourg.jpg","width":204,"height":192,"caption":"F\u00e9d\u00e9ration Hi\u00e9ro Strasbourg"},"image":{"@id":"https:\/\/hierostrasbourg.com\/#\/schema\/logo\/image\/"},"sameAs":["https:\/\/www.facebook.com\/fedehierostrasbourg","https:\/\/x.com\/hierostrasbourg"]}]}},"_links":{"self":[{"href":"https:\/\/hierostrasbourg.com\/index.php\/wp-json\/wp\/v2\/posts\/3127","targetHints":{"allow":["GET"]}}],"collection":[{"href":"https:\/\/hierostrasbourg.com\/index.php\/wp-json\/wp\/v2\/posts"}],"about":[{"href":"https:\/\/hierostrasbourg.com\/index.php\/wp-json\/wp\/v2\/types\/post"}],"replies":[{"embeddable":true,"href":"https:\/\/hierostrasbourg.com\/index.php\/wp-json\/wp\/v2\/comments?post=3127"}],"version-history":[{"count":0,"href":"https:\/\/hierostrasbourg.com\/index.php\/wp-json\/wp\/v2\/posts\/3127\/revisions"}],"wp:attachment":[{"href":"https:\/\/hierostrasbourg.com\/index.php\/wp-json\/wp\/v2\/media?parent=3127"}],"wp:term":[{"taxonomy":"category","embeddable":true,"href":"https:\/\/hierostrasbourg.com\/index.php\/wp-json\/wp\/v2\/categories?post=3127"},{"taxonomy":"post_tag","embeddable":true,"href":"https:\/\/hierostrasbourg.com\/index.php\/wp-json\/wp\/v2\/tags?post=3127"}],"curies":[{"name":"wp","href":"https:\/\/api.w.org\/{rel}","templated":true}]}}