{"id":3126,"date":"2022-07-02T21:33:25","date_gmt":"2022-07-02T19:33:25","guid":{"rendered":"https:\/\/hierostrasbourg.com\/index.php\/2022\/07\/02\/appel-a-candidatures-pour-les-prix-des-liens-creatifs-et-sociaux-de-la-fondation-audiens-generations-2\/"},"modified":"2022-07-02T21:33:25","modified_gmt":"2022-07-02T19:33:25","slug":"appel-a-candidatures-pour-les-prix-des-liens-creatifs-et-sociaux-de-la-fondation-audiens-generations-2","status":"publish","type":"post","link":"https:\/\/hierostrasbourg.com\/index.php\/2022\/07\/02\/appel-a-candidatures-pour-les-prix-des-liens-creatifs-et-sociaux-de-la-fondation-audiens-generations-2\/","title":{"rendered":"Appel \u00e0 candidatures pour Les \u201cPrix des liens cr\u00e9atifs et sociaux\u201d de LA FONDATION AUDIENS G\u00c9N\u00c9RATIONS"},"content":{"rendered":"<p><a href=\"https:\/\/musiquesactuelles.alsace\/appel-a-candidatures-pour-les-prix-des-liens-creatifs-et-sociaux-de-la-fondation-audiens-generations\/\" title=\"Appel \u00e0 candidatures pour Les \u201cPrix des liens cr\u00e9atifs et sociaux\u201d de LA FONDATION AUDIENS G\u00c9N\u00c9RATIONS\"><\/a><\/p>\n<p>La Fondation Audiens G\u00e9n\u00e9rations recompensera les nouvelles pratiques et usages qui se d\u00e9veloppent sur les plateformes num\u00e9riques dans le champ de la culture participant \u00e0 la transmission entre les g\u00e9n\u00e9rations. Ainsi, elle poursuit les objectifs suivants\u00a0: Identifier et accompagner des solutions culturelles innovantes sur les m\u00e9dias sociaux et les plateformes num\u00e9riques ; Favoriser l\u2019innovation et l\u2019expression de nouveaux formats culturels num\u00e9riques ; Encourager l\u2019acc\u00e8s \u00e0 la culture et la transmission entre les g\u00e9n\u00e9rations. Trois prix de la Fondation Audiens G\u00e9n\u00e9rations [\u2026]<\/p>\n<p>L\u2019article <a href=\"https:\/\/musiquesactuelles.alsace\/appel-a-candidatures-pour-les-prix-des-liens-creatifs-et-sociaux-de-la-fondation-audiens-generations\/\">Appel \u00e0 candidatures pour Les \u201cPrix des liens cr\u00e9atifs et sociaux\u201d de LA FONDATION AUDIENS G\u00c9N\u00c9RATIONS<\/a> est apparu en premier sur <a href=\"https:\/\/musiquesactuelles.alsace\/\">Musiques Actuelles en Alsace<\/a>.<\/p>\n<p>L\u2019article <a href=\"https:\/\/popburo.fr\/appel-a-candidatures-pour-les-prix-des-liens-creatifs-et-sociaux-de-la-fondation-audiens-generations-2\/\">Appel \u00e0 candidatures pour Les \u201cPrix des liens cr\u00e9atifs et sociaux\u201d de LA FONDATION AUDIENS G\u00c9N\u00c9RATIONS<\/a> est apparu en premier sur <a href=\"https:\/\/popburo.fr\/\">POP B\u00dcRO<\/a>.<\/p>\n","protected":false},"excerpt":{"rendered":"<p>La Fondation Audiens G\u00e9n\u00e9rations recompensera les nouvelles pratiques et usages qui se d\u00e9veloppent sur les plateformes num\u00e9riques dans le champ de la culture participant \u00e0 la transmission entre les g\u00e9n\u00e9rations. Ainsi, elle poursuit les objectifs suivants\u00a0: Identifier et accompagner des solutions culturelles innovantes sur les m\u00e9dias sociaux et les plateformes num\u00e9riques ; Favoriser l\u2019innovation et l\u2019expression de nouveaux formats culturels num\u00e9riques ; Encourager l\u2019acc\u00e8s \u00e0 la culture et la transmission entre les g\u00e9n\u00e9rations. Trois prix de la Fondation Audiens G\u00e9n\u00e9rations [&hellip;]<\/p>\n","protected":false},"author":0,"featured_media":0,"comment_status":"closed","ping_status":"open","sticky":false,"template":"","format":"standard","meta":{"footnotes":""},"categories":[1],"tags":[],"class_list":["post-3126","post","type-post","status-publish","format-standard","hentry","category-non-classe"],"yoast_head":"<!-- This site is optimized with the Yoast SEO plugin v27.5 - https:\/\/yoast.com\/product\/yoast-seo-wordpress\/ -->\n<title>Appel \u00e0 candidatures pour Les \u201cPrix des liens cr\u00e9atifs et sociaux\u201d de LA FONDATION AUDIENS G\u00c9N\u00c9RATIONS - HIERO STRASBOURG<\/title>\n<meta name=\"robots\" content=\"index, follow, max-snippet:-1, max-image-preview:large, max-video-preview:-1\" \/>\n<link rel=\"canonical\" href=\"https:\/\/hierostrasbourg.com\/index.php\/2022\/07\/02\/appel-a-candidatures-pour-les-prix-des-liens-creatifs-et-sociaux-de-la-fondation-audiens-generations-2\/\" \/>\n<meta property=\"og:locale\" content=\"fr_FR\" \/>\n<meta property=\"og:type\" content=\"article\" \/>\n<meta property=\"og:title\" content=\"Appel \u00e0 candidatures pour Les \u201cPrix des liens cr\u00e9atifs et sociaux\u201d de LA FONDATION AUDIENS G\u00c9N\u00c9RATIONS - HIERO STRASBOURG\" \/>\n<meta property=\"og:description\" content=\"La Fondation Audiens G\u00e9n\u00e9rations recompensera les nouvelles pratiques et usages qui se d\u00e9veloppent sur les plateformes num\u00e9riques dans le champ de la culture participant \u00e0 la transmission entre les g\u00e9n\u00e9rations. Ainsi, elle poursuit les objectifs suivants\u00a0: Identifier et accompagner des solutions culturelles innovantes sur les m\u00e9dias sociaux et les plateformes num\u00e9riques ; Favoriser l\u2019innovation et l\u2019expression de nouveaux formats culturels num\u00e9riques ; Encourager l\u2019acc\u00e8s \u00e0 la culture et la transmission entre les g\u00e9n\u00e9rations. Trois prix de la Fondation Audiens G\u00e9n\u00e9rations [&hellip;]\" \/>\n<meta property=\"og:url\" content=\"https:\/\/hierostrasbourg.com\/index.php\/2022\/07\/02\/appel-a-candidatures-pour-les-prix-des-liens-creatifs-et-sociaux-de-la-fondation-audiens-generations-2\/\" \/>\n<meta property=\"og:site_name\" content=\"HIERO STRASBOURG\" \/>\n<meta property=\"article:publisher\" content=\"https:\/\/www.facebook.com\/fedehierostrasbourg\" \/>\n<meta property=\"article:published_time\" content=\"2022-07-02T19:33:25+00:00\" \/>\n<meta name=\"twitter:card\" content=\"summary_large_image\" \/>\n<meta name=\"twitter:creator\" content=\"@hierostrasbourg\" \/>\n<meta name=\"twitter:site\" content=\"@hierostrasbourg\" \/>\n<meta name=\"twitter:label1\" content=\"Dur\u00e9e de lecture estim\u00e9e\" \/>\n\t<meta name=\"twitter:data1\" content=\"1 minute\" \/>\n<script type=\"application\/ld+json\" class=\"yoast-schema-graph\">{\"@context\":\"https:\\\/\\\/schema.org\",\"@graph\":[{\"@type\":\"Article\",\"@id\":\"https:\\\/\\\/hierostrasbourg.com\\\/index.php\\\/2022\\\/07\\\/02\\\/appel-a-candidatures-pour-les-prix-des-liens-creatifs-et-sociaux-de-la-fondation-audiens-generations-2\\\/#article\",\"isPartOf\":{\"@id\":\"https:\\\/\\\/hierostrasbourg.com\\\/index.php\\\/2022\\\/07\\\/02\\\/appel-a-candidatures-pour-les-prix-des-liens-creatifs-et-sociaux-de-la-fondation-audiens-generations-2\\\/\"},\"author\":{\"name\":\"\",\"@id\":\"\"},\"headline\":\"Appel \u00e0 candidatures pour Les \u201cPrix des liens cr\u00e9atifs et sociaux\u201d de LA FONDATION AUDIENS G\u00c9N\u00c9RATIONS\",\"datePublished\":\"2022-07-02T19:33:25+00:00\",\"mainEntityOfPage\":{\"@id\":\"https:\\\/\\\/hierostrasbourg.com\\\/index.php\\\/2022\\\/07\\\/02\\\/appel-a-candidatures-pour-les-prix-des-liens-creatifs-et-sociaux-de-la-fondation-audiens-generations-2\\\/\"},\"wordCount\":168,\"publisher\":{\"@id\":\"https:\\\/\\\/hierostrasbourg.com\\\/#organization\"},\"inLanguage\":\"fr-FR\"},{\"@type\":\"WebPage\",\"@id\":\"https:\\\/\\\/hierostrasbourg.com\\\/index.php\\\/2022\\\/07\\\/02\\\/appel-a-candidatures-pour-les-prix-des-liens-creatifs-et-sociaux-de-la-fondation-audiens-generations-2\\\/\",\"url\":\"https:\\\/\\\/hierostrasbourg.com\\\/index.php\\\/2022\\\/07\\\/02\\\/appel-a-candidatures-pour-les-prix-des-liens-creatifs-et-sociaux-de-la-fondation-audiens-generations-2\\\/\",\"name\":\"Appel \u00e0 candidatures pour Les \u201cPrix des liens cr\u00e9atifs et sociaux\u201d de LA FONDATION AUDIENS G\u00c9N\u00c9RATIONS - HIERO STRASBOURG\",\"isPartOf\":{\"@id\":\"https:\\\/\\\/hierostrasbourg.com\\\/#website\"},\"datePublished\":\"2022-07-02T19:33:25+00:00\",\"breadcrumb\":{\"@id\":\"https:\\\/\\\/hierostrasbourg.com\\\/index.php\\\/2022\\\/07\\\/02\\\/appel-a-candidatures-pour-les-prix-des-liens-creatifs-et-sociaux-de-la-fondation-audiens-generations-2\\\/#breadcrumb\"},\"inLanguage\":\"fr-FR\",\"potentialAction\":[{\"@type\":\"ReadAction\",\"target\":[\"https:\\\/\\\/hierostrasbourg.com\\\/index.php\\\/2022\\\/07\\\/02\\\/appel-a-candidatures-pour-les-prix-des-liens-creatifs-et-sociaux-de-la-fondation-audiens-generations-2\\\/\"]}]},{\"@type\":\"BreadcrumbList\",\"@id\":\"https:\\\/\\\/hierostrasbourg.com\\\/index.php\\\/2022\\\/07\\\/02\\\/appel-a-candidatures-pour-les-prix-des-liens-creatifs-et-sociaux-de-la-fondation-audiens-generations-2\\\/#breadcrumb\",\"itemListElement\":[{\"@type\":\"ListItem\",\"position\":1,\"name\":\"Accueil\",\"item\":\"https:\\\/\\\/hierostrasbourg.com\\\/\"},{\"@type\":\"ListItem\",\"position\":2,\"name\":\"Appel \u00e0 candidatures pour Les \u201cPrix des liens cr\u00e9atifs et sociaux\u201d de LA FONDATION AUDIENS G\u00c9N\u00c9RATIONS\"}]},{\"@type\":\"WebSite\",\"@id\":\"https:\\\/\\\/hierostrasbourg.com\\\/#website\",\"url\":\"https:\\\/\\\/hierostrasbourg.com\\\/\",\"name\":\"HIERO STRASBOURG\",\"description\":\"Centre de Ressources Musiques Actuelles\",\"publisher\":{\"@id\":\"https:\\\/\\\/hierostrasbourg.com\\\/#organization\"},\"potentialAction\":[{\"@type\":\"SearchAction\",\"target\":{\"@type\":\"EntryPoint\",\"urlTemplate\":\"https:\\\/\\\/hierostrasbourg.com\\\/?s={search_term_string}\"},\"query-input\":{\"@type\":\"PropertyValueSpecification\",\"valueRequired\":true,\"valueName\":\"search_term_string\"}}],\"inLanguage\":\"fr-FR\"},{\"@type\":\"Organization\",\"@id\":\"https:\\\/\\\/hierostrasbourg.com\\\/#organization\",\"name\":\"F\u00e9d\u00e9ration Hi\u00e9ro Strasbourg\",\"url\":\"https:\\\/\\\/hierostrasbourg.com\\\/\",\"logo\":{\"@type\":\"ImageObject\",\"inLanguage\":\"fr-FR\",\"@id\":\"https:\\\/\\\/hierostrasbourg.com\\\/#\\\/schema\\\/logo\\\/image\\\/\",\"url\":\"https:\\\/\\\/hierostrasbourg.com\\\/wp-content\\\/uploads\\\/2026\\\/04\\\/logo-hiero-strasbourg.jpg\",\"contentUrl\":\"https:\\\/\\\/hierostrasbourg.com\\\/wp-content\\\/uploads\\\/2026\\\/04\\\/logo-hiero-strasbourg.jpg\",\"width\":204,\"height\":192,\"caption\":\"F\u00e9d\u00e9ration Hi\u00e9ro Strasbourg\"},\"image\":{\"@id\":\"https:\\\/\\\/hierostrasbourg.com\\\/#\\\/schema\\\/logo\\\/image\\\/\"},\"sameAs\":[\"https:\\\/\\\/www.facebook.com\\\/fedehierostrasbourg\",\"https:\\\/\\\/x.com\\\/hierostrasbourg\"]}]}<\/script>\n<!-- \/ Yoast SEO plugin. -->","yoast_head_json":{"title":"Appel \u00e0 candidatures pour Les \u201cPrix des liens cr\u00e9atifs et sociaux\u201d de LA FONDATION AUDIENS G\u00c9N\u00c9RATIONS - HIERO STRASBOURG","robots":{"index":"index","follow":"follow","max-snippet":"max-snippet:-1","max-image-preview":"max-image-preview:large","max-video-preview":"max-video-preview:-1"},"canonical":"https:\/\/hierostrasbourg.com\/index.php\/2022\/07\/02\/appel-a-candidatures-pour-les-prix-des-liens-creatifs-et-sociaux-de-la-fondation-audiens-generations-2\/","og_locale":"fr_FR","og_type":"article","og_title":"Appel \u00e0 candidatures pour Les \u201cPrix des liens cr\u00e9atifs et sociaux\u201d de LA FONDATION AUDIENS G\u00c9N\u00c9RATIONS - HIERO STRASBOURG","og_description":"La Fondation Audiens G\u00e9n\u00e9rations recompensera les nouvelles pratiques et usages qui se d\u00e9veloppent sur les plateformes num\u00e9riques dans le champ de la culture participant \u00e0 la transmission entre les g\u00e9n\u00e9rations. Ainsi, elle poursuit les objectifs suivants\u00a0: Identifier et accompagner des solutions culturelles innovantes sur les m\u00e9dias sociaux et les plateformes num\u00e9riques ; Favoriser l\u2019innovation et l\u2019expression de nouveaux formats culturels num\u00e9riques ; Encourager l\u2019acc\u00e8s \u00e0 la culture et la transmission entre les g\u00e9n\u00e9rations. Trois prix de la Fondation Audiens G\u00e9n\u00e9rations [&hellip;]","og_url":"https:\/\/hierostrasbourg.com\/index.php\/2022\/07\/02\/appel-a-candidatures-pour-les-prix-des-liens-creatifs-et-sociaux-de-la-fondation-audiens-generations-2\/","og_site_name":"HIERO STRASBOURG","article_publisher":"https:\/\/www.facebook.com\/fedehierostrasbourg","article_published_time":"2022-07-02T19:33:25+00:00","twitter_card":"summary_large_image","twitter_creator":"@hierostrasbourg","twitter_site":"@hierostrasbourg","twitter_misc":{"Dur\u00e9e de lecture estim\u00e9e":"1 minute"},"schema":{"@context":"https:\/\/schema.org","@graph":[{"@type":"Article","@id":"https:\/\/hierostrasbourg.com\/index.php\/2022\/07\/02\/appel-a-candidatures-pour-les-prix-des-liens-creatifs-et-sociaux-de-la-fondation-audiens-generations-2\/#article","isPartOf":{"@id":"https:\/\/hierostrasbourg.com\/index.php\/2022\/07\/02\/appel-a-candidatures-pour-les-prix-des-liens-creatifs-et-sociaux-de-la-fondation-audiens-generations-2\/"},"author":{"name":"","@id":""},"headline":"Appel \u00e0 candidatures pour Les \u201cPrix des liens cr\u00e9atifs et sociaux\u201d de LA FONDATION AUDIENS G\u00c9N\u00c9RATIONS","datePublished":"2022-07-02T19:33:25+00:00","mainEntityOfPage":{"@id":"https:\/\/hierostrasbourg.com\/index.php\/2022\/07\/02\/appel-a-candidatures-pour-les-prix-des-liens-creatifs-et-sociaux-de-la-fondation-audiens-generations-2\/"},"wordCount":168,"publisher":{"@id":"https:\/\/hierostrasbourg.com\/#organization"},"inLanguage":"fr-FR"},{"@type":"WebPage","@id":"https:\/\/hierostrasbourg.com\/index.php\/2022\/07\/02\/appel-a-candidatures-pour-les-prix-des-liens-creatifs-et-sociaux-de-la-fondation-audiens-generations-2\/","url":"https:\/\/hierostrasbourg.com\/index.php\/2022\/07\/02\/appel-a-candidatures-pour-les-prix-des-liens-creatifs-et-sociaux-de-la-fondation-audiens-generations-2\/","name":"Appel \u00e0 candidatures pour Les \u201cPrix des liens cr\u00e9atifs et sociaux\u201d de LA FONDATION AUDIENS G\u00c9N\u00c9RATIONS - HIERO STRASBOURG","isPartOf":{"@id":"https:\/\/hierostrasbourg.com\/#website"},"datePublished":"2022-07-02T19:33:25+00:00","breadcrumb":{"@id":"https:\/\/hierostrasbourg.com\/index.php\/2022\/07\/02\/appel-a-candidatures-pour-les-prix-des-liens-creatifs-et-sociaux-de-la-fondation-audiens-generations-2\/#breadcrumb"},"inLanguage":"fr-FR","potentialAction":[{"@type":"ReadAction","target":["https:\/\/hierostrasbourg.com\/index.php\/2022\/07\/02\/appel-a-candidatures-pour-les-prix-des-liens-creatifs-et-sociaux-de-la-fondation-audiens-generations-2\/"]}]},{"@type":"BreadcrumbList","@id":"https:\/\/hierostrasbourg.com\/index.php\/2022\/07\/02\/appel-a-candidatures-pour-les-prix-des-liens-creatifs-et-sociaux-de-la-fondation-audiens-generations-2\/#breadcrumb","itemListElement":[{"@type":"ListItem","position":1,"name":"Accueil","item":"https:\/\/hierostrasbourg.com\/"},{"@type":"ListItem","position":2,"name":"Appel \u00e0 candidatures pour Les \u201cPrix des liens cr\u00e9atifs et sociaux\u201d de LA FONDATION AUDIENS G\u00c9N\u00c9RATIONS"}]},{"@type":"WebSite","@id":"https:\/\/hierostrasbourg.com\/#website","url":"https:\/\/hierostrasbourg.com\/","name":"HIERO STRASBOURG","description":"Centre de Ressources Musiques Actuelles","publisher":{"@id":"https:\/\/hierostrasbourg.com\/#organization"},"potentialAction":[{"@type":"SearchAction","target":{"@type":"EntryPoint","urlTemplate":"https:\/\/hierostrasbourg.com\/?s={search_term_string}"},"query-input":{"@type":"PropertyValueSpecification","valueRequired":true,"valueName":"search_term_string"}}],"inLanguage":"fr-FR"},{"@type":"Organization","@id":"https:\/\/hierostrasbourg.com\/#organization","name":"F\u00e9d\u00e9ration Hi\u00e9ro Strasbourg","url":"https:\/\/hierostrasbourg.com\/","logo":{"@type":"ImageObject","inLanguage":"fr-FR","@id":"https:\/\/hierostrasbourg.com\/#\/schema\/logo\/image\/","url":"https:\/\/hierostrasbourg.com\/wp-content\/uploads\/2026\/04\/logo-hiero-strasbourg.jpg","contentUrl":"https:\/\/hierostrasbourg.com\/wp-content\/uploads\/2026\/04\/logo-hiero-strasbourg.jpg","width":204,"height":192,"caption":"F\u00e9d\u00e9ration Hi\u00e9ro Strasbourg"},"image":{"@id":"https:\/\/hierostrasbourg.com\/#\/schema\/logo\/image\/"},"sameAs":["https:\/\/www.facebook.com\/fedehierostrasbourg","https:\/\/x.com\/hierostrasbourg"]}]}},"_links":{"self":[{"href":"https:\/\/hierostrasbourg.com\/index.php\/wp-json\/wp\/v2\/posts\/3126","targetHints":{"allow":["GET"]}}],"collection":[{"href":"https:\/\/hierostrasbourg.com\/index.php\/wp-json\/wp\/v2\/posts"}],"about":[{"href":"https:\/\/hierostrasbourg.com\/index.php\/wp-json\/wp\/v2\/types\/post"}],"replies":[{"embeddable":true,"href":"https:\/\/hierostrasbourg.com\/index.php\/wp-json\/wp\/v2\/comments?post=3126"}],"version-history":[{"count":0,"href":"https:\/\/hierostrasbourg.com\/index.php\/wp-json\/wp\/v2\/posts\/3126\/revisions"}],"wp:attachment":[{"href":"https:\/\/hierostrasbourg.com\/index.php\/wp-json\/wp\/v2\/media?parent=3126"}],"wp:term":[{"taxonomy":"category","embeddable":true,"href":"https:\/\/hierostrasbourg.com\/index.php\/wp-json\/wp\/v2\/categories?post=3126"},{"taxonomy":"post_tag","embeddable":true,"href":"https:\/\/hierostrasbourg.com\/index.php\/wp-json\/wp\/v2\/tags?post=3126"}],"curies":[{"name":"wp","href":"https:\/\/api.w.org\/{rel}","templated":true}]}}