{"id":3125,"date":"2022-07-02T20:31:46","date_gmt":"2022-07-02T18:31:46","guid":{"rendered":"https:\/\/hierostrasbourg.com\/index.php\/2022\/07\/02\/appel-a-candidatures-pour-les-prix-des-liens-creatifs-et-sociaux-de-la-fondation-audiens-generations\/"},"modified":"2022-07-02T20:31:46","modified_gmt":"2022-07-02T18:31:46","slug":"appel-a-candidatures-pour-les-prix-des-liens-creatifs-et-sociaux-de-la-fondation-audiens-generations","status":"publish","type":"post","link":"https:\/\/hierostrasbourg.com\/index.php\/2022\/07\/02\/appel-a-candidatures-pour-les-prix-des-liens-creatifs-et-sociaux-de-la-fondation-audiens-generations\/","title":{"rendered":"Appel \u00e0 candidatures pour Les \u201cPrix des liens cr\u00e9atifs et sociaux\u201d de LA FONDATION AUDIENS G\u00c9N\u00c9RATIONS"},"content":{"rendered":"<p>La Fondation Audiens G\u00e9n\u00e9rations recompensera les nouvelles pratiques et usages qui se d\u00e9veloppent sur les plateformes num\u00e9riques dans le champ de la culture participant \u00e0 la transmission entre les g\u00e9n\u00e9rations.<\/p>\n<p>Ainsi, elle poursuit les objectifs suivants\u00a0:<\/p>\n<p>Identifier et accompagner des solutions culturelles innovantes sur les m\u00e9dias sociaux et les plateformes num\u00e9riques ;<br \/>\nFavoriser l\u2019innovation et l\u2019expression de nouveaux formats culturels num\u00e9riques ;<br \/>\nEncourager l\u2019acc\u00e8s \u00e0 la culture et la transmission entre les g\u00e9n\u00e9rations.<\/p>\n<p>Trois prix de la Fondation Audiens G\u00e9n\u00e9rations sont attribu\u00e9s :<\/p>\n<p>Prix Innovation, dot\u00e9 de 12 000 \u20ac<br \/>\nPrix G\u00e9n\u00e9rations, dot\u00e9 de 10 000 \u20ac<br \/>\nPrix Emergence, dot\u00e9 de 8 000 \u20ac<\/p>\n<h2>Pour qui ?<\/h2>\n<p>Les personnes \u00e9ligibles sont des personnes physiques (auteurs, cr\u00e9ateurs ou artistes) ou morales (start-ups, structures et projets \u00e9mergents, TPE\/PME uniquement).<\/p>\n<p>Pour chacune ces r\u00e9compenses, le jury de la Fondation appr\u00e9ciera l\u2019originalit\u00e9 de l\u2019initiative pr\u00e9sent\u00e9e, sa dimension cr\u00e9ative et narrative, son caract\u00e8re innovant, son audience et son impact soci\u00e9tal.<\/p>\n<h2>Calendrier<\/h2>\n<p>Appel \u00e0 candidatures du 9 mai 2022 au 8 juillet 2022.<br \/>\nRemise des Prix \u00e0 l\u2019automne 2022.<\/p>\n<p><a class=\"maxbutton-1 maxbutton\" href=\"https:\/\/www.fondationaudiensgenerations.org\/postuler\/\"><span class=\"mb-text\">POSTULEZ<\/span><\/a><\/p>\n<p>L\u2019article <a href=\"https:\/\/popburo.fr\/appel-a-candidatures-pour-les-prix-des-liens-creatifs-et-sociaux-de-la-fondation-audiens-generations\/\">Appel \u00e0 candidatures pour Les \u201cPrix des liens cr\u00e9atifs et sociaux\u201d de LA FONDATION AUDIENS G\u00c9N\u00c9RATIONS<\/a> est apparu en premier sur <a href=\"https:\/\/popburo.fr\/\">POP B\u00dcRO<\/a>.<\/p>\n","protected":false},"excerpt":{"rendered":"<p>La Fondation Audiens G\u00e9n\u00e9rations recompensera les nouvelles pratiques et usages qui se d\u00e9veloppent sur les plateformes num\u00e9riques dans le champ de la culture participant \u00e0 la transmission entre les g\u00e9n\u00e9rations. Ainsi, elle poursuit les objectifs suivants\u00a0: Identifier et accompagner des solutions culturelles innovantes sur les m\u00e9dias sociaux et les plateformes num\u00e9riques ; Favoriser l\u2019innovation et l\u2019expression de nouveaux formats culturels num\u00e9riques ; Encourager l\u2019acc\u00e8s \u00e0 la culture et la transmission entre les g\u00e9n\u00e9rations. Trois prix de la Fondation Audiens G\u00e9n\u00e9rations [&hellip;]<\/p>\n","protected":false},"author":0,"featured_media":0,"comment_status":"closed","ping_status":"open","sticky":false,"template":"","format":"standard","meta":{"footnotes":""},"categories":[1],"tags":[],"class_list":["post-3125","post","type-post","status-publish","format-standard","hentry","category-non-classe"],"yoast_head":"<!-- This site is optimized with the Yoast SEO plugin v27.5 - https:\/\/yoast.com\/product\/yoast-seo-wordpress\/ -->\n<title>Appel \u00e0 candidatures pour Les \u201cPrix des liens cr\u00e9atifs et sociaux\u201d de LA FONDATION AUDIENS G\u00c9N\u00c9RATIONS - HIERO STRASBOURG<\/title>\n<meta name=\"robots\" content=\"index, follow, max-snippet:-1, max-image-preview:large, max-video-preview:-1\" \/>\n<link rel=\"canonical\" href=\"https:\/\/hierostrasbourg.com\/index.php\/2022\/07\/02\/appel-a-candidatures-pour-les-prix-des-liens-creatifs-et-sociaux-de-la-fondation-audiens-generations\/\" \/>\n<meta property=\"og:locale\" content=\"fr_FR\" \/>\n<meta property=\"og:type\" content=\"article\" \/>\n<meta property=\"og:title\" content=\"Appel \u00e0 candidatures pour Les \u201cPrix des liens cr\u00e9atifs et sociaux\u201d de LA FONDATION AUDIENS G\u00c9N\u00c9RATIONS - HIERO STRASBOURG\" \/>\n<meta property=\"og:description\" content=\"La Fondation Audiens G\u00e9n\u00e9rations recompensera les nouvelles pratiques et usages qui se d\u00e9veloppent sur les plateformes num\u00e9riques dans le champ de la culture participant \u00e0 la transmission entre les g\u00e9n\u00e9rations. Ainsi, elle poursuit les objectifs suivants\u00a0: Identifier et accompagner des solutions culturelles innovantes sur les m\u00e9dias sociaux et les plateformes num\u00e9riques ; Favoriser l\u2019innovation et l\u2019expression de nouveaux formats culturels num\u00e9riques ; Encourager l\u2019acc\u00e8s \u00e0 la culture et la transmission entre les g\u00e9n\u00e9rations. Trois prix de la Fondation Audiens G\u00e9n\u00e9rations [&hellip;]\" \/>\n<meta property=\"og:url\" content=\"https:\/\/hierostrasbourg.com\/index.php\/2022\/07\/02\/appel-a-candidatures-pour-les-prix-des-liens-creatifs-et-sociaux-de-la-fondation-audiens-generations\/\" \/>\n<meta property=\"og:site_name\" content=\"HIERO STRASBOURG\" \/>\n<meta property=\"article:publisher\" content=\"https:\/\/www.facebook.com\/fedehierostrasbourg\" \/>\n<meta property=\"article:published_time\" content=\"2022-07-02T18:31:46+00:00\" \/>\n<meta name=\"twitter:card\" content=\"summary_large_image\" \/>\n<meta name=\"twitter:creator\" content=\"@hierostrasbourg\" \/>\n<meta name=\"twitter:site\" content=\"@hierostrasbourg\" \/>\n<meta name=\"twitter:label1\" content=\"Dur\u00e9e de lecture estim\u00e9e\" \/>\n\t<meta name=\"twitter:data1\" content=\"1 minute\" \/>\n<script type=\"application\/ld+json\" class=\"yoast-schema-graph\">{\"@context\":\"https:\\\/\\\/schema.org\",\"@graph\":[{\"@type\":\"Article\",\"@id\":\"https:\\\/\\\/hierostrasbourg.com\\\/index.php\\\/2022\\\/07\\\/02\\\/appel-a-candidatures-pour-les-prix-des-liens-creatifs-et-sociaux-de-la-fondation-audiens-generations\\\/#article\",\"isPartOf\":{\"@id\":\"https:\\\/\\\/hierostrasbourg.com\\\/index.php\\\/2022\\\/07\\\/02\\\/appel-a-candidatures-pour-les-prix-des-liens-creatifs-et-sociaux-de-la-fondation-audiens-generations\\\/\"},\"author\":{\"name\":\"\",\"@id\":\"\"},\"headline\":\"Appel \u00e0 candidatures pour Les \u201cPrix des liens cr\u00e9atifs et sociaux\u201d de LA FONDATION AUDIENS G\u00c9N\u00c9RATIONS\",\"datePublished\":\"2022-07-02T18:31:46+00:00\",\"mainEntityOfPage\":{\"@id\":\"https:\\\/\\\/hierostrasbourg.com\\\/index.php\\\/2022\\\/07\\\/02\\\/appel-a-candidatures-pour-les-prix-des-liens-creatifs-et-sociaux-de-la-fondation-audiens-generations\\\/\"},\"wordCount\":230,\"publisher\":{\"@id\":\"https:\\\/\\\/hierostrasbourg.com\\\/#organization\"},\"inLanguage\":\"fr-FR\"},{\"@type\":\"WebPage\",\"@id\":\"https:\\\/\\\/hierostrasbourg.com\\\/index.php\\\/2022\\\/07\\\/02\\\/appel-a-candidatures-pour-les-prix-des-liens-creatifs-et-sociaux-de-la-fondation-audiens-generations\\\/\",\"url\":\"https:\\\/\\\/hierostrasbourg.com\\\/index.php\\\/2022\\\/07\\\/02\\\/appel-a-candidatures-pour-les-prix-des-liens-creatifs-et-sociaux-de-la-fondation-audiens-generations\\\/\",\"name\":\"Appel \u00e0 candidatures pour Les \u201cPrix des liens cr\u00e9atifs et sociaux\u201d de LA FONDATION AUDIENS G\u00c9N\u00c9RATIONS - HIERO STRASBOURG\",\"isPartOf\":{\"@id\":\"https:\\\/\\\/hierostrasbourg.com\\\/#website\"},\"datePublished\":\"2022-07-02T18:31:46+00:00\",\"breadcrumb\":{\"@id\":\"https:\\\/\\\/hierostrasbourg.com\\\/index.php\\\/2022\\\/07\\\/02\\\/appel-a-candidatures-pour-les-prix-des-liens-creatifs-et-sociaux-de-la-fondation-audiens-generations\\\/#breadcrumb\"},\"inLanguage\":\"fr-FR\",\"potentialAction\":[{\"@type\":\"ReadAction\",\"target\":[\"https:\\\/\\\/hierostrasbourg.com\\\/index.php\\\/2022\\\/07\\\/02\\\/appel-a-candidatures-pour-les-prix-des-liens-creatifs-et-sociaux-de-la-fondation-audiens-generations\\\/\"]}]},{\"@type\":\"BreadcrumbList\",\"@id\":\"https:\\\/\\\/hierostrasbourg.com\\\/index.php\\\/2022\\\/07\\\/02\\\/appel-a-candidatures-pour-les-prix-des-liens-creatifs-et-sociaux-de-la-fondation-audiens-generations\\\/#breadcrumb\",\"itemListElement\":[{\"@type\":\"ListItem\",\"position\":1,\"name\":\"Accueil\",\"item\":\"https:\\\/\\\/hierostrasbourg.com\\\/\"},{\"@type\":\"ListItem\",\"position\":2,\"name\":\"Appel \u00e0 candidatures pour Les \u201cPrix des liens cr\u00e9atifs et sociaux\u201d de LA FONDATION AUDIENS G\u00c9N\u00c9RATIONS\"}]},{\"@type\":\"WebSite\",\"@id\":\"https:\\\/\\\/hierostrasbourg.com\\\/#website\",\"url\":\"https:\\\/\\\/hierostrasbourg.com\\\/\",\"name\":\"HIERO STRASBOURG\",\"description\":\"Centre de Ressources Musiques Actuelles\",\"publisher\":{\"@id\":\"https:\\\/\\\/hierostrasbourg.com\\\/#organization\"},\"potentialAction\":[{\"@type\":\"SearchAction\",\"target\":{\"@type\":\"EntryPoint\",\"urlTemplate\":\"https:\\\/\\\/hierostrasbourg.com\\\/?s={search_term_string}\"},\"query-input\":{\"@type\":\"PropertyValueSpecification\",\"valueRequired\":true,\"valueName\":\"search_term_string\"}}],\"inLanguage\":\"fr-FR\"},{\"@type\":\"Organization\",\"@id\":\"https:\\\/\\\/hierostrasbourg.com\\\/#organization\",\"name\":\"F\u00e9d\u00e9ration Hi\u00e9ro Strasbourg\",\"url\":\"https:\\\/\\\/hierostrasbourg.com\\\/\",\"logo\":{\"@type\":\"ImageObject\",\"inLanguage\":\"fr-FR\",\"@id\":\"https:\\\/\\\/hierostrasbourg.com\\\/#\\\/schema\\\/logo\\\/image\\\/\",\"url\":\"https:\\\/\\\/hierostrasbourg.com\\\/wp-content\\\/uploads\\\/2026\\\/04\\\/logo-hiero-strasbourg.jpg\",\"contentUrl\":\"https:\\\/\\\/hierostrasbourg.com\\\/wp-content\\\/uploads\\\/2026\\\/04\\\/logo-hiero-strasbourg.jpg\",\"width\":204,\"height\":192,\"caption\":\"F\u00e9d\u00e9ration Hi\u00e9ro Strasbourg\"},\"image\":{\"@id\":\"https:\\\/\\\/hierostrasbourg.com\\\/#\\\/schema\\\/logo\\\/image\\\/\"},\"sameAs\":[\"https:\\\/\\\/www.facebook.com\\\/fedehierostrasbourg\",\"https:\\\/\\\/x.com\\\/hierostrasbourg\"]}]}<\/script>\n<!-- \/ Yoast SEO plugin. -->","yoast_head_json":{"title":"Appel \u00e0 candidatures pour Les \u201cPrix des liens cr\u00e9atifs et sociaux\u201d de LA FONDATION AUDIENS G\u00c9N\u00c9RATIONS - HIERO STRASBOURG","robots":{"index":"index","follow":"follow","max-snippet":"max-snippet:-1","max-image-preview":"max-image-preview:large","max-video-preview":"max-video-preview:-1"},"canonical":"https:\/\/hierostrasbourg.com\/index.php\/2022\/07\/02\/appel-a-candidatures-pour-les-prix-des-liens-creatifs-et-sociaux-de-la-fondation-audiens-generations\/","og_locale":"fr_FR","og_type":"article","og_title":"Appel \u00e0 candidatures pour Les \u201cPrix des liens cr\u00e9atifs et sociaux\u201d de LA FONDATION AUDIENS G\u00c9N\u00c9RATIONS - HIERO STRASBOURG","og_description":"La Fondation Audiens G\u00e9n\u00e9rations recompensera les nouvelles pratiques et usages qui se d\u00e9veloppent sur les plateformes num\u00e9riques dans le champ de la culture participant \u00e0 la transmission entre les g\u00e9n\u00e9rations. Ainsi, elle poursuit les objectifs suivants\u00a0: Identifier et accompagner des solutions culturelles innovantes sur les m\u00e9dias sociaux et les plateformes num\u00e9riques ; Favoriser l\u2019innovation et l\u2019expression de nouveaux formats culturels num\u00e9riques ; Encourager l\u2019acc\u00e8s \u00e0 la culture et la transmission entre les g\u00e9n\u00e9rations. Trois prix de la Fondation Audiens G\u00e9n\u00e9rations [&hellip;]","og_url":"https:\/\/hierostrasbourg.com\/index.php\/2022\/07\/02\/appel-a-candidatures-pour-les-prix-des-liens-creatifs-et-sociaux-de-la-fondation-audiens-generations\/","og_site_name":"HIERO STRASBOURG","article_publisher":"https:\/\/www.facebook.com\/fedehierostrasbourg","article_published_time":"2022-07-02T18:31:46+00:00","twitter_card":"summary_large_image","twitter_creator":"@hierostrasbourg","twitter_site":"@hierostrasbourg","twitter_misc":{"Dur\u00e9e de lecture estim\u00e9e":"1 minute"},"schema":{"@context":"https:\/\/schema.org","@graph":[{"@type":"Article","@id":"https:\/\/hierostrasbourg.com\/index.php\/2022\/07\/02\/appel-a-candidatures-pour-les-prix-des-liens-creatifs-et-sociaux-de-la-fondation-audiens-generations\/#article","isPartOf":{"@id":"https:\/\/hierostrasbourg.com\/index.php\/2022\/07\/02\/appel-a-candidatures-pour-les-prix-des-liens-creatifs-et-sociaux-de-la-fondation-audiens-generations\/"},"author":{"name":"","@id":""},"headline":"Appel \u00e0 candidatures pour Les \u201cPrix des liens cr\u00e9atifs et sociaux\u201d de LA FONDATION AUDIENS G\u00c9N\u00c9RATIONS","datePublished":"2022-07-02T18:31:46+00:00","mainEntityOfPage":{"@id":"https:\/\/hierostrasbourg.com\/index.php\/2022\/07\/02\/appel-a-candidatures-pour-les-prix-des-liens-creatifs-et-sociaux-de-la-fondation-audiens-generations\/"},"wordCount":230,"publisher":{"@id":"https:\/\/hierostrasbourg.com\/#organization"},"inLanguage":"fr-FR"},{"@type":"WebPage","@id":"https:\/\/hierostrasbourg.com\/index.php\/2022\/07\/02\/appel-a-candidatures-pour-les-prix-des-liens-creatifs-et-sociaux-de-la-fondation-audiens-generations\/","url":"https:\/\/hierostrasbourg.com\/index.php\/2022\/07\/02\/appel-a-candidatures-pour-les-prix-des-liens-creatifs-et-sociaux-de-la-fondation-audiens-generations\/","name":"Appel \u00e0 candidatures pour Les \u201cPrix des liens cr\u00e9atifs et sociaux\u201d de LA FONDATION AUDIENS G\u00c9N\u00c9RATIONS - HIERO STRASBOURG","isPartOf":{"@id":"https:\/\/hierostrasbourg.com\/#website"},"datePublished":"2022-07-02T18:31:46+00:00","breadcrumb":{"@id":"https:\/\/hierostrasbourg.com\/index.php\/2022\/07\/02\/appel-a-candidatures-pour-les-prix-des-liens-creatifs-et-sociaux-de-la-fondation-audiens-generations\/#breadcrumb"},"inLanguage":"fr-FR","potentialAction":[{"@type":"ReadAction","target":["https:\/\/hierostrasbourg.com\/index.php\/2022\/07\/02\/appel-a-candidatures-pour-les-prix-des-liens-creatifs-et-sociaux-de-la-fondation-audiens-generations\/"]}]},{"@type":"BreadcrumbList","@id":"https:\/\/hierostrasbourg.com\/index.php\/2022\/07\/02\/appel-a-candidatures-pour-les-prix-des-liens-creatifs-et-sociaux-de-la-fondation-audiens-generations\/#breadcrumb","itemListElement":[{"@type":"ListItem","position":1,"name":"Accueil","item":"https:\/\/hierostrasbourg.com\/"},{"@type":"ListItem","position":2,"name":"Appel \u00e0 candidatures pour Les \u201cPrix des liens cr\u00e9atifs et sociaux\u201d de LA FONDATION AUDIENS G\u00c9N\u00c9RATIONS"}]},{"@type":"WebSite","@id":"https:\/\/hierostrasbourg.com\/#website","url":"https:\/\/hierostrasbourg.com\/","name":"HIERO STRASBOURG","description":"Centre de Ressources Musiques Actuelles","publisher":{"@id":"https:\/\/hierostrasbourg.com\/#organization"},"potentialAction":[{"@type":"SearchAction","target":{"@type":"EntryPoint","urlTemplate":"https:\/\/hierostrasbourg.com\/?s={search_term_string}"},"query-input":{"@type":"PropertyValueSpecification","valueRequired":true,"valueName":"search_term_string"}}],"inLanguage":"fr-FR"},{"@type":"Organization","@id":"https:\/\/hierostrasbourg.com\/#organization","name":"F\u00e9d\u00e9ration Hi\u00e9ro Strasbourg","url":"https:\/\/hierostrasbourg.com\/","logo":{"@type":"ImageObject","inLanguage":"fr-FR","@id":"https:\/\/hierostrasbourg.com\/#\/schema\/logo\/image\/","url":"https:\/\/hierostrasbourg.com\/wp-content\/uploads\/2026\/04\/logo-hiero-strasbourg.jpg","contentUrl":"https:\/\/hierostrasbourg.com\/wp-content\/uploads\/2026\/04\/logo-hiero-strasbourg.jpg","width":204,"height":192,"caption":"F\u00e9d\u00e9ration Hi\u00e9ro Strasbourg"},"image":{"@id":"https:\/\/hierostrasbourg.com\/#\/schema\/logo\/image\/"},"sameAs":["https:\/\/www.facebook.com\/fedehierostrasbourg","https:\/\/x.com\/hierostrasbourg"]}]}},"_links":{"self":[{"href":"https:\/\/hierostrasbourg.com\/index.php\/wp-json\/wp\/v2\/posts\/3125","targetHints":{"allow":["GET"]}}],"collection":[{"href":"https:\/\/hierostrasbourg.com\/index.php\/wp-json\/wp\/v2\/posts"}],"about":[{"href":"https:\/\/hierostrasbourg.com\/index.php\/wp-json\/wp\/v2\/types\/post"}],"replies":[{"embeddable":true,"href":"https:\/\/hierostrasbourg.com\/index.php\/wp-json\/wp\/v2\/comments?post=3125"}],"version-history":[{"count":0,"href":"https:\/\/hierostrasbourg.com\/index.php\/wp-json\/wp\/v2\/posts\/3125\/revisions"}],"wp:attachment":[{"href":"https:\/\/hierostrasbourg.com\/index.php\/wp-json\/wp\/v2\/media?parent=3125"}],"wp:term":[{"taxonomy":"category","embeddable":true,"href":"https:\/\/hierostrasbourg.com\/index.php\/wp-json\/wp\/v2\/categories?post=3125"},{"taxonomy":"post_tag","embeddable":true,"href":"https:\/\/hierostrasbourg.com\/index.php\/wp-json\/wp\/v2\/tags?post=3125"}],"curies":[{"name":"wp","href":"https:\/\/api.w.org\/{rel}","templated":true}]}}