{"id":3123,"date":"2022-07-02T18:37:35","date_gmt":"2022-07-02T16:37:35","guid":{"rendered":"https:\/\/hierostrasbourg.com\/index.php\/2022\/07\/02\/emmanuel-negrier-la-magie-du-mot-festival-et-du-dispositif-est-toujours-presente\/"},"modified":"2022-07-02T18:37:35","modified_gmt":"2022-07-02T16:37:35","slug":"emmanuel-negrier-la-magie-du-mot-festival-et-du-dispositif-est-toujours-presente","status":"publish","type":"post","link":"https:\/\/hierostrasbourg.com\/index.php\/2022\/07\/02\/emmanuel-negrier-la-magie-du-mot-festival-et-du-dispositif-est-toujours-presente\/","title":{"rendered":"Emmanuel N\u00e9grier : \u00ab La magie du mot festival et du dispositif est toujours pr\u00e9sente \u00bb"},"content":{"rendered":"<p>Le chercheur en science politique a cartographi\u00e9 les quelque 6 800 festivals fran\u00e7ais. Selon lui, l\u2019int\u00e9r\u00eat des publics pour ces \u00e9v\u00e9nements est une tendance durable.<br \/>\nEmmanuel N\u00e9grier travaille depuis 2005 sur la question des festivals culturels. Directeur de recherche au CNRS, responsable du Centre d\u2019\u00e9tudes politiques et sociales de l\u2019universit\u00e9 de Montpellier, il a r\u00e9cemment publi\u00e9, avec le sociologue Aur\u00e9lien Djakouane,\u00a0<em>Festivals, territoire et soci\u00e9t\u00e9<\/em><\/p>\n<p>Source \/ Lire la suite : <a href=\"https:\/\/www.lemonde.fr\/culture\/article\/2022\/07\/02\/emmanuel-negrier-la-magie-du-mot-festival-et-du-dispositif-est-toujours-presente_6133081_3246.html\">Emmanuel N\u00e9grier : \u00ab La magie du mot festival et du dispositif est toujours pr\u00e9sente \u00bb<\/a><\/p>\n<p>L\u2019article <a href=\"https:\/\/popburo.fr\/emmanuel-negrier-la-magie-du-mot-festival-et-du-dispositif-est-toujours-presente\/\">Emmanuel N\u00e9grier : \u00ab La magie du mot festival et du dispositif est toujours pr\u00e9sente \u00bb<\/a> est apparu en premier sur <a href=\"https:\/\/popburo.fr\/\">POP B\u00dcRO<\/a>.<\/p>\n","protected":false},"excerpt":{"rendered":"<p>Le chercheur en science politique a cartographi\u00e9 les quelque 6 800 festivals fran\u00e7ais. Selon lui, l\u2019int\u00e9r\u00eat des publics pour ces \u00e9v\u00e9nements est une tendance durable. Emmanuel N\u00e9grier travaille depuis 2005 sur la question des festivals culturels. Directeur de recherche au CNRS, responsable du Centre d\u2019\u00e9tudes politiques et sociales de l\u2019universit\u00e9 de Montpellier, il a r\u00e9cemment publi\u00e9, avec le sociologue Aur\u00e9lien Djakouane,\u00a0Festivals, territoire et soci\u00e9t\u00e9 Source \/ Lire la suite : Emmanuel N\u00e9grier : \u00ab La magie du mot festival et [&hellip;]<\/p>\n","protected":false},"author":0,"featured_media":0,"comment_status":"closed","ping_status":"open","sticky":false,"template":"","format":"standard","meta":{"footnotes":""},"categories":[1],"tags":[],"class_list":["post-3123","post","type-post","status-publish","format-standard","hentry","category-non-classe"],"yoast_head":"<!-- This site is optimized with the Yoast SEO plugin v27.5 - https:\/\/yoast.com\/product\/yoast-seo-wordpress\/ -->\n<title>Emmanuel N\u00e9grier : \u00ab La magie du mot festival et du dispositif est toujours pr\u00e9sente \u00bb - HIERO STRASBOURG<\/title>\n<meta name=\"robots\" content=\"index, follow, max-snippet:-1, max-image-preview:large, max-video-preview:-1\" \/>\n<link rel=\"canonical\" href=\"https:\/\/hierostrasbourg.com\/index.php\/2022\/07\/02\/emmanuel-negrier-la-magie-du-mot-festival-et-du-dispositif-est-toujours-presente\/\" \/>\n<meta property=\"og:locale\" content=\"fr_FR\" \/>\n<meta property=\"og:type\" content=\"article\" \/>\n<meta property=\"og:title\" content=\"Emmanuel N\u00e9grier : \u00ab La magie du mot festival et du dispositif est toujours pr\u00e9sente \u00bb - HIERO STRASBOURG\" \/>\n<meta property=\"og:description\" content=\"Le chercheur en science politique a cartographi\u00e9 les quelque 6 800 festivals fran\u00e7ais. Selon lui, l\u2019int\u00e9r\u00eat des publics pour ces \u00e9v\u00e9nements est une tendance durable. Emmanuel N\u00e9grier travaille depuis 2005 sur la question des festivals culturels. Directeur de recherche au CNRS, responsable du Centre d\u2019\u00e9tudes politiques et sociales de l\u2019universit\u00e9 de Montpellier, il a r\u00e9cemment publi\u00e9, avec le sociologue Aur\u00e9lien Djakouane,\u00a0Festivals, territoire et soci\u00e9t\u00e9 Source \/ Lire la suite : Emmanuel N\u00e9grier : \u00ab La magie du mot festival et [&hellip;]\" \/>\n<meta property=\"og:url\" content=\"https:\/\/hierostrasbourg.com\/index.php\/2022\/07\/02\/emmanuel-negrier-la-magie-du-mot-festival-et-du-dispositif-est-toujours-presente\/\" \/>\n<meta property=\"og:site_name\" content=\"HIERO STRASBOURG\" \/>\n<meta property=\"article:publisher\" content=\"https:\/\/www.facebook.com\/fedehierostrasbourg\" \/>\n<meta property=\"article:published_time\" content=\"2022-07-02T16:37:35+00:00\" \/>\n<meta name=\"twitter:card\" content=\"summary_large_image\" \/>\n<meta name=\"twitter:creator\" content=\"@hierostrasbourg\" \/>\n<meta name=\"twitter:site\" content=\"@hierostrasbourg\" \/>\n<meta name=\"twitter:label1\" content=\"Dur\u00e9e de lecture estim\u00e9e\" \/>\n\t<meta name=\"twitter:data1\" content=\"1 minute\" \/>\n<script type=\"application\/ld+json\" class=\"yoast-schema-graph\">{\"@context\":\"https:\\\/\\\/schema.org\",\"@graph\":[{\"@type\":\"Article\",\"@id\":\"https:\\\/\\\/hierostrasbourg.com\\\/index.php\\\/2022\\\/07\\\/02\\\/emmanuel-negrier-la-magie-du-mot-festival-et-du-dispositif-est-toujours-presente\\\/#article\",\"isPartOf\":{\"@id\":\"https:\\\/\\\/hierostrasbourg.com\\\/index.php\\\/2022\\\/07\\\/02\\\/emmanuel-negrier-la-magie-du-mot-festival-et-du-dispositif-est-toujours-presente\\\/\"},\"author\":{\"name\":\"\",\"@id\":\"\"},\"headline\":\"Emmanuel N\u00e9grier : \u00ab La magie du mot festival et du dispositif est toujours pr\u00e9sente \u00bb\",\"datePublished\":\"2022-07-02T16:37:35+00:00\",\"mainEntityOfPage\":{\"@id\":\"https:\\\/\\\/hierostrasbourg.com\\\/index.php\\\/2022\\\/07\\\/02\\\/emmanuel-negrier-la-magie-du-mot-festival-et-du-dispositif-est-toujours-presente\\\/\"},\"wordCount\":132,\"publisher\":{\"@id\":\"https:\\\/\\\/hierostrasbourg.com\\\/#organization\"},\"inLanguage\":\"fr-FR\"},{\"@type\":\"WebPage\",\"@id\":\"https:\\\/\\\/hierostrasbourg.com\\\/index.php\\\/2022\\\/07\\\/02\\\/emmanuel-negrier-la-magie-du-mot-festival-et-du-dispositif-est-toujours-presente\\\/\",\"url\":\"https:\\\/\\\/hierostrasbourg.com\\\/index.php\\\/2022\\\/07\\\/02\\\/emmanuel-negrier-la-magie-du-mot-festival-et-du-dispositif-est-toujours-presente\\\/\",\"name\":\"Emmanuel N\u00e9grier : \u00ab La magie du mot festival et du dispositif est toujours pr\u00e9sente \u00bb - HIERO STRASBOURG\",\"isPartOf\":{\"@id\":\"https:\\\/\\\/hierostrasbourg.com\\\/#website\"},\"datePublished\":\"2022-07-02T16:37:35+00:00\",\"breadcrumb\":{\"@id\":\"https:\\\/\\\/hierostrasbourg.com\\\/index.php\\\/2022\\\/07\\\/02\\\/emmanuel-negrier-la-magie-du-mot-festival-et-du-dispositif-est-toujours-presente\\\/#breadcrumb\"},\"inLanguage\":\"fr-FR\",\"potentialAction\":[{\"@type\":\"ReadAction\",\"target\":[\"https:\\\/\\\/hierostrasbourg.com\\\/index.php\\\/2022\\\/07\\\/02\\\/emmanuel-negrier-la-magie-du-mot-festival-et-du-dispositif-est-toujours-presente\\\/\"]}]},{\"@type\":\"BreadcrumbList\",\"@id\":\"https:\\\/\\\/hierostrasbourg.com\\\/index.php\\\/2022\\\/07\\\/02\\\/emmanuel-negrier-la-magie-du-mot-festival-et-du-dispositif-est-toujours-presente\\\/#breadcrumb\",\"itemListElement\":[{\"@type\":\"ListItem\",\"position\":1,\"name\":\"Accueil\",\"item\":\"https:\\\/\\\/hierostrasbourg.com\\\/\"},{\"@type\":\"ListItem\",\"position\":2,\"name\":\"Emmanuel N\u00e9grier : \u00ab La magie du mot festival et du dispositif est toujours pr\u00e9sente \u00bb\"}]},{\"@type\":\"WebSite\",\"@id\":\"https:\\\/\\\/hierostrasbourg.com\\\/#website\",\"url\":\"https:\\\/\\\/hierostrasbourg.com\\\/\",\"name\":\"HIERO STRASBOURG\",\"description\":\"Centre de Ressources Musiques Actuelles\",\"publisher\":{\"@id\":\"https:\\\/\\\/hierostrasbourg.com\\\/#organization\"},\"potentialAction\":[{\"@type\":\"SearchAction\",\"target\":{\"@type\":\"EntryPoint\",\"urlTemplate\":\"https:\\\/\\\/hierostrasbourg.com\\\/?s={search_term_string}\"},\"query-input\":{\"@type\":\"PropertyValueSpecification\",\"valueRequired\":true,\"valueName\":\"search_term_string\"}}],\"inLanguage\":\"fr-FR\"},{\"@type\":\"Organization\",\"@id\":\"https:\\\/\\\/hierostrasbourg.com\\\/#organization\",\"name\":\"F\u00e9d\u00e9ration Hi\u00e9ro Strasbourg\",\"url\":\"https:\\\/\\\/hierostrasbourg.com\\\/\",\"logo\":{\"@type\":\"ImageObject\",\"inLanguage\":\"fr-FR\",\"@id\":\"https:\\\/\\\/hierostrasbourg.com\\\/#\\\/schema\\\/logo\\\/image\\\/\",\"url\":\"https:\\\/\\\/hierostrasbourg.com\\\/wp-content\\\/uploads\\\/2026\\\/04\\\/logo-hiero-strasbourg.jpg\",\"contentUrl\":\"https:\\\/\\\/hierostrasbourg.com\\\/wp-content\\\/uploads\\\/2026\\\/04\\\/logo-hiero-strasbourg.jpg\",\"width\":204,\"height\":192,\"caption\":\"F\u00e9d\u00e9ration Hi\u00e9ro Strasbourg\"},\"image\":{\"@id\":\"https:\\\/\\\/hierostrasbourg.com\\\/#\\\/schema\\\/logo\\\/image\\\/\"},\"sameAs\":[\"https:\\\/\\\/www.facebook.com\\\/fedehierostrasbourg\",\"https:\\\/\\\/x.com\\\/hierostrasbourg\"]}]}<\/script>\n<!-- \/ Yoast SEO plugin. -->","yoast_head_json":{"title":"Emmanuel N\u00e9grier : \u00ab La magie du mot festival et du dispositif est toujours pr\u00e9sente \u00bb - HIERO STRASBOURG","robots":{"index":"index","follow":"follow","max-snippet":"max-snippet:-1","max-image-preview":"max-image-preview:large","max-video-preview":"max-video-preview:-1"},"canonical":"https:\/\/hierostrasbourg.com\/index.php\/2022\/07\/02\/emmanuel-negrier-la-magie-du-mot-festival-et-du-dispositif-est-toujours-presente\/","og_locale":"fr_FR","og_type":"article","og_title":"Emmanuel N\u00e9grier : \u00ab La magie du mot festival et du dispositif est toujours pr\u00e9sente \u00bb - HIERO STRASBOURG","og_description":"Le chercheur en science politique a cartographi\u00e9 les quelque 6 800 festivals fran\u00e7ais. Selon lui, l\u2019int\u00e9r\u00eat des publics pour ces \u00e9v\u00e9nements est une tendance durable. Emmanuel N\u00e9grier travaille depuis 2005 sur la question des festivals culturels. Directeur de recherche au CNRS, responsable du Centre d\u2019\u00e9tudes politiques et sociales de l\u2019universit\u00e9 de Montpellier, il a r\u00e9cemment publi\u00e9, avec le sociologue Aur\u00e9lien Djakouane,\u00a0Festivals, territoire et soci\u00e9t\u00e9 Source \/ Lire la suite : Emmanuel N\u00e9grier : \u00ab La magie du mot festival et [&hellip;]","og_url":"https:\/\/hierostrasbourg.com\/index.php\/2022\/07\/02\/emmanuel-negrier-la-magie-du-mot-festival-et-du-dispositif-est-toujours-presente\/","og_site_name":"HIERO STRASBOURG","article_publisher":"https:\/\/www.facebook.com\/fedehierostrasbourg","article_published_time":"2022-07-02T16:37:35+00:00","twitter_card":"summary_large_image","twitter_creator":"@hierostrasbourg","twitter_site":"@hierostrasbourg","twitter_misc":{"Dur\u00e9e de lecture estim\u00e9e":"1 minute"},"schema":{"@context":"https:\/\/schema.org","@graph":[{"@type":"Article","@id":"https:\/\/hierostrasbourg.com\/index.php\/2022\/07\/02\/emmanuel-negrier-la-magie-du-mot-festival-et-du-dispositif-est-toujours-presente\/#article","isPartOf":{"@id":"https:\/\/hierostrasbourg.com\/index.php\/2022\/07\/02\/emmanuel-negrier-la-magie-du-mot-festival-et-du-dispositif-est-toujours-presente\/"},"author":{"name":"","@id":""},"headline":"Emmanuel N\u00e9grier : \u00ab La magie du mot festival et du dispositif est toujours pr\u00e9sente \u00bb","datePublished":"2022-07-02T16:37:35+00:00","mainEntityOfPage":{"@id":"https:\/\/hierostrasbourg.com\/index.php\/2022\/07\/02\/emmanuel-negrier-la-magie-du-mot-festival-et-du-dispositif-est-toujours-presente\/"},"wordCount":132,"publisher":{"@id":"https:\/\/hierostrasbourg.com\/#organization"},"inLanguage":"fr-FR"},{"@type":"WebPage","@id":"https:\/\/hierostrasbourg.com\/index.php\/2022\/07\/02\/emmanuel-negrier-la-magie-du-mot-festival-et-du-dispositif-est-toujours-presente\/","url":"https:\/\/hierostrasbourg.com\/index.php\/2022\/07\/02\/emmanuel-negrier-la-magie-du-mot-festival-et-du-dispositif-est-toujours-presente\/","name":"Emmanuel N\u00e9grier : \u00ab La magie du mot festival et du dispositif est toujours pr\u00e9sente \u00bb - HIERO STRASBOURG","isPartOf":{"@id":"https:\/\/hierostrasbourg.com\/#website"},"datePublished":"2022-07-02T16:37:35+00:00","breadcrumb":{"@id":"https:\/\/hierostrasbourg.com\/index.php\/2022\/07\/02\/emmanuel-negrier-la-magie-du-mot-festival-et-du-dispositif-est-toujours-presente\/#breadcrumb"},"inLanguage":"fr-FR","potentialAction":[{"@type":"ReadAction","target":["https:\/\/hierostrasbourg.com\/index.php\/2022\/07\/02\/emmanuel-negrier-la-magie-du-mot-festival-et-du-dispositif-est-toujours-presente\/"]}]},{"@type":"BreadcrumbList","@id":"https:\/\/hierostrasbourg.com\/index.php\/2022\/07\/02\/emmanuel-negrier-la-magie-du-mot-festival-et-du-dispositif-est-toujours-presente\/#breadcrumb","itemListElement":[{"@type":"ListItem","position":1,"name":"Accueil","item":"https:\/\/hierostrasbourg.com\/"},{"@type":"ListItem","position":2,"name":"Emmanuel N\u00e9grier : \u00ab La magie du mot festival et du dispositif est toujours pr\u00e9sente \u00bb"}]},{"@type":"WebSite","@id":"https:\/\/hierostrasbourg.com\/#website","url":"https:\/\/hierostrasbourg.com\/","name":"HIERO STRASBOURG","description":"Centre de Ressources Musiques Actuelles","publisher":{"@id":"https:\/\/hierostrasbourg.com\/#organization"},"potentialAction":[{"@type":"SearchAction","target":{"@type":"EntryPoint","urlTemplate":"https:\/\/hierostrasbourg.com\/?s={search_term_string}"},"query-input":{"@type":"PropertyValueSpecification","valueRequired":true,"valueName":"search_term_string"}}],"inLanguage":"fr-FR"},{"@type":"Organization","@id":"https:\/\/hierostrasbourg.com\/#organization","name":"F\u00e9d\u00e9ration Hi\u00e9ro Strasbourg","url":"https:\/\/hierostrasbourg.com\/","logo":{"@type":"ImageObject","inLanguage":"fr-FR","@id":"https:\/\/hierostrasbourg.com\/#\/schema\/logo\/image\/","url":"https:\/\/hierostrasbourg.com\/wp-content\/uploads\/2026\/04\/logo-hiero-strasbourg.jpg","contentUrl":"https:\/\/hierostrasbourg.com\/wp-content\/uploads\/2026\/04\/logo-hiero-strasbourg.jpg","width":204,"height":192,"caption":"F\u00e9d\u00e9ration Hi\u00e9ro Strasbourg"},"image":{"@id":"https:\/\/hierostrasbourg.com\/#\/schema\/logo\/image\/"},"sameAs":["https:\/\/www.facebook.com\/fedehierostrasbourg","https:\/\/x.com\/hierostrasbourg"]}]}},"_links":{"self":[{"href":"https:\/\/hierostrasbourg.com\/index.php\/wp-json\/wp\/v2\/posts\/3123","targetHints":{"allow":["GET"]}}],"collection":[{"href":"https:\/\/hierostrasbourg.com\/index.php\/wp-json\/wp\/v2\/posts"}],"about":[{"href":"https:\/\/hierostrasbourg.com\/index.php\/wp-json\/wp\/v2\/types\/post"}],"replies":[{"embeddable":true,"href":"https:\/\/hierostrasbourg.com\/index.php\/wp-json\/wp\/v2\/comments?post=3123"}],"version-history":[{"count":0,"href":"https:\/\/hierostrasbourg.com\/index.php\/wp-json\/wp\/v2\/posts\/3123\/revisions"}],"wp:attachment":[{"href":"https:\/\/hierostrasbourg.com\/index.php\/wp-json\/wp\/v2\/media?parent=3123"}],"wp:term":[{"taxonomy":"category","embeddable":true,"href":"https:\/\/hierostrasbourg.com\/index.php\/wp-json\/wp\/v2\/categories?post=3123"},{"taxonomy":"post_tag","embeddable":true,"href":"https:\/\/hierostrasbourg.com\/index.php\/wp-json\/wp\/v2\/tags?post=3123"}],"curies":[{"name":"wp","href":"https:\/\/api.w.org\/{rel}","templated":true}]}}