{"id":3110,"date":"2022-07-02T13:36:30","date_gmt":"2022-07-02T11:36:30","guid":{"rendered":"https:\/\/hierostrasbourg.com\/index.php\/2022\/07\/02\/ouverture-des-candidatures-pour-le-tremplin-du-festival-longevity-strasbourg\/"},"modified":"2022-07-02T13:36:30","modified_gmt":"2022-07-02T11:36:30","slug":"ouverture-des-candidatures-pour-le-tremplin-du-festival-longevity-strasbourg","status":"publish","type":"post","link":"https:\/\/hierostrasbourg.com\/index.php\/2022\/07\/02\/ouverture-des-candidatures-pour-le-tremplin-du-festival-longevity-strasbourg\/","title":{"rendered":"ouverture des candidatures pour le tremplin du festival LONGEVITY [Strasbourg]"},"content":{"rendered":"<p><span>communiqu\u00e9\u00a0<\/span><\/p>\n<p><em>Fid\u00e8le \u00e0 la tradition, Longevity relance son tremplin pour Producteurs et Dj\u2019s amateurs du Grand-Est (France) et du Bade Wurtemberg (Allemagne). En 2022, ce sont trois artistes (Live et\/ou Dj set) qui seront s\u00e9lectionn\u00e9s et invit\u00e9s \u00e0 se produire au Longevity Festival les 26, 27 ou 28 ao\u00fbt prochain \u00e0 Strasbourg en ouverture de journ\u00e9e.<\/em><\/p>\n<h2><em>CE QUE TU DOIS SAVOIR <\/em><\/h2>\n<p><em>Il faut \u00eatre un artiste amateur et r\u00e9sider dans le Grand-Est ou dans le Bade-Wurtemberg<\/em><br \/>\n<em>Il est possible de se porter candidat en tant que live act ou dj<\/em><br \/>\n<em>Les participants peuvent laisser libre court \u00e0 leurs envies en tenant compte du cr\u00e9neau \u201cWarm up\u201d (lancement de journ\u00e9e) qui leur est confi\u00e9<\/em><br \/>\n<em>Les outils de synchronisation BPM sont interdits<\/em><\/p>\n<h2><em>TU METS QUOI DANS TON SET ?<\/em><\/h2>\n<p><em>\u00c0 noter : le set ne devra pas d\u00e9passer 60 min<\/em><\/p>\n<h4><em>Vendredi : Remue-Meninges<\/em><\/h4>\n<p><em>L\u2019artiste s\u00e9lectionn\u00e9 sera invit\u00e9 \u00e0 se produire en ouverture du festival le vendredi 26 ao\u00fbt 2022. Un coup d\u2019oreille \u00e0 la programmation vous donnera le ton de cette journ\u00e9e. La th\u00e9matique concernant ce cr\u00e9neau tourne autour des musiques exp\u00e9rimentales, down-tempo, jazzy, hip-hop, ambient, electronica ou autres propositions du genre (\u2026). Soyez audacieux et no-limit dans votre cr\u00e9ativit\u00e9 !<\/em><\/p>\n<h4><em>Samedi : \u00c7a tape du pied<\/em><\/h4>\n<p><em>L\u2019artiste s\u00e9lectionn\u00e9 sera invit\u00e9 \u00e0 se produire en ouverture de la journ\u00e9e du samedi 27 ao\u00fbt 2022. Un coup d\u2019oreille \u00e0 la programmation vous donnera le ton de cette journ\u00e9e. Un seul mot d\u2019ordre, pr\u00e9-chauffer le dancefloor ! L\u2019\u00e9nergie d\u00e9gag\u00e9e, le caract\u00e8re dansant et la qualit\u00e9 du set seront primordiaux lors de la s\u00e9lection, en tenant compte de la ligne artistique propos\u00e9e au cours des derni\u00e8res \u00e9ditions.<\/em><\/p>\n<h4><em>Dimanche : Du Groove<\/em><\/h4>\n<p><em>L\u2019artiste s\u00e9lectionn\u00e9 sera invit\u00e9 \u00e0 se produire le dimanche 28 ao\u00fbt 2022. Juste apr\u00e8s la Kids Party, on compte sur vous pour r\u00e9aliser la transition parfaite et faire basculer cette journ\u00e9e dans l\u2019ambiance si particuli\u00e8re qu\u2019est celle du Longevity ! House, Micro, Garage, Jazz, Chill out, Down tempo, Funk etc\u2026 ou tout \u00e0 la fois, soyez ouvert et profitez-en pour nous montrer combien vous \u00eates HOT derri\u00e8res des platines\/machines !<\/em><\/p>\n<h2><em>INFOS PRATIQUES<\/em><\/h2>\n<p><em>Cl\u00f4ture du formulaire de candidature le 10 juillet 2022 \u00e0 minuit<\/em><br \/>\n<em>Un jury pr\u00e9sid\u00e9 par notre programmateur et compos\u00e9 de membres de l\u2019\u00e9quipe statuera sur les candidatures<\/em><br \/>\n<em>Les candidats retenus seront avertis par mail mi-juillet<\/em><br \/>\n<em>Les laur\u00e9ats percevront un cachet artistique de 120\u20ac et auront l\u2019opportunit\u00e9 de se produire en ouverture d\u2019une des trois journ\u00e9e du festival le vendredi 26, le samedi 27 ou le dimanche 28 ao\u00fbt 2022<\/em><br \/>\n<em>Tout dossier incomplet pourrait mettre en p\u00e9ril votre candidature<\/em><\/p>\n<p><em>Pour toute question n\u2019h\u00e9sitez pas \u00e0 nous contacter via Facebook ou par mail \u00e0 <a href=\"mailto:contact@longevity-festival.com\">contact@longevity-festival.com<\/a><\/em><\/p>\n<p><a class=\"maxbutton-1 maxbutton\" href=\"https:\/\/forms.gle\/BSuot574DBxyjaEF7\"><span class=\"mb-text\">CANDIDATEZ<\/span><\/a><\/p>\n<p>L\u2019article <a href=\"https:\/\/popburo.fr\/ouverture-des-candidatures-pour-le-tremplin-du-festival-longevity-strasbourg\/\">ouverture des candidatures pour le tremplin du festival LONGEVITY [Strasbourg]<\/a> est apparu en premier sur <a href=\"https:\/\/popburo.fr\/\">POP B\u00dcRO<\/a>.<\/p>\n","protected":false},"excerpt":{"rendered":"<p>communiqu\u00e9\u00a0 Fid\u00e8le \u00e0 la tradition, Longevity relance son tremplin pour Producteurs et Dj\u2019s amateurs du Grand-Est (France) et du Bade Wurtemberg (Allemagne). En 2022, ce sont trois artistes (Live et\/ou Dj set) qui seront s\u00e9lectionn\u00e9s et invit\u00e9s \u00e0 se produire au Longevity Festival les 26, 27 ou 28 ao\u00fbt prochain \u00e0 Strasbourg en ouverture de journ\u00e9e. CE QUE TU DOIS SAVOIR Il faut \u00eatre un artiste amateur et r\u00e9sider dans le Grand-Est ou dans le Bade-Wurtemberg Il est possible de [&hellip;]<\/p>\n","protected":false},"author":0,"featured_media":0,"comment_status":"closed","ping_status":"open","sticky":false,"template":"","format":"standard","meta":{"footnotes":""},"categories":[1],"tags":[],"class_list":["post-3110","post","type-post","status-publish","format-standard","hentry","category-non-classe"],"yoast_head":"<!-- This site is optimized with the Yoast SEO plugin v27.5 - https:\/\/yoast.com\/product\/yoast-seo-wordpress\/ -->\n<title>ouverture des candidatures pour le tremplin du festival LONGEVITY [Strasbourg] - HIERO STRASBOURG<\/title>\n<meta name=\"robots\" content=\"index, follow, max-snippet:-1, max-image-preview:large, max-video-preview:-1\" \/>\n<link rel=\"canonical\" href=\"https:\/\/hierostrasbourg.com\/index.php\/2022\/07\/02\/ouverture-des-candidatures-pour-le-tremplin-du-festival-longevity-strasbourg\/\" \/>\n<meta property=\"og:locale\" content=\"fr_FR\" \/>\n<meta property=\"og:type\" content=\"article\" \/>\n<meta property=\"og:title\" content=\"ouverture des candidatures pour le tremplin du festival LONGEVITY [Strasbourg] - HIERO STRASBOURG\" \/>\n<meta property=\"og:description\" content=\"communiqu\u00e9\u00a0 Fid\u00e8le \u00e0 la tradition, Longevity relance son tremplin pour Producteurs et Dj\u2019s amateurs du Grand-Est (France) et du Bade Wurtemberg (Allemagne). En 2022, ce sont trois artistes (Live et\/ou Dj set) qui seront s\u00e9lectionn\u00e9s et invit\u00e9s \u00e0 se produire au Longevity Festival les 26, 27 ou 28 ao\u00fbt prochain \u00e0 Strasbourg en ouverture de journ\u00e9e. CE QUE TU DOIS SAVOIR Il faut \u00eatre un artiste amateur et r\u00e9sider dans le Grand-Est ou dans le Bade-Wurtemberg Il est possible de [&hellip;]\" \/>\n<meta property=\"og:url\" content=\"https:\/\/hierostrasbourg.com\/index.php\/2022\/07\/02\/ouverture-des-candidatures-pour-le-tremplin-du-festival-longevity-strasbourg\/\" \/>\n<meta property=\"og:site_name\" content=\"HIERO STRASBOURG\" \/>\n<meta property=\"article:publisher\" content=\"https:\/\/www.facebook.com\/fedehierostrasbourg\" \/>\n<meta property=\"article:published_time\" content=\"2022-07-02T11:36:30+00:00\" \/>\n<meta name=\"twitter:card\" content=\"summary_large_image\" \/>\n<meta name=\"twitter:creator\" content=\"@hierostrasbourg\" \/>\n<meta name=\"twitter:site\" content=\"@hierostrasbourg\" \/>\n<meta name=\"twitter:label1\" content=\"Dur\u00e9e de lecture estim\u00e9e\" \/>\n\t<meta name=\"twitter:data1\" content=\"2 minutes\" \/>\n<script type=\"application\/ld+json\" class=\"yoast-schema-graph\">{\"@context\":\"https:\\\/\\\/schema.org\",\"@graph\":[{\"@type\":\"Article\",\"@id\":\"https:\\\/\\\/hierostrasbourg.com\\\/index.php\\\/2022\\\/07\\\/02\\\/ouverture-des-candidatures-pour-le-tremplin-du-festival-longevity-strasbourg\\\/#article\",\"isPartOf\":{\"@id\":\"https:\\\/\\\/hierostrasbourg.com\\\/index.php\\\/2022\\\/07\\\/02\\\/ouverture-des-candidatures-pour-le-tremplin-du-festival-longevity-strasbourg\\\/\"},\"author\":{\"name\":\"\",\"@id\":\"\"},\"headline\":\"ouverture des candidatures pour le tremplin du festival LONGEVITY [Strasbourg]\",\"datePublished\":\"2022-07-02T11:36:30+00:00\",\"mainEntityOfPage\":{\"@id\":\"https:\\\/\\\/hierostrasbourg.com\\\/index.php\\\/2022\\\/07\\\/02\\\/ouverture-des-candidatures-pour-le-tremplin-du-festival-longevity-strasbourg\\\/\"},\"wordCount\":490,\"publisher\":{\"@id\":\"https:\\\/\\\/hierostrasbourg.com\\\/#organization\"},\"inLanguage\":\"fr-FR\"},{\"@type\":\"WebPage\",\"@id\":\"https:\\\/\\\/hierostrasbourg.com\\\/index.php\\\/2022\\\/07\\\/02\\\/ouverture-des-candidatures-pour-le-tremplin-du-festival-longevity-strasbourg\\\/\",\"url\":\"https:\\\/\\\/hierostrasbourg.com\\\/index.php\\\/2022\\\/07\\\/02\\\/ouverture-des-candidatures-pour-le-tremplin-du-festival-longevity-strasbourg\\\/\",\"name\":\"ouverture des candidatures pour le tremplin du festival LONGEVITY [Strasbourg] - HIERO STRASBOURG\",\"isPartOf\":{\"@id\":\"https:\\\/\\\/hierostrasbourg.com\\\/#website\"},\"datePublished\":\"2022-07-02T11:36:30+00:00\",\"breadcrumb\":{\"@id\":\"https:\\\/\\\/hierostrasbourg.com\\\/index.php\\\/2022\\\/07\\\/02\\\/ouverture-des-candidatures-pour-le-tremplin-du-festival-longevity-strasbourg\\\/#breadcrumb\"},\"inLanguage\":\"fr-FR\",\"potentialAction\":[{\"@type\":\"ReadAction\",\"target\":[\"https:\\\/\\\/hierostrasbourg.com\\\/index.php\\\/2022\\\/07\\\/02\\\/ouverture-des-candidatures-pour-le-tremplin-du-festival-longevity-strasbourg\\\/\"]}]},{\"@type\":\"BreadcrumbList\",\"@id\":\"https:\\\/\\\/hierostrasbourg.com\\\/index.php\\\/2022\\\/07\\\/02\\\/ouverture-des-candidatures-pour-le-tremplin-du-festival-longevity-strasbourg\\\/#breadcrumb\",\"itemListElement\":[{\"@type\":\"ListItem\",\"position\":1,\"name\":\"Accueil\",\"item\":\"https:\\\/\\\/hierostrasbourg.com\\\/\"},{\"@type\":\"ListItem\",\"position\":2,\"name\":\"ouverture des candidatures pour le tremplin du festival LONGEVITY [Strasbourg]\"}]},{\"@type\":\"WebSite\",\"@id\":\"https:\\\/\\\/hierostrasbourg.com\\\/#website\",\"url\":\"https:\\\/\\\/hierostrasbourg.com\\\/\",\"name\":\"HIERO STRASBOURG\",\"description\":\"Centre de Ressources Musiques Actuelles\",\"publisher\":{\"@id\":\"https:\\\/\\\/hierostrasbourg.com\\\/#organization\"},\"potentialAction\":[{\"@type\":\"SearchAction\",\"target\":{\"@type\":\"EntryPoint\",\"urlTemplate\":\"https:\\\/\\\/hierostrasbourg.com\\\/?s={search_term_string}\"},\"query-input\":{\"@type\":\"PropertyValueSpecification\",\"valueRequired\":true,\"valueName\":\"search_term_string\"}}],\"inLanguage\":\"fr-FR\"},{\"@type\":\"Organization\",\"@id\":\"https:\\\/\\\/hierostrasbourg.com\\\/#organization\",\"name\":\"F\u00e9d\u00e9ration Hi\u00e9ro Strasbourg\",\"url\":\"https:\\\/\\\/hierostrasbourg.com\\\/\",\"logo\":{\"@type\":\"ImageObject\",\"inLanguage\":\"fr-FR\",\"@id\":\"https:\\\/\\\/hierostrasbourg.com\\\/#\\\/schema\\\/logo\\\/image\\\/\",\"url\":\"https:\\\/\\\/hierostrasbourg.com\\\/wp-content\\\/uploads\\\/2026\\\/04\\\/logo-hiero-strasbourg.jpg\",\"contentUrl\":\"https:\\\/\\\/hierostrasbourg.com\\\/wp-content\\\/uploads\\\/2026\\\/04\\\/logo-hiero-strasbourg.jpg\",\"width\":204,\"height\":192,\"caption\":\"F\u00e9d\u00e9ration Hi\u00e9ro Strasbourg\"},\"image\":{\"@id\":\"https:\\\/\\\/hierostrasbourg.com\\\/#\\\/schema\\\/logo\\\/image\\\/\"},\"sameAs\":[\"https:\\\/\\\/www.facebook.com\\\/fedehierostrasbourg\",\"https:\\\/\\\/x.com\\\/hierostrasbourg\"]}]}<\/script>\n<!-- \/ Yoast SEO plugin. -->","yoast_head_json":{"title":"ouverture des candidatures pour le tremplin du festival LONGEVITY [Strasbourg] - HIERO STRASBOURG","robots":{"index":"index","follow":"follow","max-snippet":"max-snippet:-1","max-image-preview":"max-image-preview:large","max-video-preview":"max-video-preview:-1"},"canonical":"https:\/\/hierostrasbourg.com\/index.php\/2022\/07\/02\/ouverture-des-candidatures-pour-le-tremplin-du-festival-longevity-strasbourg\/","og_locale":"fr_FR","og_type":"article","og_title":"ouverture des candidatures pour le tremplin du festival LONGEVITY [Strasbourg] - HIERO STRASBOURG","og_description":"communiqu\u00e9\u00a0 Fid\u00e8le \u00e0 la tradition, Longevity relance son tremplin pour Producteurs et Dj\u2019s amateurs du Grand-Est (France) et du Bade Wurtemberg (Allemagne). En 2022, ce sont trois artistes (Live et\/ou Dj set) qui seront s\u00e9lectionn\u00e9s et invit\u00e9s \u00e0 se produire au Longevity Festival les 26, 27 ou 28 ao\u00fbt prochain \u00e0 Strasbourg en ouverture de journ\u00e9e. CE QUE TU DOIS SAVOIR Il faut \u00eatre un artiste amateur et r\u00e9sider dans le Grand-Est ou dans le Bade-Wurtemberg Il est possible de [&hellip;]","og_url":"https:\/\/hierostrasbourg.com\/index.php\/2022\/07\/02\/ouverture-des-candidatures-pour-le-tremplin-du-festival-longevity-strasbourg\/","og_site_name":"HIERO STRASBOURG","article_publisher":"https:\/\/www.facebook.com\/fedehierostrasbourg","article_published_time":"2022-07-02T11:36:30+00:00","twitter_card":"summary_large_image","twitter_creator":"@hierostrasbourg","twitter_site":"@hierostrasbourg","twitter_misc":{"Dur\u00e9e de lecture estim\u00e9e":"2 minutes"},"schema":{"@context":"https:\/\/schema.org","@graph":[{"@type":"Article","@id":"https:\/\/hierostrasbourg.com\/index.php\/2022\/07\/02\/ouverture-des-candidatures-pour-le-tremplin-du-festival-longevity-strasbourg\/#article","isPartOf":{"@id":"https:\/\/hierostrasbourg.com\/index.php\/2022\/07\/02\/ouverture-des-candidatures-pour-le-tremplin-du-festival-longevity-strasbourg\/"},"author":{"name":"","@id":""},"headline":"ouverture des candidatures pour le tremplin du festival LONGEVITY [Strasbourg]","datePublished":"2022-07-02T11:36:30+00:00","mainEntityOfPage":{"@id":"https:\/\/hierostrasbourg.com\/index.php\/2022\/07\/02\/ouverture-des-candidatures-pour-le-tremplin-du-festival-longevity-strasbourg\/"},"wordCount":490,"publisher":{"@id":"https:\/\/hierostrasbourg.com\/#organization"},"inLanguage":"fr-FR"},{"@type":"WebPage","@id":"https:\/\/hierostrasbourg.com\/index.php\/2022\/07\/02\/ouverture-des-candidatures-pour-le-tremplin-du-festival-longevity-strasbourg\/","url":"https:\/\/hierostrasbourg.com\/index.php\/2022\/07\/02\/ouverture-des-candidatures-pour-le-tremplin-du-festival-longevity-strasbourg\/","name":"ouverture des candidatures pour le tremplin du festival LONGEVITY [Strasbourg] - HIERO STRASBOURG","isPartOf":{"@id":"https:\/\/hierostrasbourg.com\/#website"},"datePublished":"2022-07-02T11:36:30+00:00","breadcrumb":{"@id":"https:\/\/hierostrasbourg.com\/index.php\/2022\/07\/02\/ouverture-des-candidatures-pour-le-tremplin-du-festival-longevity-strasbourg\/#breadcrumb"},"inLanguage":"fr-FR","potentialAction":[{"@type":"ReadAction","target":["https:\/\/hierostrasbourg.com\/index.php\/2022\/07\/02\/ouverture-des-candidatures-pour-le-tremplin-du-festival-longevity-strasbourg\/"]}]},{"@type":"BreadcrumbList","@id":"https:\/\/hierostrasbourg.com\/index.php\/2022\/07\/02\/ouverture-des-candidatures-pour-le-tremplin-du-festival-longevity-strasbourg\/#breadcrumb","itemListElement":[{"@type":"ListItem","position":1,"name":"Accueil","item":"https:\/\/hierostrasbourg.com\/"},{"@type":"ListItem","position":2,"name":"ouverture des candidatures pour le tremplin du festival LONGEVITY [Strasbourg]"}]},{"@type":"WebSite","@id":"https:\/\/hierostrasbourg.com\/#website","url":"https:\/\/hierostrasbourg.com\/","name":"HIERO STRASBOURG","description":"Centre de Ressources Musiques Actuelles","publisher":{"@id":"https:\/\/hierostrasbourg.com\/#organization"},"potentialAction":[{"@type":"SearchAction","target":{"@type":"EntryPoint","urlTemplate":"https:\/\/hierostrasbourg.com\/?s={search_term_string}"},"query-input":{"@type":"PropertyValueSpecification","valueRequired":true,"valueName":"search_term_string"}}],"inLanguage":"fr-FR"},{"@type":"Organization","@id":"https:\/\/hierostrasbourg.com\/#organization","name":"F\u00e9d\u00e9ration Hi\u00e9ro Strasbourg","url":"https:\/\/hierostrasbourg.com\/","logo":{"@type":"ImageObject","inLanguage":"fr-FR","@id":"https:\/\/hierostrasbourg.com\/#\/schema\/logo\/image\/","url":"https:\/\/hierostrasbourg.com\/wp-content\/uploads\/2026\/04\/logo-hiero-strasbourg.jpg","contentUrl":"https:\/\/hierostrasbourg.com\/wp-content\/uploads\/2026\/04\/logo-hiero-strasbourg.jpg","width":204,"height":192,"caption":"F\u00e9d\u00e9ration Hi\u00e9ro Strasbourg"},"image":{"@id":"https:\/\/hierostrasbourg.com\/#\/schema\/logo\/image\/"},"sameAs":["https:\/\/www.facebook.com\/fedehierostrasbourg","https:\/\/x.com\/hierostrasbourg"]}]}},"_links":{"self":[{"href":"https:\/\/hierostrasbourg.com\/index.php\/wp-json\/wp\/v2\/posts\/3110","targetHints":{"allow":["GET"]}}],"collection":[{"href":"https:\/\/hierostrasbourg.com\/index.php\/wp-json\/wp\/v2\/posts"}],"about":[{"href":"https:\/\/hierostrasbourg.com\/index.php\/wp-json\/wp\/v2\/types\/post"}],"replies":[{"embeddable":true,"href":"https:\/\/hierostrasbourg.com\/index.php\/wp-json\/wp\/v2\/comments?post=3110"}],"version-history":[{"count":0,"href":"https:\/\/hierostrasbourg.com\/index.php\/wp-json\/wp\/v2\/posts\/3110\/revisions"}],"wp:attachment":[{"href":"https:\/\/hierostrasbourg.com\/index.php\/wp-json\/wp\/v2\/media?parent=3110"}],"wp:term":[{"taxonomy":"category","embeddable":true,"href":"https:\/\/hierostrasbourg.com\/index.php\/wp-json\/wp\/v2\/categories?post=3110"},{"taxonomy":"post_tag","embeddable":true,"href":"https:\/\/hierostrasbourg.com\/index.php\/wp-json\/wp\/v2\/tags?post=3110"}],"curies":[{"name":"wp","href":"https:\/\/api.w.org\/{rel}","templated":true}]}}