{"id":3107,"date":"2022-07-02T11:37:07","date_gmt":"2022-07-02T09:37:07","guid":{"rendered":"https:\/\/hierostrasbourg.com\/index.php\/2022\/07\/02\/rapport-de-transparence-de-la-sppf-2\/"},"modified":"2022-07-02T11:37:07","modified_gmt":"2022-07-02T09:37:07","slug":"rapport-de-transparence-de-la-sppf-2","status":"publish","type":"post","link":"https:\/\/hierostrasbourg.com\/index.php\/2022\/07\/02\/rapport-de-transparence-de-la-sppf-2\/","title":{"rendered":"Rapport de transparence de la SPPF"},"content":{"rendered":"<p><span>communiqu\u00e9\u00a0<\/span><\/p>\n<h2><em>Une ann\u00e9e exceptionnelle en termes de r\u00e9partitions et d\u2019avances financi\u00e8res <\/em><\/h2>\n<p><em>En 2021, les perceptions totales de la SPPF se sont \u00e9lev\u00e9es \u00e0 32,5 M\u20ac, en progression par rapport \u00e0 2020 (25,4 M\u20ac). Cette augmentation est due essentiellement \u00e0 un d\u00e9blocage en d\u00e9but 2021 de droits \u00e0 r\u00e9mun\u00e9ration qui auraient d\u00fb \u00eatre vers\u00e9s par la SCPA au cours du dernier trimestre 2020. En 2021, l\u2019impact n\u00e9gatif du Covid sur la perception de la R\u00e9mun\u00e9ration \u00c9quitable s\u2019est prolong\u00e9 : si les perceptions de la SPRE ont atteint 108,8 M\u20ac l\u2019an dernier contre 106,1 M\u20ac en 2020, le niveau de perception de 2019, soit 135,2 M\u20ac, n\u2019a pas encore pu \u00eatre rattrap\u00e9. Nous avons bon espoir qu\u2019il le soit en revanche \u00e0 compter de 2022. Parall\u00e8lement, pr\u00e8s de 43,5 M\u20ac nets ont \u00e9t\u00e9 r\u00e9partis aux associ\u00e9s de la SPPF. Ce montant inclut les droits r\u00e9partis de 30,3 M\u20ac, les subventions accord\u00e9es de 5,4 M\u20ac, la hausse de l\u2019avance financi\u00e8re de 3,5 M\u20ac et la mise en place d\u2019une avance structurelle de 4,3 M\u20ac en 2021*. Soit une augmentation tr\u00e8s significative de 15,2 M\u20ac par rapport \u00e0 2020. La SPPF a ainsi d\u00e9cid\u00e9 de pratiquer une politique de r\u00e9partition encore plus dynamique, afin de mettre \u00e0 disposition des producteurs ind\u00e9pendants la tr\u00e9sorerie dont elle dispose. Le montant \u00e9lev\u00e9 de ces r\u00e9partitions s\u2019explique \u00e9galement par le produit d\u2019une r\u00e9gularisation d\u00e9finitive de la Copie Priv\u00e9e pour les ann\u00e9es de droit 2018 et 2019, \u00e0 la suite d\u2019un accord intervenu avec la SCPP pour convenir de nouvelles r\u00e8gles de r\u00e9partition applicables aux phonogrammes de Livres Audio. Malgr\u00e9 un contexte encore d\u00e9favorable, la SPPF a pu maintenir un taux de retenue tr\u00e8s faible (8,5 % sur la R\u00e9mun\u00e9ration \u00c9quitable et 6 % sur les droits vid\u00e9os). La SPPF a aid\u00e9 836 projets, avec un taux d\u2019acceptation de 85 %. Les montants affect\u00e9s \u00e0 des aides directes aux associ\u00e9s de la SPPF et \u00e0 des organismes de la fili\u00e8re musicale se sont \u00e9lev\u00e9s \u00e0 5,4 M\u20ac (contre 6,8 M\u20ac en 2020). Cette baisse est due aux cons\u00e9quences directes de l\u2019arr\u00eat RAAP qui a entra\u00een\u00e9 une chute drastique des budgets consacr\u00e9s aux aides de la part des OGC de droits voisins. Un grand nombre d\u2019organisations de producteurs phonographiques europ\u00e9ens et d\u2019artistes-interpr\u00e8tes, s\u2019est fortement mobilis\u00e9 tant aupr\u00e8s des autorit\u00e9s fran\u00e7aises qu\u2019europ\u00e9ennes afin de proc\u00e9der \u00e0 une r\u00e9vision de la directive de 2006 sur certains droits voisins pour r\u00e9parer les cons\u00e9quences de l\u2019arr\u00eat RAAP. Sur le plan europ\u00e9en, le transfert actuel ou potentiel des droits \u00e0 R\u00e9mun\u00e9ration \u00c9quitable au b\u00e9n\u00e9fice principalement des ayants droit am\u00e9ricains repr\u00e9sente environ 125 M\u20ac par an. Au niveau fran\u00e7ais, c\u2019est pr\u00e8s de 25 M\u20ac d\u2019aides dont sont priv\u00e9s annuellement les producteurs phonographiques, les artistes-interpr\u00e8tes, le spectacle vivant, les festivals et plus g\u00e9n\u00e9ralement tous les acteurs de la cr\u00e9ation musicale. La SPPF reste confiante dans une issue positive de ce dossier majeur avant la fin de cette ann\u00e9e et esp\u00e8re que la pr\u00e9sidence fran\u00e7aise de l\u2019Union Europ\u00e9enne permettra d\u2019en acc\u00e9l\u00e9rer le traitement. *Le montant de l\u2019avance structurelle n\u2019est pas recoupable sur les droits \u00e0 r\u00e9partir, \u00e0 la diff\u00e9rence de l\u2019avance financi\u00e8re annuelle qui s\u2019est \u00e9lev\u00e9e \u00e0 13,2\u00a0M\u20ac pour 2022.<\/em><\/p>\n<div class=\"ead-preview\">\n<div class=\"ead-document\">\n<div class=\"ead-iframe-wrapper\"><\/div>\n<div class=\"ead-document-loading\">\n<div class=\"ead-loading-wrap\">\n<div class=\"ead-loading-main\">\n<div class=\"ead-loading\">\n\t\t\t\t\t\t\t<span>En cours de chargement\u2026<\/span>\n\t\t\t\t\t\t<\/div>\n<\/p><\/div>\n<div class=\"ead-loading-foot\">\n<div class=\"ead-loading-foot-title\">\n\t\t\t\t\t\t\t<span>Cela prend trop de temps\u00a0?<\/span>\n\t\t\t\t\t\t<\/div>\n<\/p>\n<div class=\"ead-document-btn ead-reload-btn\">\n\t\t\t\t\t\t\t\t Recharger le document\t\t\t\t\t\t\t<\/div>\n<p>\t\t\t\t\t\t\t<span>|<\/span><br \/>\n\t\t\t\t\t\t\t<a href=\"https:\/\/www.sppf.com\/wp-content\/uploads\/2022\/06\/22-06-20-sppf-rapport-transparence-2021-web.pdf\" class=\"ead-document-btn\" target=\"_blank\" rel=\"noopener\"><br \/>\n\t\t\t\t\t\t\t\t Ouvrir dans un nouvel onglet\t\t\t\t\t\t\t<\/a>\n\t\t\t\t\t<\/div>\n<\/p><\/div>\n<\/p><\/div>\n<\/p><\/div>\n<p class=\"embed_download\"><a href=\"https:\/\/www.sppf.com\/wp-content\/uploads\/2022\/06\/22-06-20-sppf-rapport-transparence-2021-web.pdf\">\ufeffT\u00e9l\u00e9charger [6.98 MB] <\/a><\/p>\n<\/div>\n<p>\u00a0<\/p>\n<p>L\u2019article <a href=\"https:\/\/popburo.fr\/rapport-de-transparence-de-la-sppf\/\">Rapport de transparence de la SPPF<\/a> est apparu en premier sur <a href=\"https:\/\/popburo.fr\/\">POP B\u00dcRO<\/a>.<\/p>\n","protected":false},"excerpt":{"rendered":"<p>communiqu\u00e9\u00a0 Une ann\u00e9e exceptionnelle en termes de r\u00e9partitions et d\u2019avances financi\u00e8res En 2021, les perceptions totales de la SPPF se sont \u00e9lev\u00e9es \u00e0 32,5 M\u20ac, en progression par rapport \u00e0 2020 (25,4 M\u20ac). Cette augmentation est due essentiellement \u00e0 un d\u00e9blocage en d\u00e9but 2021 de droits \u00e0 r\u00e9mun\u00e9ration qui auraient d\u00fb \u00eatre vers\u00e9s par la SCPA au cours du dernier trimestre 2020. En 2021, l\u2019impact n\u00e9gatif du Covid sur la perception de la R\u00e9mun\u00e9ration \u00c9quitable s\u2019est prolong\u00e9 : si les [&hellip;]<\/p>\n","protected":false},"author":0,"featured_media":0,"comment_status":"closed","ping_status":"open","sticky":false,"template":"","format":"standard","meta":{"footnotes":""},"categories":[1],"tags":[],"class_list":["post-3107","post","type-post","status-publish","format-standard","hentry","category-non-classe"],"yoast_head":"<!-- This site is optimized with the Yoast SEO plugin v27.5 - https:\/\/yoast.com\/product\/yoast-seo-wordpress\/ -->\n<title>Rapport de transparence de la SPPF - HIERO STRASBOURG<\/title>\n<meta name=\"robots\" content=\"index, follow, max-snippet:-1, max-image-preview:large, max-video-preview:-1\" \/>\n<link rel=\"canonical\" href=\"https:\/\/hierostrasbourg.com\/index.php\/2022\/07\/02\/rapport-de-transparence-de-la-sppf-2\/\" \/>\n<meta property=\"og:locale\" content=\"fr_FR\" \/>\n<meta property=\"og:type\" content=\"article\" \/>\n<meta property=\"og:title\" content=\"Rapport de transparence de la SPPF - HIERO STRASBOURG\" \/>\n<meta property=\"og:description\" content=\"communiqu\u00e9\u00a0 Une ann\u00e9e exceptionnelle en termes de r\u00e9partitions et d\u2019avances financi\u00e8res En 2021, les perceptions totales de la SPPF se sont \u00e9lev\u00e9es \u00e0 32,5 M\u20ac, en progression par rapport \u00e0 2020 (25,4 M\u20ac). Cette augmentation est due essentiellement \u00e0 un d\u00e9blocage en d\u00e9but 2021 de droits \u00e0 r\u00e9mun\u00e9ration qui auraient d\u00fb \u00eatre vers\u00e9s par la SCPA au cours du dernier trimestre 2020. En 2021, l\u2019impact n\u00e9gatif du Covid sur la perception de la R\u00e9mun\u00e9ration \u00c9quitable s\u2019est prolong\u00e9 : si les [&hellip;]\" \/>\n<meta property=\"og:url\" content=\"https:\/\/hierostrasbourg.com\/index.php\/2022\/07\/02\/rapport-de-transparence-de-la-sppf-2\/\" \/>\n<meta property=\"og:site_name\" content=\"HIERO STRASBOURG\" \/>\n<meta property=\"article:publisher\" content=\"https:\/\/www.facebook.com\/fedehierostrasbourg\" \/>\n<meta property=\"article:published_time\" content=\"2022-07-02T09:37:07+00:00\" \/>\n<meta name=\"twitter:card\" content=\"summary_large_image\" \/>\n<meta name=\"twitter:creator\" content=\"@hierostrasbourg\" \/>\n<meta name=\"twitter:site\" content=\"@hierostrasbourg\" \/>\n<meta name=\"twitter:label1\" content=\"Dur\u00e9e de lecture estim\u00e9e\" \/>\n\t<meta name=\"twitter:data1\" content=\"3 minutes\" \/>\n<script type=\"application\/ld+json\" class=\"yoast-schema-graph\">{\"@context\":\"https:\\\/\\\/schema.org\",\"@graph\":[{\"@type\":\"Article\",\"@id\":\"https:\\\/\\\/hierostrasbourg.com\\\/index.php\\\/2022\\\/07\\\/02\\\/rapport-de-transparence-de-la-sppf-2\\\/#article\",\"isPartOf\":{\"@id\":\"https:\\\/\\\/hierostrasbourg.com\\\/index.php\\\/2022\\\/07\\\/02\\\/rapport-de-transparence-de-la-sppf-2\\\/\"},\"author\":{\"name\":\"\",\"@id\":\"\"},\"headline\":\"Rapport de transparence de la SPPF\",\"datePublished\":\"2022-07-02T09:37:07+00:00\",\"mainEntityOfPage\":{\"@id\":\"https:\\\/\\\/hierostrasbourg.com\\\/index.php\\\/2022\\\/07\\\/02\\\/rapport-de-transparence-de-la-sppf-2\\\/\"},\"wordCount\":617,\"publisher\":{\"@id\":\"https:\\\/\\\/hierostrasbourg.com\\\/#organization\"},\"inLanguage\":\"fr-FR\"},{\"@type\":\"WebPage\",\"@id\":\"https:\\\/\\\/hierostrasbourg.com\\\/index.php\\\/2022\\\/07\\\/02\\\/rapport-de-transparence-de-la-sppf-2\\\/\",\"url\":\"https:\\\/\\\/hierostrasbourg.com\\\/index.php\\\/2022\\\/07\\\/02\\\/rapport-de-transparence-de-la-sppf-2\\\/\",\"name\":\"Rapport de transparence de la SPPF - HIERO STRASBOURG\",\"isPartOf\":{\"@id\":\"https:\\\/\\\/hierostrasbourg.com\\\/#website\"},\"datePublished\":\"2022-07-02T09:37:07+00:00\",\"breadcrumb\":{\"@id\":\"https:\\\/\\\/hierostrasbourg.com\\\/index.php\\\/2022\\\/07\\\/02\\\/rapport-de-transparence-de-la-sppf-2\\\/#breadcrumb\"},\"inLanguage\":\"fr-FR\",\"potentialAction\":[{\"@type\":\"ReadAction\",\"target\":[\"https:\\\/\\\/hierostrasbourg.com\\\/index.php\\\/2022\\\/07\\\/02\\\/rapport-de-transparence-de-la-sppf-2\\\/\"]}]},{\"@type\":\"BreadcrumbList\",\"@id\":\"https:\\\/\\\/hierostrasbourg.com\\\/index.php\\\/2022\\\/07\\\/02\\\/rapport-de-transparence-de-la-sppf-2\\\/#breadcrumb\",\"itemListElement\":[{\"@type\":\"ListItem\",\"position\":1,\"name\":\"Accueil\",\"item\":\"https:\\\/\\\/hierostrasbourg.com\\\/\"},{\"@type\":\"ListItem\",\"position\":2,\"name\":\"Rapport de transparence de la SPPF\"}]},{\"@type\":\"WebSite\",\"@id\":\"https:\\\/\\\/hierostrasbourg.com\\\/#website\",\"url\":\"https:\\\/\\\/hierostrasbourg.com\\\/\",\"name\":\"HIERO STRASBOURG\",\"description\":\"Centre de Ressources Musiques Actuelles\",\"publisher\":{\"@id\":\"https:\\\/\\\/hierostrasbourg.com\\\/#organization\"},\"potentialAction\":[{\"@type\":\"SearchAction\",\"target\":{\"@type\":\"EntryPoint\",\"urlTemplate\":\"https:\\\/\\\/hierostrasbourg.com\\\/?s={search_term_string}\"},\"query-input\":{\"@type\":\"PropertyValueSpecification\",\"valueRequired\":true,\"valueName\":\"search_term_string\"}}],\"inLanguage\":\"fr-FR\"},{\"@type\":\"Organization\",\"@id\":\"https:\\\/\\\/hierostrasbourg.com\\\/#organization\",\"name\":\"F\u00e9d\u00e9ration Hi\u00e9ro Strasbourg\",\"url\":\"https:\\\/\\\/hierostrasbourg.com\\\/\",\"logo\":{\"@type\":\"ImageObject\",\"inLanguage\":\"fr-FR\",\"@id\":\"https:\\\/\\\/hierostrasbourg.com\\\/#\\\/schema\\\/logo\\\/image\\\/\",\"url\":\"https:\\\/\\\/hierostrasbourg.com\\\/wp-content\\\/uploads\\\/2026\\\/04\\\/logo-hiero-strasbourg.jpg\",\"contentUrl\":\"https:\\\/\\\/hierostrasbourg.com\\\/wp-content\\\/uploads\\\/2026\\\/04\\\/logo-hiero-strasbourg.jpg\",\"width\":204,\"height\":192,\"caption\":\"F\u00e9d\u00e9ration Hi\u00e9ro Strasbourg\"},\"image\":{\"@id\":\"https:\\\/\\\/hierostrasbourg.com\\\/#\\\/schema\\\/logo\\\/image\\\/\"},\"sameAs\":[\"https:\\\/\\\/www.facebook.com\\\/fedehierostrasbourg\",\"https:\\\/\\\/x.com\\\/hierostrasbourg\"]}]}<\/script>\n<!-- \/ Yoast SEO plugin. -->","yoast_head_json":{"title":"Rapport de transparence de la SPPF - HIERO STRASBOURG","robots":{"index":"index","follow":"follow","max-snippet":"max-snippet:-1","max-image-preview":"max-image-preview:large","max-video-preview":"max-video-preview:-1"},"canonical":"https:\/\/hierostrasbourg.com\/index.php\/2022\/07\/02\/rapport-de-transparence-de-la-sppf-2\/","og_locale":"fr_FR","og_type":"article","og_title":"Rapport de transparence de la SPPF - HIERO STRASBOURG","og_description":"communiqu\u00e9\u00a0 Une ann\u00e9e exceptionnelle en termes de r\u00e9partitions et d\u2019avances financi\u00e8res En 2021, les perceptions totales de la SPPF se sont \u00e9lev\u00e9es \u00e0 32,5 M\u20ac, en progression par rapport \u00e0 2020 (25,4 M\u20ac). Cette augmentation est due essentiellement \u00e0 un d\u00e9blocage en d\u00e9but 2021 de droits \u00e0 r\u00e9mun\u00e9ration qui auraient d\u00fb \u00eatre vers\u00e9s par la SCPA au cours du dernier trimestre 2020. En 2021, l\u2019impact n\u00e9gatif du Covid sur la perception de la R\u00e9mun\u00e9ration \u00c9quitable s\u2019est prolong\u00e9 : si les [&hellip;]","og_url":"https:\/\/hierostrasbourg.com\/index.php\/2022\/07\/02\/rapport-de-transparence-de-la-sppf-2\/","og_site_name":"HIERO STRASBOURG","article_publisher":"https:\/\/www.facebook.com\/fedehierostrasbourg","article_published_time":"2022-07-02T09:37:07+00:00","twitter_card":"summary_large_image","twitter_creator":"@hierostrasbourg","twitter_site":"@hierostrasbourg","twitter_misc":{"Dur\u00e9e de lecture estim\u00e9e":"3 minutes"},"schema":{"@context":"https:\/\/schema.org","@graph":[{"@type":"Article","@id":"https:\/\/hierostrasbourg.com\/index.php\/2022\/07\/02\/rapport-de-transparence-de-la-sppf-2\/#article","isPartOf":{"@id":"https:\/\/hierostrasbourg.com\/index.php\/2022\/07\/02\/rapport-de-transparence-de-la-sppf-2\/"},"author":{"name":"","@id":""},"headline":"Rapport de transparence de la SPPF","datePublished":"2022-07-02T09:37:07+00:00","mainEntityOfPage":{"@id":"https:\/\/hierostrasbourg.com\/index.php\/2022\/07\/02\/rapport-de-transparence-de-la-sppf-2\/"},"wordCount":617,"publisher":{"@id":"https:\/\/hierostrasbourg.com\/#organization"},"inLanguage":"fr-FR"},{"@type":"WebPage","@id":"https:\/\/hierostrasbourg.com\/index.php\/2022\/07\/02\/rapport-de-transparence-de-la-sppf-2\/","url":"https:\/\/hierostrasbourg.com\/index.php\/2022\/07\/02\/rapport-de-transparence-de-la-sppf-2\/","name":"Rapport de transparence de la SPPF - HIERO STRASBOURG","isPartOf":{"@id":"https:\/\/hierostrasbourg.com\/#website"},"datePublished":"2022-07-02T09:37:07+00:00","breadcrumb":{"@id":"https:\/\/hierostrasbourg.com\/index.php\/2022\/07\/02\/rapport-de-transparence-de-la-sppf-2\/#breadcrumb"},"inLanguage":"fr-FR","potentialAction":[{"@type":"ReadAction","target":["https:\/\/hierostrasbourg.com\/index.php\/2022\/07\/02\/rapport-de-transparence-de-la-sppf-2\/"]}]},{"@type":"BreadcrumbList","@id":"https:\/\/hierostrasbourg.com\/index.php\/2022\/07\/02\/rapport-de-transparence-de-la-sppf-2\/#breadcrumb","itemListElement":[{"@type":"ListItem","position":1,"name":"Accueil","item":"https:\/\/hierostrasbourg.com\/"},{"@type":"ListItem","position":2,"name":"Rapport de transparence de la SPPF"}]},{"@type":"WebSite","@id":"https:\/\/hierostrasbourg.com\/#website","url":"https:\/\/hierostrasbourg.com\/","name":"HIERO STRASBOURG","description":"Centre de Ressources Musiques Actuelles","publisher":{"@id":"https:\/\/hierostrasbourg.com\/#organization"},"potentialAction":[{"@type":"SearchAction","target":{"@type":"EntryPoint","urlTemplate":"https:\/\/hierostrasbourg.com\/?s={search_term_string}"},"query-input":{"@type":"PropertyValueSpecification","valueRequired":true,"valueName":"search_term_string"}}],"inLanguage":"fr-FR"},{"@type":"Organization","@id":"https:\/\/hierostrasbourg.com\/#organization","name":"F\u00e9d\u00e9ration Hi\u00e9ro Strasbourg","url":"https:\/\/hierostrasbourg.com\/","logo":{"@type":"ImageObject","inLanguage":"fr-FR","@id":"https:\/\/hierostrasbourg.com\/#\/schema\/logo\/image\/","url":"https:\/\/hierostrasbourg.com\/wp-content\/uploads\/2026\/04\/logo-hiero-strasbourg.jpg","contentUrl":"https:\/\/hierostrasbourg.com\/wp-content\/uploads\/2026\/04\/logo-hiero-strasbourg.jpg","width":204,"height":192,"caption":"F\u00e9d\u00e9ration Hi\u00e9ro Strasbourg"},"image":{"@id":"https:\/\/hierostrasbourg.com\/#\/schema\/logo\/image\/"},"sameAs":["https:\/\/www.facebook.com\/fedehierostrasbourg","https:\/\/x.com\/hierostrasbourg"]}]}},"_links":{"self":[{"href":"https:\/\/hierostrasbourg.com\/index.php\/wp-json\/wp\/v2\/posts\/3107","targetHints":{"allow":["GET"]}}],"collection":[{"href":"https:\/\/hierostrasbourg.com\/index.php\/wp-json\/wp\/v2\/posts"}],"about":[{"href":"https:\/\/hierostrasbourg.com\/index.php\/wp-json\/wp\/v2\/types\/post"}],"replies":[{"embeddable":true,"href":"https:\/\/hierostrasbourg.com\/index.php\/wp-json\/wp\/v2\/comments?post=3107"}],"version-history":[{"count":0,"href":"https:\/\/hierostrasbourg.com\/index.php\/wp-json\/wp\/v2\/posts\/3107\/revisions"}],"wp:attachment":[{"href":"https:\/\/hierostrasbourg.com\/index.php\/wp-json\/wp\/v2\/media?parent=3107"}],"wp:term":[{"taxonomy":"category","embeddable":true,"href":"https:\/\/hierostrasbourg.com\/index.php\/wp-json\/wp\/v2\/categories?post=3107"},{"taxonomy":"post_tag","embeddable":true,"href":"https:\/\/hierostrasbourg.com\/index.php\/wp-json\/wp\/v2\/tags?post=3107"}],"curies":[{"name":"wp","href":"https:\/\/api.w.org\/{rel}","templated":true}]}}